{"id":10680,"date":"2021-11-02T12:27:09","date_gmt":"2021-11-02T12:27:09","guid":{"rendered":"https:\/\/fruitssp.com\/?p=10680"},"modified":"2021-11-08T15:34:20","modified_gmt":"2021-11-08T15:34:20","slug":"salses-fruits-sp-collabora-amb-la-marxa-contra-el-cancer-de-mama-de-tarragona","status":"publish","type":"post","link":"https:\/\/fruitssp.com\/es\/noticies\/salses-fruits-sp-collabora-amb-la-marxa-contra-el-cancer-de-mama-de-tarragona\/","title":{"rendered":"Salsas Fruits S&amp;P colabora con la Marcha Contra el C\u00e1ncer de Mama de Tarragona"},"content":{"rendered":"<p><strong><img loading=\"lazy\" decoding=\"async\" class=\"alignnone size-full wp-image-11046\" src=\"https:\/\/fruitssp.com\/wp-content\/uploads\/2021\/11\/MARXA-CONTRA-CANCER-MAMA-2021-SALSES-FRUITS2.jpg\" alt=\"\" width=\"1600\" height=\"899\" srcset=\"https:\/\/fruitssp.com\/wp-content\/uploads\/2021\/11\/MARXA-CONTRA-CANCER-MAMA-2021-SALSES-FRUITS2.jpg 1600w, https:\/\/fruitssp.com\/wp-content\/uploads\/2021\/11\/MARXA-CONTRA-CANCER-MAMA-2021-SALSES-FRUITS2-300x169.jpg 300w, https:\/\/fruitssp.com\/wp-content\/uploads\/2021\/11\/MARXA-CONTRA-CANCER-MAMA-2021-SALSES-FRUITS2-1024x575.jpg 1024w, https:\/\/fruitssp.com\/wp-content\/uploads\/2021\/11\/MARXA-CONTRA-CANCER-MAMA-2021-SALSES-FRUITS2-1536x863.jpg 1536w, https:\/\/fruitssp.com\/wp-content\/uploads\/2021\/11\/MARXA-CONTRA-CANCER-MAMA-2021-SALSES-FRUITS2-18x10.jpg 18w, https:\/\/fruitssp.com\/wp-content\/uploads\/2021\/11\/MARXA-CONTRA-CANCER-MAMA-2021-SALSES-FRUITS2-600x337.jpg 600w, https:\/\/fruitssp.com\/wp-content\/uploads\/2021\/11\/MARXA-CONTRA-CANCER-MAMA-2021-SALSES-FRUITS2-768x432.jpg 768w, https:\/\/fruitssp.com\/wp-content\/uploads\/2021\/11\/MARXA-CONTRA-CANCER-MAMA-2021-SALSES-FRUITS2-900x506.jpg 900w\" sizes=\"auto, (max-width: 1600px) 100vw, 1600px\" \/><\/strong><\/p>\n<p>&nbsp;<\/p>\n<p><strong>Este domingo 7 de noviembre, se celebrar\u00e1 la <a href=\"https:\/\/www.rockthesport.com\/es\/evento\/marxa-cancer-tarragona-21\/informacion-general\">6\u00aa Marcha Contra el C\u00e1ncer de Mama de Tarragona<\/a>.<\/strong><\/p>\n<p>En esta edici\u00f3n, <strong>Salses Fruits S&amp;P<\/strong> colaborar\u00e1 con la <strong>donaci\u00f3n de un litro de horchata a todos los participantes<\/strong>.<\/p>\n<p>Este a\u00f1o, los m\u00e1s de 500 participantes, saldr\u00e1n y llegar\u00e1n desde el Parc del Francol\u00ed. Todos los beneficios <span style=\"font-family: -apple-system, BlinkMacSystemFont, 'Segoe UI', Roboto, Oxygen-Sans, Ubuntu, Cantarell, 'Helvetica Neue', sans-serif;\">ir\u00e1n destinados a los proyectos de la AECC de las Comarcas Tarraconenses por la atenci\u00f3n tanto de enfermos y enfermas como de sus familiares.<\/span><\/p>\n<p><span style=\"font-family: -apple-system, BlinkMacSystemFont, 'Segoe UI', Roboto, Oxygen-Sans, Ubuntu, Cantarell, 'Helvetica Neue', sans-serif;\">Las inscripciones est\u00e1n abiertas con un donativo de 10\u20ac. Puede inscribirse en: <\/span><a class=\"oajrlxb2 g5ia77u1 qu0x051f esr5mh6w e9989ue4 r7d6kgcz rq0escxv nhd2j8a9 nc684nl6 p7hjln8o kvgmc6g5 cxmmr5t8 oygrvhab hcukyx3x jb3vyjys rz4wbd8a qt6c0cv9 a8nywdso i1ao9s8h esuyzwwr f1sip0of lzcic4wl py34i1dx gpro0wi8\" style=\"font-family: -apple-system, BlinkMacSystemFont, 'Segoe UI', Roboto, Oxygen-Sans, Ubuntu, Cantarell, 'Helvetica Neue', sans-serif;\" tabindex=\"0\" role=\"link\" href=\"https:\/\/www.rockthesport.com\/es\/evento\/marxa-cancer-tarragona-21?fbclid=IwAR1UVokO3qg15KsF5s2hsdzYFGJeRgZmC53HAreovAzeqmzpNoDtr3DJhNA\" target=\"_blank\" rel=\"nofollow noopener\">https:\/\/www.rockthesport.com\/&#8230;\/marxa-cancer-tarragona-21<\/a><\/p>\n<div class=\"o9v6fnle cxmmr5t8 oygrvhab hcukyx3x c1et5uql ii04i59q\">\n<div dir=\"auto\"><\/div>\n<\/div>\n<div class=\"o9v6fnle cxmmr5t8 oygrvhab hcukyx3x c1et5uql ii04i59q\"><strong>Sobre la Marcha contra el c\u00e1ncer de Mama<\/strong><\/div>\n<div><\/div>\n<div>Cada a\u00f1o, durante la primera quincena del mes de noviembre y con la idea de acoger al mayor n\u00famero de participantes, incluso con la posibilidad de un \u201cdorsal 0\u201d se organiza una matinal marcha que s\u00f3lo comparte contra s\u00ed misma, para conseguir en cada edici\u00f3n superarse a s\u00ed misma, porque super\u00e1ndose ayuda a que la diaria lucha de los enfermos tenga detr\u00e1s el apoyo de la investigaci\u00f3n para su curaci\u00f3n.<\/div>\n<p>&nbsp;<\/p>\n<p><img loading=\"lazy\" decoding=\"async\" class=\"aligncenter wp-image-10681 size-medium\" src=\"https:\/\/fruitssp.com\/wp-content\/uploads\/2021\/11\/marxa-contra-cancer-alliberaadrenalina-300x300.jpeg\" alt=\"\" width=\"300\" height=\"300\" srcset=\"https:\/\/fruitssp.com\/wp-content\/uploads\/2021\/11\/marxa-contra-cancer-alliberaadrenalina-300x300.jpeg 300w, https:\/\/fruitssp.com\/wp-content\/uploads\/2021\/11\/marxa-contra-cancer-alliberaadrenalina-1024x1024.jpeg 1024w, https:\/\/fruitssp.com\/wp-content\/uploads\/2021\/11\/marxa-contra-cancer-alliberaadrenalina-150x150.jpeg 150w, https:\/\/fruitssp.com\/wp-content\/uploads\/2021\/11\/marxa-contra-cancer-alliberaadrenalina-12x12.jpeg 12w, https:\/\/fruitssp.com\/wp-content\/uploads\/2021\/11\/marxa-contra-cancer-alliberaadrenalina-350x350.jpeg 350w, https:\/\/fruitssp.com\/wp-content\/uploads\/2021\/11\/marxa-contra-cancer-alliberaadrenalina-600x600.jpeg 600w, https:\/\/fruitssp.com\/wp-content\/uploads\/2021\/11\/marxa-contra-cancer-alliberaadrenalina-768x768.jpeg 768w, https:\/\/fruitssp.com\/wp-content\/uploads\/2021\/11\/marxa-contra-cancer-alliberaadrenalina-900x900.jpeg 900w, https:\/\/fruitssp.com\/wp-content\/uploads\/2021\/11\/marxa-contra-cancer-alliberaadrenalina.jpeg 1080w\" sizes=\"auto, (max-width: 300px) 100vw, 300px\" \/><\/p>\n<p>&nbsp;<\/p>\n<p>&nbsp;<\/p>\n<p>Fotos cedidas por Libera Adrenalina.<\/p>\n<style>\n.w-blogpost-preview{background-image:none!important;background-color: transparent!important;}.w-blogpost{padding: 0!important;}.w-blogpost::after{background:none!important;}.w-blogpost h1{color: #29b28f!important;}.w-blogpost-meta *{color:#000000!important;}<\/style>\n<div style=\"display: none;\">\n<h2>Finaliza la 15\u00aa<\/h2>\n<h3>Finaliza la 15\u00aa<\/h3>\n<p>En primer lugar,. En primer lugar,. En primer lugar,. En primer lugar,. En primer lugar,. En primer lugar,. En primer lugar,. En primer lugar,. En primer lugar,. En primer lugar,. En primer lugar,. En primer lugar,. En primer lugar,. En primer lugar,. En primer lugar,. En primer lugar,. En primer lugar,. En primer lugar,. En primer lugar,. En primer lugar,. En primer lugar,. En primer lugar,. En primer lugar,. En primer lugar,. En primer lugar,. En primer lugar,. En primer lugar,. En primer lugar,. En primer lugar,. En primer lugar,. En primer lugar,. En primer lugar,. En primer lugar,. En primer lugar,. En primer lugar,. En primer lugar,. En primer lugar,. En primer lugar,. En primer lugar,. En primer lugar,.<\/p>\n<p>En primer lugar, oramos ipsum dolor sit amet, consectetur adipiscing \u00e9lite. In vestibulum pretium nisi vehicula congue. Curabitur lobortis tristique neque, quis puerta nisi tempus quis. Donec ultrices posuere \u00e9lite, sit amet tincidunt Orci consectetur quis. Mauris rhoncus tristique facil\u00edsimo. Por un lado, t congue v\u00e9lites velita, te faucibus l\u00edgulas volutpat te. A\u00fan as\u00ed, urabitur VENENATA ante quis elementum pellentesque. In a pretium sapien. Empiezan las cal\u00e7otades. Aliquam erat volutpat. Donec Viverra cursus Gravida. Fusce accumsan sed leo vitae tempus. Las picaduras m\u00e1s frescas <a href=\"https:\/\/tgd.cat\">TGDigital<\/a><a href=\"\/es\/\">frutos<\/a><\/p>\n<h3>Finaliza la 15\u00aa<\/h3>\n<p>Cabe decir que am CONVALLARIA libero non Turpin bibendum, vitae porttitor ex Orna. Por ejemplo, Raes consecuente Interdum ante, quis pellentesque sapien aliquet eu. Por un lado, ed commodo rhoncus magna velo aliquet. En tercer lugar, n hac habitasse platea dictumst. Phasellus ARCU leo, aliquet quis consecuente id, temporarias velo ARCU. Duis vulputate dign\u00edsimo placeres. Nulamente varices ARCU eu lorem rutrum scelerisque a vitae lectus. Sin ir m\u00e1s lejos, n vulputate at Turpin ac porttitor. Morbi aliquet bibendum odio, te rutrum tellus dapibus sit amet. Por \u00faltimo, Ruis sed m\u00ed quis ARCU.<\/p>\n<h3>cal\u00e7ots cocidos<\/h3>\n<p>Aunque no valencianos, ntegro sit amet placeres risus. A pesar de ello, ulla facil\u00edsimo. En segundo lugar, Oneca nec ipsum augue. Por otra parte, ivamus eros ex, ultrices mollis bibendum at, elementum sed lectus. Sin embargo, urabitur quis augue ac tellus tincidunt hendrerit. Donec erat purus, solicitud vitae v\u00e9lites vitae, feugiat dapibus diam. Cabe decir que Maecenas faucibus demasiado vitae erat elementum consectetur. Quisque finibus, purus velo Interdum vulputate, neque leo ultrices nisi, sed facil\u00edsimo nibh purus eget quam. Nunc nec libero eros. Las picaduras m\u00e1s frescas, por ejemplo. Sin ir m\u00e1s lejos, la picadura es buen\u00edsima. Nos encantar\u00eda que la orzata fuera probada por todos los comensales y, por supuesto, para todos los gourmands. Quisi\u00e9ramos, claro, hacerla conocida. Es por ello que la hacemos tan buena.<\/p>\n<h3>cal\u00e7ots cocidos<\/h3>\n<p>En primer lugar,. En primer lugar,. En primer lugar,. En primer lugar,. En primer lugar,. En primer lugar,. En primer lugar,. En primer lugar,. En primer lugar,. En primer lugar,. En primer lugar,. En primer lugar,. En primer lugar,. En primer lugar,. En primer lugar,. En primer lugar,. En primer lugar,. En primer lugar,. En primer lugar,. En primer lugar,. En primer lugar,. En primer lugar,.<\/p>\n<\/div>","protected":false},"excerpt":{"rendered":"<p>&nbsp; Este domingo 7 de noviembre, se celebrar\u00e1 la 6a Marcha Contra el C\u00e1ncer de Mama de Tarragona. En esta edici\u00f3n, Salses Fruits S&amp;P colaborar\u00e1 con la donaci\u00f3n de un litro de horchata a todos los participantes. Este a\u00f1o, los m\u00e1s de 500 participantes, saldr\u00e1n y llegar\u00e1n desde el Parc del Francol\u00ed. Todos los beneficios ir\u00e1n\u2026<\/p>","protected":false},"author":1,"featured_media":11046,"comment_status":"closed","ping_status":"closed","sticky":false,"template":"","format":"standard","meta":{"inline_featured_image":false,"footnotes":""},"categories":[1],"tags":[],"class_list":["post-10680","post","type-post","status-publish","format-standard","has-post-thumbnail","hentry","category-noticies"],"yoast_head":"<!-- This site is optimized with the Yoast SEO plugin v26.7 - https:\/\/yoast.com\/wordpress\/plugins\/seo\/ -->\n<title>Salses Fruits S&amp;P col\u00b7labora amb la Marxa Contra el C\u00e0ncer de Mama de Tarragona - Salses Fruits<\/title>\n<meta name=\"robots\" content=\"index, follow, max-snippet:-1, max-image-preview:large, max-video-preview:-1\" \/>\n<link rel=\"canonical\" href=\"https:\/\/fruitssp.com\/es\/noticies\/salses-fruits-sp-collabora-amb-la-marxa-contra-el-cancer-de-mama-de-tarragona\/\" \/>\n<meta property=\"og:locale\" content=\"es_ES\" \/>\n<meta property=\"og:type\" content=\"article\" \/>\n<meta property=\"og:title\" content=\"Salses Fruits S&amp;P col\u00b7labora amb la Marxa Contra el C\u00e0ncer de Mama de Tarragona - Salses Fruits\" \/>\n<meta property=\"og:description\" content=\"&nbsp; Aquest diumenge 7 de novembre, se celebrar\u00e0 la 6a Marxa Contra el C\u00e0ncer de Mama de Tarragona. En aquesta edici\u00f3, Salses Fruits S&amp;P hi col\u00b7laborar\u00e0 amb la donaci\u00f3 d&#8217;un litre d&#8217;orxata a tots els participants. Aquest any, els m\u00e9s de 500 participants, sortiran i arribaran des del Parc del Francol\u00ed. Tots els beneficis aniran...\" \/>\n<meta property=\"og:url\" content=\"https:\/\/fruitssp.com\/es\/noticies\/salses-fruits-sp-collabora-amb-la-marxa-contra-el-cancer-de-mama-de-tarragona\/\" \/>\n<meta property=\"og:site_name\" content=\"Salses Fruits\" \/>\n<meta property=\"article:publisher\" content=\"https:\/\/www.facebook.com\/Salses-Fruits-SP-1137777022906379\/\" \/>\n<meta property=\"article:published_time\" content=\"2021-11-02T12:27:09+00:00\" \/>\n<meta property=\"article:modified_time\" content=\"2021-11-08T15:34:20+00:00\" \/>\n<meta property=\"og:image\" content=\"https:\/\/fruitssp.com\/wp-content\/uploads\/2021\/11\/MARXA-CONTRA-CANCER-MAMA-2021-SALSES-FRUITS2.jpg\" \/>\n\t<meta property=\"og:image:width\" content=\"1600\" \/>\n\t<meta property=\"og:image:height\" content=\"899\" \/>\n\t<meta property=\"og:image:type\" content=\"image\/jpeg\" \/>\n<meta name=\"author\" content=\"fruitssp\" \/>\n<meta name=\"twitter:card\" content=\"summary_large_image\" \/>\n<meta name=\"twitter:label1\" content=\"Escrito por\" \/>\n\t<meta name=\"twitter:data1\" content=\"fruitssp\" \/>\n\t<meta name=\"twitter:label2\" content=\"Tiempo de lectura\" \/>\n\t<meta name=\"twitter:data2\" content=\"4 minutos\" \/>\n<!-- \/ Yoast SEO plugin. -->","yoast_head_json":{"title":"Salses Fruits S&P col\u00b7labora amb la Marxa Contra el C\u00e0ncer de Mama de Tarragona - Salses Fruits","robots":{"index":"index","follow":"follow","max-snippet":"max-snippet:-1","max-image-preview":"max-image-preview:large","max-video-preview":"max-video-preview:-1"},"canonical":"https:\/\/fruitssp.com\/es\/noticies\/salses-fruits-sp-collabora-amb-la-marxa-contra-el-cancer-de-mama-de-tarragona\/","og_locale":"es_ES","og_type":"article","og_title":"Salses Fruits S&P col\u00b7labora amb la Marxa Contra el C\u00e0ncer de Mama de Tarragona - Salses Fruits","og_description":"&nbsp; Aquest diumenge 7 de novembre, se celebrar\u00e0 la 6a Marxa Contra el C\u00e0ncer de Mama de Tarragona. En aquesta edici\u00f3, Salses Fruits S&amp;P hi col\u00b7laborar\u00e0 amb la donaci\u00f3 d&#8217;un litre d&#8217;orxata a tots els participants. Aquest any, els m\u00e9s de 500 participants, sortiran i arribaran des del Parc del Francol\u00ed. Tots els beneficis aniran...","og_url":"https:\/\/fruitssp.com\/es\/noticies\/salses-fruits-sp-collabora-amb-la-marxa-contra-el-cancer-de-mama-de-tarragona\/","og_site_name":"Salses Fruits","article_publisher":"https:\/\/www.facebook.com\/Salses-Fruits-SP-1137777022906379\/","article_published_time":"2021-11-02T12:27:09+00:00","article_modified_time":"2021-11-08T15:34:20+00:00","og_image":[{"width":1600,"height":899,"url":"https:\/\/fruitssp.com\/wp-content\/uploads\/2021\/11\/MARXA-CONTRA-CANCER-MAMA-2021-SALSES-FRUITS2.jpg","type":"image\/jpeg"}],"author":"fruitssp","twitter_card":"summary_large_image","twitter_misc":{"Escrito por":"fruitssp","Tiempo de lectura":"4 minutos"},"schema":{"@context":"https:\/\/schema.org","@graph":[{"@type":"Article","@id":"https:\/\/fruitssp.com\/noticies\/salses-fruits-sp-collabora-amb-la-marxa-contra-el-cancer-de-mama-de-tarragona\/#article","isPartOf":{"@id":"https:\/\/fruitssp.com\/noticies\/salses-fruits-sp-collabora-amb-la-marxa-contra-el-cancer-de-mama-de-tarragona\/"},"author":{"name":"fruitssp","@id":"https:\/\/fruitssp.com\/#\/schema\/person\/74f4a70f480644ed06e5945c13b509c8"},"headline":"Salses Fruits S&#038;P col\u00b7labora amb la Marxa Contra el C\u00e0ncer de Mama de Tarragona","datePublished":"2021-11-02T12:27:09+00:00","dateModified":"2021-11-08T15:34:20+00:00","mainEntityOfPage":{"@id":"https:\/\/fruitssp.com\/noticies\/salses-fruits-sp-collabora-amb-la-marxa-contra-el-cancer-de-mama-de-tarragona\/"},"wordCount":716,"publisher":{"@id":"https:\/\/fruitssp.com\/#organization"},"image":{"@id":"https:\/\/fruitssp.com\/noticies\/salses-fruits-sp-collabora-amb-la-marxa-contra-el-cancer-de-mama-de-tarragona\/#primaryimage"},"thumbnailUrl":"https:\/\/fruitssp.com\/wp-content\/uploads\/2021\/11\/MARXA-CONTRA-CANCER-MAMA-2021-SALSES-FRUITS2.jpg","articleSection":["Noticies"],"inLanguage":"es"},{"@type":"WebPage","@id":"https:\/\/fruitssp.com\/noticies\/salses-fruits-sp-collabora-amb-la-marxa-contra-el-cancer-de-mama-de-tarragona\/","url":"https:\/\/fruitssp.com\/noticies\/salses-fruits-sp-collabora-amb-la-marxa-contra-el-cancer-de-mama-de-tarragona\/","name":"Salses Fruits S&P col\u00b7labora amb la Marxa Contra el C\u00e0ncer de Mama de Tarragona - Salses Fruits","isPartOf":{"@id":"https:\/\/fruitssp.com\/#website"},"primaryImageOfPage":{"@id":"https:\/\/fruitssp.com\/noticies\/salses-fruits-sp-collabora-amb-la-marxa-contra-el-cancer-de-mama-de-tarragona\/#primaryimage"},"image":{"@id":"https:\/\/fruitssp.com\/noticies\/salses-fruits-sp-collabora-amb-la-marxa-contra-el-cancer-de-mama-de-tarragona\/#primaryimage"},"thumbnailUrl":"https:\/\/fruitssp.com\/wp-content\/uploads\/2021\/11\/MARXA-CONTRA-CANCER-MAMA-2021-SALSES-FRUITS2.jpg","datePublished":"2021-11-02T12:27:09+00:00","dateModified":"2021-11-08T15:34:20+00:00","breadcrumb":{"@id":"https:\/\/fruitssp.com\/noticies\/salses-fruits-sp-collabora-amb-la-marxa-contra-el-cancer-de-mama-de-tarragona\/#breadcrumb"},"inLanguage":"es","potentialAction":[{"@type":"ReadAction","target":["https:\/\/fruitssp.com\/noticies\/salses-fruits-sp-collabora-amb-la-marxa-contra-el-cancer-de-mama-de-tarragona\/"]}]},{"@type":"ImageObject","inLanguage":"es","@id":"https:\/\/fruitssp.com\/noticies\/salses-fruits-sp-collabora-amb-la-marxa-contra-el-cancer-de-mama-de-tarragona\/#primaryimage","url":"https:\/\/fruitssp.com\/wp-content\/uploads\/2021\/11\/MARXA-CONTRA-CANCER-MAMA-2021-SALSES-FRUITS2.jpg","contentUrl":"https:\/\/fruitssp.com\/wp-content\/uploads\/2021\/11\/MARXA-CONTRA-CANCER-MAMA-2021-SALSES-FRUITS2.jpg","width":1600,"height":899},{"@type":"BreadcrumbList","@id":"https:\/\/fruitssp.com\/noticies\/salses-fruits-sp-collabora-amb-la-marxa-contra-el-cancer-de-mama-de-tarragona\/#breadcrumb","itemListElement":[{"@type":"ListItem","position":1,"name":"Inici","item":"https:\/\/fruitssp.com\/"},{"@type":"ListItem","position":2,"name":"Salses Fruits S&#038;P col\u00b7labora amb la Marxa Contra el C\u00e0ncer de Mama de Tarragona"}]},{"@type":"WebSite","@id":"https:\/\/fruitssp.com\/#website","url":"https:\/\/fruitssp.com\/","name":"FruitsSP","description":"Salsas y productos frescos y naturales, de la tierra del cal\u00e7ot","publisher":{"@id":"https:\/\/fruitssp.com\/#organization"},"potentialAction":[{"@type":"SearchAction","target":{"@type":"EntryPoint","urlTemplate":"https:\/\/fruitssp.com\/?s={search_term_string}"},"query-input":{"@type":"PropertyValueSpecification","valueRequired":true,"valueName":"search_term_string"}}],"inLanguage":"es"},{"@type":"Organization","@id":"https:\/\/fruitssp.com\/#organization","name":"Salsas Frutos S &amp; P","url":"https:\/\/fruitssp.com\/","logo":{"@type":"ImageObject","inLanguage":"es","@id":"https:\/\/fruitssp.com\/#\/schema\/logo\/image\/","url":"https:\/\/fruitssp.com\/wp-content\/uploads\/2022\/12\/logoFruits_472x406.png","contentUrl":"https:\/\/fruitssp.com\/wp-content\/uploads\/2022\/12\/logoFruits_472x406.png","width":472,"height":406,"caption":"Salses Fruits S&P"},"image":{"@id":"https:\/\/fruitssp.com\/#\/schema\/logo\/image\/"},"sameAs":["https:\/\/www.facebook.com\/Salses-Fruits-SP-1137777022906379\/","https:\/\/www.instagram.com\/salsesfruitssp\/","https:\/\/www.linkedin.com\/company\/salses-fruits-s-i-p-sl\/"]},{"@type":"Person","@id":"https:\/\/fruitssp.com\/#\/schema\/person\/74f4a70f480644ed06e5945c13b509c8","name":"fruitssp"}]}},"_links":{"self":[{"href":"https:\/\/fruitssp.com\/es\/wp-json\/wp\/v2\/posts\/10680","targetHints":{"allow":["GET"]}}],"collection":[{"href":"https:\/\/fruitssp.com\/es\/wp-json\/wp\/v2\/posts"}],"about":[{"href":"https:\/\/fruitssp.com\/es\/wp-json\/wp\/v2\/types\/post"}],"author":[{"embeddable":true,"href":"https:\/\/fruitssp.com\/es\/wp-json\/wp\/v2\/users\/1"}],"replies":[{"embeddable":true,"href":"https:\/\/fruitssp.com\/es\/wp-json\/wp\/v2\/comments?post=10680"}],"version-history":[{"count":0,"href":"https:\/\/fruitssp.com\/es\/wp-json\/wp\/v2\/posts\/10680\/revisions"}],"wp:featuredmedia":[{"embeddable":true,"href":"https:\/\/fruitssp.com\/es\/wp-json\/wp\/v2\/media\/11046"}],"wp:attachment":[{"href":"https:\/\/fruitssp.com\/es\/wp-json\/wp\/v2\/media?parent=10680"}],"wp:term":[{"taxonomy":"category","embeddable":true,"href":"https:\/\/fruitssp.com\/es\/wp-json\/wp\/v2\/categories?post=10680"},{"taxonomy":"post_tag","embeddable":true,"href":"https:\/\/fruitssp.com\/es\/wp-json\/wp\/v2\/tags?post=10680"}],"curies":[{"name":"wp","href":"https:\/\/api.w.org\/{rel}","templated":true}]}}