{"id":10972,"date":"2021-11-05T08:00:40","date_gmt":"2021-11-05T08:00:40","guid":{"rendered":"https:\/\/fruitssp.com\/?p=10972"},"modified":"2021-11-05T08:05:33","modified_gmt":"2021-11-05T08:05:33","slug":"les-cremes-i-brous-els-plats-ideals-pel-canvi-de-temps","status":"publish","type":"post","link":"https:\/\/fruitssp.com\/es\/noticies\/les-cremes-i-brous-els-plats-ideals-pel-canvi-de-temps\/","title":{"rendered":"Las cremas y caldos, los platos ideales para el cambio de tiempo"},"content":{"rendered":"<p><img loading=\"lazy\" decoding=\"async\" class=\"size-full wp-image-10974 aligncenter\" src=\"https:\/\/fruitssp.com\/wp-content\/uploads\/2021\/11\/crema-verdures-logo-fruits.jpg\" alt=\"crema de verdures salses fruits sp\" width=\"1200\" height=\"800\" srcset=\"https:\/\/fruitssp.com\/wp-content\/uploads\/2021\/11\/crema-verdures-logo-fruits.jpg 1200w, https:\/\/fruitssp.com\/wp-content\/uploads\/2021\/11\/crema-verdures-logo-fruits-300x200.jpg 300w, https:\/\/fruitssp.com\/wp-content\/uploads\/2021\/11\/crema-verdures-logo-fruits-1024x683.jpg 1024w, https:\/\/fruitssp.com\/wp-content\/uploads\/2021\/11\/crema-verdures-logo-fruits-18x12.jpg 18w, https:\/\/fruitssp.com\/wp-content\/uploads\/2021\/11\/crema-verdures-logo-fruits-600x400.jpg 600w, https:\/\/fruitssp.com\/wp-content\/uploads\/2021\/11\/crema-verdures-logo-fruits-768x512.jpg 768w, https:\/\/fruitssp.com\/wp-content\/uploads\/2021\/11\/crema-verdures-logo-fruits-900x600.jpg 900w\" sizes=\"auto, (max-width: 1200px) 100vw, 1200px\" \/><\/p>\n<p>&nbsp;<\/p>\n<p>Estamos en pleno oto\u00f1o y ya se nota el cambio de tiempo. Los jers\u00e9is y las chaquetas ya no nos molestan, y cuando llegamos a casa nos apetece coger temperatura.<\/p>\n<p><strong>Los meses de fr\u00edo son ideales para recurrir a los platos de cuchara, calientes, como las <a href=\"https:\/\/fruitssp.com\/es\/categoria-producto\/cremes-i-brous\/\">cremas<\/a>.<\/strong> Hay por todos los gustos, a unos les apasiona la <strong>crema de <a href=\"https:\/\/fruitssp.com\/es\/producto\/crema-de-carbassa\/\">calabaza<\/a><\/strong>, otras la de <a href=\"https:\/\/fruitssp.com\/es\/producto\/crema-de-carbasso\/\"><strong>calabac\u00edn<\/strong><\/a>, la de <a href=\"https:\/\/fruitssp.com\/es\/producto\/crema-de-pastanaga\/\"><strong>zanahoria<\/strong><\/a> o la m\u00e1s variada de <a href=\"https:\/\/fruitssp.com\/es\/producto\/crema-de-verdures\/\"><strong>verduras<\/strong><\/a>.<\/p>\n<p>Ahora bien, las cremas, adem\u00e1s de ser un buen plato para disfrutar entre semana, tambi\u00e9n le podemos dar un <strong>toque m\u00e1s gourmet<\/strong> para cuando tengamos invitados en casa. Por ejemplo, como un entrante, lo podemos servir en un cuenco peque\u00f1o y adornado con semillas de girasol y pipas de calabaza. Le dar\u00e1 un toque m\u00e1s crujiente y distinto a la crema. Tambi\u00e9n le puede dar un toque picante a\u00f1adiendo pimienta negra, o la especie que m\u00e1s le guste.<\/p>\n<p>Otro indispensable y m\u00e1s atractivo para los peque\u00f1os de la casa, el <a href=\"https:\/\/fruitssp.com\/es\/producto\/brou-de-pollastre\/\"><strong>caldo de pollo<\/strong><\/a>. La forma m\u00e1s f\u00e1cil e irresistible es con una sopa de pasta, con la opci\u00f3n de incluir peque\u00f1as pelotas de carne para hacerlo un plato m\u00e1s completo.<\/p>\n<p>Como muchos de ustedes ya sab\u00e9is, el caldo de pollo se puede utilizar para hacer cientos de platos diferentes. Pero siguiendo con las ideas de cuchara, <strong>el caldo es ideal para hacer una escudella t\u00edpica catalana<\/strong>pero partimos de la base de que el caldo ya lo tenemos hecho. As\u00ed pues, s\u00f3lo tendremos que calentar el caldo, poner el arroz\u00a0<span class=\"hiddenGreenError\" style=\"padding-bottom: 2px; background-image: url('..\/..\/..\/..\/..\/images\/squiggle_green.png'); background-repeat: repeat-x; background-position: left bottom; cursor: default; color: #000000; font-family: 'Open Sans', Helvetica, Arial, sans-serif; font-size: 16px; font-style: normal; font-variant-ligatures: normal; font-variant-caps: normal; font-weight: 300; letter-spacing: normal; orphans: 2; text-align: start; text-indent: 0px; text-transform: none; white-space: normal; widows: 2; word-spacing: 0px; -webkit-text-stroke-width: 0px; text-decoration-thickness: initial; text-decoration-style: initial; text-decoration-color: initial;\">y\/o<\/span>\u00a0fideos, las verduras que queramos a\u00f1adir, como zanahoria, patata, acelga, seguimos con los garbanzos, y acabamos con los canteros, pelota y butifarra negra. Todos los ingredientes son opcionales y cada uno adapta su versi\u00f3n de escudella catalana a su gusto.<\/p>\n<p>Estos platos, a pesar de ser productos que <a href=\"https:\/\/fruitssp.com\/es\/categoria-producto\/cremes-i-brous\/\"><strong>Salses Fruits S&amp;P<\/strong><\/a> elabora para su consumo final, permiten una innovaci\u00f3n constante. \u00a1Var\u00eda y disfruta de la cuchara!<\/p>\n<p>&nbsp;<\/p>\n<p>&nbsp;<\/p>\n<style>\n.w-blogpost-preview{background-image:none!important;background-color: transparent!important;}.w-blogpost{padding: 0!important;}.w-blogpost::after{background:none!important;}.w-blogpost h1{color: #29b28f!important;}.w-blogpost-meta *{color:#000000!important;}<\/style>\n<div style=\"display: none;\">\n<h2>Finaliza la 15\u00aa<\/h2>\n<h3>Finaliza la 15\u00aa<\/h3>\n<p>En primer lugar,. En primer lugar,. En primer lugar,. En primer lugar,. En primer lugar,. En primer lugar,. En primer lugar,. En primer lugar,. En primer lugar,. En primer lugar,. En primer lugar,. En primer lugar,. En primer lugar,. En primer lugar,. En primer lugar,. En primer lugar,. En primer lugar,. En primer lugar,. En primer lugar,. En primer lugar,. En primer lugar,. En primer lugar,. En primer lugar,. En primer lugar,. En primer lugar,. En primer lugar,. En primer lugar,. En primer lugar,. En primer lugar,. En primer lugar,. En primer lugar,. En primer lugar,. En primer lugar,. En primer lugar,. En primer lugar,. En primer lugar,. En primer lugar,. En primer lugar,. En primer lugar,. En primer lugar,.<\/p>\n<p>En primer lugar, oramos ipsum dolor sit amet, consectetur adipiscing \u00e9lite. In vestibulum pretium nisi vehicula congue. Curabitur lobortis tristique neque, quis puerta nisi tempus quis. Donec ultrices posuere \u00e9lite, sit amet tincidunt Orci consectetur quis. Mauris rhoncus tristique facil\u00edsimo. Por un lado, t congue v\u00e9lites velita, te faucibus l\u00edgulas volutpat te. A\u00fan as\u00ed, urabitur VENENATA ante quis elementum pellentesque. In a pretium sapien. Empiezan las cal\u00e7otades. Aliquam erat volutpat. Donec Viverra cursus Gravida. Fusce accumsan sed leo vitae tempus. Las picaduras m\u00e1s frescas <a href=\"https:\/\/tgd.cat\">TGDigital<\/a><a href=\"\/es\/\">frutos<\/a><\/p>\n<h3>Finaliza la 15\u00aa<\/h3>\n<p>Cabe decir que am CONVALLARIA libero non Turpin bibendum, vitae porttitor ex Orna. Por ejemplo, Raes consecuente Interdum ante, quis pellentesque sapien aliquet eu. Por un lado, ed commodo rhoncus magna velo aliquet. En tercer lugar, n hac habitasse platea dictumst. Phasellus ARCU leo, aliquet quis consecuente id, temporarias velo ARCU. Duis vulputate dign\u00edsimo placeres. Nulamente varices ARCU eu lorem rutrum scelerisque a vitae lectus. Sin ir m\u00e1s lejos, n vulputate at Turpin ac porttitor. Morbi aliquet bibendum odio, te rutrum tellus dapibus sit amet. Por \u00faltimo, Ruis sed m\u00ed quis ARCU.<\/p>\n<h3>cal\u00e7ots cocidos<\/h3>\n<p>Aunque no valencianos, ntegro sit amet placeres risus. A pesar de ello, ulla facil\u00edsimo. En segundo lugar, Oneca nec ipsum augue. Por otra parte, ivamus eros ex, ultrices mollis bibendum at, elementum sed lectus. Sin embargo, urabitur quis augue ac tellus tincidunt hendrerit. Donec erat purus, solicitud vitae v\u00e9lites vitae, feugiat dapibus diam. Cabe decir que Maecenas faucibus demasiado vitae erat elementum consectetur. Quisque finibus, purus velo Interdum vulputate, neque leo ultrices nisi, sed facil\u00edsimo nibh purus eget quam. Nunc nec libero eros. Las picaduras m\u00e1s frescas, por ejemplo. Sin ir m\u00e1s lejos, la picadura es buen\u00edsima. Nos encantar\u00eda que la orzata fuera probada por todos los comensales y, por supuesto, para todos los gourmands. Quisi\u00e9ramos, claro, hacerla conocida. Es por ello que la hacemos tan buena.<\/p>\n<h3>cal\u00e7ots cocidos<\/h3>\n<p>En primer lugar,. En primer lugar,. En primer lugar,. En primer lugar,. En primer lugar,. En primer lugar,. En primer lugar,. En primer lugar,. En primer lugar,. En primer lugar,. En primer lugar,. En primer lugar,. En primer lugar,. En primer lugar,. En primer lugar,. En primer lugar,. En primer lugar,. En primer lugar,. En primer lugar,. En primer lugar,. En primer lugar,. En primer lugar,.<\/p>\n<\/div>","protected":false},"excerpt":{"rendered":"<p>&nbsp; Estamos en pleno oto\u00f1o y ya se nota el cambio de tiempo. Los jers\u00e9is y las chaquetas ya no nos molestan, y cuando llegamos a casa nos apetece coger temperatura. Los meses de fr\u00edo son ideales para recurrir a los platos de cuchara, calientes, como las cremas. Hay por todos\u2026<\/p>","protected":false},"author":1,"featured_media":10974,"comment_status":"closed","ping_status":"closed","sticky":false,"template":"","format":"standard","meta":{"inline_featured_image":false,"footnotes":""},"categories":[1],"tags":[],"class_list":["post-10972","post","type-post","status-publish","format-standard","has-post-thumbnail","hentry","category-noticies"],"yoast_head":"<!-- This site is optimized with the Yoast SEO plugin v26.7 - https:\/\/yoast.com\/wordpress\/plugins\/seo\/ -->\n<title>Les cremes i brous, els plats ideals pel canvi de temps - Salses Fruits<\/title>\n<meta name=\"robots\" content=\"index, follow, max-snippet:-1, max-image-preview:large, max-video-preview:-1\" \/>\n<link rel=\"canonical\" href=\"https:\/\/fruitssp.com\/es\/noticies\/les-cremes-i-brous-els-plats-ideals-pel-canvi-de-temps\/\" \/>\n<meta property=\"og:locale\" content=\"es_ES\" \/>\n<meta property=\"og:type\" content=\"article\" \/>\n<meta property=\"og:title\" content=\"Les cremes i brous, els plats ideals pel canvi de temps - Salses Fruits\" \/>\n<meta property=\"og:description\" content=\"&nbsp; Estem en plena tardor i ja es nota el canvi de temps. Els jerseis i les jaquetes ja no ens fan nosa, i quan arribem a casa ens ve de gust agafar temperatura. Els mesos de fred s\u00f3n ideals per rec\u00f3rrer als plats de cullera, ben calents, com les cremes. N&#8217;hi ha per tots...\" \/>\n<meta property=\"og:url\" content=\"https:\/\/fruitssp.com\/es\/noticies\/les-cremes-i-brous-els-plats-ideals-pel-canvi-de-temps\/\" \/>\n<meta property=\"og:site_name\" content=\"Salses Fruits\" \/>\n<meta property=\"article:publisher\" content=\"https:\/\/www.facebook.com\/Salses-Fruits-SP-1137777022906379\/\" \/>\n<meta property=\"article:published_time\" content=\"2021-11-05T08:00:40+00:00\" \/>\n<meta property=\"article:modified_time\" content=\"2021-11-05T08:05:33+00:00\" \/>\n<meta property=\"og:image\" content=\"https:\/\/fruitssp.com\/wp-content\/uploads\/2021\/11\/crema-verdures-logo-fruits.jpg\" \/>\n\t<meta property=\"og:image:width\" content=\"1200\" \/>\n\t<meta property=\"og:image:height\" content=\"800\" \/>\n\t<meta property=\"og:image:type\" content=\"image\/jpeg\" \/>\n<meta name=\"author\" content=\"fruitssp\" \/>\n<meta name=\"twitter:card\" content=\"summary_large_image\" \/>\n<meta name=\"twitter:label1\" content=\"Escrito por\" \/>\n\t<meta name=\"twitter:data1\" content=\"fruitssp\" \/>\n\t<meta name=\"twitter:label2\" content=\"Tiempo de lectura\" \/>\n\t<meta name=\"twitter:data2\" content=\"4 minutos\" \/>\n<!-- \/ Yoast SEO plugin. -->","yoast_head_json":{"title":"Les cremes i brous, els plats ideals pel canvi de temps - Salses Fruits","robots":{"index":"index","follow":"follow","max-snippet":"max-snippet:-1","max-image-preview":"max-image-preview:large","max-video-preview":"max-video-preview:-1"},"canonical":"https:\/\/fruitssp.com\/es\/noticies\/les-cremes-i-brous-els-plats-ideals-pel-canvi-de-temps\/","og_locale":"es_ES","og_type":"article","og_title":"Les cremes i brous, els plats ideals pel canvi de temps - Salses Fruits","og_description":"&nbsp; Estem en plena tardor i ja es nota el canvi de temps. Els jerseis i les jaquetes ja no ens fan nosa, i quan arribem a casa ens ve de gust agafar temperatura. Els mesos de fred s\u00f3n ideals per rec\u00f3rrer als plats de cullera, ben calents, com les cremes. N&#8217;hi ha per tots...","og_url":"https:\/\/fruitssp.com\/es\/noticies\/les-cremes-i-brous-els-plats-ideals-pel-canvi-de-temps\/","og_site_name":"Salses Fruits","article_publisher":"https:\/\/www.facebook.com\/Salses-Fruits-SP-1137777022906379\/","article_published_time":"2021-11-05T08:00:40+00:00","article_modified_time":"2021-11-05T08:05:33+00:00","og_image":[{"width":1200,"height":800,"url":"https:\/\/fruitssp.com\/wp-content\/uploads\/2021\/11\/crema-verdures-logo-fruits.jpg","type":"image\/jpeg"}],"author":"fruitssp","twitter_card":"summary_large_image","twitter_misc":{"Escrito por":"fruitssp","Tiempo de lectura":"4 minutos"},"schema":{"@context":"https:\/\/schema.org","@graph":[{"@type":"Article","@id":"https:\/\/fruitssp.com\/noticies\/les-cremes-i-brous-els-plats-ideals-pel-canvi-de-temps\/#article","isPartOf":{"@id":"https:\/\/fruitssp.com\/noticies\/les-cremes-i-brous-els-plats-ideals-pel-canvi-de-temps\/"},"author":{"name":"fruitssp","@id":"https:\/\/fruitssp.com\/#\/schema\/person\/74f4a70f480644ed06e5945c13b509c8"},"headline":"Les cremes i brous, els plats ideals pel canvi de temps","datePublished":"2021-11-05T08:00:40+00:00","dateModified":"2021-11-05T08:05:33+00:00","mainEntityOfPage":{"@id":"https:\/\/fruitssp.com\/noticies\/les-cremes-i-brous-els-plats-ideals-pel-canvi-de-temps\/"},"wordCount":873,"publisher":{"@id":"https:\/\/fruitssp.com\/#organization"},"image":{"@id":"https:\/\/fruitssp.com\/noticies\/les-cremes-i-brous-els-plats-ideals-pel-canvi-de-temps\/#primaryimage"},"thumbnailUrl":"https:\/\/fruitssp.com\/wp-content\/uploads\/2021\/11\/crema-verdures-logo-fruits.jpg","articleSection":["Noticies"],"inLanguage":"es"},{"@type":"WebPage","@id":"https:\/\/fruitssp.com\/noticies\/les-cremes-i-brous-els-plats-ideals-pel-canvi-de-temps\/","url":"https:\/\/fruitssp.com\/noticies\/les-cremes-i-brous-els-plats-ideals-pel-canvi-de-temps\/","name":"Les cremes i brous, els plats ideals pel canvi de temps - Salses Fruits","isPartOf":{"@id":"https:\/\/fruitssp.com\/#website"},"primaryImageOfPage":{"@id":"https:\/\/fruitssp.com\/noticies\/les-cremes-i-brous-els-plats-ideals-pel-canvi-de-temps\/#primaryimage"},"image":{"@id":"https:\/\/fruitssp.com\/noticies\/les-cremes-i-brous-els-plats-ideals-pel-canvi-de-temps\/#primaryimage"},"thumbnailUrl":"https:\/\/fruitssp.com\/wp-content\/uploads\/2021\/11\/crema-verdures-logo-fruits.jpg","datePublished":"2021-11-05T08:00:40+00:00","dateModified":"2021-11-05T08:05:33+00:00","breadcrumb":{"@id":"https:\/\/fruitssp.com\/noticies\/les-cremes-i-brous-els-plats-ideals-pel-canvi-de-temps\/#breadcrumb"},"inLanguage":"es","potentialAction":[{"@type":"ReadAction","target":["https:\/\/fruitssp.com\/noticies\/les-cremes-i-brous-els-plats-ideals-pel-canvi-de-temps\/"]}]},{"@type":"ImageObject","inLanguage":"es","@id":"https:\/\/fruitssp.com\/noticies\/les-cremes-i-brous-els-plats-ideals-pel-canvi-de-temps\/#primaryimage","url":"https:\/\/fruitssp.com\/wp-content\/uploads\/2021\/11\/crema-verdures-logo-fruits.jpg","contentUrl":"https:\/\/fruitssp.com\/wp-content\/uploads\/2021\/11\/crema-verdures-logo-fruits.jpg","width":1200,"height":800,"caption":"crema de verdures salses fruits sp"},{"@type":"BreadcrumbList","@id":"https:\/\/fruitssp.com\/noticies\/les-cremes-i-brous-els-plats-ideals-pel-canvi-de-temps\/#breadcrumb","itemListElement":[{"@type":"ListItem","position":1,"name":"Inici","item":"https:\/\/fruitssp.com\/"},{"@type":"ListItem","position":2,"name":"Les cremes i brous, els plats ideals pel canvi de temps"}]},{"@type":"WebSite","@id":"https:\/\/fruitssp.com\/#website","url":"https:\/\/fruitssp.com\/","name":"FruitsSP","description":"Salsas y productos frescos y naturales, de la tierra del cal\u00e7ot","publisher":{"@id":"https:\/\/fruitssp.com\/#organization"},"potentialAction":[{"@type":"SearchAction","target":{"@type":"EntryPoint","urlTemplate":"https:\/\/fruitssp.com\/?s={search_term_string}"},"query-input":{"@type":"PropertyValueSpecification","valueRequired":true,"valueName":"search_term_string"}}],"inLanguage":"es"},{"@type":"Organization","@id":"https:\/\/fruitssp.com\/#organization","name":"Salsas Frutos S &amp; P","url":"https:\/\/fruitssp.com\/","logo":{"@type":"ImageObject","inLanguage":"es","@id":"https:\/\/fruitssp.com\/#\/schema\/logo\/image\/","url":"https:\/\/fruitssp.com\/wp-content\/uploads\/2022\/12\/logoFruits_472x406.png","contentUrl":"https:\/\/fruitssp.com\/wp-content\/uploads\/2022\/12\/logoFruits_472x406.png","width":472,"height":406,"caption":"Salses Fruits S&P"},"image":{"@id":"https:\/\/fruitssp.com\/#\/schema\/logo\/image\/"},"sameAs":["https:\/\/www.facebook.com\/Salses-Fruits-SP-1137777022906379\/","https:\/\/www.instagram.com\/salsesfruitssp\/","https:\/\/www.linkedin.com\/company\/salses-fruits-s-i-p-sl\/"]},{"@type":"Person","@id":"https:\/\/fruitssp.com\/#\/schema\/person\/74f4a70f480644ed06e5945c13b509c8","name":"fruitssp"}]}},"_links":{"self":[{"href":"https:\/\/fruitssp.com\/es\/wp-json\/wp\/v2\/posts\/10972","targetHints":{"allow":["GET"]}}],"collection":[{"href":"https:\/\/fruitssp.com\/es\/wp-json\/wp\/v2\/posts"}],"about":[{"href":"https:\/\/fruitssp.com\/es\/wp-json\/wp\/v2\/types\/post"}],"author":[{"embeddable":true,"href":"https:\/\/fruitssp.com\/es\/wp-json\/wp\/v2\/users\/1"}],"replies":[{"embeddable":true,"href":"https:\/\/fruitssp.com\/es\/wp-json\/wp\/v2\/comments?post=10972"}],"version-history":[{"count":0,"href":"https:\/\/fruitssp.com\/es\/wp-json\/wp\/v2\/posts\/10972\/revisions"}],"wp:featuredmedia":[{"embeddable":true,"href":"https:\/\/fruitssp.com\/es\/wp-json\/wp\/v2\/media\/10974"}],"wp:attachment":[{"href":"https:\/\/fruitssp.com\/es\/wp-json\/wp\/v2\/media?parent=10972"}],"wp:term":[{"taxonomy":"category","embeddable":true,"href":"https:\/\/fruitssp.com\/es\/wp-json\/wp\/v2\/categories?post=10972"},{"taxonomy":"post_tag","embeddable":true,"href":"https:\/\/fruitssp.com\/es\/wp-json\/wp\/v2\/tags?post=10972"}],"curies":[{"name":"wp","href":"https:\/\/api.w.org\/{rel}","templated":true}]}}