{"id":11051,"date":"2021-11-11T14:48:36","date_gmt":"2021-11-11T14:48:36","guid":{"rendered":"https:\/\/fruitssp.com\/?p=11051"},"modified":"2021-11-29T10:49:11","modified_gmt":"2021-11-29T10:49:11","slug":"la-nova-edicio-de-pedala-per-la-marato-de-tv3-memorial-xavi-tondo-i-volpini-torna-a-disputar-se-de-forma-presencial","status":"publish","type":"post","link":"https:\/\/fruitssp.com\/es\/noticies\/la-nova-edicio-de-pedala-per-la-marato-de-tv3-memorial-xavi-tondo-i-volpini-torna-a-disputar-se-de-forma-presencial\/","title":{"rendered":"La nueva edici\u00f3n de Pedala por el Marat\u00f3n de TV3 - Memorial Xavi Tondo y Volpini vuelve a disputarse de forma presencial"},"content":{"rendered":"<p><img loading=\"lazy\" decoding=\"async\" class=\"alignnone size-full wp-image-11071\" src=\"https:\/\/fruitssp.com\/wp-content\/uploads\/2021\/11\/CARTELL-MARATO21-CABRA-web.jpg\" alt=\"\" width=\"1200\" height=\"1686\" srcset=\"https:\/\/fruitssp.com\/wp-content\/uploads\/2021\/11\/CARTELL-MARATO21-CABRA-web.jpg 1200w, https:\/\/fruitssp.com\/wp-content\/uploads\/2021\/11\/CARTELL-MARATO21-CABRA-web-214x300.jpg 214w, https:\/\/fruitssp.com\/wp-content\/uploads\/2021\/11\/CARTELL-MARATO21-CABRA-web-729x1024.jpg 729w, https:\/\/fruitssp.com\/wp-content\/uploads\/2021\/11\/CARTELL-MARATO21-CABRA-web-1093x1536.jpg 1093w, https:\/\/fruitssp.com\/wp-content\/uploads\/2021\/11\/CARTELL-MARATO21-CABRA-web-9x12.jpg 9w, https:\/\/fruitssp.com\/wp-content\/uploads\/2021\/11\/CARTELL-MARATO21-CABRA-web-600x843.jpg 600w, https:\/\/fruitssp.com\/wp-content\/uploads\/2021\/11\/CARTELL-MARATO21-CABRA-web-768x1079.jpg 768w, https:\/\/fruitssp.com\/wp-content\/uploads\/2021\/11\/CARTELL-MARATO21-CABRA-web-300x422.jpg 300w, https:\/\/fruitssp.com\/wp-content\/uploads\/2021\/11\/CARTELL-MARATO21-CABRA-web-900x1265.jpg 900w\" sizes=\"auto, (max-width: 1200px) 100vw, 1200px\" \/><\/p>\n<p><strong>El 19 de diciembre de 2021 se celebrar\u00e1 la 16\u00aa edici\u00f3n de la carrera Pedala por el Marat\u00f3n de TV3 - Memorial Xavi Tondo y Volpini, con el patrocinio habitual de Salses Fruits S&amp;P.<\/strong><\/p>\n<p>La carrera es una prueba ciclista de car\u00e1cter no competitivo, y este a\u00f1o vuelve a su formato habitual, de forma presencial y con dos distancias y desniveles para que cada uno pueda disfrutar al m\u00e1ximo de una jornada de deportividad y solidaridad.<\/p>\n<p>Los participantes podr\u00e1n elegir entre 2 circuitos. Ambos discurren por los t\u00e9rminos de Cabra del Camp, Barber\u00e0 de la Conca y Figuerola del Camp:<\/p>\n<p>El recorrido largo tiene una distancia total de 35 km con un desnivel positivo acumulado de 1.000 metros, requiere un nivel f\u00edsico y t\u00e9cnico medio-alto, ya que pasa por distintos senderos que necesitan un m\u00ednimo de t\u00e9cnica para afrontarlos.<\/p>\n<p>El recorrido corto tiene una distancia de 22 km con un desnivel positivo acumulado de 400 metros, la dificultad del circuito es media-baja. Este circuito est\u00e1 dise\u00f1ado para todos los p\u00fablicos, aunque tiene alg\u00fan peque\u00f1o tramo t\u00e9cnico.<\/p>\n<p>Las inscripciones ya est\u00e1n abiertas a todo el mundo a trav\u00e9s de la web <a href=\"https:\/\/inscripcions.cat\/inscripcions\/benvinguda\">inscripcions.cat<\/a>.<\/p>\n<p>Todos los beneficios ir\u00e1n a la <a href=\"https:\/\/www.ccma.cat\/tv3\/marato\/\"><strong>Marat\u00f3 de TV3<\/strong><\/a>, que este a\u00f1o est\u00e1 destinado a enfermedades mentales.<\/p>\n<p>&nbsp;<\/p>\n<p><strong>Precios<\/strong><\/p>\n<p>El precio de la inscripci\u00f3n ser\u00e1 de 10\u20ac para los participantes colaboradores; para los ciclistas ser\u00e1 de 20\u20ac hasta el d\u00eda 10 de diciembre y 25\u20ac hasta el d\u00eda 17. Si alguien quiere inscribirse el mismo d\u00eda de la carrera, puede hacerlo de las 8.00 a las 9.00 horas. El precio ser\u00e1 de 30 \u20ac. La inscripci\u00f3n est\u00e1 limitada a 500 participantes.<\/p>\n<p>&nbsp;<\/p>\n<style>\n.w-blogpost-preview{background-image:none!important;background-color: transparent!important;}.w-blogpost{padding: 0!important;}.w-blogpost::after{background:none!important;}.w-blogpost h1{color: #29b28f!important;}.w-blogpost-meta *{color:#000000!important;}<\/style>\n<div style=\"display: none;\">\n<h2>Finaliza la 15\u00aa<\/h2>\n<h3>Finaliza la 15\u00aa<\/h3>\n<p>En primer lugar,. En primer lugar,. En primer lugar,. En primer lugar,. En primer lugar,. En primer lugar,. En primer lugar,. En primer lugar,. En primer lugar,. En primer lugar,. En primer lugar,. En primer lugar,. En primer lugar,. En primer lugar,. En primer lugar,. En primer lugar,. En primer lugar,. En primer lugar,. En primer lugar,. En primer lugar,. En primer lugar,. En primer lugar,. En primer lugar,. En primer lugar,. En primer lugar,. En primer lugar,. En primer lugar,. En primer lugar,. En primer lugar,. En primer lugar,. En primer lugar,. En primer lugar,. En primer lugar,. En primer lugar,. En primer lugar,. En primer lugar,. En primer lugar,. En primer lugar,. En primer lugar,. En primer lugar,.<\/p>\n<p>En primer lugar, oramos ipsum dolor sit amet, consectetur adipiscing \u00e9lite. In vestibulum pretium nisi vehicula congue. Curabitur lobortis tristique neque, quis puerta nisi tempus quis. Donec ultrices posuere \u00e9lite, sit amet tincidunt Orci consectetur quis. Mauris rhoncus tristique facil\u00edsimo. Por un lado, t congue v\u00e9lites velita, te faucibus l\u00edgulas volutpat te. A\u00fan as\u00ed, urabitur VENENATA ante quis elementum pellentesque. In a pretium sapien. Empiezan las cal\u00e7otades. Aliquam erat volutpat. Donec Viverra cursus Gravida. Fusce accumsan sed leo vitae tempus. Las picaduras m\u00e1s frescas <a href=\"https:\/\/tgd.cat\">TGDigital<\/a><a href=\"\/es\/\">frutos<\/a><\/p>\n<h3>Finaliza la 15\u00aa<\/h3>\n<p>Cabe decir que am CONVALLARIA libero non Turpin bibendum, vitae porttitor ex Orna. Por ejemplo, Raes consecuente Interdum ante, quis pellentesque sapien aliquet eu. Por un lado, ed commodo rhoncus magna velo aliquet. En tercer lugar, n hac habitasse platea dictumst. Phasellus ARCU leo, aliquet quis consecuente id, temporarias velo ARCU. Duis vulputate dign\u00edsimo placeres. Nulamente varices ARCU eu lorem rutrum scelerisque a vitae lectus. Sin ir m\u00e1s lejos, n vulputate at Turpin ac porttitor. Morbi aliquet bibendum odio, te rutrum tellus dapibus sit amet. Por \u00faltimo, Ruis sed m\u00ed quis ARCU.<\/p>\n<h3>cal\u00e7ots cocidos<\/h3>\n<p>Aunque no valencianos, ntegro sit amet placeres risus. A pesar de ello, ulla facil\u00edsimo. En segundo lugar, Oneca nec ipsum augue. Por otra parte, ivamus eros ex, ultrices mollis bibendum at, elementum sed lectus. Sin embargo, urabitur quis augue ac tellus tincidunt hendrerit. Donec erat purus, solicitud vitae v\u00e9lites vitae, feugiat dapibus diam. Cabe decir que Maecenas faucibus demasiado vitae erat elementum consectetur. Quisque finibus, purus velo Interdum vulputate, neque leo ultrices nisi, sed facil\u00edsimo nibh purus eget quam. Nunc nec libero eros. Las picaduras m\u00e1s frescas, por ejemplo. Sin ir m\u00e1s lejos, la picadura es buen\u00edsima. Nos encantar\u00eda que la orzata fuera probada por todos los comensales y, por supuesto, para todos los gourmands. Quisi\u00e9ramos, claro, hacerla conocida. Es por ello que la hacemos tan buena.<\/p>\n<h3>cal\u00e7ots cocidos<\/h3>\n<p>En primer lugar,. En primer lugar,. En primer lugar,. En primer lugar,. En primer lugar,. En primer lugar,. En primer lugar,. En primer lugar,. En primer lugar,. En primer lugar,. En primer lugar,. En primer lugar,. En primer lugar,. En primer lugar,. En primer lugar,. En primer lugar,. En primer lugar,. En primer lugar,. En primer lugar,. En primer lugar,. En primer lugar,. En primer lugar,.<\/p>\n<\/div>","protected":false},"excerpt":{"rendered":"<p>El 19 de diciembre de 2021 se celebrar\u00e1 la 16\u00aa edici\u00f3n de la carrera Pedala por el Marat\u00f3n de TV3 - Memorial Xavi Tondo y Volpini, con el patrocinio habitual de Salses Fruits S&amp;P. La carrera es una prueba ciclista de car\u00e1cter no competitivo, y este a\u00f1o vuelve a su formato habitual, de forma presencial\u2026<\/p>","protected":false},"author":1,"featured_media":11069,"comment_status":"closed","ping_status":"closed","sticky":false,"template":"","format":"standard","meta":{"inline_featured_image":false,"footnotes":""},"categories":[1],"tags":[],"class_list":["post-11051","post","type-post","status-publish","format-standard","has-post-thumbnail","hentry","category-noticies"],"yoast_head":"<!-- This site is optimized with the Yoast SEO plugin v26.7 - https:\/\/yoast.com\/wordpress\/plugins\/seo\/ -->\n<title>La nova edici\u00f3 de Pedala per la Marat\u00f3 de TV3 - Memorial Xavi Tondo i Volpini torna a disputar-se de forma presencial - Salses Fruits<\/title>\n<meta name=\"robots\" content=\"index, follow, max-snippet:-1, max-image-preview:large, max-video-preview:-1\" \/>\n<link rel=\"canonical\" href=\"https:\/\/fruitssp.com\/es\/noticies\/la-nova-edicio-de-pedala-per-la-marato-de-tv3-memorial-xavi-tondo-i-volpini-torna-a-disputar-se-de-forma-presencial\/\" \/>\n<meta property=\"og:locale\" content=\"es_ES\" \/>\n<meta property=\"og:type\" content=\"article\" \/>\n<meta property=\"og:title\" content=\"La nova edici\u00f3 de Pedala per la Marat\u00f3 de TV3 - Memorial Xavi Tondo i Volpini torna a disputar-se de forma presencial - Salses Fruits\" \/>\n<meta property=\"og:description\" content=\"El 19 de desembre de 2021 es celebrar\u00e0 la 16a edici\u00f3 de la cursa Pedala per la Marat\u00f3 de TV3 &#8211; Memorial Xavi Tondo i Volpini, amb el patrocini habitual de Salses Fruits S&amp;P. La cursa \u00e9s una prova ciclista de car\u00e0cter no competitiu, i aquest any torna al seu format habitual, de forma presencial...\" \/>\n<meta property=\"og:url\" content=\"https:\/\/fruitssp.com\/es\/noticies\/la-nova-edicio-de-pedala-per-la-marato-de-tv3-memorial-xavi-tondo-i-volpini-torna-a-disputar-se-de-forma-presencial\/\" \/>\n<meta property=\"og:site_name\" content=\"Salses Fruits\" \/>\n<meta property=\"article:publisher\" content=\"https:\/\/www.facebook.com\/Salses-Fruits-SP-1137777022906379\/\" \/>\n<meta property=\"article:published_time\" content=\"2021-11-11T14:48:36+00:00\" \/>\n<meta property=\"article:modified_time\" content=\"2021-11-29T10:49:11+00:00\" \/>\n<meta property=\"og:image\" content=\"https:\/\/fruitssp.com\/wp-content\/uploads\/2021\/11\/pedala-per-la-marato-2021.jpeg\" \/>\n\t<meta property=\"og:image:width\" content=\"1080\" \/>\n\t<meta property=\"og:image:height\" content=\"1080\" \/>\n\t<meta property=\"og:image:type\" content=\"image\/jpeg\" \/>\n<meta name=\"author\" content=\"fruitssp\" \/>\n<meta name=\"twitter:card\" content=\"summary_large_image\" \/>\n<meta name=\"twitter:label1\" content=\"Escrito por\" \/>\n\t<meta name=\"twitter:data1\" content=\"fruitssp\" \/>\n\t<meta name=\"twitter:label2\" content=\"Tiempo de lectura\" \/>\n\t<meta name=\"twitter:data2\" content=\"4 minutos\" \/>\n<!-- \/ Yoast SEO plugin. -->","yoast_head_json":{"title":"La nova edici\u00f3 de Pedala per la Marat\u00f3 de TV3 - Memorial Xavi Tondo i Volpini torna a disputar-se de forma presencial - Salses Fruits","robots":{"index":"index","follow":"follow","max-snippet":"max-snippet:-1","max-image-preview":"max-image-preview:large","max-video-preview":"max-video-preview:-1"},"canonical":"https:\/\/fruitssp.com\/es\/noticies\/la-nova-edicio-de-pedala-per-la-marato-de-tv3-memorial-xavi-tondo-i-volpini-torna-a-disputar-se-de-forma-presencial\/","og_locale":"es_ES","og_type":"article","og_title":"La nova edici\u00f3 de Pedala per la Marat\u00f3 de TV3 - Memorial Xavi Tondo i Volpini torna a disputar-se de forma presencial - Salses Fruits","og_description":"El 19 de desembre de 2021 es celebrar\u00e0 la 16a edici\u00f3 de la cursa Pedala per la Marat\u00f3 de TV3 &#8211; Memorial Xavi Tondo i Volpini, amb el patrocini habitual de Salses Fruits S&amp;P. La cursa \u00e9s una prova ciclista de car\u00e0cter no competitiu, i aquest any torna al seu format habitual, de forma presencial...","og_url":"https:\/\/fruitssp.com\/es\/noticies\/la-nova-edicio-de-pedala-per-la-marato-de-tv3-memorial-xavi-tondo-i-volpini-torna-a-disputar-se-de-forma-presencial\/","og_site_name":"Salses Fruits","article_publisher":"https:\/\/www.facebook.com\/Salses-Fruits-SP-1137777022906379\/","article_published_time":"2021-11-11T14:48:36+00:00","article_modified_time":"2021-11-29T10:49:11+00:00","og_image":[{"width":1080,"height":1080,"url":"https:\/\/fruitssp.com\/wp-content\/uploads\/2021\/11\/pedala-per-la-marato-2021.jpeg","type":"image\/jpeg"}],"author":"fruitssp","twitter_card":"summary_large_image","twitter_misc":{"Escrito por":"fruitssp","Tiempo de lectura":"4 minutos"},"schema":{"@context":"https:\/\/schema.org","@graph":[{"@type":"Article","@id":"https:\/\/fruitssp.com\/noticies\/la-nova-edicio-de-pedala-per-la-marato-de-tv3-memorial-xavi-tondo-i-volpini-torna-a-disputar-se-de-forma-presencial\/#article","isPartOf":{"@id":"https:\/\/fruitssp.com\/noticies\/la-nova-edicio-de-pedala-per-la-marato-de-tv3-memorial-xavi-tondo-i-volpini-torna-a-disputar-se-de-forma-presencial\/"},"author":{"name":"fruitssp","@id":"https:\/\/fruitssp.com\/#\/schema\/person\/74f4a70f480644ed06e5945c13b509c8"},"headline":"La nova edici\u00f3 de Pedala per la Marat\u00f3 de TV3 &#8211; Memorial Xavi Tondo i Volpini torna a disputar-se de forma presencial","datePublished":"2021-11-11T14:48:36+00:00","dateModified":"2021-11-29T10:49:11+00:00","mainEntityOfPage":{"@id":"https:\/\/fruitssp.com\/noticies\/la-nova-edicio-de-pedala-per-la-marato-de-tv3-memorial-xavi-tondo-i-volpini-torna-a-disputar-se-de-forma-presencial\/"},"wordCount":810,"publisher":{"@id":"https:\/\/fruitssp.com\/#organization"},"image":{"@id":"https:\/\/fruitssp.com\/noticies\/la-nova-edicio-de-pedala-per-la-marato-de-tv3-memorial-xavi-tondo-i-volpini-torna-a-disputar-se-de-forma-presencial\/#primaryimage"},"thumbnailUrl":"https:\/\/fruitssp.com\/wp-content\/uploads\/2021\/11\/pedala-per-la-marato-2021.jpeg","articleSection":["Noticies"],"inLanguage":"es"},{"@type":"WebPage","@id":"https:\/\/fruitssp.com\/noticies\/la-nova-edicio-de-pedala-per-la-marato-de-tv3-memorial-xavi-tondo-i-volpini-torna-a-disputar-se-de-forma-presencial\/","url":"https:\/\/fruitssp.com\/noticies\/la-nova-edicio-de-pedala-per-la-marato-de-tv3-memorial-xavi-tondo-i-volpini-torna-a-disputar-se-de-forma-presencial\/","name":"La nova edici\u00f3 de Pedala per la Marat\u00f3 de TV3 - Memorial Xavi Tondo i Volpini torna a disputar-se de forma presencial - Salses Fruits","isPartOf":{"@id":"https:\/\/fruitssp.com\/#website"},"primaryImageOfPage":{"@id":"https:\/\/fruitssp.com\/noticies\/la-nova-edicio-de-pedala-per-la-marato-de-tv3-memorial-xavi-tondo-i-volpini-torna-a-disputar-se-de-forma-presencial\/#primaryimage"},"image":{"@id":"https:\/\/fruitssp.com\/noticies\/la-nova-edicio-de-pedala-per-la-marato-de-tv3-memorial-xavi-tondo-i-volpini-torna-a-disputar-se-de-forma-presencial\/#primaryimage"},"thumbnailUrl":"https:\/\/fruitssp.com\/wp-content\/uploads\/2021\/11\/pedala-per-la-marato-2021.jpeg","datePublished":"2021-11-11T14:48:36+00:00","dateModified":"2021-11-29T10:49:11+00:00","breadcrumb":{"@id":"https:\/\/fruitssp.com\/noticies\/la-nova-edicio-de-pedala-per-la-marato-de-tv3-memorial-xavi-tondo-i-volpini-torna-a-disputar-se-de-forma-presencial\/#breadcrumb"},"inLanguage":"es","potentialAction":[{"@type":"ReadAction","target":["https:\/\/fruitssp.com\/noticies\/la-nova-edicio-de-pedala-per-la-marato-de-tv3-memorial-xavi-tondo-i-volpini-torna-a-disputar-se-de-forma-presencial\/"]}]},{"@type":"ImageObject","inLanguage":"es","@id":"https:\/\/fruitssp.com\/noticies\/la-nova-edicio-de-pedala-per-la-marato-de-tv3-memorial-xavi-tondo-i-volpini-torna-a-disputar-se-de-forma-presencial\/#primaryimage","url":"https:\/\/fruitssp.com\/wp-content\/uploads\/2021\/11\/pedala-per-la-marato-2021.jpeg","contentUrl":"https:\/\/fruitssp.com\/wp-content\/uploads\/2021\/11\/pedala-per-la-marato-2021.jpeg","width":1080,"height":1080},{"@type":"BreadcrumbList","@id":"https:\/\/fruitssp.com\/noticies\/la-nova-edicio-de-pedala-per-la-marato-de-tv3-memorial-xavi-tondo-i-volpini-torna-a-disputar-se-de-forma-presencial\/#breadcrumb","itemListElement":[{"@type":"ListItem","position":1,"name":"Inici","item":"https:\/\/fruitssp.com\/"},{"@type":"ListItem","position":2,"name":"La nova edici\u00f3 de Pedala per la Marat\u00f3 de TV3 &#8211; Memorial Xavi Tondo i Volpini torna a disputar-se de forma presencial"}]},{"@type":"WebSite","@id":"https:\/\/fruitssp.com\/#website","url":"https:\/\/fruitssp.com\/","name":"FruitsSP","description":"Salsas y productos frescos y naturales, de la tierra del cal\u00e7ot","publisher":{"@id":"https:\/\/fruitssp.com\/#organization"},"potentialAction":[{"@type":"SearchAction","target":{"@type":"EntryPoint","urlTemplate":"https:\/\/fruitssp.com\/?s={search_term_string}"},"query-input":{"@type":"PropertyValueSpecification","valueRequired":true,"valueName":"search_term_string"}}],"inLanguage":"es"},{"@type":"Organization","@id":"https:\/\/fruitssp.com\/#organization","name":"Salsas Frutos S &amp; P","url":"https:\/\/fruitssp.com\/","logo":{"@type":"ImageObject","inLanguage":"es","@id":"https:\/\/fruitssp.com\/#\/schema\/logo\/image\/","url":"https:\/\/fruitssp.com\/wp-content\/uploads\/2022\/12\/logoFruits_472x406.png","contentUrl":"https:\/\/fruitssp.com\/wp-content\/uploads\/2022\/12\/logoFruits_472x406.png","width":472,"height":406,"caption":"Salses Fruits S&P"},"image":{"@id":"https:\/\/fruitssp.com\/#\/schema\/logo\/image\/"},"sameAs":["https:\/\/www.facebook.com\/Salses-Fruits-SP-1137777022906379\/","https:\/\/www.instagram.com\/salsesfruitssp\/","https:\/\/www.linkedin.com\/company\/salses-fruits-s-i-p-sl\/"]},{"@type":"Person","@id":"https:\/\/fruitssp.com\/#\/schema\/person\/74f4a70f480644ed06e5945c13b509c8","name":"fruitssp"}]}},"_links":{"self":[{"href":"https:\/\/fruitssp.com\/es\/wp-json\/wp\/v2\/posts\/11051","targetHints":{"allow":["GET"]}}],"collection":[{"href":"https:\/\/fruitssp.com\/es\/wp-json\/wp\/v2\/posts"}],"about":[{"href":"https:\/\/fruitssp.com\/es\/wp-json\/wp\/v2\/types\/post"}],"author":[{"embeddable":true,"href":"https:\/\/fruitssp.com\/es\/wp-json\/wp\/v2\/users\/1"}],"replies":[{"embeddable":true,"href":"https:\/\/fruitssp.com\/es\/wp-json\/wp\/v2\/comments?post=11051"}],"version-history":[{"count":0,"href":"https:\/\/fruitssp.com\/es\/wp-json\/wp\/v2\/posts\/11051\/revisions"}],"wp:featuredmedia":[{"embeddable":true,"href":"https:\/\/fruitssp.com\/es\/wp-json\/wp\/v2\/media\/11069"}],"wp:attachment":[{"href":"https:\/\/fruitssp.com\/es\/wp-json\/wp\/v2\/media?parent=11051"}],"wp:term":[{"taxonomy":"category","embeddable":true,"href":"https:\/\/fruitssp.com\/es\/wp-json\/wp\/v2\/categories?post=11051"},{"taxonomy":"post_tag","embeddable":true,"href":"https:\/\/fruitssp.com\/es\/wp-json\/wp\/v2\/tags?post=11051"}],"curies":[{"name":"wp","href":"https:\/\/api.w.org\/{rel}","templated":true}]}}