{"id":11055,"date":"2021-11-17T15:31:05","date_gmt":"2021-11-17T15:31:05","guid":{"rendered":"https:\/\/fruitssp.com\/?p=11055"},"modified":"2021-11-22T10:03:01","modified_gmt":"2021-11-22T10:03:01","slug":"mes-de-60-milions-de-calsots-per-la-temporada-2021-2022","status":"publish","type":"post","link":"https:\/\/fruitssp.com\/es\/noticies\/mes-de-60-milions-de-calsots-per-la-temporada-2021-2022\/","title":{"rendered":"M\u00e1s de 60 millones de cal\u00e7ots para la temporada 2021-2022"},"content":{"rendered":"<p><img loading=\"lazy\" decoding=\"async\" class=\"aligncenter wp-image-7412 size-us_600_600_crop\" src=\"https:\/\/fruitssp.com\/wp-content\/uploads\/2020\/01\/manat-calcots-780-600x600.jpg\" alt=\"manat calcots\" width=\"600\" height=\"600\" srcset=\"https:\/\/fruitssp.com\/wp-content\/uploads\/2020\/01\/manat-calcots-780-600x600.jpg 600w, https:\/\/fruitssp.com\/wp-content\/uploads\/2020\/01\/manat-calcots-780-150x150.jpg 150w, https:\/\/fruitssp.com\/wp-content\/uploads\/2020\/01\/manat-calcots-780-350x350.jpg 350w\" sizes=\"auto, (max-width: 600px) 100vw, 600px\" \/><\/p>\n<p>&nbsp;<\/p>\n<p><strong>Los cal\u00e7ots son uno de los productos de la tierra m\u00e1s distinguidos de la gastronom\u00eda catalana. Cuando comienza el fr\u00edo y se acerca el mes de noviembre, campesinos, restauradores y visitantes est\u00e1n ansiosos por que se inicie la temporada de cal\u00e7otadas. Por Valls y el Alt Camp, la temporada de cal\u00e7otades representa la verdadera temporada tur\u00edstica del a\u00f1o.<\/strong><\/p>\n<p>Cal\u00e7otades y cal\u00e7ots se hacen por todas partes, pero la cuna de la aut\u00e9ntica cal\u00e7otada est\u00e1 en Valls, la ciudad origen de los cal\u00e7ots. Con la llegada del fr\u00edo, esta cebolla dulce y deliciosa toma protagonismo. De noviembre a marzo, la ciudad del Alt Camp se impregna de olor y humo dulce. Los restaurantes de la zona ya ofrecen cal\u00e7otades a sus clientes, una comida que cuenta con todo un ritual: los baberos, los cal\u00e7ots bien cocidos, la salsa al punto, la carne de cordero y butifarra a la brasa, beber el vino en porr\u00f3n, comer naranjas de postre\u2026 y el ingrediente m\u00e1s importante: ganas de pasarlo bien, en familia o amigos. La cal\u00e7otada, m\u00e1s que un almuerzo, es la excusa perfecta para reunirse, re\u00edrse y disfrutar de un d\u00eda en buena compa\u00f1\u00eda.<\/p>\n<p>El cal\u00e7ot de Valls cuenta con una IGP, Indicaci\u00f3n Geogr\u00e1fica Protegida, y se produce en las comarcas del Alt y Baix Camp, el Tarragon\u00e8s y el Baix Pened\u00e8s. Para esta temporada, la IGP se muestra optimista y prev\u00e9 poner a la venta 20 millones de cal\u00e7ots etiquetados. Despu\u00e9s de dos malas campa\u00f1as debido a las restricciones por la Covid, los campesinos se muestran esperanzados y esperan que el consumo de cal\u00e7ots aumente. A esta cifra hay que sumarle los cal\u00e7ots que cultivan el resto de productores de la zona, que no se encuentran inscritos en la IGP, por lo que se pueden llegar a superar los 60 millones de cebollas.<\/p>\n<p><strong>Las cal\u00e7otadas se han convertido en un fen\u00f3meno econ\u00f3mico, tur\u00edstico, cultural y social.<\/strong><\/p>\n<p>La cal\u00e7otada es una tradici\u00f3n catalana y familiar, pero su popularidad le ha hecho traspasar fronteras y por ahora tiene adeptos por todas partes, sobre todo en el Estado Espa\u00f1ol y las Islas Baleares, pero tambi\u00e9n en Francia, Londres y Bruselas. Con los a\u00f1os, campesinos, restauradores, carnicer\u00edas, hornos y pasteler\u00edas han sabido sacar provecho de esta tradici\u00f3n convirti\u00e9ndola en todo un negocio, reactivando el comercio local y las visitas guiadas de Valls y Comarca. Las previsiones dicen que, durante esta temporada las cal\u00e7otadas dejar\u00e1n m\u00e1s de 12 millones de euros en la zona, si contamos con la producci\u00f3n de cal\u00e7ots, el negocio en los restaurantes y el gasto que har\u00e1n los visitantes de fuera. Se prev\u00e9 que esta temporada unas 300.000 personas degusten su cal\u00e7otada.<\/p>\n<p><strong>La Fiesta de la Cal\u00e7otada marca la temporada llena de cal\u00e7otades.<\/strong><\/p>\n<p>Una de las fiestas que mueve a m\u00e1s gente en la capital del Alt Camp es la Gran Fiesta de la Cal\u00e7otada, que se celebra el \u00faltimo domingo de mes. Este a\u00f1o se adelanta ocho d\u00edas y se celebrar\u00e1 el 23 de enero de 2022, para evitar la coincidencia con las Fiestas Decenales de la Virgen de la Candela, programadas entre el 28 de enero y el 6 de febrero.<\/p>\n<p>&nbsp;<\/p>\n<p><strong>Salsas Fruits S&amp;P ser\u00e1 un a\u00f1o m\u00e1s el patrocinador oficial de la Fiesta de la Cal\u00e7otada.<\/strong><\/p>\n<p>&nbsp;<\/p>\n<p>&nbsp;<\/p>\n<style>\n.w-blogpost-preview{background-image:none!important;background-color: transparent!important;}.w-blogpost{padding: 0!important;}.w-blogpost::after{background:none!important;}.w-blogpost h1{color: #29b28f!important;}.w-blogpost-meta *{color:#000000!important;}<\/style>\n<div style=\"display: none;\">\n<h2>Finaliza la 15\u00aa<\/h2>\n<h3>Finaliza la 15\u00aa<\/h3>\n<p>En primer lugar,. En primer lugar,. En primer lugar,. En primer lugar,. En primer lugar,. En primer lugar,. En primer lugar,. En primer lugar,. En primer lugar,. En primer lugar,. En primer lugar,. En primer lugar,. En primer lugar,. En primer lugar,. En primer lugar,. En primer lugar,. En primer lugar,. En primer lugar,. En primer lugar,. En primer lugar,. En primer lugar,. En primer lugar,. En primer lugar,. En primer lugar,. En primer lugar,. En primer lugar,. En primer lugar,. En primer lugar,. En primer lugar,. En primer lugar,. En primer lugar,. En primer lugar,. En primer lugar,. En primer lugar,. En primer lugar,. En primer lugar,. En primer lugar,. En primer lugar,. En primer lugar,. En primer lugar,.<\/p>\n<p>En primer lugar, oramos ipsum dolor sit amet, consectetur adipiscing \u00e9lite. In vestibulum pretium nisi vehicula congue. Curabitur lobortis tristique neque, quis puerta nisi tempus quis. Donec ultrices posuere \u00e9lite, sit amet tincidunt Orci consectetur quis. Mauris rhoncus tristique facil\u00edsimo. Por un lado, t congue v\u00e9lites velita, te faucibus l\u00edgulas volutpat te. A\u00fan as\u00ed, urabitur VENENATA ante quis elementum pellentesque. In a pretium sapien. Empiezan las cal\u00e7otades. Aliquam erat volutpat. Donec Viverra cursus Gravida. Fusce accumsan sed leo vitae tempus. Las picaduras m\u00e1s frescas <a href=\"https:\/\/tgd.cat\">TGDigital<\/a><a href=\"\/es\/\">frutos<\/a><\/p>\n<h3>Finaliza la 15\u00aa<\/h3>\n<p>Cabe decir que am CONVALLARIA libero non Turpin bibendum, vitae porttitor ex Orna. Por ejemplo, Raes consecuente Interdum ante, quis pellentesque sapien aliquet eu. Por un lado, ed commodo rhoncus magna velo aliquet. En tercer lugar, n hac habitasse platea dictumst. Phasellus ARCU leo, aliquet quis consecuente id, temporarias velo ARCU. Duis vulputate dign\u00edsimo placeres. Nulamente varices ARCU eu lorem rutrum scelerisque a vitae lectus. Sin ir m\u00e1s lejos, n vulputate at Turpin ac porttitor. Morbi aliquet bibendum odio, te rutrum tellus dapibus sit amet. Por \u00faltimo, Ruis sed m\u00ed quis ARCU.<\/p>\n<h3>cal\u00e7ots cocidos<\/h3>\n<p>Aunque no valencianos, ntegro sit amet placeres risus. A pesar de ello, ulla facil\u00edsimo. En segundo lugar, Oneca nec ipsum augue. Por otra parte, ivamus eros ex, ultrices mollis bibendum at, elementum sed lectus. Sin embargo, urabitur quis augue ac tellus tincidunt hendrerit. Donec erat purus, solicitud vitae v\u00e9lites vitae, feugiat dapibus diam. Cabe decir que Maecenas faucibus demasiado vitae erat elementum consectetur. Quisque finibus, purus velo Interdum vulputate, neque leo ultrices nisi, sed facil\u00edsimo nibh purus eget quam. Nunc nec libero eros. Las picaduras m\u00e1s frescas, por ejemplo. Sin ir m\u00e1s lejos, la picadura es buen\u00edsima. Nos encantar\u00eda que la orzata fuera probada por todos los comensales y, por supuesto, para todos los gourmands. Quisi\u00e9ramos, claro, hacerla conocida. Es por ello que la hacemos tan buena.<\/p>\n<h3>cal\u00e7ots cocidos<\/h3>\n<p>En primer lugar,. En primer lugar,. En primer lugar,. En primer lugar,. En primer lugar,. En primer lugar,. En primer lugar,. En primer lugar,. En primer lugar,. En primer lugar,. En primer lugar,. En primer lugar,. En primer lugar,. En primer lugar,. En primer lugar,. En primer lugar,. En primer lugar,. En primer lugar,. En primer lugar,. En primer lugar,. En primer lugar,. En primer lugar,.<\/p>\n<\/div>","protected":false},"excerpt":{"rendered":"<p>&nbsp; Los cal\u00e7ots son uno de los productos de la tierra m\u00e1s distinguidos de la gastronom\u00eda catalana. Cuando comienza el fr\u00edo y se acerca el mes de noviembre, campesinos, restauradores y visitantes est\u00e1n ansiosos por que se inicie la temporada de cal\u00e7otadas. Por Valls y el Alt Camp, la temporada de cal\u00e7otades representa la verdadera temporada tur\u00edstica del a\u00f1o. De\u2026<\/p>","protected":false},"author":1,"featured_media":7412,"comment_status":"closed","ping_status":"closed","sticky":false,"template":"","format":"standard","meta":{"inline_featured_image":false,"footnotes":""},"categories":[1],"tags":[],"class_list":["post-11055","post","type-post","status-publish","format-standard","has-post-thumbnail","hentry","category-noticies"],"yoast_head":"<!-- This site is optimized with the Yoast SEO plugin v26.7 - https:\/\/yoast.com\/wordpress\/plugins\/seo\/ -->\n<title>M\u00e9s de 60 milions de cal\u00e7ots per a la temporada 2021-2022 - Salses Fruits<\/title>\n<meta name=\"robots\" content=\"index, follow, max-snippet:-1, max-image-preview:large, max-video-preview:-1\" \/>\n<link rel=\"canonical\" href=\"https:\/\/fruitssp.com\/es\/noticies\/mes-de-60-milions-de-calsots-per-la-temporada-2021-2022\/\" \/>\n<meta property=\"og:locale\" content=\"es_ES\" \/>\n<meta property=\"og:type\" content=\"article\" \/>\n<meta property=\"og:title\" content=\"M\u00e9s de 60 milions de cal\u00e7ots per a la temporada 2021-2022 - Salses Fruits\" \/>\n<meta property=\"og:description\" content=\"&nbsp; Els cal\u00e7ots s\u00f3n un dels productes de la terra m\u00e9s distingits de la gastronomia catalana. Quan comen\u00e7a el fred i s&#8217;apropa el mes de novembre, pagesos, restauradors i visitants estan ansiosos perqu\u00e8 s&#8217;inici\u00ef la temporada de cal\u00e7otades. Per Valls i l&#8217;Alt Camp, la temporada de cal\u00e7otades representa la vertadera temporada tur\u00edstica de l&#8217;any. De...\" \/>\n<meta property=\"og:url\" content=\"https:\/\/fruitssp.com\/es\/noticies\/mes-de-60-milions-de-calsots-per-la-temporada-2021-2022\/\" \/>\n<meta property=\"og:site_name\" content=\"Salses Fruits\" \/>\n<meta property=\"article:publisher\" content=\"https:\/\/www.facebook.com\/Salses-Fruits-SP-1137777022906379\/\" \/>\n<meta property=\"article:published_time\" content=\"2021-11-17T15:31:05+00:00\" \/>\n<meta property=\"article:modified_time\" content=\"2021-11-22T10:03:01+00:00\" \/>\n<meta property=\"og:image\" content=\"https:\/\/fruitssp.com\/wp-content\/uploads\/2020\/01\/manat-calcots-780.jpg\" \/>\n\t<meta property=\"og:image:width\" content=\"780\" \/>\n\t<meta property=\"og:image:height\" content=\"1040\" \/>\n\t<meta property=\"og:image:type\" content=\"image\/jpeg\" \/>\n<meta name=\"author\" content=\"fruitssp\" \/>\n<meta name=\"twitter:card\" content=\"summary_large_image\" \/>\n<meta name=\"twitter:label1\" content=\"Escrito por\" \/>\n\t<meta name=\"twitter:data1\" content=\"fruitssp\" \/>\n\t<meta name=\"twitter:label2\" content=\"Tiempo de lectura\" \/>\n\t<meta name=\"twitter:data2\" content=\"5 minutos\" \/>\n<!-- \/ Yoast SEO plugin. -->","yoast_head_json":{"title":"M\u00e9s de 60 milions de cal\u00e7ots per a la temporada 2021-2022 - Salses Fruits","robots":{"index":"index","follow":"follow","max-snippet":"max-snippet:-1","max-image-preview":"max-image-preview:large","max-video-preview":"max-video-preview:-1"},"canonical":"https:\/\/fruitssp.com\/es\/noticies\/mes-de-60-milions-de-calsots-per-la-temporada-2021-2022\/","og_locale":"es_ES","og_type":"article","og_title":"M\u00e9s de 60 milions de cal\u00e7ots per a la temporada 2021-2022 - Salses Fruits","og_description":"&nbsp; Els cal\u00e7ots s\u00f3n un dels productes de la terra m\u00e9s distingits de la gastronomia catalana. Quan comen\u00e7a el fred i s&#8217;apropa el mes de novembre, pagesos, restauradors i visitants estan ansiosos perqu\u00e8 s&#8217;inici\u00ef la temporada de cal\u00e7otades. Per Valls i l&#8217;Alt Camp, la temporada de cal\u00e7otades representa la vertadera temporada tur\u00edstica de l&#8217;any. De...","og_url":"https:\/\/fruitssp.com\/es\/noticies\/mes-de-60-milions-de-calsots-per-la-temporada-2021-2022\/","og_site_name":"Salses Fruits","article_publisher":"https:\/\/www.facebook.com\/Salses-Fruits-SP-1137777022906379\/","article_published_time":"2021-11-17T15:31:05+00:00","article_modified_time":"2021-11-22T10:03:01+00:00","og_image":[{"width":780,"height":1040,"url":"https:\/\/fruitssp.com\/wp-content\/uploads\/2020\/01\/manat-calcots-780.jpg","type":"image\/jpeg"}],"author":"fruitssp","twitter_card":"summary_large_image","twitter_misc":{"Escrito por":"fruitssp","Tiempo de lectura":"5 minutos"},"schema":{"@context":"https:\/\/schema.org","@graph":[{"@type":"Article","@id":"https:\/\/fruitssp.com\/noticies\/mes-de-60-milions-de-calsots-per-la-temporada-2021-2022\/#article","isPartOf":{"@id":"https:\/\/fruitssp.com\/noticies\/mes-de-60-milions-de-calsots-per-la-temporada-2021-2022\/"},"author":{"name":"fruitssp","@id":"https:\/\/fruitssp.com\/#\/schema\/person\/74f4a70f480644ed06e5945c13b509c8"},"headline":"M\u00e9s de 60 milions de cal\u00e7ots per a la temporada 2021-2022","datePublished":"2021-11-17T15:31:05+00:00","dateModified":"2021-11-22T10:03:01+00:00","mainEntityOfPage":{"@id":"https:\/\/fruitssp.com\/noticies\/mes-de-60-milions-de-calsots-per-la-temporada-2021-2022\/"},"wordCount":1089,"publisher":{"@id":"https:\/\/fruitssp.com\/#organization"},"image":{"@id":"https:\/\/fruitssp.com\/noticies\/mes-de-60-milions-de-calsots-per-la-temporada-2021-2022\/#primaryimage"},"thumbnailUrl":"https:\/\/fruitssp.com\/wp-content\/uploads\/2020\/01\/manat-calcots-780.jpg","articleSection":["Noticies"],"inLanguage":"es"},{"@type":"WebPage","@id":"https:\/\/fruitssp.com\/noticies\/mes-de-60-milions-de-calsots-per-la-temporada-2021-2022\/","url":"https:\/\/fruitssp.com\/noticies\/mes-de-60-milions-de-calsots-per-la-temporada-2021-2022\/","name":"M\u00e9s de 60 milions de cal\u00e7ots per a la temporada 2021-2022 - Salses Fruits","isPartOf":{"@id":"https:\/\/fruitssp.com\/#website"},"primaryImageOfPage":{"@id":"https:\/\/fruitssp.com\/noticies\/mes-de-60-milions-de-calsots-per-la-temporada-2021-2022\/#primaryimage"},"image":{"@id":"https:\/\/fruitssp.com\/noticies\/mes-de-60-milions-de-calsots-per-la-temporada-2021-2022\/#primaryimage"},"thumbnailUrl":"https:\/\/fruitssp.com\/wp-content\/uploads\/2020\/01\/manat-calcots-780.jpg","datePublished":"2021-11-17T15:31:05+00:00","dateModified":"2021-11-22T10:03:01+00:00","breadcrumb":{"@id":"https:\/\/fruitssp.com\/noticies\/mes-de-60-milions-de-calsots-per-la-temporada-2021-2022\/#breadcrumb"},"inLanguage":"es","potentialAction":[{"@type":"ReadAction","target":["https:\/\/fruitssp.com\/noticies\/mes-de-60-milions-de-calsots-per-la-temporada-2021-2022\/"]}]},{"@type":"ImageObject","inLanguage":"es","@id":"https:\/\/fruitssp.com\/noticies\/mes-de-60-milions-de-calsots-per-la-temporada-2021-2022\/#primaryimage","url":"https:\/\/fruitssp.com\/wp-content\/uploads\/2020\/01\/manat-calcots-780.jpg","contentUrl":"https:\/\/fruitssp.com\/wp-content\/uploads\/2020\/01\/manat-calcots-780.jpg","width":780,"height":1040,"caption":"manat calcots"},{"@type":"BreadcrumbList","@id":"https:\/\/fruitssp.com\/noticies\/mes-de-60-milions-de-calsots-per-la-temporada-2021-2022\/#breadcrumb","itemListElement":[{"@type":"ListItem","position":1,"name":"Inici","item":"https:\/\/fruitssp.com\/"},{"@type":"ListItem","position":2,"name":"M\u00e9s de 60 milions de cal\u00e7ots per a la temporada 2021-2022"}]},{"@type":"WebSite","@id":"https:\/\/fruitssp.com\/#website","url":"https:\/\/fruitssp.com\/","name":"FruitsSP","description":"Salsas y productos frescos y naturales, de la tierra del cal\u00e7ot","publisher":{"@id":"https:\/\/fruitssp.com\/#organization"},"potentialAction":[{"@type":"SearchAction","target":{"@type":"EntryPoint","urlTemplate":"https:\/\/fruitssp.com\/?s={search_term_string}"},"query-input":{"@type":"PropertyValueSpecification","valueRequired":true,"valueName":"search_term_string"}}],"inLanguage":"es"},{"@type":"Organization","@id":"https:\/\/fruitssp.com\/#organization","name":"Salsas Frutos S &amp; P","url":"https:\/\/fruitssp.com\/","logo":{"@type":"ImageObject","inLanguage":"es","@id":"https:\/\/fruitssp.com\/#\/schema\/logo\/image\/","url":"https:\/\/fruitssp.com\/wp-content\/uploads\/2022\/12\/logoFruits_472x406.png","contentUrl":"https:\/\/fruitssp.com\/wp-content\/uploads\/2022\/12\/logoFruits_472x406.png","width":472,"height":406,"caption":"Salses Fruits S&P"},"image":{"@id":"https:\/\/fruitssp.com\/#\/schema\/logo\/image\/"},"sameAs":["https:\/\/www.facebook.com\/Salses-Fruits-SP-1137777022906379\/","https:\/\/www.instagram.com\/salsesfruitssp\/","https:\/\/www.linkedin.com\/company\/salses-fruits-s-i-p-sl\/"]},{"@type":"Person","@id":"https:\/\/fruitssp.com\/#\/schema\/person\/74f4a70f480644ed06e5945c13b509c8","name":"fruitssp"}]}},"_links":{"self":[{"href":"https:\/\/fruitssp.com\/es\/wp-json\/wp\/v2\/posts\/11055","targetHints":{"allow":["GET"]}}],"collection":[{"href":"https:\/\/fruitssp.com\/es\/wp-json\/wp\/v2\/posts"}],"about":[{"href":"https:\/\/fruitssp.com\/es\/wp-json\/wp\/v2\/types\/post"}],"author":[{"embeddable":true,"href":"https:\/\/fruitssp.com\/es\/wp-json\/wp\/v2\/users\/1"}],"replies":[{"embeddable":true,"href":"https:\/\/fruitssp.com\/es\/wp-json\/wp\/v2\/comments?post=11055"}],"version-history":[{"count":0,"href":"https:\/\/fruitssp.com\/es\/wp-json\/wp\/v2\/posts\/11055\/revisions"}],"wp:featuredmedia":[{"embeddable":true,"href":"https:\/\/fruitssp.com\/es\/wp-json\/wp\/v2\/media\/7412"}],"wp:attachment":[{"href":"https:\/\/fruitssp.com\/es\/wp-json\/wp\/v2\/media?parent=11055"}],"wp:term":[{"taxonomy":"category","embeddable":true,"href":"https:\/\/fruitssp.com\/es\/wp-json\/wp\/v2\/categories?post=11055"},{"taxonomy":"post_tag","embeddable":true,"href":"https:\/\/fruitssp.com\/es\/wp-json\/wp\/v2\/tags?post=11055"}],"curies":[{"name":"wp","href":"https:\/\/api.w.org\/{rel}","templated":true}]}}