{"id":11074,"date":"2021-12-01T13:34:23","date_gmt":"2021-12-01T13:34:23","guid":{"rendered":"https:\/\/fruitssp.com\/?p=11074"},"modified":"2022-12-06T10:31:30","modified_gmt":"2022-12-06T10:31:30","slug":"salses-fruits-sp-i-castell-dor-patrocinadors-oficials-de-la-gran-festa-de-la-calcotada-2022","status":"publish","type":"post","link":"https:\/\/fruitssp.com\/es\/noticies\/salses-fruits-sp-i-castell-dor-patrocinadors-oficials-de-la-gran-festa-de-la-calcotada-2022\/","title":{"rendered":"Salsas Fruits S&amp;P y Castell d&#039;Or patrocinadores oficiales de la Gran Fiesta de la Cal\u00e7otada 2022"},"content":{"rendered":"<p><img loading=\"lazy\" decoding=\"async\" class=\"alignnone size-full wp-image-11076\" src=\"https:\/\/fruitssp.com\/wp-content\/uploads\/2021\/12\/presentacio-cartell-calc\u0327otada-20221-min.jpg\" alt=\"\" width=\"1200\" height=\"900\" srcset=\"https:\/\/fruitssp.com\/wp-content\/uploads\/2021\/12\/presentacio-cartell-calc\u0327otada-20221-min.jpg 1200w, https:\/\/fruitssp.com\/wp-content\/uploads\/2021\/12\/presentacio-cartell-calc\u0327otada-20221-min-300x225.jpg 300w, https:\/\/fruitssp.com\/wp-content\/uploads\/2021\/12\/presentacio-cartell-calc\u0327otada-20221-min-1024x768.jpg 1024w, https:\/\/fruitssp.com\/wp-content\/uploads\/2021\/12\/presentacio-cartell-calc\u0327otada-20221-min-16x12.jpg 16w, https:\/\/fruitssp.com\/wp-content\/uploads\/2021\/12\/presentacio-cartell-calc\u0327otada-20221-min-600x450.jpg 600w, https:\/\/fruitssp.com\/wp-content\/uploads\/2021\/12\/presentacio-cartell-calc\u0327otada-20221-min-768x576.jpg 768w, https:\/\/fruitssp.com\/wp-content\/uploads\/2021\/12\/presentacio-cartell-calc\u0327otada-20221-min-900x675.jpg 900w\" sizes=\"auto, (max-width: 1200px) 100vw, 1200px\" \/><\/p>\n<p>La edici\u00f3n de la <strong>Gran Fiesta de la Cal\u00e7otada de Valls 2022<\/strong> se celebrar\u00e1 una semana antes de lo habitual, el 23 de enero. Un a\u00f1o m\u00e1s, <strong>Salses Fruits S&amp;P<\/strong> sigue siendo el patrocinador oficial, y este a\u00f1o, comparte patrocinio con <strong>Castell d'Or<\/strong>. Dos empresas del territorio que apoyan la manifestaci\u00f3n gastron\u00f3mica m\u00e1s importante y popular de Catalu\u00f1a.<\/p>\n<p>La presentaci\u00f3n se hizo el pasado 30 de noviembre en la <strong>C\u00e1mara de Comercio de Valls<\/strong>. Tomaron parte el presidente y vicepresidente de la C\u00e1mara, Josep M.Rovira y Rafael Castells, respectivamente; el gerente de <strong>Salsas Fruits S&amp;P, Francesc Sans<\/strong>; y por parte de <strong>Castillo de Oro<\/strong> el director del grupo, Adri\u00e0 Rabad\u00e0, y el gerente de Castell d&#039;Or Jordi Amell.<\/p>\n<p>Rovira ha destacado que desde la C\u00e1mara de Comercio de Valls &quot;es una satisfacci\u00f3n inmensa de que dos empresas del territorio formen parte de la fiesta&quot;. El gerente de <strong>Salses Fruits S&amp;P<\/strong> ha asegurado que como empresa familiar hacen un gran esfuerzo para patrocinar la Fiesta de la Cal\u00e7otada pero consideran que deben estar: \u201c<strong>Creemos en el territorio y todo el jaleo positivo que comporta en la zona un acto de estas caracter\u00edsticas, y este a\u00f1o es un placer poder contar con Castell d&#039;Or. Esperamos poder hacerlo muchos a\u00f1os m\u00e1s<\/strong>\u201d, dice Sans. En cuanto a <strong>Castillo de Oro<\/strong>, el director del grupo ha puntualizado que est\u00e1n trabajando mucho para dar valor al territorio y tener presencia a nivel local y nacional, es por eso que \u201cqueremos ser los vinos y cavas de referencia de la cal\u00e7otada y es todo un orgullo poder serlo este a\u00f1o los patrocinadores, destaca Rabad\u00e1.<\/p>\n<p>&nbsp;<\/p>\n<div class=\"w-gallery cols_4 link_attachment\"><div class=\"w-gallery-list\"><a class=\"w-gallery-item order_1\" href=\"https:\/\/fruitssp.com\/es\/noticies\/salses-fruits-sp-i-castell-dor-patrocinadors-oficials-de-la-gran-festa-de-la-calcotada-2022\/attachment\/11294-cartell-calc%cc%a7otada22-min\/\" title=\"11294---CARTEL-CALZOTADA&#039;22-min\"><div class=\"w-gallery-item-img\"><img loading=\"lazy\" decoding=\"async\" width=\"600\" height=\"600\" src=\"https:\/\/fruitssp.com\/wp-content\/uploads\/2021\/12\/11294-CARTELL-CALC\u0327OTADA22-min-600x600.jpg\" class=\"attachment-us_600_600_crop size-us_600_600_crop\" alt=\"\" srcset=\"https:\/\/fruitssp.com\/wp-content\/uploads\/2021\/12\/11294-CARTELL-CALC\u0327OTADA22-min-600x600.jpg 600w, https:\/\/fruitssp.com\/wp-content\/uploads\/2021\/12\/11294-CARTELL-CALC\u0327OTADA22-min-150x150.jpg 150w, https:\/\/fruitssp.com\/wp-content\/uploads\/2021\/12\/11294-CARTELL-CALC\u0327OTADA22-min-350x350.jpg 350w\" sizes=\"auto, (max-width: 600px) 100vw, 600px\" \/><\/div><\/a><a class=\"w-gallery-item order_2\" href=\"https:\/\/fruitssp.com\/es\/noticies\/salses-fruits-sp-i-castell-dor-patrocinadors-oficials-de-la-gran-festa-de-la-calcotada-2022\/attachment\/presentacio-cartell-calc%cc%a7otada-20221-min\/\" title=\"presentacion-cartel-cal\u00e7otada-20221-min\"><div class=\"w-gallery-item-img\"><img loading=\"lazy\" decoding=\"async\" width=\"600\" height=\"600\" src=\"https:\/\/fruitssp.com\/wp-content\/uploads\/2021\/12\/presentacio-cartell-calc\u0327otada-20221-min-600x600.jpg\" class=\"attachment-us_600_600_crop size-us_600_600_crop\" alt=\"\" srcset=\"https:\/\/fruitssp.com\/wp-content\/uploads\/2021\/12\/presentacio-cartell-calc\u0327otada-20221-min-600x600.jpg 600w, https:\/\/fruitssp.com\/wp-content\/uploads\/2021\/12\/presentacio-cartell-calc\u0327otada-20221-min-150x150.jpg 150w, https:\/\/fruitssp.com\/wp-content\/uploads\/2021\/12\/presentacio-cartell-calc\u0327otada-20221-min-350x350.jpg 350w\" sizes=\"auto, (max-width: 600px) 100vw, 600px\" \/><\/div><\/a><a class=\"w-gallery-item order_3\" href=\"https:\/\/fruitssp.com\/es\/noticies\/salses-fruits-sp-i-castell-dor-patrocinadors-oficials-de-la-gran-festa-de-la-calcotada-2022\/attachment\/presentacio-cartell-calc%cc%a7otada-2022-2min\/\" title=\"presentacion-cartel-cal\u00e7otada-2022-2min\"><div class=\"w-gallery-item-img\"><img loading=\"lazy\" decoding=\"async\" width=\"600\" height=\"600\" src=\"https:\/\/fruitssp.com\/wp-content\/uploads\/2021\/12\/presentacio-cartell-calc\u0327otada-2022-2min-600x600.jpg\" class=\"attachment-us_600_600_crop size-us_600_600_crop\" alt=\"\" srcset=\"https:\/\/fruitssp.com\/wp-content\/uploads\/2021\/12\/presentacio-cartell-calc\u0327otada-2022-2min-600x600.jpg 600w, https:\/\/fruitssp.com\/wp-content\/uploads\/2021\/12\/presentacio-cartell-calc\u0327otada-2022-2min-150x150.jpg 150w, https:\/\/fruitssp.com\/wp-content\/uploads\/2021\/12\/presentacio-cartell-calc\u0327otada-2022-2min-350x350.jpg 350w\" sizes=\"auto, (max-width: 600px) 100vw, 600px\" \/><\/div><\/a><a class=\"w-gallery-item order_4\" href=\"https:\/\/fruitssp.com\/es\/noticies\/salses-fruits-sp-i-castell-dor-patrocinadors-oficials-de-la-gran-festa-de-la-calcotada-2022\/attachment\/presentacio-cartell-calc%cc%a7otada-2022-3min\/\" title=\"presentacion-cartel-cal\u00e7otada-2022-3min\"><div class=\"w-gallery-item-img\"><img loading=\"lazy\" decoding=\"async\" width=\"600\" height=\"600\" src=\"https:\/\/fruitssp.com\/wp-content\/uploads\/2021\/12\/presentacio-cartell-calc\u0327otada-2022-3min-600x600.jpg\" class=\"attachment-us_600_600_crop size-us_600_600_crop\" alt=\"\" srcset=\"https:\/\/fruitssp.com\/wp-content\/uploads\/2021\/12\/presentacio-cartell-calc\u0327otada-2022-3min-600x600.jpg 600w, https:\/\/fruitssp.com\/wp-content\/uploads\/2021\/12\/presentacio-cartell-calc\u0327otada-2022-3min-150x150.jpg 150w, https:\/\/fruitssp.com\/wp-content\/uploads\/2021\/12\/presentacio-cartell-calc\u0327otada-2022-3min-350x350.jpg 350w\" sizes=\"auto, (max-width: 600px) 100vw, 600px\" \/><\/div><\/a><\/div><\/div>\n<p>&nbsp;<\/p>\n<style>\n.w-blogpost-preview{background-image:none!important;background-color: transparent!important;}.w-blogpost{padding: 0!important;}.w-blogpost::after{background:none!important;}.w-blogpost h1{color: #29b28f!important;}.w-blogpost-meta *{color:#000000!important;}<\/style>\n<div style=\"display: none;\">\n<h2>Finaliza la 15\u00aa<\/h2>\n<h3>Finaliza la 15\u00aa<\/h3>\n<p>En primer lugar,. En primer lugar,. En primer lugar,. En primer lugar,. En primer lugar,. En primer lugar,. En primer lugar,. En primer lugar,. En primer lugar,. En primer lugar,. En primer lugar,. En primer lugar,. En primer lugar,. En primer lugar,. En primer lugar,. En primer lugar,. En primer lugar,. En primer lugar,. En primer lugar,. En primer lugar,. En primer lugar,. En primer lugar,. En primer lugar,. En primer lugar,. En primer lugar,. En primer lugar,. En primer lugar,. En primer lugar,. En primer lugar,. En primer lugar,. En primer lugar,. En primer lugar,. En primer lugar,. En primer lugar,. En primer lugar,. En primer lugar,. En primer lugar,. En primer lugar,. En primer lugar,. En primer lugar,.<\/p>\n<p>En primer lugar, oramos ipsum dolor sit amet, consectetur adipiscing \u00e9lite. In vestibulum pretium nisi vehicula congue. Curabitur lobortis tristique neque, quis puerta nisi tempus quis. Donec ultrices posuere \u00e9lite, sit amet tincidunt Orci consectetur quis. Mauris rhoncus tristique facil\u00edsimo. Por un lado, t congue v\u00e9lites velita, te faucibus l\u00edgulas volutpat te. A\u00fan as\u00ed, urabitur VENENATA ante quis elementum pellentesque. In a pretium sapien. Empiezan las cal\u00e7otades. Aliquam erat volutpat. Donec Viverra cursus Gravida. Fusce accumsan sed leo vitae tempus. Las picaduras m\u00e1s frescas <a href=\"https:\/\/tgd.cat\">TGDigital<\/a><a href=\"\/es\/\">frutos<\/a><\/p>\n<h3>Finaliza la 15\u00aa<\/h3>\n<p>Cabe decir que am CONVALLARIA libero non Turpin bibendum, vitae porttitor ex Orna. Por ejemplo, Raes consecuente Interdum ante, quis pellentesque sapien aliquet eu. Por un lado, ed commodo rhoncus magna velo aliquet. En tercer lugar, n hac habitasse platea dictumst. Phasellus ARCU leo, aliquet quis consecuente id, temporarias velo ARCU. Duis vulputate dign\u00edsimo placeres. Nulamente varices ARCU eu lorem rutrum scelerisque a vitae lectus. Sin ir m\u00e1s lejos, n vulputate at Turpin ac porttitor. Morbi aliquet bibendum odio, te rutrum tellus dapibus sit amet. Por \u00faltimo, Ruis sed m\u00ed quis ARCU.<\/p>\n<h3>cal\u00e7ots cocidos<\/h3>\n<p>Aunque no valencianos, ntegro sit amet placeres risus. A pesar de ello, ulla facil\u00edsimo. En segundo lugar, Oneca nec ipsum augue. Por otra parte, ivamus eros ex, ultrices mollis bibendum at, elementum sed lectus. Sin embargo, urabitur quis augue ac tellus tincidunt hendrerit. Donec erat purus, solicitud vitae v\u00e9lites vitae, feugiat dapibus diam. Cabe decir que Maecenas faucibus demasiado vitae erat elementum consectetur. Quisque finibus, purus velo Interdum vulputate, neque leo ultrices nisi, sed facil\u00edsimo nibh purus eget quam. Nunc nec libero eros. Las picaduras m\u00e1s frescas, por ejemplo. Sin ir m\u00e1s lejos, la picadura es buen\u00edsima. Nos encantar\u00eda que la orzata fuera probada por todos los comensales y, por supuesto, para todos los gourmands. Quisi\u00e9ramos, claro, hacerla conocida. Es por ello que la hacemos tan buena.<\/p>\n<h3>cal\u00e7ots cocidos<\/h3>\n<p>En primer lugar,. En primer lugar,. En primer lugar,. En primer lugar,. En primer lugar,. En primer lugar,. En primer lugar,. En primer lugar,. En primer lugar,. En primer lugar,. En primer lugar,. En primer lugar,. En primer lugar,. En primer lugar,. En primer lugar,. En primer lugar,. En primer lugar,. En primer lugar,. En primer lugar,. En primer lugar,. En primer lugar,. En primer lugar,.<\/p>\n<\/div>","protected":false},"excerpt":{"rendered":"<p>La edici\u00f3n de la Gran Fiesta de la Cal\u00e7otada de Valls 2022 se celebrar\u00e1 una semana antes de lo habitual, el 23 de enero. Un a\u00f1o m\u00e1s, Salses Fruits S&amp;P sigue siendo el patrocinador oficial, y este a\u00f1o, comparte patrocinio con Castell d&#039;Or. Dos empresas del territorio que apoyan la manifestaci\u00f3n gastron\u00f3mica m\u00e1s importante y\u2026<\/p>","protected":false},"author":1,"featured_media":11075,"comment_status":"closed","ping_status":"closed","sticky":false,"template":"","format":"standard","meta":{"inline_featured_image":false,"footnotes":""},"categories":[1],"tags":[],"class_list":["post-11074","post","type-post","status-publish","format-standard","has-post-thumbnail","hentry","category-noticies"],"yoast_head":"<!-- This site is optimized with the Yoast SEO plugin v26.7 - https:\/\/yoast.com\/wordpress\/plugins\/seo\/ -->\n<title>Salses Fruits S&amp;P i Castell d&#039;Or patrocinadors oficials de la Gran Festa de la Cal\u00e7otada 2022 - Salses Fruits<\/title>\n<meta name=\"robots\" content=\"index, follow, max-snippet:-1, max-image-preview:large, max-video-preview:-1\" \/>\n<link rel=\"canonical\" href=\"https:\/\/fruitssp.com\/es\/noticies\/salses-fruits-sp-i-castell-dor-patrocinadors-oficials-de-la-gran-festa-de-la-calcotada-2022\/\" \/>\n<meta property=\"og:locale\" content=\"es_ES\" \/>\n<meta property=\"og:type\" content=\"article\" \/>\n<meta property=\"og:title\" content=\"Salses Fruits S&amp;P i Castell d&#039;Or patrocinadors oficials de la Gran Festa de la Cal\u00e7otada 2022 - Salses Fruits\" \/>\n<meta property=\"og:description\" content=\"L&#8217;edici\u00f3 de la Gran Festa de la Cal\u00e7otada de Valls 2022 se celebrar\u00e0 una setmana abans de l&#8217;habitual, el 23 de gener. Un any m\u00e9s, Salses Fruits S&amp;P segueix sent el patrocinador oficial, i aquest any, comparteix patrocini amb Castell d&#8217;Or. Dues empreses del territori que donen suport a la manifestaci\u00f3 gastron\u00f2mica m\u00e9s important i...\" \/>\n<meta property=\"og:url\" content=\"https:\/\/fruitssp.com\/es\/noticies\/salses-fruits-sp-i-castell-dor-patrocinadors-oficials-de-la-gran-festa-de-la-calcotada-2022\/\" \/>\n<meta property=\"og:site_name\" content=\"Salses Fruits\" \/>\n<meta property=\"article:publisher\" content=\"https:\/\/www.facebook.com\/Salses-Fruits-SP-1137777022906379\/\" \/>\n<meta property=\"article:published_time\" content=\"2021-12-01T13:34:23+00:00\" \/>\n<meta property=\"article:modified_time\" content=\"2022-12-06T10:31:30+00:00\" \/>\n<meta property=\"og:image\" content=\"https:\/\/fruitssp.com\/wp-content\/uploads\/2021\/12\/11294-CARTELL-CALC\u0327OTADA22-min.jpg\" \/>\n\t<meta property=\"og:image:width\" content=\"1200\" \/>\n\t<meta property=\"og:image:height\" content=\"1697\" \/>\n\t<meta property=\"og:image:type\" content=\"image\/jpeg\" \/>\n<meta name=\"author\" content=\"fruitssp\" \/>\n<meta name=\"twitter:card\" content=\"summary_large_image\" \/>\n<meta name=\"twitter:label1\" content=\"Escrito por\" \/>\n\t<meta name=\"twitter:data1\" content=\"fruitssp\" \/>\n\t<meta name=\"twitter:label2\" content=\"Tiempo de lectura\" \/>\n\t<meta name=\"twitter:data2\" content=\"2 minutos\" \/>\n<!-- \/ Yoast SEO plugin. -->","yoast_head_json":{"title":"Salses Fruits S&P i Castell d'Or patrocinadors oficials de la Gran Festa de la Cal\u00e7otada 2022 - Salses Fruits","robots":{"index":"index","follow":"follow","max-snippet":"max-snippet:-1","max-image-preview":"max-image-preview:large","max-video-preview":"max-video-preview:-1"},"canonical":"https:\/\/fruitssp.com\/es\/noticies\/salses-fruits-sp-i-castell-dor-patrocinadors-oficials-de-la-gran-festa-de-la-calcotada-2022\/","og_locale":"es_ES","og_type":"article","og_title":"Salses Fruits S&P i Castell d'Or patrocinadors oficials de la Gran Festa de la Cal\u00e7otada 2022 - Salses Fruits","og_description":"L&#8217;edici\u00f3 de la Gran Festa de la Cal\u00e7otada de Valls 2022 se celebrar\u00e0 una setmana abans de l&#8217;habitual, el 23 de gener. Un any m\u00e9s, Salses Fruits S&amp;P segueix sent el patrocinador oficial, i aquest any, comparteix patrocini amb Castell d&#8217;Or. Dues empreses del territori que donen suport a la manifestaci\u00f3 gastron\u00f2mica m\u00e9s important i...","og_url":"https:\/\/fruitssp.com\/es\/noticies\/salses-fruits-sp-i-castell-dor-patrocinadors-oficials-de-la-gran-festa-de-la-calcotada-2022\/","og_site_name":"Salses Fruits","article_publisher":"https:\/\/www.facebook.com\/Salses-Fruits-SP-1137777022906379\/","article_published_time":"2021-12-01T13:34:23+00:00","article_modified_time":"2022-12-06T10:31:30+00:00","og_image":[{"width":1200,"height":1697,"url":"https:\/\/fruitssp.com\/wp-content\/uploads\/2021\/12\/11294-CARTELL-CALC\u0327OTADA22-min.jpg","type":"image\/jpeg"}],"author":"fruitssp","twitter_card":"summary_large_image","twitter_misc":{"Escrito por":"fruitssp","Tiempo de lectura":"2 minutos"},"schema":{"@context":"https:\/\/schema.org","@graph":[{"@type":"Article","@id":"https:\/\/fruitssp.com\/noticies\/salses-fruits-sp-i-castell-dor-patrocinadors-oficials-de-la-gran-festa-de-la-calcotada-2022\/#article","isPartOf":{"@id":"https:\/\/fruitssp.com\/noticies\/salses-fruits-sp-i-castell-dor-patrocinadors-oficials-de-la-gran-festa-de-la-calcotada-2022\/"},"author":{"name":"fruitssp","@id":"https:\/\/fruitssp.com\/#\/schema\/person\/74f4a70f480644ed06e5945c13b509c8"},"headline":"Salses Fruits S&#038;P i Castell d&#8217;Or patrocinadors oficials de la Gran Festa de la Cal\u00e7otada 2022","datePublished":"2021-12-01T13:34:23+00:00","dateModified":"2022-12-06T10:31:30+00:00","mainEntityOfPage":{"@id":"https:\/\/fruitssp.com\/noticies\/salses-fruits-sp-i-castell-dor-patrocinadors-oficials-de-la-gran-festa-de-la-calcotada-2022\/"},"wordCount":829,"publisher":{"@id":"https:\/\/fruitssp.com\/#organization"},"image":{"@id":"https:\/\/fruitssp.com\/noticies\/salses-fruits-sp-i-castell-dor-patrocinadors-oficials-de-la-gran-festa-de-la-calcotada-2022\/#primaryimage"},"thumbnailUrl":"https:\/\/fruitssp.com\/wp-content\/uploads\/2021\/12\/11294-CARTELL-CALC\u0327OTADA22-min.jpg","articleSection":["Noticies"],"inLanguage":"es"},{"@type":"WebPage","@id":"https:\/\/fruitssp.com\/noticies\/salses-fruits-sp-i-castell-dor-patrocinadors-oficials-de-la-gran-festa-de-la-calcotada-2022\/","url":"https:\/\/fruitssp.com\/noticies\/salses-fruits-sp-i-castell-dor-patrocinadors-oficials-de-la-gran-festa-de-la-calcotada-2022\/","name":"Salses Fruits S&P i Castell d'Or patrocinadors oficials de la Gran Festa de la Cal\u00e7otada 2022 - Salses Fruits","isPartOf":{"@id":"https:\/\/fruitssp.com\/#website"},"primaryImageOfPage":{"@id":"https:\/\/fruitssp.com\/noticies\/salses-fruits-sp-i-castell-dor-patrocinadors-oficials-de-la-gran-festa-de-la-calcotada-2022\/#primaryimage"},"image":{"@id":"https:\/\/fruitssp.com\/noticies\/salses-fruits-sp-i-castell-dor-patrocinadors-oficials-de-la-gran-festa-de-la-calcotada-2022\/#primaryimage"},"thumbnailUrl":"https:\/\/fruitssp.com\/wp-content\/uploads\/2021\/12\/11294-CARTELL-CALC\u0327OTADA22-min.jpg","datePublished":"2021-12-01T13:34:23+00:00","dateModified":"2022-12-06T10:31:30+00:00","breadcrumb":{"@id":"https:\/\/fruitssp.com\/noticies\/salses-fruits-sp-i-castell-dor-patrocinadors-oficials-de-la-gran-festa-de-la-calcotada-2022\/#breadcrumb"},"inLanguage":"es","potentialAction":[{"@type":"ReadAction","target":["https:\/\/fruitssp.com\/noticies\/salses-fruits-sp-i-castell-dor-patrocinadors-oficials-de-la-gran-festa-de-la-calcotada-2022\/"]}]},{"@type":"ImageObject","inLanguage":"es","@id":"https:\/\/fruitssp.com\/noticies\/salses-fruits-sp-i-castell-dor-patrocinadors-oficials-de-la-gran-festa-de-la-calcotada-2022\/#primaryimage","url":"https:\/\/fruitssp.com\/wp-content\/uploads\/2021\/12\/11294-CARTELL-CALC\u0327OTADA22-min.jpg","contentUrl":"https:\/\/fruitssp.com\/wp-content\/uploads\/2021\/12\/11294-CARTELL-CALC\u0327OTADA22-min.jpg","width":1200,"height":1697},{"@type":"BreadcrumbList","@id":"https:\/\/fruitssp.com\/noticies\/salses-fruits-sp-i-castell-dor-patrocinadors-oficials-de-la-gran-festa-de-la-calcotada-2022\/#breadcrumb","itemListElement":[{"@type":"ListItem","position":1,"name":"Inici","item":"https:\/\/fruitssp.com\/"},{"@type":"ListItem","position":2,"name":"Salses Fruits S&#038;P i Castell d&#8217;Or patrocinadors oficials de la Gran Festa de la Cal\u00e7otada 2022"}]},{"@type":"WebSite","@id":"https:\/\/fruitssp.com\/#website","url":"https:\/\/fruitssp.com\/","name":"FruitsSP","description":"Salsas y productos frescos y naturales, de la tierra del cal\u00e7ot","publisher":{"@id":"https:\/\/fruitssp.com\/#organization"},"potentialAction":[{"@type":"SearchAction","target":{"@type":"EntryPoint","urlTemplate":"https:\/\/fruitssp.com\/?s={search_term_string}"},"query-input":{"@type":"PropertyValueSpecification","valueRequired":true,"valueName":"search_term_string"}}],"inLanguage":"es"},{"@type":"Organization","@id":"https:\/\/fruitssp.com\/#organization","name":"Salsas Frutos S &amp; P","url":"https:\/\/fruitssp.com\/","logo":{"@type":"ImageObject","inLanguage":"es","@id":"https:\/\/fruitssp.com\/#\/schema\/logo\/image\/","url":"https:\/\/fruitssp.com\/wp-content\/uploads\/2022\/12\/logoFruits_472x406.png","contentUrl":"https:\/\/fruitssp.com\/wp-content\/uploads\/2022\/12\/logoFruits_472x406.png","width":472,"height":406,"caption":"Salses Fruits S&P"},"image":{"@id":"https:\/\/fruitssp.com\/#\/schema\/logo\/image\/"},"sameAs":["https:\/\/www.facebook.com\/Salses-Fruits-SP-1137777022906379\/","https:\/\/www.instagram.com\/salsesfruitssp\/","https:\/\/www.linkedin.com\/company\/salses-fruits-s-i-p-sl\/"]},{"@type":"Person","@id":"https:\/\/fruitssp.com\/#\/schema\/person\/74f4a70f480644ed06e5945c13b509c8","name":"fruitssp"}]}},"_links":{"self":[{"href":"https:\/\/fruitssp.com\/es\/wp-json\/wp\/v2\/posts\/11074","targetHints":{"allow":["GET"]}}],"collection":[{"href":"https:\/\/fruitssp.com\/es\/wp-json\/wp\/v2\/posts"}],"about":[{"href":"https:\/\/fruitssp.com\/es\/wp-json\/wp\/v2\/types\/post"}],"author":[{"embeddable":true,"href":"https:\/\/fruitssp.com\/es\/wp-json\/wp\/v2\/users\/1"}],"replies":[{"embeddable":true,"href":"https:\/\/fruitssp.com\/es\/wp-json\/wp\/v2\/comments?post=11074"}],"version-history":[{"count":0,"href":"https:\/\/fruitssp.com\/es\/wp-json\/wp\/v2\/posts\/11074\/revisions"}],"wp:featuredmedia":[{"embeddable":true,"href":"https:\/\/fruitssp.com\/es\/wp-json\/wp\/v2\/media\/11075"}],"wp:attachment":[{"href":"https:\/\/fruitssp.com\/es\/wp-json\/wp\/v2\/media?parent=11074"}],"wp:term":[{"taxonomy":"category","embeddable":true,"href":"https:\/\/fruitssp.com\/es\/wp-json\/wp\/v2\/categories?post=11074"},{"taxonomy":"post_tag","embeddable":true,"href":"https:\/\/fruitssp.com\/es\/wp-json\/wp\/v2\/tags?post=11074"}],"curies":[{"name":"wp","href":"https:\/\/api.w.org\/{rel}","templated":true}]}}