{"id":11132,"date":"2021-12-16T15:58:51","date_gmt":"2021-12-16T15:58:51","guid":{"rendered":"https:\/\/fruitssp.com\/?p=11132"},"modified":"2021-12-16T16:07:59","modified_gmt":"2021-12-16T16:07:59","slug":"per-nadal-comprem-i-cuinem-amb-consciencia","status":"publish","type":"post","link":"https:\/\/fruitssp.com\/es\/noticies\/per-nadal-comprem-i-cuinem-amb-consciencia\/","title":{"rendered":"En Navidad compramos y cocinamos con conciencia"},"content":{"rendered":"<p><img loading=\"lazy\" decoding=\"async\" class=\"alignnone size-full wp-image-7047\" src=\"https:\/\/fruitssp.com\/wp-content\/uploads\/2018\/12\/fruits-slider-007.jpg\" alt=\"fruits slider\" width=\"1920\" height=\"1080\" srcset=\"https:\/\/fruitssp.com\/wp-content\/uploads\/2018\/12\/fruits-slider-007.jpg 1920w, https:\/\/fruitssp.com\/wp-content\/uploads\/2018\/12\/fruits-slider-007-300x169.jpg 300w, https:\/\/fruitssp.com\/wp-content\/uploads\/2018\/12\/fruits-slider-007-900x506.jpg 900w, https:\/\/fruitssp.com\/wp-content\/uploads\/2018\/12\/fruits-slider-007-1024x576.jpg 1024w, https:\/\/fruitssp.com\/wp-content\/uploads\/2018\/12\/fruits-slider-007-600x338.jpg 600w, https:\/\/fruitssp.com\/wp-content\/uploads\/2018\/12\/fruits-slider-007-768x432.jpg 768w, https:\/\/fruitssp.com\/wp-content\/uploads\/2018\/12\/fruits-slider-007-18x10.jpg 18w\" sizes=\"auto, (max-width: 1920px) 100vw, 1920px\" \/><\/p>\n<p>&nbsp;<\/p>\n<p><strong>Se trata de una \u00e9poca del a\u00f1o donde el consumo alimentario es muy superior al habitual y, por tanto, debemos intentar ser el m\u00e1ximo de responsables, sostenibles y respetuosos con el medio ambiente, apostando por productos ecol\u00f3gicos, de temporada y km 0.<\/strong><\/p>\n<p><strong>Navidad es sin\u00f3nimo de tradiciones, gastronom\u00eda y familia.<\/strong> Pero tambi\u00e9n es \u00e9poca de excesos, consumo desmedido y desperdicio alimentario. Es un buen momento para <strong>tomar conciencia de todo lo que compramos y consumimos durante las comidas navide\u00f1as<\/strong>. Es importante planificar los men\u00fas, elegir productos naturales, ecol\u00f3gicos y de proximidad. De esta forma conseguiremos ser m\u00e1s responsables con el entorno, en fomentar la agricultura local y en <strong>reducir el desperdicio alimentario<\/strong>, adem\u00e1s de disminuir nuestro gasto econ\u00f3mico.<\/p>\n<p><strong>Los productos de proximidad son m\u00e1s sostenibles<\/strong>.<\/p>\n<p>Comprar productos del territorio ayuda a reforzar la econom\u00eda de la gente que nos envuelve. Adem\u00e1s, <strong>la proximidad va ligada a la temporada<\/strong> y es que los productos estar\u00e1n en su momento id\u00f3neo de consumo, siendo frescos y sabrosos, ya mejor precio, puesto que no necesita tantos intermediarios para llegar a los comercios. Tambi\u00e9n es una buena opci\u00f3n comprar estos productos a peque\u00f1os productores o incluso cultivar los que m\u00e1s consumimos en nuestro propio huerto.<\/p>\n<p>Hay que tener presente que el consumo y la producci\u00f3n responsable es uno de los <strong>Objetivos de Desarrollo Sostenible de la Agenda 2030 de las Naciones Unidas<\/strong>. El ODS 12 prev\u00e9 el consumo y la producci\u00f3n sostenibles, que hace un uso eficiente de los recursos, reduce la generaci\u00f3n de residuos alimenticios, eliminando de forma segura los residuos t\u00f3xicos y contaminantes. Seg\u00fan datos de Naciones Unidas, cerca de la tercera parte de los alimentos que se producen terminan pudri\u00e9ndose. Adem\u00e1s, m\u00e1s de mil millones de personas viven sin acceso al agua dulce. Estos datos han llevado a la organizaci\u00f3n a declarar que una de las principales causas que contin\u00fae deterior\u00e1ndose el medio ambiente son las modalidades insostenibles de consumo y producci\u00f3n. Debemos modificar nuestros h\u00e1bitos, tanto en la producci\u00f3n como en el consumo.<\/p>\n<p>\u00a1Felices fiestas, llenas de salud y buenos alimentos!<\/p>\n<p>&nbsp;<\/p>\n<style>\n.w-blogpost-preview{background-image:none!important;background-color: transparent!important;}.w-blogpost{padding: 0!important;}.w-blogpost::after{background:none!important;}.w-blogpost h1{color: #29b28f!important;}.w-blogpost-meta *{color:#000000!important;}<\/style>\n<div style=\"display: none;\">\n<h2>Finaliza la 15\u00aa<\/h2>\n<h3>Finaliza la 15\u00aa<\/h3>\n<p>En primer lugar,. En primer lugar,. En primer lugar,. En primer lugar,. En primer lugar,. En primer lugar,. En primer lugar,. En primer lugar,. En primer lugar,. En primer lugar,. En primer lugar,. En primer lugar,. En primer lugar,. En primer lugar,. En primer lugar,. En primer lugar,. En primer lugar,. En primer lugar,. En primer lugar,. En primer lugar,. En primer lugar,. En primer lugar,. En primer lugar,. En primer lugar,. En primer lugar,. En primer lugar,. En primer lugar,. En primer lugar,. En primer lugar,. En primer lugar,. En primer lugar,. En primer lugar,. En primer lugar,. En primer lugar,. En primer lugar,. En primer lugar,. En primer lugar,. En primer lugar,. En primer lugar,. En primer lugar,.<\/p>\n<p>En primer lugar, oramos ipsum dolor sit amet, consectetur adipiscing \u00e9lite. In vestibulum pretium nisi vehicula congue. Curabitur lobortis tristique neque, quis puerta nisi tempus quis. Donec ultrices posuere \u00e9lite, sit amet tincidunt Orci consectetur quis. Mauris rhoncus tristique facil\u00edsimo. Por un lado, t congue v\u00e9lites velita, te faucibus l\u00edgulas volutpat te. A\u00fan as\u00ed, urabitur VENENATA ante quis elementum pellentesque. In a pretium sapien. Empiezan las cal\u00e7otades. Aliquam erat volutpat. Donec Viverra cursus Gravida. Fusce accumsan sed leo vitae tempus. Las picaduras m\u00e1s frescas <a href=\"https:\/\/tgd.cat\">TGDigital<\/a><a href=\"\/es\/\">frutos<\/a><\/p>\n<h3>Finaliza la 15\u00aa<\/h3>\n<p>Cabe decir que am CONVALLARIA libero non Turpin bibendum, vitae porttitor ex Orna. Por ejemplo, Raes consecuente Interdum ante, quis pellentesque sapien aliquet eu. Por un lado, ed commodo rhoncus magna velo aliquet. En tercer lugar, n hac habitasse platea dictumst. Phasellus ARCU leo, aliquet quis consecuente id, temporarias velo ARCU. Duis vulputate dign\u00edsimo placeres. Nulamente varices ARCU eu lorem rutrum scelerisque a vitae lectus. Sin ir m\u00e1s lejos, n vulputate at Turpin ac porttitor. Morbi aliquet bibendum odio, te rutrum tellus dapibus sit amet. Por \u00faltimo, Ruis sed m\u00ed quis ARCU.<\/p>\n<h3>cal\u00e7ots cocidos<\/h3>\n<p>Aunque no valencianos, ntegro sit amet placeres risus. A pesar de ello, ulla facil\u00edsimo. En segundo lugar, Oneca nec ipsum augue. Por otra parte, ivamus eros ex, ultrices mollis bibendum at, elementum sed lectus. Sin embargo, urabitur quis augue ac tellus tincidunt hendrerit. Donec erat purus, solicitud vitae v\u00e9lites vitae, feugiat dapibus diam. Cabe decir que Maecenas faucibus demasiado vitae erat elementum consectetur. Quisque finibus, purus velo Interdum vulputate, neque leo ultrices nisi, sed facil\u00edsimo nibh purus eget quam. Nunc nec libero eros. Las picaduras m\u00e1s frescas, por ejemplo. Sin ir m\u00e1s lejos, la picadura es buen\u00edsima. Nos encantar\u00eda que la orzata fuera probada por todos los comensales y, por supuesto, para todos los gourmands. Quisi\u00e9ramos, claro, hacerla conocida. Es por ello que la hacemos tan buena.<\/p>\n<h3>cal\u00e7ots cocidos<\/h3>\n<p>En primer lugar,. En primer lugar,. En primer lugar,. En primer lugar,. En primer lugar,. En primer lugar,. En primer lugar,. En primer lugar,. En primer lugar,. En primer lugar,. En primer lugar,. En primer lugar,. En primer lugar,. En primer lugar,. En primer lugar,. En primer lugar,. En primer lugar,. En primer lugar,. En primer lugar,. En primer lugar,. En primer lugar,. En primer lugar,.<\/p>\n<\/div>","protected":false},"excerpt":{"rendered":"<p>&nbsp; Se trata de una \u00e9poca del a\u00f1o donde el consumo alimentario es muy superior al habitual y, por tanto, debemos intentar ser el m\u00e1ximo de responsables, sostenibles y respetuosos con el medio ambiente, apostando por productos ecol\u00f3gicos, de temporada y km 0. Navidad es sin\u00f3nimo de tradiciones, gastronom\u00eda y familia. Pero tambi\u00e9n es \u00e9poca de excesos,\u2026<\/p>","protected":false},"author":1,"featured_media":7047,"comment_status":"closed","ping_status":"closed","sticky":false,"template":"","format":"standard","meta":{"inline_featured_image":false,"footnotes":""},"categories":[1],"tags":[],"class_list":["post-11132","post","type-post","status-publish","format-standard","has-post-thumbnail","hentry","category-noticies"],"yoast_head":"<!-- This site is optimized with the Yoast SEO plugin v26.7 - https:\/\/yoast.com\/wordpress\/plugins\/seo\/ -->\n<title>Per Nadal comprem i cuinem amb consci\u00e8ncia - Salses Fruits<\/title>\n<meta name=\"robots\" content=\"index, follow, max-snippet:-1, max-image-preview:large, max-video-preview:-1\" \/>\n<link rel=\"canonical\" href=\"https:\/\/fruitssp.com\/es\/noticies\/per-nadal-comprem-i-cuinem-amb-consciencia\/\" \/>\n<meta property=\"og:locale\" content=\"es_ES\" \/>\n<meta property=\"og:type\" content=\"article\" \/>\n<meta property=\"og:title\" content=\"Per Nadal comprem i cuinem amb consci\u00e8ncia - Salses Fruits\" \/>\n<meta property=\"og:description\" content=\"&nbsp; Es tracta d&#8217;una \u00e8poca de l&#8217;any on el consum alimentari \u00e9s molt superior a l&#8217;habitual i, per tant, hem d&#8217;intentar ser el m\u00e0xim de responsables, sostenibles i respectuosos amb el medi ambient, apostant per productes ecol\u00f2gics, de temporada i km 0. Nadal \u00e9s sin\u00f2nim de tradicions, gastronomia i fam\u00edlia. Per\u00f2 tamb\u00e9 \u00e9s \u00e8poca d&#8217;excessos,...\" \/>\n<meta property=\"og:url\" content=\"https:\/\/fruitssp.com\/es\/noticies\/per-nadal-comprem-i-cuinem-amb-consciencia\/\" \/>\n<meta property=\"og:site_name\" content=\"Salses Fruits\" \/>\n<meta property=\"article:publisher\" content=\"https:\/\/www.facebook.com\/Salses-Fruits-SP-1137777022906379\/\" \/>\n<meta property=\"article:published_time\" content=\"2021-12-16T15:58:51+00:00\" \/>\n<meta property=\"article:modified_time\" content=\"2021-12-16T16:07:59+00:00\" \/>\n<meta property=\"og:image\" content=\"https:\/\/fruitssp.com\/wp-content\/uploads\/2018\/12\/fruits-slider-007.jpg\" \/>\n\t<meta property=\"og:image:width\" content=\"1920\" \/>\n\t<meta property=\"og:image:height\" content=\"1080\" \/>\n\t<meta property=\"og:image:type\" content=\"image\/jpeg\" \/>\n<meta name=\"author\" content=\"fruitssp\" \/>\n<meta name=\"twitter:card\" content=\"summary_large_image\" \/>\n<meta name=\"twitter:label1\" content=\"Escrito por\" \/>\n\t<meta name=\"twitter:data1\" content=\"fruitssp\" \/>\n\t<meta name=\"twitter:label2\" content=\"Tiempo de lectura\" \/>\n\t<meta name=\"twitter:data2\" content=\"4 minutos\" \/>\n<!-- \/ Yoast SEO plugin. -->","yoast_head_json":{"title":"Per Nadal comprem i cuinem amb consci\u00e8ncia - Salses Fruits","robots":{"index":"index","follow":"follow","max-snippet":"max-snippet:-1","max-image-preview":"max-image-preview:large","max-video-preview":"max-video-preview:-1"},"canonical":"https:\/\/fruitssp.com\/es\/noticies\/per-nadal-comprem-i-cuinem-amb-consciencia\/","og_locale":"es_ES","og_type":"article","og_title":"Per Nadal comprem i cuinem amb consci\u00e8ncia - Salses Fruits","og_description":"&nbsp; Es tracta d&#8217;una \u00e8poca de l&#8217;any on el consum alimentari \u00e9s molt superior a l&#8217;habitual i, per tant, hem d&#8217;intentar ser el m\u00e0xim de responsables, sostenibles i respectuosos amb el medi ambient, apostant per productes ecol\u00f2gics, de temporada i km 0. Nadal \u00e9s sin\u00f2nim de tradicions, gastronomia i fam\u00edlia. Per\u00f2 tamb\u00e9 \u00e9s \u00e8poca d&#8217;excessos,...","og_url":"https:\/\/fruitssp.com\/es\/noticies\/per-nadal-comprem-i-cuinem-amb-consciencia\/","og_site_name":"Salses Fruits","article_publisher":"https:\/\/www.facebook.com\/Salses-Fruits-SP-1137777022906379\/","article_published_time":"2021-12-16T15:58:51+00:00","article_modified_time":"2021-12-16T16:07:59+00:00","og_image":[{"width":1920,"height":1080,"url":"https:\/\/fruitssp.com\/wp-content\/uploads\/2018\/12\/fruits-slider-007.jpg","type":"image\/jpeg"}],"author":"fruitssp","twitter_card":"summary_large_image","twitter_misc":{"Escrito por":"fruitssp","Tiempo de lectura":"4 minutos"},"schema":{"@context":"https:\/\/schema.org","@graph":[{"@type":"Article","@id":"https:\/\/fruitssp.com\/noticies\/per-nadal-comprem-i-cuinem-amb-consciencia\/#article","isPartOf":{"@id":"https:\/\/fruitssp.com\/noticies\/per-nadal-comprem-i-cuinem-amb-consciencia\/"},"author":{"name":"fruitssp","@id":"https:\/\/fruitssp.com\/#\/schema\/person\/74f4a70f480644ed06e5945c13b509c8"},"headline":"Per Nadal comprem i cuinem amb consci\u00e8ncia","datePublished":"2021-12-16T15:58:51+00:00","dateModified":"2021-12-16T16:07:59+00:00","mainEntityOfPage":{"@id":"https:\/\/fruitssp.com\/noticies\/per-nadal-comprem-i-cuinem-amb-consciencia\/"},"wordCount":882,"publisher":{"@id":"https:\/\/fruitssp.com\/#organization"},"image":{"@id":"https:\/\/fruitssp.com\/noticies\/per-nadal-comprem-i-cuinem-amb-consciencia\/#primaryimage"},"thumbnailUrl":"https:\/\/fruitssp.com\/wp-content\/uploads\/2018\/12\/fruits-slider-007.jpg","articleSection":["Noticies"],"inLanguage":"es"},{"@type":"WebPage","@id":"https:\/\/fruitssp.com\/noticies\/per-nadal-comprem-i-cuinem-amb-consciencia\/","url":"https:\/\/fruitssp.com\/noticies\/per-nadal-comprem-i-cuinem-amb-consciencia\/","name":"Per Nadal comprem i cuinem amb consci\u00e8ncia - Salses Fruits","isPartOf":{"@id":"https:\/\/fruitssp.com\/#website"},"primaryImageOfPage":{"@id":"https:\/\/fruitssp.com\/noticies\/per-nadal-comprem-i-cuinem-amb-consciencia\/#primaryimage"},"image":{"@id":"https:\/\/fruitssp.com\/noticies\/per-nadal-comprem-i-cuinem-amb-consciencia\/#primaryimage"},"thumbnailUrl":"https:\/\/fruitssp.com\/wp-content\/uploads\/2018\/12\/fruits-slider-007.jpg","datePublished":"2021-12-16T15:58:51+00:00","dateModified":"2021-12-16T16:07:59+00:00","breadcrumb":{"@id":"https:\/\/fruitssp.com\/noticies\/per-nadal-comprem-i-cuinem-amb-consciencia\/#breadcrumb"},"inLanguage":"es","potentialAction":[{"@type":"ReadAction","target":["https:\/\/fruitssp.com\/noticies\/per-nadal-comprem-i-cuinem-amb-consciencia\/"]}]},{"@type":"ImageObject","inLanguage":"es","@id":"https:\/\/fruitssp.com\/noticies\/per-nadal-comprem-i-cuinem-amb-consciencia\/#primaryimage","url":"https:\/\/fruitssp.com\/wp-content\/uploads\/2018\/12\/fruits-slider-007.jpg","contentUrl":"https:\/\/fruitssp.com\/wp-content\/uploads\/2018\/12\/fruits-slider-007.jpg","width":1920,"height":1080,"caption":"fruits slider"},{"@type":"BreadcrumbList","@id":"https:\/\/fruitssp.com\/noticies\/per-nadal-comprem-i-cuinem-amb-consciencia\/#breadcrumb","itemListElement":[{"@type":"ListItem","position":1,"name":"Inici","item":"https:\/\/fruitssp.com\/"},{"@type":"ListItem","position":2,"name":"Per Nadal comprem i cuinem amb consci\u00e8ncia"}]},{"@type":"WebSite","@id":"https:\/\/fruitssp.com\/#website","url":"https:\/\/fruitssp.com\/","name":"FruitsSP","description":"Salsas y productos frescos y naturales, de la tierra del cal\u00e7ot","publisher":{"@id":"https:\/\/fruitssp.com\/#organization"},"potentialAction":[{"@type":"SearchAction","target":{"@type":"EntryPoint","urlTemplate":"https:\/\/fruitssp.com\/?s={search_term_string}"},"query-input":{"@type":"PropertyValueSpecification","valueRequired":true,"valueName":"search_term_string"}}],"inLanguage":"es"},{"@type":"Organization","@id":"https:\/\/fruitssp.com\/#organization","name":"Salsas Frutos S &amp; P","url":"https:\/\/fruitssp.com\/","logo":{"@type":"ImageObject","inLanguage":"es","@id":"https:\/\/fruitssp.com\/#\/schema\/logo\/image\/","url":"https:\/\/fruitssp.com\/wp-content\/uploads\/2022\/12\/logoFruits_472x406.png","contentUrl":"https:\/\/fruitssp.com\/wp-content\/uploads\/2022\/12\/logoFruits_472x406.png","width":472,"height":406,"caption":"Salses Fruits S&P"},"image":{"@id":"https:\/\/fruitssp.com\/#\/schema\/logo\/image\/"},"sameAs":["https:\/\/www.facebook.com\/Salses-Fruits-SP-1137777022906379\/","https:\/\/www.instagram.com\/salsesfruitssp\/","https:\/\/www.linkedin.com\/company\/salses-fruits-s-i-p-sl\/"]},{"@type":"Person","@id":"https:\/\/fruitssp.com\/#\/schema\/person\/74f4a70f480644ed06e5945c13b509c8","name":"fruitssp"}]}},"_links":{"self":[{"href":"https:\/\/fruitssp.com\/es\/wp-json\/wp\/v2\/posts\/11132","targetHints":{"allow":["GET"]}}],"collection":[{"href":"https:\/\/fruitssp.com\/es\/wp-json\/wp\/v2\/posts"}],"about":[{"href":"https:\/\/fruitssp.com\/es\/wp-json\/wp\/v2\/types\/post"}],"author":[{"embeddable":true,"href":"https:\/\/fruitssp.com\/es\/wp-json\/wp\/v2\/users\/1"}],"replies":[{"embeddable":true,"href":"https:\/\/fruitssp.com\/es\/wp-json\/wp\/v2\/comments?post=11132"}],"version-history":[{"count":0,"href":"https:\/\/fruitssp.com\/es\/wp-json\/wp\/v2\/posts\/11132\/revisions"}],"wp:featuredmedia":[{"embeddable":true,"href":"https:\/\/fruitssp.com\/es\/wp-json\/wp\/v2\/media\/7047"}],"wp:attachment":[{"href":"https:\/\/fruitssp.com\/es\/wp-json\/wp\/v2\/media?parent=11132"}],"wp:term":[{"taxonomy":"category","embeddable":true,"href":"https:\/\/fruitssp.com\/es\/wp-json\/wp\/v2\/categories?post=11132"},{"taxonomy":"post_tag","embeddable":true,"href":"https:\/\/fruitssp.com\/es\/wp-json\/wp\/v2\/tags?post=11132"}],"curies":[{"name":"wp","href":"https:\/\/api.w.org\/{rel}","templated":true}]}}