{"id":11140,"date":"2021-12-20T11:31:42","date_gmt":"2021-12-20T11:31:42","guid":{"rendered":"https:\/\/fruitssp.com\/?p=11140"},"modified":"2021-12-20T14:22:27","modified_gmt":"2021-12-20T14:22:27","slug":"recaptacio-de-12-20120e-gracies-a-la-16-edicio-de-pedala-per-la-marato-de-tv3","status":"publish","type":"post","link":"https:\/\/fruitssp.com\/es\/noticies\/recaptacio-de-12-20120e-gracies-a-la-16-edicio-de-pedala-per-la-marato-de-tv3\/","title":{"rendered":"Recaudaci\u00f3n de 12.201,20\u20ac gracias a la 16 edici\u00f3n de \u201cPedala por la Marat\u00f3 de TV3\u201d"},"content":{"rendered":"<p><img loading=\"lazy\" decoding=\"async\" class=\"size-full wp-image-11141 aligncenter\" src=\"https:\/\/fruitssp.com\/wp-content\/uploads\/2021\/12\/pedala-per-la-marato-cabra-2021-3.jpeg\" alt=\"\" width=\"960\" height=\"720\" srcset=\"https:\/\/fruitssp.com\/wp-content\/uploads\/2021\/12\/pedala-per-la-marato-cabra-2021-3.jpeg 960w, https:\/\/fruitssp.com\/wp-content\/uploads\/2021\/12\/pedala-per-la-marato-cabra-2021-3-300x225.jpeg 300w, https:\/\/fruitssp.com\/wp-content\/uploads\/2021\/12\/pedala-per-la-marato-cabra-2021-3-16x12.jpeg 16w, https:\/\/fruitssp.com\/wp-content\/uploads\/2021\/12\/pedala-per-la-marato-cabra-2021-3-600x450.jpeg 600w, https:\/\/fruitssp.com\/wp-content\/uploads\/2021\/12\/pedala-per-la-marato-cabra-2021-3-768x576.jpeg 768w, https:\/\/fruitssp.com\/wp-content\/uploads\/2021\/12\/pedala-per-la-marato-cabra-2021-3-900x675.jpeg 900w\" sizes=\"auto, (max-width: 960px) 100vw, 960px\" \/><\/p>\n<p>&nbsp;<\/p>\n<p><strong>M\u00e1s de 800 personas, entre participantes y voluntarios hicieron posible el pasado domingo 19 de diciembre, la 16\u00aa CARRERA DE BTT \u201cPEDALA POR LA MARAT\u00d3N DE TV3\u201d-MEMORIAL XAVI TONDO Y VOLPINI.<\/strong><\/p>\n<p>En esta edici\u00f3n de 2021 se pudo volver al formato presencial. M\u00e1s de <strong>600 participantes<\/strong> de todas las edades, participaron y disfrutaron de una gran jornada solidaria que logr\u00f3 recaudar <strong>12.201,20\u20ac<\/strong>. La totalidad de este importe est\u00e1 destinado a la <strong>Marat\u00f3 de TV3<\/strong>, que en esta edici\u00f3n de 2021 estaba orientada en las enfermedades mentales.<\/p>\n<p>Salsas Fruits S&amp;P, patrocinador oficial, reparti\u00f3 un total de <strong>33 premios<\/strong>, seg\u00fan las diferentes categor\u00edas y distancias; 24Km y 35Km.<\/p>\n<p>La organizaci\u00f3n quiere agradecer la participaci\u00f3n de todos, y los donativos en la Marat\u00f3n de TV3, y emplaza por el pr\u00f3ximo diciembre de 2022 a la 17\u00aa edici\u00f3n de la marcha en BTT \u201cPEDALA POR EL MARAT\u00d3N DE TV3\u201d \u2013 Memorial Xavi Tondo y Volpini .<\/p>\n<div class=\"w-gallery type_masonry cols_3 with_indents style_simple link_none\">\n<div class=\"w-gallery-list\">\n<div class=\"w-gallery-item order_1\"><\/div>\n<\/div>\n<\/div>\n<div class=\"w-gallery cols_4 link_attachment\"><div class=\"w-gallery-list\"><a class=\"w-gallery-item order_1\" href=\"https:\/\/fruitssp.com\/es\/noticies\/recaptacio-de-12-20120e-gracies-a-la-16-edicio-de-pedala-per-la-marato-de-tv3\/attachment\/img_2558\/\" title=\"IMG_2558\"><div class=\"w-gallery-item-img\"><img loading=\"lazy\" decoding=\"async\" width=\"1200\" height=\"900\" src=\"https:\/\/fruitssp.com\/wp-content\/uploads\/2021\/12\/IMG_2558.jpg\" class=\"attachment-default size-default\" alt=\"\" srcset=\"https:\/\/fruitssp.com\/wp-content\/uploads\/2021\/12\/IMG_2558.jpg 1200w, https:\/\/fruitssp.com\/wp-content\/uploads\/2021\/12\/IMG_2558-300x225.jpg 300w, https:\/\/fruitssp.com\/wp-content\/uploads\/2021\/12\/IMG_2558-1024x768.jpg 1024w, https:\/\/fruitssp.com\/wp-content\/uploads\/2021\/12\/IMG_2558-16x12.jpg 16w, https:\/\/fruitssp.com\/wp-content\/uploads\/2021\/12\/IMG_2558-600x450.jpg 600w, https:\/\/fruitssp.com\/wp-content\/uploads\/2021\/12\/IMG_2558-768x576.jpg 768w, https:\/\/fruitssp.com\/wp-content\/uploads\/2021\/12\/IMG_2558-900x675.jpg 900w\" sizes=\"auto, (max-width: 1200px) 100vw, 1200px\" \/><\/div><\/a><a class=\"w-gallery-item order_2\" href=\"https:\/\/fruitssp.com\/es\/noticies\/recaptacio-de-12-20120e-gracies-a-la-16-edicio-de-pedala-per-la-marato-de-tv3\/attachment\/pedala-per-la-marato-cabra-2021-4\/\" title=\"pedaleo para la marato cabra 2021-4\"><div class=\"w-gallery-item-img\"><img loading=\"lazy\" decoding=\"async\" width=\"960\" height=\"720\" src=\"https:\/\/fruitssp.com\/wp-content\/uploads\/2021\/12\/pedala-per-la-marato-cabra-2021-4.jpeg\" class=\"attachment-default size-default\" alt=\"\" srcset=\"https:\/\/fruitssp.com\/wp-content\/uploads\/2021\/12\/pedala-per-la-marato-cabra-2021-4.jpeg 960w, https:\/\/fruitssp.com\/wp-content\/uploads\/2021\/12\/pedala-per-la-marato-cabra-2021-4-300x225.jpeg 300w, https:\/\/fruitssp.com\/wp-content\/uploads\/2021\/12\/pedala-per-la-marato-cabra-2021-4-16x12.jpeg 16w, https:\/\/fruitssp.com\/wp-content\/uploads\/2021\/12\/pedala-per-la-marato-cabra-2021-4-600x450.jpeg 600w, https:\/\/fruitssp.com\/wp-content\/uploads\/2021\/12\/pedala-per-la-marato-cabra-2021-4-768x576.jpeg 768w, https:\/\/fruitssp.com\/wp-content\/uploads\/2021\/12\/pedala-per-la-marato-cabra-2021-4-900x675.jpeg 900w\" sizes=\"auto, (max-width: 960px) 100vw, 960px\" \/><\/div><\/a><a class=\"w-gallery-item order_3\" href=\"https:\/\/fruitssp.com\/es\/noticies\/recaptacio-de-12-20120e-gracies-a-la-16-edicio-de-pedala-per-la-marato-de-tv3\/attachment\/pedala-per-la-marato-cabra-2021-1\/\" title=\"pedaleo por la marato cabra 2021-1\"><div class=\"w-gallery-item-img\"><img loading=\"lazy\" decoding=\"async\" width=\"720\" height=\"960\" src=\"https:\/\/fruitssp.com\/wp-content\/uploads\/2021\/12\/pedala-per-la-marato-cabra-2021-1.jpeg\" class=\"attachment-default size-default\" alt=\"\" srcset=\"https:\/\/fruitssp.com\/wp-content\/uploads\/2021\/12\/pedala-per-la-marato-cabra-2021-1.jpeg 720w, https:\/\/fruitssp.com\/wp-content\/uploads\/2021\/12\/pedala-per-la-marato-cabra-2021-1-225x300.jpeg 225w, https:\/\/fruitssp.com\/wp-content\/uploads\/2021\/12\/pedala-per-la-marato-cabra-2021-1-9x12.jpeg 9w, https:\/\/fruitssp.com\/wp-content\/uploads\/2021\/12\/pedala-per-la-marato-cabra-2021-1-600x800.jpeg 600w, https:\/\/fruitssp.com\/wp-content\/uploads\/2021\/12\/pedala-per-la-marato-cabra-2021-1-300x400.jpeg 300w\" sizes=\"auto, (max-width: 720px) 100vw, 720px\" \/><\/div><\/a><a class=\"w-gallery-item order_4\" href=\"https:\/\/fruitssp.com\/es\/noticies\/recaptacio-de-12-20120e-gracies-a-la-16-edicio-de-pedala-per-la-marato-de-tv3\/attachment\/pedala-per-la-marato-cabra-2021-5\/\" title=\"pedaleo para la marato cabra 2021-5\"><div class=\"w-gallery-item-img\"><img loading=\"lazy\" decoding=\"async\" width=\"720\" height=\"960\" src=\"https:\/\/fruitssp.com\/wp-content\/uploads\/2021\/12\/pedala-per-la-marato-cabra-2021-5.jpeg\" class=\"attachment-default size-default\" alt=\"\" srcset=\"https:\/\/fruitssp.com\/wp-content\/uploads\/2021\/12\/pedala-per-la-marato-cabra-2021-5.jpeg 720w, https:\/\/fruitssp.com\/wp-content\/uploads\/2021\/12\/pedala-per-la-marato-cabra-2021-5-225x300.jpeg 225w, https:\/\/fruitssp.com\/wp-content\/uploads\/2021\/12\/pedala-per-la-marato-cabra-2021-5-9x12.jpeg 9w, https:\/\/fruitssp.com\/wp-content\/uploads\/2021\/12\/pedala-per-la-marato-cabra-2021-5-600x800.jpeg 600w, https:\/\/fruitssp.com\/wp-content\/uploads\/2021\/12\/pedala-per-la-marato-cabra-2021-5-300x400.jpeg 300w\" sizes=\"auto, (max-width: 720px) 100vw, 720px\" \/><\/div><\/a><a class=\"w-gallery-item order_5\" href=\"https:\/\/fruitssp.com\/es\/noticies\/recaptacio-de-12-20120e-gracies-a-la-16-edicio-de-pedala-per-la-marato-de-tv3\/attachment\/268846237_320493610077960_5696439138208173712_n\/\" title=\"268846237_320493610077960_5696439138208173712_n\"><div class=\"w-gallery-item-img\"><img loading=\"lazy\" decoding=\"async\" width=\"960\" height=\"720\" src=\"https:\/\/fruitssp.com\/wp-content\/uploads\/2021\/12\/268846237_320493610077960_5696439138208173712_n.jpeg\" class=\"attachment-default size-default\" alt=\"\" srcset=\"https:\/\/fruitssp.com\/wp-content\/uploads\/2021\/12\/268846237_320493610077960_5696439138208173712_n.jpeg 960w, https:\/\/fruitssp.com\/wp-content\/uploads\/2021\/12\/268846237_320493610077960_5696439138208173712_n-300x225.jpeg 300w, https:\/\/fruitssp.com\/wp-content\/uploads\/2021\/12\/268846237_320493610077960_5696439138208173712_n-16x12.jpeg 16w, https:\/\/fruitssp.com\/wp-content\/uploads\/2021\/12\/268846237_320493610077960_5696439138208173712_n-600x450.jpeg 600w, https:\/\/fruitssp.com\/wp-content\/uploads\/2021\/12\/268846237_320493610077960_5696439138208173712_n-768x576.jpeg 768w, https:\/\/fruitssp.com\/wp-content\/uploads\/2021\/12\/268846237_320493610077960_5696439138208173712_n-900x675.jpeg 900w\" sizes=\"auto, (max-width: 960px) 100vw, 960px\" \/><\/div><\/a><a class=\"w-gallery-item order_6\" href=\"https:\/\/fruitssp.com\/es\/noticies\/recaptacio-de-12-20120e-gracies-a-la-16-edicio-de-pedala-per-la-marato-de-tv3\/attachment\/268950382_320491930078128_7767897901214843655_n\/\" title=\"268950382_320491930078128_7767897901214843655_n\"><div class=\"w-gallery-item-img\"><img loading=\"lazy\" decoding=\"async\" width=\"960\" height=\"720\" src=\"https:\/\/fruitssp.com\/wp-content\/uploads\/2021\/12\/268950382_320491930078128_7767897901214843655_n.jpeg\" class=\"attachment-default size-default\" alt=\"\" srcset=\"https:\/\/fruitssp.com\/wp-content\/uploads\/2021\/12\/268950382_320491930078128_7767897901214843655_n.jpeg 960w, https:\/\/fruitssp.com\/wp-content\/uploads\/2021\/12\/268950382_320491930078128_7767897901214843655_n-300x225.jpeg 300w, https:\/\/fruitssp.com\/wp-content\/uploads\/2021\/12\/268950382_320491930078128_7767897901214843655_n-16x12.jpeg 16w, https:\/\/fruitssp.com\/wp-content\/uploads\/2021\/12\/268950382_320491930078128_7767897901214843655_n-600x450.jpeg 600w, https:\/\/fruitssp.com\/wp-content\/uploads\/2021\/12\/268950382_320491930078128_7767897901214843655_n-768x576.jpeg 768w, https:\/\/fruitssp.com\/wp-content\/uploads\/2021\/12\/268950382_320491930078128_7767897901214843655_n-900x675.jpeg 900w\" sizes=\"auto, (max-width: 960px) 100vw, 960px\" \/><\/div><\/a><a class=\"w-gallery-item order_7\" href=\"https:\/\/fruitssp.com\/es\/noticies\/recaptacio-de-12-20120e-gracies-a-la-16-edicio-de-pedala-per-la-marato-de-tv3\/attachment\/269000458_320492056744782_3572306349842507417_n\/\" title=\"269000458_320492056744782_3572306349842507417_n\"><div class=\"w-gallery-item-img\"><img loading=\"lazy\" decoding=\"async\" width=\"960\" height=\"720\" src=\"https:\/\/fruitssp.com\/wp-content\/uploads\/2021\/12\/269000458_320492056744782_3572306349842507417_n.jpeg\" class=\"attachment-default size-default\" alt=\"\" srcset=\"https:\/\/fruitssp.com\/wp-content\/uploads\/2021\/12\/269000458_320492056744782_3572306349842507417_n.jpeg 960w, https:\/\/fruitssp.com\/wp-content\/uploads\/2021\/12\/269000458_320492056744782_3572306349842507417_n-300x225.jpeg 300w, https:\/\/fruitssp.com\/wp-content\/uploads\/2021\/12\/269000458_320492056744782_3572306349842507417_n-16x12.jpeg 16w, https:\/\/fruitssp.com\/wp-content\/uploads\/2021\/12\/269000458_320492056744782_3572306349842507417_n-600x450.jpeg 600w, https:\/\/fruitssp.com\/wp-content\/uploads\/2021\/12\/269000458_320492056744782_3572306349842507417_n-768x576.jpeg 768w, https:\/\/fruitssp.com\/wp-content\/uploads\/2021\/12\/269000458_320492056744782_3572306349842507417_n-900x675.jpeg 900w\" sizes=\"auto, (max-width: 960px) 100vw, 960px\" \/><\/div><\/a><a class=\"w-gallery-item order_8\" href=\"https:\/\/fruitssp.com\/es\/noticies\/la-nova-edicio-de-pedala-per-la-marato-de-tv3-memorial-xavi-tondo-i-volpini-torna-a-disputar-se-de-forma-presencial\/attachment\/pedala-per-la-marato-2021\/\" title=\"pedaleo por la marato 2021\"><div class=\"w-gallery-item-img\"><img loading=\"lazy\" decoding=\"async\" width=\"1080\" height=\"1080\" src=\"https:\/\/fruitssp.com\/wp-content\/uploads\/2021\/11\/pedala-per-la-marato-2021.jpeg\" class=\"attachment-default size-default\" alt=\"\" srcset=\"https:\/\/fruitssp.com\/wp-content\/uploads\/2021\/11\/pedala-per-la-marato-2021.jpeg 1080w, https:\/\/fruitssp.com\/wp-content\/uploads\/2021\/11\/pedala-per-la-marato-2021-300x300.jpeg 300w, https:\/\/fruitssp.com\/wp-content\/uploads\/2021\/11\/pedala-per-la-marato-2021-1024x1024.jpeg 1024w, https:\/\/fruitssp.com\/wp-content\/uploads\/2021\/11\/pedala-per-la-marato-2021-150x150.jpeg 150w, https:\/\/fruitssp.com\/wp-content\/uploads\/2021\/11\/pedala-per-la-marato-2021-12x12.jpeg 12w, https:\/\/fruitssp.com\/wp-content\/uploads\/2021\/11\/pedala-per-la-marato-2021-350x350.jpeg 350w, https:\/\/fruitssp.com\/wp-content\/uploads\/2021\/11\/pedala-per-la-marato-2021-600x600.jpeg 600w, https:\/\/fruitssp.com\/wp-content\/uploads\/2021\/11\/pedala-per-la-marato-2021-768x768.jpeg 768w, https:\/\/fruitssp.com\/wp-content\/uploads\/2021\/11\/pedala-per-la-marato-2021-900x900.jpeg 900w\" sizes=\"auto, (max-width: 1080px) 100vw, 1080px\" \/><\/div><\/a><\/div><\/div>\n<style>\n.w-blogpost-preview{background-image:none!important;background-color: transparent!important;}.w-blogpost{padding: 0!important;}.w-blogpost::after{background:none!important;}.w-blogpost h1{color: #29b28f!important;}.w-blogpost-meta *{color:#000000!important;}<\/style>\n<div style=\"display: none;\">\n<h2>Finaliza la 15\u00aa<\/h2>\n<h3>Finaliza la 15\u00aa<\/h3>\n<p>En primer lugar,. En primer lugar,. En primer lugar,. En primer lugar,. En primer lugar,. En primer lugar,. En primer lugar,. En primer lugar,. En primer lugar,. En primer lugar,. En primer lugar,. En primer lugar,. En primer lugar,. En primer lugar,. En primer lugar,. En primer lugar,. En primer lugar,. En primer lugar,. En primer lugar,. En primer lugar,. En primer lugar,. En primer lugar,. En primer lugar,. En primer lugar,. En primer lugar,. En primer lugar,. En primer lugar,. En primer lugar,. En primer lugar,. En primer lugar,. En primer lugar,. En primer lugar,. En primer lugar,. En primer lugar,. En primer lugar,. En primer lugar,. En primer lugar,. En primer lugar,. En primer lugar,. En primer lugar,.<\/p>\n<p>En primer lugar, oramos ipsum dolor sit amet, consectetur adipiscing \u00e9lite. In vestibulum pretium nisi vehicula congue. Curabitur lobortis tristique neque, quis puerta nisi tempus quis. Donec ultrices posuere \u00e9lite, sit amet tincidunt Orci consectetur quis. Mauris rhoncus tristique facil\u00edsimo. Por un lado, t congue v\u00e9lites velita, te faucibus l\u00edgulas volutpat te. A\u00fan as\u00ed, urabitur VENENATA ante quis elementum pellentesque. In a pretium sapien. Empiezan las cal\u00e7otades. Aliquam erat volutpat. Donec Viverra cursus Gravida. Fusce accumsan sed leo vitae tempus. Las picaduras m\u00e1s frescas <a href=\"https:\/\/tgd.cat\">TGDigital<\/a><a href=\"\/es\/\">frutos<\/a><\/p>\n<p>En primer lugar, raso non sapien Interdum, vestibulum nisi nec, commodo nisl. A\u00fan as\u00ed, urabitur sit amet Orci facil\u00edsimo, Sagitta diam non, ullamcorper augue. Sin embargo, raso no nula pellentesque, congue tellus vitae, temporarias Orci. Duis odio Mauri, accumsan eu urna ac, Bland sodales Turpin. Phasellus diam risus, tempus te accumsan a, egestas ut Mauri. Aliquam tincidunt Mauris lacus, sit amet auctor dui accumsan varices. Nulla nec tellus a ipsum vestibulum Gravida. Por un lado, n egestas Sagitta purus eu dapibus. Praeses orna demasiado demasiado, sit amet facil\u00edsimo ante porttitor vitae, por tanto. However, that. Sin embargo, ellentesque nisi nula, VENENATA velo ARCU velo, vulputate scelerisque sem.<\/p>\n<h3>Finaliza la 15\u00aa<\/h3>\n<p>Aunque no valencianos, ntegro sit amet placeres risus. A pesar de ello, ulla facil\u00edsimo. En segundo lugar, Oneca nec ipsum augue. Por otra parte, ivamus eros ex, ultrices mollis bibendum at, elementum sed lectus. Sin embargo, urabitur quis augue ac tellus tincidunt hendrerit. Donec erat purus, solicitud vitae v\u00e9lites vitae, feugiat dapibus diam. Cabe decir que Maecenas faucibus demasiado vitae erat elementum consectetur. Quisque finibus, purus velo Interdum vulputate, neque leo ultrices nisi, sed facil\u00edsimo nibh purus eget quam. Por un lado, UNC nec libero eros. Las picaduras m\u00e1s frescas, por ejemplo. Sin ir m\u00e1s lejos, la picadura es buen\u00edsima. Nos encantar\u00eda que la orzata fuera probada por todos los comensales y, por supuesto, para todos los gourmands. Quisi\u00e9ramos, claro, hacerla conocida. Es por ello que la hacemos tan buena.<\/p>\n<h3>Finaliza la 15\u00aa<\/h3>\n<p>Cabe decir que am CONVALLARIA libero non Turpin bibendum, vitae porttitor ex Orna. Por ejemplo, Raes consecuente Interdum ante, quis pellentesque sapien aliquet eu. Por un lado, ed commodo rhoncus magna velo aliquet. En tercer lugar, n hac habitasse platea dictumst. Phasellus ARCU leo, aliquet quis consecuente id, temporarias velo ARCU. Duis vulputate dign\u00edsimo placeres. Nulamente varices ARCU eu lorem rutrum scelerisque a vitae lectus. Sin ir m\u00e1s lejos, n vulputate at Turpin ac porttitor. Morbi aliquet bibendum odio, te rutrum tellus dapibus sit amet. Por \u00faltimo, Ruis sed m\u00ed quis ARCU.<\/p>\n<h3>cal\u00e7ots cocidos<\/h3>\n<p>En primer lugar, oramos ipsum dolor sit amet, consectetur adipiscing \u00e9lite. In vestibulum pretium nisi vehicula congue. Curabitur lobortis tristique neque, quis puerta nisi tempus quis. Donec ultrices posuere \u00e9lite, sit amet tincidunt Orci consectetur quis. Mauris rhoncus tristique facil\u00edsimo. Ud congue v\u00e9lites velita, te faucibus l\u00edgulas volutpat te. Curabitur VENENATA ante quis elementum pellentesque. In a pretium sapien. Empiezan las cal\u00e7otades. Aliquam erat volutpat. Donec Viverra cursus Gravida. Fusce accumsan sed leo vitae tempus. Las picaduras m\u00e1s frescas <a href=\"https:\/\/tgd.cat\">TGDigital<\/a><a href=\"\/es\/\">frutos<\/a><\/p>\n<h3>Finaliza la 15\u00aa<\/h3>\n<p>En primer lugar, raso non sapien Interdum, vestibulum nisi nec, commodo nisl. Curabitur sit amet Orci facil\u00edsimo, Sagitta diam non, ullamcorper augue. Sin embargo, raso no nula pellentesque, congue tellus vitae, temporarias Orci. Duis odio Mauri, accumsan eu urna ac, Bland sodales Turpin. Phasellus diam risus, tempus te accumsan a, egestas ut Mauri. Aliquam tincidunt Mauris lacus, sit amet auctor dui accumsan varices. Nulla nec tellus a ipsum vestibulum Gravida. Por un lado, n egestas Sagitta purus eu dapibus. Praeses orna demasiado demasiado, sit amet facil\u00edsimo ante porttitor vitae, por tanto. However, that. Sin embargo, ellentesque nisi nula, VENENATA velo ARCU velo, vulputate scelerisque sem.<\/p>\n<h3>cal\u00e7ots cocidos<\/h3>\n<p>Aunque no valencianos, ntegro sit amet placeres risus. A pesar de ello, ulla facil\u00edsimo. En segundo lugar, Oneca nec ipsum augue. Por otra parte, ivamus eros ex, ultrices mollis bibendum at, elementum sed lectus. Sin embargo, urabitur quis augue ac tellus tincidunt hendrerit. Donec erat purus, solicitud vitae v\u00e9lites vitae, feugiat dapibus diam. Cabe decir que Maecenas faucibus demasiado vitae erat elementum consectetur. Quisque finibus, purus velo Interdum vulputate, neque leo ultrices nisi, sed facil\u00edsimo nibh purus eget quam. Nunc nec libero eros. Las picaduras m\u00e1s frescas, por ejemplo. Sin ir m\u00e1s lejos, la picadura es buen\u00edsima. Nos encantar\u00eda que la orzata fuera probada por todos los comensales y, por supuesto, para todos los gourmands. Quisi\u00e9ramos, claro, hacerla conocida. Es por ello que la hacemos tan buena.<\/p>\n<h3>cal\u00e7ots cocidos<\/h3>\n<p>En primer lugar,. En primer lugar,. En primer lugar,. En primer lugar,. En primer lugar,. En primer lugar,. En primer lugar,. En primer lugar,. En primer lugar,. En primer lugar,. En primer lugar,. En primer lugar,. En primer lugar,. En primer lugar,. En primer lugar,. En primer lugar,. En primer lugar,. En primer lugar,. En primer lugar,. En primer lugar,. En primer lugar,. En primer lugar,.<\/p>\n<\/div>","protected":false},"excerpt":{"rendered":"<p>&nbsp; M\u00e1s de 800 personas, entre participantes y voluntarios hicieron posible el pasado domingo 19 de diciembre, la 16\u00aa CARRERA DE BTT \u201cPEDALA POR LA MARAT\u00d3N DE TV3\u201d-MEMORIAL XAVI TONDO Y VOLPINI. En esta edici\u00f3n de 2021 se pudo volver al formato presencial. M\u00e1s de 600 participantes de todas las edades, participaron\u2026<\/p>","protected":false},"author":1,"featured_media":11141,"comment_status":"closed","ping_status":"closed","sticky":false,"template":"","format":"standard","meta":{"inline_featured_image":false,"footnotes":""},"categories":[1],"tags":[],"class_list":["post-11140","post","type-post","status-publish","format-standard","has-post-thumbnail","hentry","category-noticies"],"yoast_head":"<!-- This site is optimized with the Yoast SEO plugin v26.7 - https:\/\/yoast.com\/wordpress\/plugins\/seo\/ -->\n<title>Recaptaci\u00f3 de 12.201,20\u20ac gr\u00e0cies a la 16 edici\u00f3 de &quot;Pedala per la Marat\u00f3 de TV3&quot; - Salses Fruits<\/title>\n<meta name=\"robots\" content=\"index, follow, max-snippet:-1, max-image-preview:large, max-video-preview:-1\" \/>\n<link rel=\"canonical\" href=\"https:\/\/fruitssp.com\/es\/noticies\/recaptacio-de-12-20120e-gracies-a-la-16-edicio-de-pedala-per-la-marato-de-tv3\/\" \/>\n<meta property=\"og:locale\" content=\"es_ES\" \/>\n<meta property=\"og:type\" content=\"article\" \/>\n<meta property=\"og:title\" content=\"Recaptaci\u00f3 de 12.201,20\u20ac gr\u00e0cies a la 16 edici\u00f3 de &quot;Pedala per la Marat\u00f3 de TV3&quot; - Salses Fruits\" \/>\n<meta property=\"og:description\" content=\"&nbsp; M\u00e9s de 800 persones, entre participants i voluntaris van fer possible el passat diumenge 19 de desembre, la 16a CURSA DE BTT &#8220;PEDALA PER LA MARAT\u00d3 DE TV3&#8221;-MEMORIAL XAVI TONDO I VOLPINI. En aquesta edici\u00f3 del 2021 es va poder tornar al format presencial. M\u00e9s de 600 participants de totes les edats, van participar...\" \/>\n<meta property=\"og:url\" content=\"https:\/\/fruitssp.com\/es\/noticies\/recaptacio-de-12-20120e-gracies-a-la-16-edicio-de-pedala-per-la-marato-de-tv3\/\" \/>\n<meta property=\"og:site_name\" content=\"Salses Fruits\" \/>\n<meta property=\"article:publisher\" content=\"https:\/\/www.facebook.com\/Salses-Fruits-SP-1137777022906379\/\" \/>\n<meta property=\"article:published_time\" content=\"2021-12-20T11:31:42+00:00\" \/>\n<meta property=\"article:modified_time\" content=\"2021-12-20T14:22:27+00:00\" \/>\n<meta property=\"og:image\" content=\"https:\/\/fruitssp.com\/wp-content\/uploads\/2021\/12\/pedala-per-la-marato-cabra-2021-3.jpeg\" \/>\n\t<meta property=\"og:image:width\" content=\"960\" \/>\n\t<meta property=\"og:image:height\" content=\"720\" \/>\n\t<meta property=\"og:image:type\" content=\"image\/jpeg\" \/>\n<meta name=\"author\" content=\"fruitssp\" \/>\n<meta name=\"twitter:card\" content=\"summary_large_image\" \/>\n<meta name=\"twitter:label1\" content=\"Escrito por\" \/>\n\t<meta name=\"twitter:data1\" content=\"fruitssp\" \/>\n\t<meta name=\"twitter:label2\" content=\"Tiempo de lectura\" \/>\n\t<meta name=\"twitter:data2\" content=\"6 minutos\" \/>\n<!-- \/ Yoast SEO plugin. -->","yoast_head_json":{"title":"Recaptaci\u00f3 de 12.201,20\u20ac gr\u00e0cies a la 16 edici\u00f3 de \"Pedala per la Marat\u00f3 de TV3\" - Salses Fruits","robots":{"index":"index","follow":"follow","max-snippet":"max-snippet:-1","max-image-preview":"max-image-preview:large","max-video-preview":"max-video-preview:-1"},"canonical":"https:\/\/fruitssp.com\/es\/noticies\/recaptacio-de-12-20120e-gracies-a-la-16-edicio-de-pedala-per-la-marato-de-tv3\/","og_locale":"es_ES","og_type":"article","og_title":"Recaptaci\u00f3 de 12.201,20\u20ac gr\u00e0cies a la 16 edici\u00f3 de \"Pedala per la Marat\u00f3 de TV3\" - Salses Fruits","og_description":"&nbsp; M\u00e9s de 800 persones, entre participants i voluntaris van fer possible el passat diumenge 19 de desembre, la 16a CURSA DE BTT &#8220;PEDALA PER LA MARAT\u00d3 DE TV3&#8221;-MEMORIAL XAVI TONDO I VOLPINI. En aquesta edici\u00f3 del 2021 es va poder tornar al format presencial. M\u00e9s de 600 participants de totes les edats, van participar...","og_url":"https:\/\/fruitssp.com\/es\/noticies\/recaptacio-de-12-20120e-gracies-a-la-16-edicio-de-pedala-per-la-marato-de-tv3\/","og_site_name":"Salses Fruits","article_publisher":"https:\/\/www.facebook.com\/Salses-Fruits-SP-1137777022906379\/","article_published_time":"2021-12-20T11:31:42+00:00","article_modified_time":"2021-12-20T14:22:27+00:00","og_image":[{"width":960,"height":720,"url":"https:\/\/fruitssp.com\/wp-content\/uploads\/2021\/12\/pedala-per-la-marato-cabra-2021-3.jpeg","type":"image\/jpeg"}],"author":"fruitssp","twitter_card":"summary_large_image","twitter_misc":{"Escrito por":"fruitssp","Tiempo de lectura":"6 minutos"},"schema":{"@context":"https:\/\/schema.org","@graph":[{"@type":"Article","@id":"https:\/\/fruitssp.com\/es\/noticies\/recaptacio-de-12-20120e-gracies-a-la-16-edicio-de-pedala-per-la-marato-de-tv3\/#article","isPartOf":{"@id":"https:\/\/fruitssp.com\/es\/noticies\/recaptacio-de-12-20120e-gracies-a-la-16-edicio-de-pedala-per-la-marato-de-tv3\/"},"author":{"name":"fruitssp","@id":"https:\/\/fruitssp.com\/#\/schema\/person\/74f4a70f480644ed06e5945c13b509c8"},"headline":"Recaptaci\u00f3 de 12.201,20\u20ac gr\u00e0cies a la 16 edici\u00f3 de &#8220;Pedala per la Marat\u00f3 de TV3&#8221;","datePublished":"2021-12-20T11:31:42+00:00","dateModified":"2021-12-20T14:22:27+00:00","mainEntityOfPage":{"@id":"https:\/\/fruitssp.com\/es\/noticies\/recaptacio-de-12-20120e-gracies-a-la-16-edicio-de-pedala-per-la-marato-de-tv3\/"},"wordCount":1130,"publisher":{"@id":"https:\/\/fruitssp.com\/#organization"},"image":{"@id":"https:\/\/fruitssp.com\/es\/noticies\/recaptacio-de-12-20120e-gracies-a-la-16-edicio-de-pedala-per-la-marato-de-tv3\/#primaryimage"},"thumbnailUrl":"https:\/\/fruitssp.com\/wp-content\/uploads\/2021\/12\/pedala-per-la-marato-cabra-2021-3.jpeg","articleSection":["Noticies"],"inLanguage":"es"},{"@type":"WebPage","@id":"https:\/\/fruitssp.com\/es\/noticies\/recaptacio-de-12-20120e-gracies-a-la-16-edicio-de-pedala-per-la-marato-de-tv3\/","url":"https:\/\/fruitssp.com\/es\/noticies\/recaptacio-de-12-20120e-gracies-a-la-16-edicio-de-pedala-per-la-marato-de-tv3\/","name":"Recaptaci\u00f3 de 12.201,20\u20ac gr\u00e0cies a la 16 edici\u00f3 de \"Pedala per la Marat\u00f3 de TV3\" - Salses Fruits","isPartOf":{"@id":"https:\/\/fruitssp.com\/#website"},"primaryImageOfPage":{"@id":"https:\/\/fruitssp.com\/es\/noticies\/recaptacio-de-12-20120e-gracies-a-la-16-edicio-de-pedala-per-la-marato-de-tv3\/#primaryimage"},"image":{"@id":"https:\/\/fruitssp.com\/es\/noticies\/recaptacio-de-12-20120e-gracies-a-la-16-edicio-de-pedala-per-la-marato-de-tv3\/#primaryimage"},"thumbnailUrl":"https:\/\/fruitssp.com\/wp-content\/uploads\/2021\/12\/pedala-per-la-marato-cabra-2021-3.jpeg","datePublished":"2021-12-20T11:31:42+00:00","dateModified":"2021-12-20T14:22:27+00:00","breadcrumb":{"@id":"https:\/\/fruitssp.com\/es\/noticies\/recaptacio-de-12-20120e-gracies-a-la-16-edicio-de-pedala-per-la-marato-de-tv3\/#breadcrumb"},"inLanguage":"es","potentialAction":[{"@type":"ReadAction","target":["https:\/\/fruitssp.com\/es\/noticies\/recaptacio-de-12-20120e-gracies-a-la-16-edicio-de-pedala-per-la-marato-de-tv3\/"]}]},{"@type":"ImageObject","inLanguage":"es","@id":"https:\/\/fruitssp.com\/es\/noticies\/recaptacio-de-12-20120e-gracies-a-la-16-edicio-de-pedala-per-la-marato-de-tv3\/#primaryimage","url":"https:\/\/fruitssp.com\/wp-content\/uploads\/2021\/12\/pedala-per-la-marato-cabra-2021-3.jpeg","contentUrl":"https:\/\/fruitssp.com\/wp-content\/uploads\/2021\/12\/pedala-per-la-marato-cabra-2021-3.jpeg","width":960,"height":720},{"@type":"BreadcrumbList","@id":"https:\/\/fruitssp.com\/es\/noticies\/recaptacio-de-12-20120e-gracies-a-la-16-edicio-de-pedala-per-la-marato-de-tv3\/#breadcrumb","itemListElement":[{"@type":"ListItem","position":1,"name":"Inici","item":"https:\/\/fruitssp.com\/"},{"@type":"ListItem","position":2,"name":"Recaptaci\u00f3 de 12.201,20\u20ac gr\u00e0cies a la 16 edici\u00f3 de &#8220;Pedala per la Marat\u00f3 de TV3&#8221;"}]},{"@type":"WebSite","@id":"https:\/\/fruitssp.com\/#website","url":"https:\/\/fruitssp.com\/","name":"FruitsSP","description":"Salsas y productos frescos y naturales, de la tierra del cal\u00e7ot","publisher":{"@id":"https:\/\/fruitssp.com\/#organization"},"potentialAction":[{"@type":"SearchAction","target":{"@type":"EntryPoint","urlTemplate":"https:\/\/fruitssp.com\/?s={search_term_string}"},"query-input":{"@type":"PropertyValueSpecification","valueRequired":true,"valueName":"search_term_string"}}],"inLanguage":"es"},{"@type":"Organization","@id":"https:\/\/fruitssp.com\/#organization","name":"Salsas Frutos S &amp; P","url":"https:\/\/fruitssp.com\/","logo":{"@type":"ImageObject","inLanguage":"es","@id":"https:\/\/fruitssp.com\/#\/schema\/logo\/image\/","url":"https:\/\/fruitssp.com\/wp-content\/uploads\/2022\/12\/logoFruits_472x406.png","contentUrl":"https:\/\/fruitssp.com\/wp-content\/uploads\/2022\/12\/logoFruits_472x406.png","width":472,"height":406,"caption":"Salses Fruits S&P"},"image":{"@id":"https:\/\/fruitssp.com\/#\/schema\/logo\/image\/"},"sameAs":["https:\/\/www.facebook.com\/Salses-Fruits-SP-1137777022906379\/","https:\/\/www.instagram.com\/salsesfruitssp\/","https:\/\/www.linkedin.com\/company\/salses-fruits-s-i-p-sl\/"]},{"@type":"Person","@id":"https:\/\/fruitssp.com\/#\/schema\/person\/74f4a70f480644ed06e5945c13b509c8","name":"fruitssp"}]}},"_links":{"self":[{"href":"https:\/\/fruitssp.com\/es\/wp-json\/wp\/v2\/posts\/11140","targetHints":{"allow":["GET"]}}],"collection":[{"href":"https:\/\/fruitssp.com\/es\/wp-json\/wp\/v2\/posts"}],"about":[{"href":"https:\/\/fruitssp.com\/es\/wp-json\/wp\/v2\/types\/post"}],"author":[{"embeddable":true,"href":"https:\/\/fruitssp.com\/es\/wp-json\/wp\/v2\/users\/1"}],"replies":[{"embeddable":true,"href":"https:\/\/fruitssp.com\/es\/wp-json\/wp\/v2\/comments?post=11140"}],"version-history":[{"count":0,"href":"https:\/\/fruitssp.com\/es\/wp-json\/wp\/v2\/posts\/11140\/revisions"}],"wp:featuredmedia":[{"embeddable":true,"href":"https:\/\/fruitssp.com\/es\/wp-json\/wp\/v2\/media\/11141"}],"wp:attachment":[{"href":"https:\/\/fruitssp.com\/es\/wp-json\/wp\/v2\/media?parent=11140"}],"wp:term":[{"taxonomy":"category","embeddable":true,"href":"https:\/\/fruitssp.com\/es\/wp-json\/wp\/v2\/categories?post=11140"},{"taxonomy":"post_tag","embeddable":true,"href":"https:\/\/fruitssp.com\/es\/wp-json\/wp\/v2\/tags?post=11140"}],"curies":[{"name":"wp","href":"https:\/\/api.w.org\/{rel}","templated":true}]}}