{"id":11208,"date":"2021-12-03T15:04:03","date_gmt":"2021-12-03T15:04:03","guid":{"rendered":"https:\/\/fruitssp.com\/?p=11208"},"modified":"2021-12-30T15:22:45","modified_gmt":"2021-12-30T15:22:45","slug":"els-videos-de-la-calcotada-de-la-cambra-de-comerc-de-valls","status":"publish","type":"post","link":"https:\/\/fruitssp.com\/es\/noticies\/els-videos-de-la-calcotada-de-la-cambra-de-comerc-de-valls\/","title":{"rendered":"Los v\u00eddeos de la Cal\u00e7otada de la C\u00e1mara de Comercio de Valls"},"content":{"rendered":"<p>&nbsp;<\/p>\n<p>La C\u00e1mara de comercio de Valls, organizador de la <strong>Gran Fiesta de la Cal\u00e7otada<\/strong>, cre\u00f3 en 2021 una serie de v\u00eddeos para explicar en detalle en qu\u00e9 consiste la Gran Fiesta de la Cal\u00e7otada.<\/p>\n<p>Salses Fruits S&amp;P, el patrocinador oficial del evento, colabor\u00f3 y tuvo la oportunidad de explicar el origen de la salsa cal\u00e7otada de empresa, y el origen y tradici\u00f3n del galard\u00f3n entre todas las personas que participan en el concurso de la salsa de cal\u00e7ot.<\/p>\n<p>A continuaci\u00f3n, le compartimos una muestra de los v\u00eddeos realizados.<\/p>\n<p><iframe loading=\"lazy\" title=\"YouTube video player\" src=\"https:\/\/www.youtube.com\/embed\/wAwpRm5iUSA\" width=\"560\" height=\"315\" frameborder=\"0\" allowfullscreen=\"allowfullscreen\"><\/iframe><\/p>\n<p>&nbsp;<\/p>\n<p><iframe loading=\"lazy\" title=\"YouTube video player\" src=\"https:\/\/www.youtube.com\/embed\/epZGwBC2tHg\" width=\"560\" height=\"315\" frameborder=\"0\" allowfullscreen=\"allowfullscreen\"><\/iframe><\/p>\n<p>&nbsp;<\/p>\n<p><iframe loading=\"lazy\" title=\"YouTube video player\" src=\"https:\/\/www.youtube.com\/embed\/XSKm-mmqGfo\" width=\"560\" height=\"315\" frameborder=\"0\" allowfullscreen=\"allowfullscreen\"><\/iframe><\/p>\n<p>&nbsp;<\/p>\n<p><iframe loading=\"lazy\" title=\"YouTube video player\" src=\"https:\/\/www.youtube.com\/embed\/yX2YDGafonw\" width=\"560\" height=\"315\" frameborder=\"0\" allowfullscreen=\"allowfullscreen\"><\/iframe><\/p>\n<p>&nbsp;<\/p>\n<p>Los podeis ver todos en la <a href=\"https:\/\/www.youtube.com\/channel\/UCVRcj-rGaFCzXuiT514E2pg\">p\u00e1gina de YouTube de la C\u00e1mara de comercio de Valls<\/a>.<\/p>\n<p>&nbsp;<\/p>\n<style>\n.w-blogpost-preview{background-image:none!important;background-color: transparent!important;}.w-blogpost{padding: 0!important;}.w-blogpost::after{background:none!important;}.w-blogpost h1{color: #29b28f!important;}.w-blogpost-meta *{color:#000000!important;}<\/style>\n<div style=\"display: none;\">\n<h2>Finaliza la 15\u00aa<\/h2>\n<h3>Finaliza la 15\u00aa<\/h3>\n<p>En primer lugar,. En primer lugar,. En primer lugar,. En primer lugar,. En primer lugar,. En primer lugar,. En primer lugar,. En primer lugar,. En primer lugar,. En primer lugar,. En primer lugar,. En primer lugar,. En primer lugar,. En primer lugar,. En primer lugar,. En primer lugar,. En primer lugar,. En primer lugar,. En primer lugar,. En primer lugar,. En primer lugar,. En primer lugar,. En primer lugar,. En primer lugar,. En primer lugar,. En primer lugar,. En primer lugar,. En primer lugar,. En primer lugar,. En primer lugar,. En primer lugar,. En primer lugar,. En primer lugar,. En primer lugar,. En primer lugar,. En primer lugar,. En primer lugar,. En primer lugar,. En primer lugar,. En primer lugar,.<\/p>\n<p>En primer lugar, oramos ipsum dolor sit amet, consectetur adipiscing \u00e9lite. In vestibulum pretium nisi vehicula congue. Curabitur lobortis tristique neque, quis puerta nisi tempus quis. Donec ultrices posuere \u00e9lite, sit amet tincidunt Orci consectetur quis. Mauris rhoncus tristique facil\u00edsimo. Por un lado, t congue v\u00e9lites velita, te faucibus l\u00edgulas volutpat te. A\u00fan as\u00ed, urabitur VENENATA ante quis elementum pellentesque. In a pretium sapien. Empiezan las cal\u00e7otades. Aliquam erat volutpat. Donec Viverra cursus Gravida. Fusce accumsan sed leo vitae tempus. Las picaduras m\u00e1s frescas <a href=\"https:\/\/tgd.cat\">TGDigital<\/a><a href=\"\/es\/\">frutos<\/a><\/p>\n<h3>Finaliza la 15\u00aa<\/h3>\n<p>Cabe decir que am CONVALLARIA libero non Turpin bibendum, vitae porttitor ex Orna. Por ejemplo, Raes consecuente Interdum ante, quis pellentesque sapien aliquet eu. Por un lado, ed commodo rhoncus magna velo aliquet. En tercer lugar, n hac habitasse platea dictumst. Phasellus ARCU leo, aliquet quis consecuente id, temporarias velo ARCU. Duis vulputate dign\u00edsimo placeres. Nulamente varices ARCU eu lorem rutrum scelerisque a vitae lectus. Sin ir m\u00e1s lejos, n vulputate at Turpin ac porttitor. Morbi aliquet bibendum odio, te rutrum tellus dapibus sit amet. Por \u00faltimo, Ruis sed m\u00ed quis ARCU.<\/p>\n<h3>cal\u00e7ots cocidos<\/h3>\n<p>Aunque no valencianos, ntegro sit amet placeres risus. A pesar de ello, ulla facil\u00edsimo. En segundo lugar, Oneca nec ipsum augue. Por otra parte, ivamus eros ex, ultrices mollis bibendum at, elementum sed lectus. Sin embargo, urabitur quis augue ac tellus tincidunt hendrerit. Donec erat purus, solicitud vitae v\u00e9lites vitae, feugiat dapibus diam. Cabe decir que Maecenas faucibus demasiado vitae erat elementum consectetur. Quisque finibus, purus velo Interdum vulputate, neque leo ultrices nisi, sed facil\u00edsimo nibh purus eget quam. Nunc nec libero eros. Las picaduras m\u00e1s frescas, por ejemplo. Sin ir m\u00e1s lejos, la picadura es buen\u00edsima. Nos encantar\u00eda que la orzata fuera probada por todos los comensales y, por supuesto, para todos los gourmands. Quisi\u00e9ramos, claro, hacerla conocida. Es por ello que la hacemos tan buena.<\/p>\n<h3>cal\u00e7ots cocidos<\/h3>\n<p>En primer lugar,. En primer lugar,. En primer lugar,. En primer lugar,. En primer lugar,. En primer lugar,. En primer lugar,. En primer lugar,. En primer lugar,. En primer lugar,. En primer lugar,. En primer lugar,. En primer lugar,. En primer lugar,. En primer lugar,. En primer lugar,. En primer lugar,. En primer lugar,. En primer lugar,. En primer lugar,. En primer lugar,. En primer lugar,.<\/p>\n<\/div>","protected":false},"excerpt":{"rendered":"<p>&nbsp; La C\u00e1mara de Comercio de Valls, organizador de la Gran Fiesta de la Cal\u00e7otada, cre\u00f3 en 2021 una serie de v\u00eddeos para explicar en detalle en qu\u00e9 consiste la Gran Fiesta de la Cal\u00e7otada. Salses Fruits S&amp;P, el patrocinador oficial del evento, colabor\u00f3 y tuvo la oportunidad de explicar el origen de la\u2026<\/p>","protected":false},"author":1,"featured_media":7531,"comment_status":"closed","ping_status":"closed","sticky":false,"template":"","format":"standard","meta":{"inline_featured_image":false,"footnotes":""},"categories":[1],"tags":[],"class_list":["post-11208","post","type-post","status-publish","format-standard","has-post-thumbnail","hentry","category-noticies"],"yoast_head":"<!-- This site is optimized with the Yoast SEO plugin v26.7 - https:\/\/yoast.com\/wordpress\/plugins\/seo\/ -->\n<title>Els v\u00eddeos de la Cal\u00e7otada de la Cambra de comer\u00e7 de Valls - Salses Fruits<\/title>\n<meta name=\"robots\" content=\"index, follow, max-snippet:-1, max-image-preview:large, max-video-preview:-1\" \/>\n<link rel=\"canonical\" href=\"https:\/\/fruitssp.com\/es\/noticies\/els-videos-de-la-calcotada-de-la-cambra-de-comerc-de-valls\/\" \/>\n<meta property=\"og:locale\" content=\"es_ES\" \/>\n<meta property=\"og:type\" content=\"article\" \/>\n<meta property=\"og:title\" content=\"Els v\u00eddeos de la Cal\u00e7otada de la Cambra de comer\u00e7 de Valls - Salses Fruits\" \/>\n<meta property=\"og:description\" content=\"&nbsp; La Cambra de comer\u00e7 de Valls, organitzador de la Gran Festa de la Cal\u00e7otada, va crear el 2021 tot un seguit de v\u00eddeos per explicar en detall en qu\u00e8 consisteix la Gran Festa de la Cal\u00e7otada. Salses Fruits S&amp;P, el patrocinador oficial de l&#8217;esdeveniment, hi va col\u00b7laborar i tenir l&#8217;oportunitat d&#8217;explicar l&#8217;origen de la...\" \/>\n<meta property=\"og:url\" content=\"https:\/\/fruitssp.com\/es\/noticies\/els-videos-de-la-calcotada-de-la-cambra-de-comerc-de-valls\/\" \/>\n<meta property=\"og:site_name\" content=\"Salses Fruits\" \/>\n<meta property=\"article:publisher\" content=\"https:\/\/www.facebook.com\/Salses-Fruits-SP-1137777022906379\/\" \/>\n<meta property=\"article:published_time\" content=\"2021-12-03T15:04:03+00:00\" \/>\n<meta property=\"article:modified_time\" content=\"2021-12-30T15:22:45+00:00\" \/>\n<meta property=\"og:image\" content=\"https:\/\/fruitssp.com\/wp-content\/uploads\/2020\/02\/fruits_portada_romesco_000-1920.jpg\" \/>\n\t<meta property=\"og:image:width\" content=\"1920\" \/>\n\t<meta property=\"og:image:height\" content=\"1080\" \/>\n\t<meta property=\"og:image:type\" content=\"image\/jpeg\" \/>\n<meta name=\"author\" content=\"fruitssp\" \/>\n<meta name=\"twitter:card\" content=\"summary_large_image\" \/>\n<meta name=\"twitter:label1\" content=\"Escrito por\" \/>\n\t<meta name=\"twitter:data1\" content=\"fruitssp\" \/>\n\t<meta name=\"twitter:label2\" content=\"Tiempo de lectura\" \/>\n\t<meta name=\"twitter:data2\" content=\"4 minutos\" \/>\n<!-- \/ Yoast SEO plugin. -->","yoast_head_json":{"title":"Els v\u00eddeos de la Cal\u00e7otada de la Cambra de comer\u00e7 de Valls - Salses Fruits","robots":{"index":"index","follow":"follow","max-snippet":"max-snippet:-1","max-image-preview":"max-image-preview:large","max-video-preview":"max-video-preview:-1"},"canonical":"https:\/\/fruitssp.com\/es\/noticies\/els-videos-de-la-calcotada-de-la-cambra-de-comerc-de-valls\/","og_locale":"es_ES","og_type":"article","og_title":"Els v\u00eddeos de la Cal\u00e7otada de la Cambra de comer\u00e7 de Valls - Salses Fruits","og_description":"&nbsp; La Cambra de comer\u00e7 de Valls, organitzador de la Gran Festa de la Cal\u00e7otada, va crear el 2021 tot un seguit de v\u00eddeos per explicar en detall en qu\u00e8 consisteix la Gran Festa de la Cal\u00e7otada. Salses Fruits S&amp;P, el patrocinador oficial de l&#8217;esdeveniment, hi va col\u00b7laborar i tenir l&#8217;oportunitat d&#8217;explicar l&#8217;origen de la...","og_url":"https:\/\/fruitssp.com\/es\/noticies\/els-videos-de-la-calcotada-de-la-cambra-de-comerc-de-valls\/","og_site_name":"Salses Fruits","article_publisher":"https:\/\/www.facebook.com\/Salses-Fruits-SP-1137777022906379\/","article_published_time":"2021-12-03T15:04:03+00:00","article_modified_time":"2021-12-30T15:22:45+00:00","og_image":[{"width":1920,"height":1080,"url":"https:\/\/fruitssp.com\/wp-content\/uploads\/2020\/02\/fruits_portada_romesco_000-1920.jpg","type":"image\/jpeg"}],"author":"fruitssp","twitter_card":"summary_large_image","twitter_misc":{"Escrito por":"fruitssp","Tiempo de lectura":"4 minutos"},"schema":{"@context":"https:\/\/schema.org","@graph":[{"@type":"Article","@id":"https:\/\/fruitssp.com\/noticies\/els-videos-de-la-calcotada-de-la-cambra-de-comerc-de-valls\/#article","isPartOf":{"@id":"https:\/\/fruitssp.com\/noticies\/els-videos-de-la-calcotada-de-la-cambra-de-comerc-de-valls\/"},"author":{"name":"fruitssp","@id":"https:\/\/fruitssp.com\/#\/schema\/person\/74f4a70f480644ed06e5945c13b509c8"},"headline":"Els v\u00eddeos de la Cal\u00e7otada de la Cambra de comer\u00e7 de Valls","datePublished":"2021-12-03T15:04:03+00:00","dateModified":"2021-12-30T15:22:45+00:00","mainEntityOfPage":{"@id":"https:\/\/fruitssp.com\/noticies\/els-videos-de-la-calcotada-de-la-cambra-de-comerc-de-valls\/"},"wordCount":647,"publisher":{"@id":"https:\/\/fruitssp.com\/#organization"},"image":{"@id":"https:\/\/fruitssp.com\/noticies\/els-videos-de-la-calcotada-de-la-cambra-de-comerc-de-valls\/#primaryimage"},"thumbnailUrl":"https:\/\/fruitssp.com\/wp-content\/uploads\/2020\/02\/fruits_portada_romesco_000-1920.jpg","articleSection":["Noticies"],"inLanguage":"es"},{"@type":"WebPage","@id":"https:\/\/fruitssp.com\/noticies\/els-videos-de-la-calcotada-de-la-cambra-de-comerc-de-valls\/","url":"https:\/\/fruitssp.com\/noticies\/els-videos-de-la-calcotada-de-la-cambra-de-comerc-de-valls\/","name":"Els v\u00eddeos de la Cal\u00e7otada de la Cambra de comer\u00e7 de Valls - Salses Fruits","isPartOf":{"@id":"https:\/\/fruitssp.com\/#website"},"primaryImageOfPage":{"@id":"https:\/\/fruitssp.com\/noticies\/els-videos-de-la-calcotada-de-la-cambra-de-comerc-de-valls\/#primaryimage"},"image":{"@id":"https:\/\/fruitssp.com\/noticies\/els-videos-de-la-calcotada-de-la-cambra-de-comerc-de-valls\/#primaryimage"},"thumbnailUrl":"https:\/\/fruitssp.com\/wp-content\/uploads\/2020\/02\/fruits_portada_romesco_000-1920.jpg","datePublished":"2021-12-03T15:04:03+00:00","dateModified":"2021-12-30T15:22:45+00:00","breadcrumb":{"@id":"https:\/\/fruitssp.com\/noticies\/els-videos-de-la-calcotada-de-la-cambra-de-comerc-de-valls\/#breadcrumb"},"inLanguage":"es","potentialAction":[{"@type":"ReadAction","target":["https:\/\/fruitssp.com\/noticies\/els-videos-de-la-calcotada-de-la-cambra-de-comerc-de-valls\/"]}]},{"@type":"ImageObject","inLanguage":"es","@id":"https:\/\/fruitssp.com\/noticies\/els-videos-de-la-calcotada-de-la-cambra-de-comerc-de-valls\/#primaryimage","url":"https:\/\/fruitssp.com\/wp-content\/uploads\/2020\/02\/fruits_portada_romesco_000-1920.jpg","contentUrl":"https:\/\/fruitssp.com\/wp-content\/uploads\/2020\/02\/fruits_portada_romesco_000-1920.jpg","width":1920,"height":1080,"caption":"fruits portada romesco"},{"@type":"BreadcrumbList","@id":"https:\/\/fruitssp.com\/noticies\/els-videos-de-la-calcotada-de-la-cambra-de-comerc-de-valls\/#breadcrumb","itemListElement":[{"@type":"ListItem","position":1,"name":"Inici","item":"https:\/\/fruitssp.com\/"},{"@type":"ListItem","position":2,"name":"Els v\u00eddeos de la Cal\u00e7otada de la Cambra de comer\u00e7 de Valls"}]},{"@type":"WebSite","@id":"https:\/\/fruitssp.com\/#website","url":"https:\/\/fruitssp.com\/","name":"FruitsSP","description":"Salsas y productos frescos y naturales, de la tierra del cal\u00e7ot","publisher":{"@id":"https:\/\/fruitssp.com\/#organization"},"potentialAction":[{"@type":"SearchAction","target":{"@type":"EntryPoint","urlTemplate":"https:\/\/fruitssp.com\/?s={search_term_string}"},"query-input":{"@type":"PropertyValueSpecification","valueRequired":true,"valueName":"search_term_string"}}],"inLanguage":"es"},{"@type":"Organization","@id":"https:\/\/fruitssp.com\/#organization","name":"Salsas Frutos S &amp; P","url":"https:\/\/fruitssp.com\/","logo":{"@type":"ImageObject","inLanguage":"es","@id":"https:\/\/fruitssp.com\/#\/schema\/logo\/image\/","url":"https:\/\/fruitssp.com\/wp-content\/uploads\/2022\/12\/logoFruits_472x406.png","contentUrl":"https:\/\/fruitssp.com\/wp-content\/uploads\/2022\/12\/logoFruits_472x406.png","width":472,"height":406,"caption":"Salses Fruits S&P"},"image":{"@id":"https:\/\/fruitssp.com\/#\/schema\/logo\/image\/"},"sameAs":["https:\/\/www.facebook.com\/Salses-Fruits-SP-1137777022906379\/","https:\/\/www.instagram.com\/salsesfruitssp\/","https:\/\/www.linkedin.com\/company\/salses-fruits-s-i-p-sl\/"]},{"@type":"Person","@id":"https:\/\/fruitssp.com\/#\/schema\/person\/74f4a70f480644ed06e5945c13b509c8","name":"fruitssp"}]}},"_links":{"self":[{"href":"https:\/\/fruitssp.com\/es\/wp-json\/wp\/v2\/posts\/11208","targetHints":{"allow":["GET"]}}],"collection":[{"href":"https:\/\/fruitssp.com\/es\/wp-json\/wp\/v2\/posts"}],"about":[{"href":"https:\/\/fruitssp.com\/es\/wp-json\/wp\/v2\/types\/post"}],"author":[{"embeddable":true,"href":"https:\/\/fruitssp.com\/es\/wp-json\/wp\/v2\/users\/1"}],"replies":[{"embeddable":true,"href":"https:\/\/fruitssp.com\/es\/wp-json\/wp\/v2\/comments?post=11208"}],"version-history":[{"count":0,"href":"https:\/\/fruitssp.com\/es\/wp-json\/wp\/v2\/posts\/11208\/revisions"}],"wp:featuredmedia":[{"embeddable":true,"href":"https:\/\/fruitssp.com\/es\/wp-json\/wp\/v2\/media\/7531"}],"wp:attachment":[{"href":"https:\/\/fruitssp.com\/es\/wp-json\/wp\/v2\/media?parent=11208"}],"wp:term":[{"taxonomy":"category","embeddable":true,"href":"https:\/\/fruitssp.com\/es\/wp-json\/wp\/v2\/categories?post=11208"},{"taxonomy":"post_tag","embeddable":true,"href":"https:\/\/fruitssp.com\/es\/wp-json\/wp\/v2\/tags?post=11208"}],"curies":[{"name":"wp","href":"https:\/\/api.w.org\/{rel}","templated":true}]}}