{"id":11376,"date":"2022-01-17T16:01:04","date_gmt":"2022-01-17T16:01:04","guid":{"rendered":"https:\/\/fruitssp.com\/?p=11376"},"modified":"2022-01-17T16:01:04","modified_gmt":"2022-01-17T16:01:04","slug":"si-us-plau-la-cistella-que-sigui-ecologica","status":"publish","type":"post","link":"https:\/\/fruitssp.com\/es\/noticies\/si-us-plau-la-cistella-que-sigui-ecologica\/","title":{"rendered":"Por favor, la cesta de que sea ecol\u00f3gica"},"content":{"rendered":"<p><strong><img loading=\"lazy\" decoding=\"async\" class=\"alignnone size-full wp-image-11377\" src=\"https:\/\/fruitssp.com\/wp-content\/uploads\/2022\/01\/cistella-ecologica-salses-fruits-sp.jpg\" alt=\"cistella ecologica salses fruits sp\" width=\"1200\" height=\"727\" srcset=\"https:\/\/fruitssp.com\/wp-content\/uploads\/2022\/01\/cistella-ecologica-salses-fruits-sp.jpg 1200w, https:\/\/fruitssp.com\/wp-content\/uploads\/2022\/01\/cistella-ecologica-salses-fruits-sp-300x182.jpg 300w, https:\/\/fruitssp.com\/wp-content\/uploads\/2022\/01\/cistella-ecologica-salses-fruits-sp-1024x620.jpg 1024w, https:\/\/fruitssp.com\/wp-content\/uploads\/2022\/01\/cistella-ecologica-salses-fruits-sp-18x12.jpg 18w, https:\/\/fruitssp.com\/wp-content\/uploads\/2022\/01\/cistella-ecologica-salses-fruits-sp-600x364.jpg 600w, https:\/\/fruitssp.com\/wp-content\/uploads\/2022\/01\/cistella-ecologica-salses-fruits-sp-768x465.jpg 768w, https:\/\/fruitssp.com\/wp-content\/uploads\/2022\/01\/cistella-ecologica-salses-fruits-sp-900x545.jpg 900w\" sizes=\"auto, (max-width: 1200px) 100vw, 1200px\" \/><\/strong><\/p>\n<p><strong>En tiempos de crisis clim\u00e1tica y ambiental, los consumidores se decantan por consumir productos de proximidad.<\/strong><\/p>\n<p>Los productos\u00a0<span class=\"hiddenSpellError\">km0<\/span> son tendencia desde hace alg\u00fan tiempo porque enlazan con una filosof\u00eda de vida en la que prevalecen los valores ecol\u00f3gicos y de respeto al medio ambiente. Es un tema de concienciaci\u00f3n y de tomarse en serio la necesidad de poner en marcha sistemas de producci\u00f3n sostenibles que garanticen la continuidad de los recursos para nuestra generaci\u00f3n y las posteriores.<\/p>\n<p>una <strong>cesta ecol\u00f3gica<\/strong> es el equivalente a la cesta de la compra de siempre, pero <strong>compuesta por productos ecol\u00f3gicos y de proximidad<\/strong>. Estos productos se pueden estropear antes, ya que no llevan conservantes, sin embargo, son naturales m\u00e1s sabrosos, y mantienen intactas sus propiedades nutricionales. Son muchas las ventajas de consumir productos de proximidad: reducir la contaminaci\u00f3n, cuidar el planeta, y apoyar la sostenibilidad. Adem\u00e1s, se apuesta por una <strong>econom\u00eda local y m\u00e1s justa<\/strong>, respetando los derechos de los productores, con menos intermediarios. El consumo de productos de proximidad contribuye tambi\u00e9n a mantener una alimentaci\u00f3n m\u00e1s equilibrada, sana y saludable.<\/p>\n<p>La cesta ecol\u00f3gica puede incluir una gran variedad de productos, seg\u00fan nuestros gustos y preferencias, sin embargo <strong>siempre sujetas a la estacionalidad en la que nos encontramos<\/strong>. Durante los meses de<strong>invierno<\/strong> debemos tener presente los alimentos cal\u00f3ricos, como las patatas, los boniatos o las legumbres, que nos ayudan a hacer frente al mayor gasto energ\u00e9tico que provoca tener que combatir el fr\u00edo. En cuanto a las <strong>frutas<\/strong> es el momento de los caquis, las manzanas, las peras, la pi\u00f1a o los c\u00edtricos. Nos aportan <strong>gran cantidad de vitaminas y minerales<\/strong> que refuerzan el sistema inmunitario y preparan al organismo para hacer frente a los resfriados. Y finalmente no podemos dejar la gran cantidad de verduras que tenemos durante el<strong>\u00e9poca de invierno como son los cal\u00e7ots, las alcachofas, las espinacas, las acelgas, la calabaza o la coliflor<\/strong>.<\/p>\n<p>Consumir <strong>productos ecol\u00f3gicos<\/strong> es tener muy presente que somos lo que comemos y que, por tanto, cuanto m\u00e1s natural y ecol\u00f3gico comemos, <strong>mejor por nuestra salud y la del planeta.<\/strong><\/p>\n<p>Montse Miranda<br \/>\nmomiranda@fruitssp.com<\/p>\n<p>&nbsp;<\/p>\n<style>\n.w-blogpost-preview{background-image:none!important;background-color: transparent!important;}.w-blogpost{padding: 0!important;}.w-blogpost::after{background:none!important;}.w-blogpost h1{color: #29b28f!important;}.w-blogpost-meta *{color:#000000!important;}<\/style>\n<div style=\"display: none;\">\n<h2>Finaliza la 15\u00aa<\/h2>\n<h3>Finaliza la 15\u00aa<\/h3>\n<p>En primer lugar,. En primer lugar,. En primer lugar,. En primer lugar,. En primer lugar,. En primer lugar,. En primer lugar,. En primer lugar,. En primer lugar,. En primer lugar,. En primer lugar,. En primer lugar,. En primer lugar,. En primer lugar,. En primer lugar,. En primer lugar,. En primer lugar,. En primer lugar,. En primer lugar,. En primer lugar,. En primer lugar,. En primer lugar,. En primer lugar,. En primer lugar,. En primer lugar,. En primer lugar,. En primer lugar,. En primer lugar,. En primer lugar,. En primer lugar,. En primer lugar,. En primer lugar,. En primer lugar,. En primer lugar,. En primer lugar,. En primer lugar,. En primer lugar,. En primer lugar,. En primer lugar,. En primer lugar,.<\/p>\n<p>En primer lugar, oramos ipsum dolor sit amet, consectetur adipiscing \u00e9lite. In vestibulum pretium nisi vehicula congue. Curabitur lobortis tristique neque, quis puerta nisi tempus quis. Donec ultrices posuere \u00e9lite, sit amet tincidunt Orci consectetur quis. Mauris rhoncus tristique facil\u00edsimo. Por un lado, t congue v\u00e9lites velita, te faucibus l\u00edgulas volutpat te. A\u00fan as\u00ed, urabitur VENENATA ante quis elementum pellentesque. In a pretium sapien. Empiezan las cal\u00e7otades. Aliquam erat volutpat. Donec Viverra cursus Gravida. Fusce accumsan sed leo vitae tempus. Las picaduras m\u00e1s frescas <a href=\"https:\/\/tgd.cat\">TGDigital<\/a><a href=\"\/es\/\">frutos<\/a><\/p>\n<h3>Finaliza la 15\u00aa<\/h3>\n<p>Cabe decir que am CONVALLARIA libero non Turpin bibendum, vitae porttitor ex Orna. Por ejemplo, Raes consecuente Interdum ante, quis pellentesque sapien aliquet eu. Por un lado, ed commodo rhoncus magna velo aliquet. En tercer lugar, n hac habitasse platea dictumst. Phasellus ARCU leo, aliquet quis consecuente id, temporarias velo ARCU. Duis vulputate dign\u00edsimo placeres. Nulamente varices ARCU eu lorem rutrum scelerisque a vitae lectus. Sin ir m\u00e1s lejos, n vulputate at Turpin ac porttitor. Morbi aliquet bibendum odio, te rutrum tellus dapibus sit amet. Por \u00faltimo, Ruis sed m\u00ed quis ARCU.<\/p>\n<h3>cal\u00e7ots cocidos<\/h3>\n<p>Aunque no valencianos, ntegro sit amet placeres risus. A pesar de ello, ulla facil\u00edsimo. En segundo lugar, Oneca nec ipsum augue. Por otra parte, ivamus eros ex, ultrices mollis bibendum at, elementum sed lectus. Sin embargo, urabitur quis augue ac tellus tincidunt hendrerit. Donec erat purus, solicitud vitae v\u00e9lites vitae, feugiat dapibus diam. Cabe decir que Maecenas faucibus demasiado vitae erat elementum consectetur. Quisque finibus, purus velo Interdum vulputate, neque leo ultrices nisi, sed facil\u00edsimo nibh purus eget quam. Nunc nec libero eros. Las picaduras m\u00e1s frescas, por ejemplo. Sin ir m\u00e1s lejos, la picadura es buen\u00edsima. Nos encantar\u00eda que la orzata fuera probada por todos los comensales y, por supuesto, para todos los gourmands. Quisi\u00e9ramos, claro, hacerla conocida. Es por ello que la hacemos tan buena.<\/p>\n<h3>cal\u00e7ots cocidos<\/h3>\n<p>En primer lugar,. En primer lugar,. En primer lugar,. En primer lugar,. En primer lugar,. En primer lugar,. En primer lugar,. En primer lugar,. En primer lugar,. En primer lugar,. En primer lugar,. En primer lugar,. En primer lugar,. En primer lugar,. En primer lugar,. En primer lugar,. En primer lugar,. En primer lugar,. En primer lugar,. En primer lugar,. En primer lugar,. En primer lugar,.<\/p>\n<\/div>","protected":false},"excerpt":{"rendered":"<p>En tiempos de crisis clim\u00e1tica y ambiental, los consumidores se decantan por consumir productos de proximidad. Los productos km0 son tendencia desde hace alg\u00fan tiempo porque enlazan con una filosof\u00eda de vida en la que prevalecen los valores ecol\u00f3gicos y de respeto al medio ambiente. Es un tema de concienciaci\u00f3n y de tomarse en serio la necesidad de\u2026<\/p>","protected":false},"author":1,"featured_media":11377,"comment_status":"closed","ping_status":"closed","sticky":false,"template":"","format":"standard","meta":{"inline_featured_image":false,"footnotes":""},"categories":[1],"tags":[],"class_list":["post-11376","post","type-post","status-publish","format-standard","has-post-thumbnail","hentry","category-noticies"],"yoast_head":"<!-- This site is optimized with the Yoast SEO plugin v26.7 - https:\/\/yoast.com\/wordpress\/plugins\/seo\/ -->\n<title>Si us plau, la cistella que sigui ecol\u00f2gica - Salses Fruits<\/title>\n<meta name=\"robots\" content=\"index, follow, max-snippet:-1, max-image-preview:large, max-video-preview:-1\" \/>\n<link rel=\"canonical\" href=\"https:\/\/fruitssp.com\/es\/noticies\/si-us-plau-la-cistella-que-sigui-ecologica\/\" \/>\n<meta property=\"og:locale\" content=\"es_ES\" \/>\n<meta property=\"og:type\" content=\"article\" \/>\n<meta property=\"og:title\" content=\"Si us plau, la cistella que sigui ecol\u00f2gica - Salses Fruits\" \/>\n<meta property=\"og:description\" content=\"En temps de crisi clim\u00e0tica i ambiental, els consumidors es decanten per consumir productes de proximitat. Els productes\u00a0km0 s\u00f3n tend\u00e8ncia des de fa algun temps perqu\u00e8 enllacen amb una filosofia de vida on prevalen els valors ecol\u00f2gics i de respecte al medi ambient. \u00c9s un tema de conscienciaci\u00f3 i de prendre&#8217;s seriosament la necessitat de...\" \/>\n<meta property=\"og:url\" content=\"https:\/\/fruitssp.com\/es\/noticies\/si-us-plau-la-cistella-que-sigui-ecologica\/\" \/>\n<meta property=\"og:site_name\" content=\"Salses Fruits\" \/>\n<meta property=\"article:publisher\" content=\"https:\/\/www.facebook.com\/Salses-Fruits-SP-1137777022906379\/\" \/>\n<meta property=\"article:published_time\" content=\"2022-01-17T16:01:04+00:00\" \/>\n<meta property=\"og:image\" content=\"https:\/\/fruitssp.com\/wp-content\/uploads\/2022\/01\/cistella-ecologica-salses-fruits-sp.jpg\" \/>\n\t<meta property=\"og:image:width\" content=\"1200\" \/>\n\t<meta property=\"og:image:height\" content=\"727\" \/>\n\t<meta property=\"og:image:type\" content=\"image\/jpeg\" \/>\n<meta name=\"author\" content=\"fruitssp\" \/>\n<meta name=\"twitter:card\" content=\"summary_large_image\" \/>\n<meta name=\"twitter:label1\" content=\"Escrito por\" \/>\n\t<meta name=\"twitter:data1\" content=\"fruitssp\" \/>\n\t<meta name=\"twitter:label2\" content=\"Tiempo de lectura\" \/>\n\t<meta name=\"twitter:data2\" content=\"5 minutos\" \/>\n<!-- \/ Yoast SEO plugin. -->","yoast_head_json":{"title":"Si us plau, la cistella que sigui ecol\u00f2gica - Salses Fruits","robots":{"index":"index","follow":"follow","max-snippet":"max-snippet:-1","max-image-preview":"max-image-preview:large","max-video-preview":"max-video-preview:-1"},"canonical":"https:\/\/fruitssp.com\/es\/noticies\/si-us-plau-la-cistella-que-sigui-ecologica\/","og_locale":"es_ES","og_type":"article","og_title":"Si us plau, la cistella que sigui ecol\u00f2gica - Salses Fruits","og_description":"En temps de crisi clim\u00e0tica i ambiental, els consumidors es decanten per consumir productes de proximitat. Els productes\u00a0km0 s\u00f3n tend\u00e8ncia des de fa algun temps perqu\u00e8 enllacen amb una filosofia de vida on prevalen els valors ecol\u00f2gics i de respecte al medi ambient. \u00c9s un tema de conscienciaci\u00f3 i de prendre&#8217;s seriosament la necessitat de...","og_url":"https:\/\/fruitssp.com\/es\/noticies\/si-us-plau-la-cistella-que-sigui-ecologica\/","og_site_name":"Salses Fruits","article_publisher":"https:\/\/www.facebook.com\/Salses-Fruits-SP-1137777022906379\/","article_published_time":"2022-01-17T16:01:04+00:00","og_image":[{"width":1200,"height":727,"url":"https:\/\/fruitssp.com\/wp-content\/uploads\/2022\/01\/cistella-ecologica-salses-fruits-sp.jpg","type":"image\/jpeg"}],"author":"fruitssp","twitter_card":"summary_large_image","twitter_misc":{"Escrito por":"fruitssp","Tiempo de lectura":"5 minutos"},"schema":{"@context":"https:\/\/schema.org","@graph":[{"@type":"Article","@id":"https:\/\/fruitssp.com\/noticies\/si-us-plau-la-cistella-que-sigui-ecologica\/#article","isPartOf":{"@id":"https:\/\/fruitssp.com\/noticies\/si-us-plau-la-cistella-que-sigui-ecologica\/"},"author":{"name":"fruitssp","@id":"https:\/\/fruitssp.com\/#\/schema\/person\/74f4a70f480644ed06e5945c13b509c8"},"headline":"Si us plau, la cistella que sigui ecol\u00f2gica","datePublished":"2022-01-17T16:01:04+00:00","mainEntityOfPage":{"@id":"https:\/\/fruitssp.com\/noticies\/si-us-plau-la-cistella-que-sigui-ecologica\/"},"wordCount":900,"publisher":{"@id":"https:\/\/fruitssp.com\/#organization"},"image":{"@id":"https:\/\/fruitssp.com\/noticies\/si-us-plau-la-cistella-que-sigui-ecologica\/#primaryimage"},"thumbnailUrl":"https:\/\/fruitssp.com\/wp-content\/uploads\/2022\/01\/cistella-ecologica-salses-fruits-sp.jpg","articleSection":["Noticies"],"inLanguage":"es"},{"@type":"WebPage","@id":"https:\/\/fruitssp.com\/noticies\/si-us-plau-la-cistella-que-sigui-ecologica\/","url":"https:\/\/fruitssp.com\/noticies\/si-us-plau-la-cistella-que-sigui-ecologica\/","name":"Si us plau, la cistella que sigui ecol\u00f2gica - Salses Fruits","isPartOf":{"@id":"https:\/\/fruitssp.com\/#website"},"primaryImageOfPage":{"@id":"https:\/\/fruitssp.com\/noticies\/si-us-plau-la-cistella-que-sigui-ecologica\/#primaryimage"},"image":{"@id":"https:\/\/fruitssp.com\/noticies\/si-us-plau-la-cistella-que-sigui-ecologica\/#primaryimage"},"thumbnailUrl":"https:\/\/fruitssp.com\/wp-content\/uploads\/2022\/01\/cistella-ecologica-salses-fruits-sp.jpg","datePublished":"2022-01-17T16:01:04+00:00","breadcrumb":{"@id":"https:\/\/fruitssp.com\/noticies\/si-us-plau-la-cistella-que-sigui-ecologica\/#breadcrumb"},"inLanguage":"es","potentialAction":[{"@type":"ReadAction","target":["https:\/\/fruitssp.com\/noticies\/si-us-plau-la-cistella-que-sigui-ecologica\/"]}]},{"@type":"ImageObject","inLanguage":"es","@id":"https:\/\/fruitssp.com\/noticies\/si-us-plau-la-cistella-que-sigui-ecologica\/#primaryimage","url":"https:\/\/fruitssp.com\/wp-content\/uploads\/2022\/01\/cistella-ecologica-salses-fruits-sp.jpg","contentUrl":"https:\/\/fruitssp.com\/wp-content\/uploads\/2022\/01\/cistella-ecologica-salses-fruits-sp.jpg","width":1200,"height":727,"caption":"cistella ecologica salses fruits sp"},{"@type":"BreadcrumbList","@id":"https:\/\/fruitssp.com\/noticies\/si-us-plau-la-cistella-que-sigui-ecologica\/#breadcrumb","itemListElement":[{"@type":"ListItem","position":1,"name":"Inici","item":"https:\/\/fruitssp.com\/"},{"@type":"ListItem","position":2,"name":"Si us plau, la cistella que sigui ecol\u00f2gica"}]},{"@type":"WebSite","@id":"https:\/\/fruitssp.com\/#website","url":"https:\/\/fruitssp.com\/","name":"FruitsSP","description":"Salsas y productos frescos y naturales, de la tierra del cal\u00e7ot","publisher":{"@id":"https:\/\/fruitssp.com\/#organization"},"potentialAction":[{"@type":"SearchAction","target":{"@type":"EntryPoint","urlTemplate":"https:\/\/fruitssp.com\/?s={search_term_string}"},"query-input":{"@type":"PropertyValueSpecification","valueRequired":true,"valueName":"search_term_string"}}],"inLanguage":"es"},{"@type":"Organization","@id":"https:\/\/fruitssp.com\/#organization","name":"Salsas Frutos S &amp; P","url":"https:\/\/fruitssp.com\/","logo":{"@type":"ImageObject","inLanguage":"es","@id":"https:\/\/fruitssp.com\/#\/schema\/logo\/image\/","url":"https:\/\/fruitssp.com\/wp-content\/uploads\/2022\/12\/logoFruits_472x406.png","contentUrl":"https:\/\/fruitssp.com\/wp-content\/uploads\/2022\/12\/logoFruits_472x406.png","width":472,"height":406,"caption":"Salses Fruits S&P"},"image":{"@id":"https:\/\/fruitssp.com\/#\/schema\/logo\/image\/"},"sameAs":["https:\/\/www.facebook.com\/Salses-Fruits-SP-1137777022906379\/","https:\/\/www.instagram.com\/salsesfruitssp\/","https:\/\/www.linkedin.com\/company\/salses-fruits-s-i-p-sl\/"]},{"@type":"Person","@id":"https:\/\/fruitssp.com\/#\/schema\/person\/74f4a70f480644ed06e5945c13b509c8","name":"fruitssp"}]}},"_links":{"self":[{"href":"https:\/\/fruitssp.com\/es\/wp-json\/wp\/v2\/posts\/11376","targetHints":{"allow":["GET"]}}],"collection":[{"href":"https:\/\/fruitssp.com\/es\/wp-json\/wp\/v2\/posts"}],"about":[{"href":"https:\/\/fruitssp.com\/es\/wp-json\/wp\/v2\/types\/post"}],"author":[{"embeddable":true,"href":"https:\/\/fruitssp.com\/es\/wp-json\/wp\/v2\/users\/1"}],"replies":[{"embeddable":true,"href":"https:\/\/fruitssp.com\/es\/wp-json\/wp\/v2\/comments?post=11376"}],"version-history":[{"count":0,"href":"https:\/\/fruitssp.com\/es\/wp-json\/wp\/v2\/posts\/11376\/revisions"}],"wp:featuredmedia":[{"embeddable":true,"href":"https:\/\/fruitssp.com\/es\/wp-json\/wp\/v2\/media\/11377"}],"wp:attachment":[{"href":"https:\/\/fruitssp.com\/es\/wp-json\/wp\/v2\/media?parent=11376"}],"wp:term":[{"taxonomy":"category","embeddable":true,"href":"https:\/\/fruitssp.com\/es\/wp-json\/wp\/v2\/categories?post=11376"},{"taxonomy":"post_tag","embeddable":true,"href":"https:\/\/fruitssp.com\/es\/wp-json\/wp\/v2\/tags?post=11376"}],"curies":[{"name":"wp","href":"https:\/\/api.w.org\/{rel}","templated":true}]}}