{"id":11646,"date":"2022-01-25T14:11:24","date_gmt":"2022-01-25T14:11:24","guid":{"rendered":"https:\/\/fruitssp.com\/?p=11646"},"modified":"2022-12-06T10:31:30","modified_gmt":"2022-12-06T10:31:30","slug":"la-festa-de-la-calcotada-2022-tot-un-exit-de-participacio-i-organitzacio","status":"publish","type":"post","link":"https:\/\/fruitssp.com\/es\/noticies\/la-festa-de-la-calcotada-2022-tot-un-exit-de-participacio-i-organitzacio\/","title":{"rendered":"La Fiesta de la Cal\u00e7otada 2022, todo un \u00e9xito de participaci\u00f3n y organizaci\u00f3n"},"content":{"rendered":"<p><img loading=\"lazy\" decoding=\"async\" class=\"alignnone size-full wp-image-11648\" src=\"https:\/\/fruitssp.com\/wp-content\/uploads\/2022\/02\/1643026047968.jpg\" alt=\"\" width=\"2000\" height=\"1500\" srcset=\"https:\/\/fruitssp.com\/wp-content\/uploads\/2022\/02\/1643026047968.jpg 2000w, https:\/\/fruitssp.com\/wp-content\/uploads\/2022\/02\/1643026047968-300x225.jpg 300w, https:\/\/fruitssp.com\/wp-content\/uploads\/2022\/02\/1643026047968-1024x768.jpg 1024w, https:\/\/fruitssp.com\/wp-content\/uploads\/2022\/02\/1643026047968-1536x1152.jpg 1536w, https:\/\/fruitssp.com\/wp-content\/uploads\/2022\/02\/1643026047968-16x12.jpg 16w, https:\/\/fruitssp.com\/wp-content\/uploads\/2022\/02\/1643026047968-600x450.jpg 600w, https:\/\/fruitssp.com\/wp-content\/uploads\/2022\/02\/1643026047968-768x576.jpg 768w, https:\/\/fruitssp.com\/wp-content\/uploads\/2022\/02\/1643026047968-900x675.jpg 900w\" sizes=\"auto, (max-width: 2000px) 100vw, 2000px\" \/><\/p>\n<p>&nbsp;<\/p>\n<p>Valls ha recuperado este a\u00f1o la\u00a0<a href=\"http:\/\/festacalcotadavalls.cat\/\"><strong>Gran Fiesta de la Cal\u00e7otada<\/strong><\/a>\u00a0despu\u00e9s de un a\u00f1o de parada debido a la pandemia. Unas\u00a0<strong>20.000 personas<\/strong>\u00a0han visitado la capital del Alt Camp para disfrutar de la tradicional fiesta gastron\u00f3mica.<\/p>\n<p>La Comisi\u00f3n Organizadora de la Fiesta realiza una\u00a0<strong>valoraci\u00f3n positiva y exitosa de la jornada<\/strong>. Un evento que ha supuesto todo un reto debido a la situaci\u00f3n actual de la pandemia y las medidas sanitarias existentes. Por este motivo, desde la Comisi\u00f3n Organizadora y, especialmente, desde la C\u00e1mara de Comercio e Industria de Valls queremos agradecer a voluntarias y voluntarias su colaboraci\u00f3n.<\/p>\n<p><strong>Ganador del 36 Concurso de Comida Cal\u00e7ots: David Mart\u00edn<\/strong><\/p>\n<p>El tarraconense\u00a0<strong>David Mart\u00edn\u00a0<\/strong>gan\u00f3 el concurso despu\u00e9s de ingerir 192 cal\u00e7ots, lo que representa un total de 2,70 kilogramos de cal\u00e7ots. El segundo premio fue por\u00a0<strong>Carlos Fontecha<\/strong>\u00a0de Rub\u00ed, que se zamp\u00f3 212 cal\u00e7ots con 2.285 kilogramos de cal\u00e7ots, y el tercer premio fue para\u00a0<strong>Alexander Staab<\/strong>\u00a0de Calafell con 168 cal\u00e7ots y 2.250 kilogramos comidos.<\/p>\n<p><strong>\u00a0<\/strong><strong>34\u00ba Concurso de Cultivadores de Cal\u00e7ots y 30\u00ba Concurso de Salsa Cal\u00e7otada de Valls.<\/strong><\/p>\n<p>El primer premio del Concurso de Cultivadores fue por el vallense\u00a0<strong>Francisco Javier Amill. Marcel Conesa\u00a0<\/strong>y\u00a0<strong>Hermanos Blanch\u00a0<\/strong>se llevaron el segundo y tercer premio respectivamente. En cuanto al Concurso de Salsa de la Cal\u00e7otada, el vallense\u00a0<strong>Francesc Invernon<\/strong>\u00a0gan\u00f3 el primer premio del concurso.<\/p>\n<p><strong>1.500 degustaciones y 25.00 cal\u00e7ots cocidos<\/strong><\/p>\n<p>En total se repartieron\u00a0<strong>1.500 degustaciones,<\/strong>\u00a0la mitad que en anteriores ediciones. Y se cocieron unos\u00a0<strong>25.000 cal\u00e7ots\u00a0<\/strong>por parte de la organizaci\u00f3n.<\/p>\n<p>Segundos\u00a0<strong>Rafael Castells<\/strong>, coordinador de la Fiesta y secretario de la C\u00e1mara de Comercio de Valls, \u201cla fiesta es un gran gancho tur\u00edstico y atrae cada a\u00f1o a visitantes de todo el mundo. Este a\u00f1o han venido turistas de Taiw\u00e1n, China, Jap\u00f3n, Inglaterra, Francia, Andorra y muchos lugares de Catalu\u00f1a.<\/p>\n<p>&nbsp;<\/p>\n<p>Os dejamos con una selecci\u00f3n de fotos:<\/p>\n<div class=\"w-gallery cols_5 link_attachment\"><div class=\"w-gallery-list\"><a class=\"w-gallery-item order_1\" href=\"https:\/\/fruitssp.com\/es\/noticies\/la-festa-de-la-calcotada-2022-tot-un-exit-de-participacio-i-organitzacio\/attachment\/1643016114273\/\" title=\"1643016114273\"><div class=\"w-gallery-item-img\"><img loading=\"lazy\" decoding=\"async\" width=\"350\" height=\"350\" src=\"https:\/\/fruitssp.com\/wp-content\/uploads\/2022\/02\/1643016114273-350x350.jpg\" class=\"attachment-us_350_350_crop size-us_350_350_crop\" alt=\"\" srcset=\"https:\/\/fruitssp.com\/wp-content\/uploads\/2022\/02\/1643016114273-350x350.jpg 350w, https:\/\/fruitssp.com\/wp-content\/uploads\/2022\/02\/1643016114273-150x150.jpg 150w, https:\/\/fruitssp.com\/wp-content\/uploads\/2022\/02\/1643016114273-600x600.jpg 600w\" sizes=\"auto, (max-width: 350px) 100vw, 350px\" \/><\/div><\/a><a class=\"w-gallery-item order_2\" href=\"https:\/\/fruitssp.com\/es\/la-salsa-calcotada-de-la-terra-dels-calcots-antiga\/attachment\/1643028264017\/\" title=\"1643028264017\"><div class=\"w-gallery-item-img\"><img loading=\"lazy\" decoding=\"async\" width=\"350\" height=\"350\" src=\"https:\/\/fruitssp.com\/wp-content\/uploads\/2022\/02\/1643028264017-350x350.jpg\" class=\"attachment-us_350_350_crop size-us_350_350_crop\" alt=\"\" srcset=\"https:\/\/fruitssp.com\/wp-content\/uploads\/2022\/02\/1643028264017-350x350.jpg 350w, https:\/\/fruitssp.com\/wp-content\/uploads\/2022\/02\/1643028264017-150x150.jpg 150w, https:\/\/fruitssp.com\/wp-content\/uploads\/2022\/02\/1643028264017-600x600.jpg 600w\" sizes=\"auto, (max-width: 350px) 100vw, 350px\" \/><\/div><\/a><a class=\"w-gallery-item order_3\" href=\"https:\/\/fruitssp.com\/es\/la-salsa-calcotada-de-la-terra-dels-calcots-antiga\/attachment\/1643028264010\/\" title=\"1643028264010\"><div class=\"w-gallery-item-img\"><img loading=\"lazy\" decoding=\"async\" width=\"350\" height=\"350\" src=\"https:\/\/fruitssp.com\/wp-content\/uploads\/2022\/02\/1643028264010-350x350.jpg\" class=\"attachment-us_350_350_crop size-us_350_350_crop\" alt=\"\" srcset=\"https:\/\/fruitssp.com\/wp-content\/uploads\/2022\/02\/1643028264010-350x350.jpg 350w, https:\/\/fruitssp.com\/wp-content\/uploads\/2022\/02\/1643028264010-150x150.jpg 150w, https:\/\/fruitssp.com\/wp-content\/uploads\/2022\/02\/1643028264010-600x600.jpg 600w\" sizes=\"auto, (max-width: 350px) 100vw, 350px\" \/><\/div><\/a><a class=\"w-gallery-item order_4\" href=\"https:\/\/fruitssp.com\/es\/la-salsa-calcotada-de-la-terra-dels-calcots-antiga\/attachment\/1643028427259\/\" title=\"1643028427259\"><div class=\"w-gallery-item-img\"><img loading=\"lazy\" decoding=\"async\" width=\"350\" height=\"350\" src=\"https:\/\/fruitssp.com\/wp-content\/uploads\/2022\/02\/1643028427259-350x350.jpg\" class=\"attachment-us_350_350_crop size-us_350_350_crop\" alt=\"\" srcset=\"https:\/\/fruitssp.com\/wp-content\/uploads\/2022\/02\/1643028427259-350x350.jpg 350w, https:\/\/fruitssp.com\/wp-content\/uploads\/2022\/02\/1643028427259-150x150.jpg 150w, https:\/\/fruitssp.com\/wp-content\/uploads\/2022\/02\/1643028427259-600x600.jpg 600w\" sizes=\"auto, (max-width: 350px) 100vw, 350px\" \/><\/div><\/a><a class=\"w-gallery-item order_5\" href=\"https:\/\/fruitssp.com\/es\/la-salsa-calcotada-de-la-terra-dels-calcots-antiga\/attachment\/1643016666363\/\" title=\"1643016666363\"><div class=\"w-gallery-item-img\"><img loading=\"lazy\" decoding=\"async\" width=\"350\" height=\"350\" src=\"https:\/\/fruitssp.com\/wp-content\/uploads\/2022\/02\/1643016666363-350x350.jpg\" class=\"attachment-us_350_350_crop size-us_350_350_crop\" alt=\"\" srcset=\"https:\/\/fruitssp.com\/wp-content\/uploads\/2022\/02\/1643016666363-350x350.jpg 350w, https:\/\/fruitssp.com\/wp-content\/uploads\/2022\/02\/1643016666363-150x150.jpg 150w, https:\/\/fruitssp.com\/wp-content\/uploads\/2022\/02\/1643016666363-600x600.jpg 600w\" sizes=\"auto, (max-width: 350px) 100vw, 350px\" \/><\/div><\/a><a class=\"w-gallery-item order_6\" href=\"https:\/\/fruitssp.com\/es\/la-salsa-calcotada-de-la-terra-dels-calcots-antiga\/attachment\/img-20220123-wa0011\/\" title=\"IMG-20220123-WA0011\"><div class=\"w-gallery-item-img\"><img loading=\"lazy\" decoding=\"async\" width=\"350\" height=\"350\" src=\"https:\/\/fruitssp.com\/wp-content\/uploads\/2022\/02\/IMG-20220123-WA0011-350x350.jpg\" class=\"attachment-us_350_350_crop size-us_350_350_crop\" alt=\"\" srcset=\"https:\/\/fruitssp.com\/wp-content\/uploads\/2022\/02\/IMG-20220123-WA0011-350x350.jpg 350w, https:\/\/fruitssp.com\/wp-content\/uploads\/2022\/02\/IMG-20220123-WA0011-150x150.jpg 150w, https:\/\/fruitssp.com\/wp-content\/uploads\/2022\/02\/IMG-20220123-WA0011-600x600.jpg 600w\" sizes=\"auto, (max-width: 350px) 100vw, 350px\" \/><\/div><\/a><a class=\"w-gallery-item order_7\" href=\"https:\/\/fruitssp.com\/es\/la-salsa-calcotada-de-la-terra-dels-calcots-antiga\/attachment\/20220123_130643\/\" title=\"20220123_130643\"><div class=\"w-gallery-item-img\"><img loading=\"lazy\" decoding=\"async\" width=\"350\" height=\"350\" src=\"https:\/\/fruitssp.com\/wp-content\/uploads\/2022\/02\/20220123_130643-350x350.jpg\" class=\"attachment-us_350_350_crop size-us_350_350_crop\" alt=\"\" srcset=\"https:\/\/fruitssp.com\/wp-content\/uploads\/2022\/02\/20220123_130643-350x350.jpg 350w, https:\/\/fruitssp.com\/wp-content\/uploads\/2022\/02\/20220123_130643-150x150.jpg 150w, https:\/\/fruitssp.com\/wp-content\/uploads\/2022\/02\/20220123_130643-600x600.jpg 600w\" sizes=\"auto, (max-width: 350px) 100vw, 350px\" \/><\/div><\/a><a class=\"w-gallery-item order_8\" href=\"https:\/\/fruitssp.com\/es\/noticies\/la-festa-de-la-calcotada-2022-tot-un-exit-de-participacio-i-organitzacio\/attachment\/1643016114273-2\/\" title=\"1643016114273\"><div class=\"w-gallery-item-img\"><img loading=\"lazy\" decoding=\"async\" width=\"350\" height=\"350\" src=\"https:\/\/fruitssp.com\/wp-content\/uploads\/2022\/02\/1643016114273-1-350x350.jpg\" class=\"attachment-us_350_350_crop size-us_350_350_crop\" alt=\"\" srcset=\"https:\/\/fruitssp.com\/wp-content\/uploads\/2022\/02\/1643016114273-1-350x350.jpg 350w, https:\/\/fruitssp.com\/wp-content\/uploads\/2022\/02\/1643016114273-1-150x150.jpg 150w, https:\/\/fruitssp.com\/wp-content\/uploads\/2022\/02\/1643016114273-1-600x600.jpg 600w\" sizes=\"auto, (max-width: 350px) 100vw, 350px\" \/><\/div><\/a><a class=\"w-gallery-item order_9\" href=\"https:\/\/fruitssp.com\/es\/noticies\/la-festa-de-la-calcotada-2022-tot-un-exit-de-participacio-i-organitzacio\/attachment\/1643016114282\/\" title=\"1643016114282\"><div class=\"w-gallery-item-img\"><img loading=\"lazy\" decoding=\"async\" width=\"350\" height=\"350\" src=\"https:\/\/fruitssp.com\/wp-content\/uploads\/2022\/02\/1643016114282-350x350.jpg\" class=\"attachment-us_350_350_crop size-us_350_350_crop\" alt=\"\" srcset=\"https:\/\/fruitssp.com\/wp-content\/uploads\/2022\/02\/1643016114282-350x350.jpg 350w, https:\/\/fruitssp.com\/wp-content\/uploads\/2022\/02\/1643016114282-150x150.jpg 150w, https:\/\/fruitssp.com\/wp-content\/uploads\/2022\/02\/1643016114282-600x600.jpg 600w\" sizes=\"auto, (max-width: 350px) 100vw, 350px\" \/><\/div><\/a><a class=\"w-gallery-item order_10\" href=\"https:\/\/fruitssp.com\/es\/noticies\/la-festa-de-la-calcotada-2022-tot-un-exit-de-participacio-i-organitzacio\/attachment\/img_3195b\/\" title=\"IMG_3195b\"><div class=\"w-gallery-item-img\"><img loading=\"lazy\" decoding=\"async\" width=\"350\" height=\"350\" src=\"https:\/\/fruitssp.com\/wp-content\/uploads\/2022\/02\/IMG_3195b-350x350.jpg\" class=\"attachment-us_350_350_crop size-us_350_350_crop\" alt=\"\" srcset=\"https:\/\/fruitssp.com\/wp-content\/uploads\/2022\/02\/IMG_3195b-350x350.jpg 350w, https:\/\/fruitssp.com\/wp-content\/uploads\/2022\/02\/IMG_3195b-150x150.jpg 150w, https:\/\/fruitssp.com\/wp-content\/uploads\/2022\/02\/IMG_3195b-600x600.jpg 600w\" sizes=\"auto, (max-width: 350px) 100vw, 350px\" \/><\/div><\/a><\/div><\/div>\n<p>&nbsp;<\/p>\n<p><a href=\"https:\/\/festacalcotadavalls.cat\/\" target=\"_blank\" rel=\"noopener\"><strong>Puede encontrar m\u00e1s fotos de la Fiesta de la Cal\u00e7otada en la web oficial.<\/strong><\/a><\/p>\n<p>&nbsp;<\/p>\n<p>Fuente noticia: <a href=\"https:\/\/cambravalls.com\/\">C\u00e1mara de Comercio de Valls<\/a>.<\/p>\n<p>&nbsp;<\/p>\n<style>\n.w-blogpost-preview{background-image:none!important;background-color: transparent!important;}.w-blogpost{padding: 0!important;}.w-blogpost::after{background:none!important;}.w-blogpost h1{color: #29b28f!important;}.w-blogpost-meta *{color:#000000!important;}<\/style>\n<div style=\"display: none;\">\n<h2>Finaliza la 15\u00aa<\/h2>\n<h3>Finaliza la 15\u00aa<\/h3>\n<p>En primer lugar,. En primer lugar,. En primer lugar,. En primer lugar,. En primer lugar,. En primer lugar,. En primer lugar,. En primer lugar,. En primer lugar,. En primer lugar,. En primer lugar,. En primer lugar,. En primer lugar,. En primer lugar,. En primer lugar,. En primer lugar,. En primer lugar,. En primer lugar,. En primer lugar,. En primer lugar,. En primer lugar,. En primer lugar,. En primer lugar,. En primer lugar,. En primer lugar,. En primer lugar,. En primer lugar,. En primer lugar,. En primer lugar,. En primer lugar,. En primer lugar,. En primer lugar,. En primer lugar,. En primer lugar,. En primer lugar,. En primer lugar,. En primer lugar,. En primer lugar,. En primer lugar,. En primer lugar,.<\/p>\n<p>En primer lugar, oramos ipsum dolor sit amet, consectetur adipiscing \u00e9lite. In vestibulum pretium nisi vehicula congue. Curabitur lobortis tristique neque, quis puerta nisi tempus quis. Donec ultrices posuere \u00e9lite, sit amet tincidunt Orci consectetur quis. Mauris rhoncus tristique facil\u00edsimo. Por un lado, t congue v\u00e9lites velita, te faucibus l\u00edgulas volutpat te. A\u00fan as\u00ed, urabitur VENENATA ante quis elementum pellentesque. In a pretium sapien. Empiezan las cal\u00e7otades. Aliquam erat volutpat. Donec Viverra cursus Gravida. Fusce accumsan sed leo vitae tempus. Las picaduras m\u00e1s frescas <a href=\"https:\/\/tgd.cat\">TGDigital<\/a><a href=\"\/es\/\">frutos<\/a><\/p>\n<h3>Finaliza la 15\u00aa<\/h3>\n<p>Cabe decir que am CONVALLARIA libero non Turpin bibendum, vitae porttitor ex Orna. Por ejemplo, Raes consecuente Interdum ante, quis pellentesque sapien aliquet eu. Por un lado, ed commodo rhoncus magna velo aliquet. En tercer lugar, n hac habitasse platea dictumst. Phasellus ARCU leo, aliquet quis consecuente id, temporarias velo ARCU. Duis vulputate dign\u00edsimo placeres. Nulamente varices ARCU eu lorem rutrum scelerisque a vitae lectus. Sin ir m\u00e1s lejos, n vulputate at Turpin ac porttitor. Morbi aliquet bibendum odio, te rutrum tellus dapibus sit amet. Por \u00faltimo, Ruis sed m\u00ed quis ARCU.<\/p>\n<h3>cal\u00e7ots cocidos<\/h3>\n<p>Aunque no valencianos, ntegro sit amet placeres risus. A pesar de ello, ulla facil\u00edsimo. En segundo lugar, Oneca nec ipsum augue. Por otra parte, ivamus eros ex, ultrices mollis bibendum at, elementum sed lectus. Sin embargo, urabitur quis augue ac tellus tincidunt hendrerit. Donec erat purus, solicitud vitae v\u00e9lites vitae, feugiat dapibus diam. Cabe decir que Maecenas faucibus demasiado vitae erat elementum consectetur. Quisque finibus, purus velo Interdum vulputate, neque leo ultrices nisi, sed facil\u00edsimo nibh purus eget quam. Nunc nec libero eros. Las picaduras m\u00e1s frescas, por ejemplo. Sin ir m\u00e1s lejos, la picadura es buen\u00edsima. Nos encantar\u00eda que la orzata fuera probada por todos los comensales y, por supuesto, para todos los gourmands. Quisi\u00e9ramos, claro, hacerla conocida. Es por ello que la hacemos tan buena.<\/p>\n<h3>cal\u00e7ots cocidos<\/h3>\n<p>En primer lugar,. En primer lugar,. En primer lugar,. En primer lugar,. En primer lugar,. En primer lugar,. En primer lugar,. En primer lugar,. En primer lugar,. En primer lugar,. En primer lugar,. En primer lugar,. En primer lugar,. En primer lugar,. En primer lugar,. En primer lugar,. En primer lugar,. En primer lugar,. En primer lugar,. En primer lugar,. En primer lugar,. En primer lugar,.<\/p>\n<\/div>","protected":false},"excerpt":{"rendered":"<p>&nbsp; Valls ha recuperado este a\u00f1o la Gran Fiesta de la Cal\u00e7otada despu\u00e9s de un a\u00f1o de parada debido a la pandemia. Unas 20.000 personas han visitado la capital del Alt Camp para disfrutar de la tradicional fiesta gastron\u00f3mica. La Comisi\u00f3n Organizadora de la Fiesta realiza una valoraci\u00f3n positiva y exitosa de la jornada. Un evento que ha supuesto todo un reto\u2026<\/p>","protected":false},"author":1,"featured_media":11648,"comment_status":"closed","ping_status":"closed","sticky":false,"template":"","format":"standard","meta":{"inline_featured_image":false,"footnotes":""},"categories":[1],"tags":[],"class_list":["post-11646","post","type-post","status-publish","format-standard","has-post-thumbnail","hentry","category-noticies"],"yoast_head":"<!-- This site is optimized with the Yoast SEO plugin v26.7 - https:\/\/yoast.com\/wordpress\/plugins\/seo\/ -->\n<title>La Festa de la Cal\u00e7otada 2022, tot un \u00e8xit de participaci\u00f3 i organitzaci\u00f3 - Salses Fruits<\/title>\n<meta name=\"robots\" content=\"index, follow, max-snippet:-1, max-image-preview:large, max-video-preview:-1\" \/>\n<link rel=\"canonical\" href=\"https:\/\/fruitssp.com\/es\/noticies\/la-festa-de-la-calcotada-2022-tot-un-exit-de-participacio-i-organitzacio\/\" \/>\n<meta property=\"og:locale\" content=\"es_ES\" \/>\n<meta property=\"og:type\" content=\"article\" \/>\n<meta property=\"og:title\" content=\"La Festa de la Cal\u00e7otada 2022, tot un \u00e8xit de participaci\u00f3 i organitzaci\u00f3 - Salses Fruits\" \/>\n<meta property=\"og:description\" content=\"&nbsp; Valls ha recuperat enguany la\u00a0Gran Festa de la Cal\u00e7otada\u00a0despr\u00e9s d\u2019un any de parada degut a la pand\u00e8mia. Unes\u00a020.000 persones\u00a0han visitat la capital de l\u2019Alt Camp per gaudir de la tradicional festa gastron\u00f2mica. La Comissi\u00f3 Organitzadora de la Festa fa una\u00a0valoraci\u00f3 positiva i exitosa de la jornada. Un esdeveniment que ha suposat tot un repte...\" \/>\n<meta property=\"og:url\" content=\"https:\/\/fruitssp.com\/es\/noticies\/la-festa-de-la-calcotada-2022-tot-un-exit-de-participacio-i-organitzacio\/\" \/>\n<meta property=\"og:site_name\" content=\"Salses Fruits\" \/>\n<meta property=\"article:publisher\" content=\"https:\/\/www.facebook.com\/Salses-Fruits-SP-1137777022906379\/\" \/>\n<meta property=\"article:published_time\" content=\"2022-01-25T14:11:24+00:00\" \/>\n<meta property=\"article:modified_time\" content=\"2022-12-06T10:31:30+00:00\" \/>\n<meta property=\"og:image\" content=\"https:\/\/fruitssp.com\/wp-content\/uploads\/2022\/02\/1643026047968.jpg\" \/>\n\t<meta property=\"og:image:width\" content=\"2000\" \/>\n\t<meta property=\"og:image:height\" content=\"1500\" \/>\n\t<meta property=\"og:image:type\" content=\"image\/jpeg\" \/>\n<meta name=\"author\" content=\"fruitssp\" \/>\n<meta name=\"twitter:card\" content=\"summary_large_image\" \/>\n<meta name=\"twitter:label1\" content=\"Escrito por\" \/>\n\t<meta name=\"twitter:data1\" content=\"fruitssp\" \/>\n\t<meta name=\"twitter:label2\" content=\"Tiempo de lectura\" \/>\n\t<meta name=\"twitter:data2\" content=\"5 minutos\" \/>\n<!-- \/ Yoast SEO plugin. -->","yoast_head_json":{"title":"La Festa de la Cal\u00e7otada 2022, tot un \u00e8xit de participaci\u00f3 i organitzaci\u00f3 - Salses Fruits","robots":{"index":"index","follow":"follow","max-snippet":"max-snippet:-1","max-image-preview":"max-image-preview:large","max-video-preview":"max-video-preview:-1"},"canonical":"https:\/\/fruitssp.com\/es\/noticies\/la-festa-de-la-calcotada-2022-tot-un-exit-de-participacio-i-organitzacio\/","og_locale":"es_ES","og_type":"article","og_title":"La Festa de la Cal\u00e7otada 2022, tot un \u00e8xit de participaci\u00f3 i organitzaci\u00f3 - Salses Fruits","og_description":"&nbsp; Valls ha recuperat enguany la\u00a0Gran Festa de la Cal\u00e7otada\u00a0despr\u00e9s d\u2019un any de parada degut a la pand\u00e8mia. Unes\u00a020.000 persones\u00a0han visitat la capital de l\u2019Alt Camp per gaudir de la tradicional festa gastron\u00f2mica. La Comissi\u00f3 Organitzadora de la Festa fa una\u00a0valoraci\u00f3 positiva i exitosa de la jornada. Un esdeveniment que ha suposat tot un repte...","og_url":"https:\/\/fruitssp.com\/es\/noticies\/la-festa-de-la-calcotada-2022-tot-un-exit-de-participacio-i-organitzacio\/","og_site_name":"Salses Fruits","article_publisher":"https:\/\/www.facebook.com\/Salses-Fruits-SP-1137777022906379\/","article_published_time":"2022-01-25T14:11:24+00:00","article_modified_time":"2022-12-06T10:31:30+00:00","og_image":[{"width":2000,"height":1500,"url":"https:\/\/fruitssp.com\/wp-content\/uploads\/2022\/02\/1643026047968.jpg","type":"image\/jpeg"}],"author":"fruitssp","twitter_card":"summary_large_image","twitter_misc":{"Escrito por":"fruitssp","Tiempo de lectura":"5 minutos"},"schema":{"@context":"https:\/\/schema.org","@graph":[{"@type":"Article","@id":"https:\/\/fruitssp.com\/noticies\/la-festa-de-la-calcotada-2022-tot-un-exit-de-participacio-i-organitzacio\/#article","isPartOf":{"@id":"https:\/\/fruitssp.com\/noticies\/la-festa-de-la-calcotada-2022-tot-un-exit-de-participacio-i-organitzacio\/"},"author":{"name":"fruitssp","@id":"https:\/\/fruitssp.com\/#\/schema\/person\/74f4a70f480644ed06e5945c13b509c8"},"headline":"La Festa de la Cal\u00e7otada 2022, tot un \u00e8xit de participaci\u00f3 i organitzaci\u00f3","datePublished":"2022-01-25T14:11:24+00:00","dateModified":"2022-12-06T10:31:30+00:00","mainEntityOfPage":{"@id":"https:\/\/fruitssp.com\/noticies\/la-festa-de-la-calcotada-2022-tot-un-exit-de-participacio-i-organitzacio\/"},"wordCount":903,"publisher":{"@id":"https:\/\/fruitssp.com\/#organization"},"image":{"@id":"https:\/\/fruitssp.com\/noticies\/la-festa-de-la-calcotada-2022-tot-un-exit-de-participacio-i-organitzacio\/#primaryimage"},"thumbnailUrl":"https:\/\/fruitssp.com\/wp-content\/uploads\/2022\/02\/1643026047968.jpg","articleSection":["Noticies"],"inLanguage":"es"},{"@type":"WebPage","@id":"https:\/\/fruitssp.com\/noticies\/la-festa-de-la-calcotada-2022-tot-un-exit-de-participacio-i-organitzacio\/","url":"https:\/\/fruitssp.com\/noticies\/la-festa-de-la-calcotada-2022-tot-un-exit-de-participacio-i-organitzacio\/","name":"La Festa de la Cal\u00e7otada 2022, tot un \u00e8xit de participaci\u00f3 i organitzaci\u00f3 - Salses Fruits","isPartOf":{"@id":"https:\/\/fruitssp.com\/#website"},"primaryImageOfPage":{"@id":"https:\/\/fruitssp.com\/noticies\/la-festa-de-la-calcotada-2022-tot-un-exit-de-participacio-i-organitzacio\/#primaryimage"},"image":{"@id":"https:\/\/fruitssp.com\/noticies\/la-festa-de-la-calcotada-2022-tot-un-exit-de-participacio-i-organitzacio\/#primaryimage"},"thumbnailUrl":"https:\/\/fruitssp.com\/wp-content\/uploads\/2022\/02\/1643026047968.jpg","datePublished":"2022-01-25T14:11:24+00:00","dateModified":"2022-12-06T10:31:30+00:00","breadcrumb":{"@id":"https:\/\/fruitssp.com\/noticies\/la-festa-de-la-calcotada-2022-tot-un-exit-de-participacio-i-organitzacio\/#breadcrumb"},"inLanguage":"es","potentialAction":[{"@type":"ReadAction","target":["https:\/\/fruitssp.com\/noticies\/la-festa-de-la-calcotada-2022-tot-un-exit-de-participacio-i-organitzacio\/"]}]},{"@type":"ImageObject","inLanguage":"es","@id":"https:\/\/fruitssp.com\/noticies\/la-festa-de-la-calcotada-2022-tot-un-exit-de-participacio-i-organitzacio\/#primaryimage","url":"https:\/\/fruitssp.com\/wp-content\/uploads\/2022\/02\/1643026047968.jpg","contentUrl":"https:\/\/fruitssp.com\/wp-content\/uploads\/2022\/02\/1643026047968.jpg","width":2000,"height":1500},{"@type":"BreadcrumbList","@id":"https:\/\/fruitssp.com\/noticies\/la-festa-de-la-calcotada-2022-tot-un-exit-de-participacio-i-organitzacio\/#breadcrumb","itemListElement":[{"@type":"ListItem","position":1,"name":"Inici","item":"https:\/\/fruitssp.com\/"},{"@type":"ListItem","position":2,"name":"La Festa de la Cal\u00e7otada 2022, tot un \u00e8xit de participaci\u00f3 i organitzaci\u00f3"}]},{"@type":"WebSite","@id":"https:\/\/fruitssp.com\/#website","url":"https:\/\/fruitssp.com\/","name":"FruitsSP","description":"Salsas y productos frescos y naturales, de la tierra del cal\u00e7ot","publisher":{"@id":"https:\/\/fruitssp.com\/#organization"},"potentialAction":[{"@type":"SearchAction","target":{"@type":"EntryPoint","urlTemplate":"https:\/\/fruitssp.com\/?s={search_term_string}"},"query-input":{"@type":"PropertyValueSpecification","valueRequired":true,"valueName":"search_term_string"}}],"inLanguage":"es"},{"@type":"Organization","@id":"https:\/\/fruitssp.com\/#organization","name":"Salsas Frutos S &amp; P","url":"https:\/\/fruitssp.com\/","logo":{"@type":"ImageObject","inLanguage":"es","@id":"https:\/\/fruitssp.com\/#\/schema\/logo\/image\/","url":"https:\/\/fruitssp.com\/wp-content\/uploads\/2022\/12\/logoFruits_472x406.png","contentUrl":"https:\/\/fruitssp.com\/wp-content\/uploads\/2022\/12\/logoFruits_472x406.png","width":472,"height":406,"caption":"Salses Fruits S&P"},"image":{"@id":"https:\/\/fruitssp.com\/#\/schema\/logo\/image\/"},"sameAs":["https:\/\/www.facebook.com\/Salses-Fruits-SP-1137777022906379\/","https:\/\/www.instagram.com\/salsesfruitssp\/","https:\/\/www.linkedin.com\/company\/salses-fruits-s-i-p-sl\/"]},{"@type":"Person","@id":"https:\/\/fruitssp.com\/#\/schema\/person\/74f4a70f480644ed06e5945c13b509c8","name":"fruitssp"}]}},"_links":{"self":[{"href":"https:\/\/fruitssp.com\/es\/wp-json\/wp\/v2\/posts\/11646","targetHints":{"allow":["GET"]}}],"collection":[{"href":"https:\/\/fruitssp.com\/es\/wp-json\/wp\/v2\/posts"}],"about":[{"href":"https:\/\/fruitssp.com\/es\/wp-json\/wp\/v2\/types\/post"}],"author":[{"embeddable":true,"href":"https:\/\/fruitssp.com\/es\/wp-json\/wp\/v2\/users\/1"}],"replies":[{"embeddable":true,"href":"https:\/\/fruitssp.com\/es\/wp-json\/wp\/v2\/comments?post=11646"}],"version-history":[{"count":0,"href":"https:\/\/fruitssp.com\/es\/wp-json\/wp\/v2\/posts\/11646\/revisions"}],"wp:featuredmedia":[{"embeddable":true,"href":"https:\/\/fruitssp.com\/es\/wp-json\/wp\/v2\/media\/11648"}],"wp:attachment":[{"href":"https:\/\/fruitssp.com\/es\/wp-json\/wp\/v2\/media?parent=11646"}],"wp:term":[{"taxonomy":"category","embeddable":true,"href":"https:\/\/fruitssp.com\/es\/wp-json\/wp\/v2\/categories?post=11646"},{"taxonomy":"post_tag","embeddable":true,"href":"https:\/\/fruitssp.com\/es\/wp-json\/wp\/v2\/tags?post=11646"}],"curies":[{"name":"wp","href":"https:\/\/api.w.org\/{rel}","templated":true}]}}