{"id":11892,"date":"2022-02-16T13:22:48","date_gmt":"2022-02-16T13:22:48","guid":{"rendered":"https:\/\/fruitssp.com\/?p=11892"},"modified":"2022-02-25T12:29:20","modified_gmt":"2022-02-25T12:29:20","slug":"salses-fruits-sp-recomanat-per-paula-moles-al-programa-de-catalunya-radio","status":"publish","type":"post","link":"https:\/\/fruitssp.com\/es\/noticies\/salses-fruits-sp-recomanat-per-paula-moles-al-programa-de-catalunya-radio\/","title":{"rendered":"Salsas Fruits S&amp;P recomendado por Paula Mol\u00e9s en el programa de Catalunya R\u00e0dio"},"content":{"rendered":"<p><img loading=\"lazy\" decoding=\"async\" class=\"alignnone size-full wp-image-11654\" src=\"https:\/\/fruitssp.com\/wp-content\/uploads\/2022\/02\/fruitssp-inici-calcots-fons.jpg\" alt=\"\" width=\"1920\" height=\"1442\" srcset=\"https:\/\/fruitssp.com\/wp-content\/uploads\/2022\/02\/fruitssp-inici-calcots-fons.jpg 1920w, https:\/\/fruitssp.com\/wp-content\/uploads\/2022\/02\/fruitssp-inici-calcots-fons-300x225.jpg 300w, https:\/\/fruitssp.com\/wp-content\/uploads\/2022\/02\/fruitssp-inici-calcots-fons-1024x769.jpg 1024w, https:\/\/fruitssp.com\/wp-content\/uploads\/2022\/02\/fruitssp-inici-calcots-fons-1536x1154.jpg 1536w, https:\/\/fruitssp.com\/wp-content\/uploads\/2022\/02\/fruitssp-inici-calcots-fons-16x12.jpg 16w, https:\/\/fruitssp.com\/wp-content\/uploads\/2022\/02\/fruitssp-inici-calcots-fons-600x451.jpg 600w, https:\/\/fruitssp.com\/wp-content\/uploads\/2022\/02\/fruitssp-inici-calcots-fons-768x577.jpg 768w, https:\/\/fruitssp.com\/wp-content\/uploads\/2022\/02\/fruitssp-inici-calcots-fons-900x676.jpg 900w\" sizes=\"auto, (max-width: 1920px) 100vw, 1920px\" \/><\/p>\n<p>&nbsp;<\/p>\n<p>El pasado domingo 13 de febrero, los presentadores y presentadoras del programa \u201c<a href=\"https:\/\/www.ccma.cat\/catradio\/alacarta\/restaurant-canibal\/cuina-en-perill-dextincio-apadrina-un-plat\/audio\/1125405\/?ext=SMA_WP_F4_CE24_\"><strong>Un restaurante can\u00edbal en Berl\u00edn<\/strong><\/a>\u201d de <strong>Catalu\u00f1a Radio<\/strong> hicieron una especial menci\u00f3n a la <strong>salsa de romesco de Salsas Frutos S&amp;P<\/strong>.<\/p>\n<p>Durante el programa en el que estaban hablando de c\u00f3mo hacer una cal\u00e7otada, la presentadora <strong>Paula Mol\u00e9s<\/strong>, hace un inciso para hablar de la salsa de romesco o de cal\u00e7otada Salsas Fruits S&amp;P. Lo define como \u201c<strong>un romesco maravilloso, muchos restaurantes ya quisieran este romesco<\/strong>\u201c.<\/p>\n<p>Desde <strong>Salses Fruits S&amp;P<\/strong>, queremos agradecer esta especial menci\u00f3n a la nuestra <strong>salsa de romesco y de cal\u00e7ot<\/strong>, una salsa fresca hecha artesanalmente y siguiendo la receta familiar.<\/p>\n<p>&nbsp;<\/p>\n<p>Puede escuchar el programa entero a continuaci\u00f3n (especial cal\u00e7otada minuto 35).<\/p>\n<p>&nbsp;<\/p>\n<p><iframe loading=\"lazy\" src=\"https:\/\/www.ccma.cat\/audio\/embed\/1125405\/\" width=\"500px\" height=\"281px\" frameborder=\"0\" scrolling=\"no\" allowfullscreen=\"allowfullscreen\"><\/iframe><\/p>\n<p>&nbsp;<\/p>\n<p>&nbsp;<\/p>\n<style>\n.w-blogpost-preview{background-image:none!important;background-color: transparent!important;}.w-blogpost{padding: 0!important;}.w-blogpost::after{background:none!important;}.w-blogpost h1{color: #29b28f!important;}.w-blogpost-meta *{color:#000000!important;}<\/style>\n<div style=\"display: none;\">\n<h2>Finaliza la 15\u00aa<\/h2>\n<h3>Finaliza la 15\u00aa<\/h3>\n<p>En primer lugar,. En primer lugar,. En primer lugar,. En primer lugar,. En primer lugar,. En primer lugar,. En primer lugar,. En primer lugar,. En primer lugar,. En primer lugar,. En primer lugar,. En primer lugar,. En primer lugar,. En primer lugar,. En primer lugar,. En primer lugar,. En primer lugar,. En primer lugar,. En primer lugar,. En primer lugar,. En primer lugar,. En primer lugar,. En primer lugar,. En primer lugar,. En primer lugar,. En primer lugar,. En primer lugar,. En primer lugar,. En primer lugar,. En primer lugar,. En primer lugar,. En primer lugar,. En primer lugar,. En primer lugar,. En primer lugar,. En primer lugar,. En primer lugar,. En primer lugar,. En primer lugar,. En primer lugar,.<\/p>\n<p>En primer lugar, oramos ipsum dolor sit amet, consectetur adipiscing \u00e9lite. In vestibulum pretium nisi vehicula congue. Curabitur lobortis tristique neque, quis puerta nisi tempus quis. Donec ultrices posuere \u00e9lite, sit amet tincidunt Orci consectetur quis. Mauris rhoncus tristique facil\u00edsimo. Por un lado, t congue v\u00e9lites velita, te faucibus l\u00edgulas volutpat te. A\u00fan as\u00ed, urabitur VENENATA ante quis elementum pellentesque. In a pretium sapien. Empiezan las cal\u00e7otades. Aliquam erat volutpat. Donec Viverra cursus Gravida. Fusce accumsan sed leo vitae tempus. Las picaduras m\u00e1s frescas <a href=\"https:\/\/tgd.cat\">TGDigital<\/a><a href=\"\/es\/\">frutos<\/a><\/p>\n<h3>Finaliza la 15\u00aa<\/h3>\n<p>Cabe decir que am CONVALLARIA libero non Turpin bibendum, vitae porttitor ex Orna. Por ejemplo, Raes consecuente Interdum ante, quis pellentesque sapien aliquet eu. Por un lado, ed commodo rhoncus magna velo aliquet. En tercer lugar, n hac habitasse platea dictumst. Phasellus ARCU leo, aliquet quis consecuente id, temporarias velo ARCU. Duis vulputate dign\u00edsimo placeres. Nulamente varices ARCU eu lorem rutrum scelerisque a vitae lectus. Sin ir m\u00e1s lejos, n vulputate at Turpin ac porttitor. Morbi aliquet bibendum odio, te rutrum tellus dapibus sit amet. Por \u00faltimo, Ruis sed m\u00ed quis ARCU.<\/p>\n<h3>cal\u00e7ots cocidos<\/h3>\n<p>Aunque no valencianos, ntegro sit amet placeres risus. A pesar de ello, ulla facil\u00edsimo. En segundo lugar, Oneca nec ipsum augue. Por otra parte, ivamus eros ex, ultrices mollis bibendum at, elementum sed lectus. Sin embargo, urabitur quis augue ac tellus tincidunt hendrerit. Donec erat purus, solicitud vitae v\u00e9lites vitae, feugiat dapibus diam. Cabe decir que Maecenas faucibus demasiado vitae erat elementum consectetur. Quisque finibus, purus velo Interdum vulputate, neque leo ultrices nisi, sed facil\u00edsimo nibh purus eget quam. Nunc nec libero eros. Las picaduras m\u00e1s frescas, por ejemplo. Sin ir m\u00e1s lejos, la picadura es buen\u00edsima. Nos encantar\u00eda que la orzata fuera probada por todos los comensales y, por supuesto, para todos los gourmands. Quisi\u00e9ramos, claro, hacerla conocida. Es por ello que la hacemos tan buena.<\/p>\n<h3>cal\u00e7ots cocidos<\/h3>\n<p>En primer lugar,. En primer lugar,. En primer lugar,. En primer lugar,. En primer lugar,. En primer lugar,. En primer lugar,. En primer lugar,. En primer lugar,. En primer lugar,. En primer lugar,. En primer lugar,. En primer lugar,. En primer lugar,. En primer lugar,. En primer lugar,. En primer lugar,. En primer lugar,. En primer lugar,. En primer lugar,. En primer lugar,. En primer lugar,.<\/p>\n<\/div>","protected":false},"excerpt":{"rendered":"<p>&nbsp; El pasado domingo 13 de febrero, los presentadores y presentadoras del programa \u201cUn restaurante can\u00edbal en Berl\u00edn\u201d de Catalunya R\u00e0dio hicieron especial menci\u00f3n a la salsa de romesco de Salsas Fruits S&amp;P. Durante el programa en el que estaban hablando de c\u00f3mo hacer una cal\u00e7otada, la presentadora Paula Mol\u00e9s, hace un inciso\u2026<\/p>","protected":false},"author":1,"featured_media":11654,"comment_status":"closed","ping_status":"closed","sticky":false,"template":"","format":"standard","meta":{"inline_featured_image":false,"footnotes":""},"categories":[1],"tags":[],"class_list":["post-11892","post","type-post","status-publish","format-standard","has-post-thumbnail","hentry","category-noticies"],"yoast_head":"<!-- This site is optimized with the Yoast SEO plugin v26.7 - https:\/\/yoast.com\/wordpress\/plugins\/seo\/ -->\n<title>Salses Fruits S&amp;P recomanat per Paula Mol\u00e9s al programa de Catalunya R\u00e0dio - Salses Fruits<\/title>\n<meta name=\"robots\" content=\"index, follow, max-snippet:-1, max-image-preview:large, max-video-preview:-1\" \/>\n<link rel=\"canonical\" href=\"https:\/\/fruitssp.com\/es\/noticies\/salses-fruits-sp-recomanat-per-paula-moles-al-programa-de-catalunya-radio\/\" \/>\n<meta property=\"og:locale\" content=\"es_ES\" \/>\n<meta property=\"og:type\" content=\"article\" \/>\n<meta property=\"og:title\" content=\"Salses Fruits S&amp;P recomanat per Paula Mol\u00e9s al programa de Catalunya R\u00e0dio - Salses Fruits\" \/>\n<meta property=\"og:description\" content=\"&nbsp; El passat diumenge 13 de febrer, els presentadors i presentadores del programa &#8220;Un restaurant can\u00edbal a Berl\u00edn&#8221; de Catalunya R\u00e0dio van fer una especial menci\u00f3 a la salsa de romesco de Salses Fruits S&amp;P. Durant el programa en qu\u00e8 estaven parlant de com fer una cal\u00e7otada, la presentadora Paula Mol\u00e9s, fa un inc\u00eds per...\" \/>\n<meta property=\"og:url\" content=\"https:\/\/fruitssp.com\/es\/noticies\/salses-fruits-sp-recomanat-per-paula-moles-al-programa-de-catalunya-radio\/\" \/>\n<meta property=\"og:site_name\" content=\"Salses Fruits\" \/>\n<meta property=\"article:publisher\" content=\"https:\/\/www.facebook.com\/Salses-Fruits-SP-1137777022906379\/\" \/>\n<meta property=\"article:published_time\" content=\"2022-02-16T13:22:48+00:00\" \/>\n<meta property=\"article:modified_time\" content=\"2022-02-25T12:29:20+00:00\" \/>\n<meta property=\"og:image\" content=\"https:\/\/fruitssp.com\/wp-content\/uploads\/2022\/02\/fruitssp-inici-calcots-fons.jpg\" \/>\n\t<meta property=\"og:image:width\" content=\"1920\" \/>\n\t<meta property=\"og:image:height\" content=\"1442\" \/>\n\t<meta property=\"og:image:type\" content=\"image\/jpeg\" \/>\n<meta name=\"author\" content=\"fruitssp\" \/>\n<meta name=\"twitter:card\" content=\"summary_large_image\" \/>\n<meta name=\"twitter:label1\" content=\"Escrito por\" \/>\n\t<meta name=\"twitter:data1\" content=\"fruitssp\" \/>\n\t<meta name=\"twitter:label2\" content=\"Tiempo de lectura\" \/>\n\t<meta name=\"twitter:data2\" content=\"4 minutos\" \/>\n<!-- \/ Yoast SEO plugin. -->","yoast_head_json":{"title":"Salses Fruits S&P recomanat per Paula Mol\u00e9s al programa de Catalunya R\u00e0dio - Salses Fruits","robots":{"index":"index","follow":"follow","max-snippet":"max-snippet:-1","max-image-preview":"max-image-preview:large","max-video-preview":"max-video-preview:-1"},"canonical":"https:\/\/fruitssp.com\/es\/noticies\/salses-fruits-sp-recomanat-per-paula-moles-al-programa-de-catalunya-radio\/","og_locale":"es_ES","og_type":"article","og_title":"Salses Fruits S&P recomanat per Paula Mol\u00e9s al programa de Catalunya R\u00e0dio - Salses Fruits","og_description":"&nbsp; El passat diumenge 13 de febrer, els presentadors i presentadores del programa &#8220;Un restaurant can\u00edbal a Berl\u00edn&#8221; de Catalunya R\u00e0dio van fer una especial menci\u00f3 a la salsa de romesco de Salses Fruits S&amp;P. Durant el programa en qu\u00e8 estaven parlant de com fer una cal\u00e7otada, la presentadora Paula Mol\u00e9s, fa un inc\u00eds per...","og_url":"https:\/\/fruitssp.com\/es\/noticies\/salses-fruits-sp-recomanat-per-paula-moles-al-programa-de-catalunya-radio\/","og_site_name":"Salses Fruits","article_publisher":"https:\/\/www.facebook.com\/Salses-Fruits-SP-1137777022906379\/","article_published_time":"2022-02-16T13:22:48+00:00","article_modified_time":"2022-02-25T12:29:20+00:00","og_image":[{"width":1920,"height":1442,"url":"https:\/\/fruitssp.com\/wp-content\/uploads\/2022\/02\/fruitssp-inici-calcots-fons.jpg","type":"image\/jpeg"}],"author":"fruitssp","twitter_card":"summary_large_image","twitter_misc":{"Escrito por":"fruitssp","Tiempo de lectura":"4 minutos"},"schema":{"@context":"https:\/\/schema.org","@graph":[{"@type":"Article","@id":"https:\/\/fruitssp.com\/noticies\/salses-fruits-sp-recomanat-per-paula-moles-al-programa-de-catalunya-radio\/#article","isPartOf":{"@id":"https:\/\/fruitssp.com\/noticies\/salses-fruits-sp-recomanat-per-paula-moles-al-programa-de-catalunya-radio\/"},"author":{"name":"fruitssp","@id":"https:\/\/fruitssp.com\/#\/schema\/person\/74f4a70f480644ed06e5945c13b509c8"},"headline":"Salses Fruits S&#038;P recomanat per Paula Mol\u00e9s al programa de Catalunya R\u00e0dio","datePublished":"2022-02-16T13:22:48+00:00","dateModified":"2022-02-25T12:29:20+00:00","mainEntityOfPage":{"@id":"https:\/\/fruitssp.com\/noticies\/salses-fruits-sp-recomanat-per-paula-moles-al-programa-de-catalunya-radio\/"},"wordCount":668,"publisher":{"@id":"https:\/\/fruitssp.com\/#organization"},"image":{"@id":"https:\/\/fruitssp.com\/noticies\/salses-fruits-sp-recomanat-per-paula-moles-al-programa-de-catalunya-radio\/#primaryimage"},"thumbnailUrl":"https:\/\/fruitssp.com\/wp-content\/uploads\/2022\/02\/fruitssp-inici-calcots-fons.jpg","articleSection":["Noticies"],"inLanguage":"es"},{"@type":"WebPage","@id":"https:\/\/fruitssp.com\/noticies\/salses-fruits-sp-recomanat-per-paula-moles-al-programa-de-catalunya-radio\/","url":"https:\/\/fruitssp.com\/noticies\/salses-fruits-sp-recomanat-per-paula-moles-al-programa-de-catalunya-radio\/","name":"Salses Fruits S&P recomanat per Paula Mol\u00e9s al programa de Catalunya R\u00e0dio - Salses Fruits","isPartOf":{"@id":"https:\/\/fruitssp.com\/#website"},"primaryImageOfPage":{"@id":"https:\/\/fruitssp.com\/noticies\/salses-fruits-sp-recomanat-per-paula-moles-al-programa-de-catalunya-radio\/#primaryimage"},"image":{"@id":"https:\/\/fruitssp.com\/noticies\/salses-fruits-sp-recomanat-per-paula-moles-al-programa-de-catalunya-radio\/#primaryimage"},"thumbnailUrl":"https:\/\/fruitssp.com\/wp-content\/uploads\/2022\/02\/fruitssp-inici-calcots-fons.jpg","datePublished":"2022-02-16T13:22:48+00:00","dateModified":"2022-02-25T12:29:20+00:00","breadcrumb":{"@id":"https:\/\/fruitssp.com\/noticies\/salses-fruits-sp-recomanat-per-paula-moles-al-programa-de-catalunya-radio\/#breadcrumb"},"inLanguage":"es","potentialAction":[{"@type":"ReadAction","target":["https:\/\/fruitssp.com\/noticies\/salses-fruits-sp-recomanat-per-paula-moles-al-programa-de-catalunya-radio\/"]}]},{"@type":"ImageObject","inLanguage":"es","@id":"https:\/\/fruitssp.com\/noticies\/salses-fruits-sp-recomanat-per-paula-moles-al-programa-de-catalunya-radio\/#primaryimage","url":"https:\/\/fruitssp.com\/wp-content\/uploads\/2022\/02\/fruitssp-inici-calcots-fons.jpg","contentUrl":"https:\/\/fruitssp.com\/wp-content\/uploads\/2022\/02\/fruitssp-inici-calcots-fons.jpg","width":1920,"height":1442},{"@type":"BreadcrumbList","@id":"https:\/\/fruitssp.com\/noticies\/salses-fruits-sp-recomanat-per-paula-moles-al-programa-de-catalunya-radio\/#breadcrumb","itemListElement":[{"@type":"ListItem","position":1,"name":"Inici","item":"https:\/\/fruitssp.com\/"},{"@type":"ListItem","position":2,"name":"Salses Fruits S&#038;P recomanat per Paula Mol\u00e9s al programa de Catalunya R\u00e0dio"}]},{"@type":"WebSite","@id":"https:\/\/fruitssp.com\/#website","url":"https:\/\/fruitssp.com\/","name":"FruitsSP","description":"Salsas y productos frescos y naturales, de la tierra del cal\u00e7ot","publisher":{"@id":"https:\/\/fruitssp.com\/#organization"},"potentialAction":[{"@type":"SearchAction","target":{"@type":"EntryPoint","urlTemplate":"https:\/\/fruitssp.com\/?s={search_term_string}"},"query-input":{"@type":"PropertyValueSpecification","valueRequired":true,"valueName":"search_term_string"}}],"inLanguage":"es"},{"@type":"Organization","@id":"https:\/\/fruitssp.com\/#organization","name":"Salsas Frutos S &amp; P","url":"https:\/\/fruitssp.com\/","logo":{"@type":"ImageObject","inLanguage":"es","@id":"https:\/\/fruitssp.com\/#\/schema\/logo\/image\/","url":"https:\/\/fruitssp.com\/wp-content\/uploads\/2022\/12\/logoFruits_472x406.png","contentUrl":"https:\/\/fruitssp.com\/wp-content\/uploads\/2022\/12\/logoFruits_472x406.png","width":472,"height":406,"caption":"Salses Fruits S&P"},"image":{"@id":"https:\/\/fruitssp.com\/#\/schema\/logo\/image\/"},"sameAs":["https:\/\/www.facebook.com\/Salses-Fruits-SP-1137777022906379\/","https:\/\/www.instagram.com\/salsesfruitssp\/","https:\/\/www.linkedin.com\/company\/salses-fruits-s-i-p-sl\/"]},{"@type":"Person","@id":"https:\/\/fruitssp.com\/#\/schema\/person\/74f4a70f480644ed06e5945c13b509c8","name":"fruitssp"}]}},"_links":{"self":[{"href":"https:\/\/fruitssp.com\/es\/wp-json\/wp\/v2\/posts\/11892","targetHints":{"allow":["GET"]}}],"collection":[{"href":"https:\/\/fruitssp.com\/es\/wp-json\/wp\/v2\/posts"}],"about":[{"href":"https:\/\/fruitssp.com\/es\/wp-json\/wp\/v2\/types\/post"}],"author":[{"embeddable":true,"href":"https:\/\/fruitssp.com\/es\/wp-json\/wp\/v2\/users\/1"}],"replies":[{"embeddable":true,"href":"https:\/\/fruitssp.com\/es\/wp-json\/wp\/v2\/comments?post=11892"}],"version-history":[{"count":0,"href":"https:\/\/fruitssp.com\/es\/wp-json\/wp\/v2\/posts\/11892\/revisions"}],"wp:featuredmedia":[{"embeddable":true,"href":"https:\/\/fruitssp.com\/es\/wp-json\/wp\/v2\/media\/11654"}],"wp:attachment":[{"href":"https:\/\/fruitssp.com\/es\/wp-json\/wp\/v2\/media?parent=11892"}],"wp:term":[{"taxonomy":"category","embeddable":true,"href":"https:\/\/fruitssp.com\/es\/wp-json\/wp\/v2\/categories?post=11892"},{"taxonomy":"post_tag","embeddable":true,"href":"https:\/\/fruitssp.com\/es\/wp-json\/wp\/v2\/tags?post=11892"}],"curies":[{"name":"wp","href":"https:\/\/api.w.org\/{rel}","templated":true}]}}