{"id":12032,"date":"2022-03-07T16:03:14","date_gmt":"2022-03-07T16:03:14","guid":{"rendered":"https:\/\/fruitssp.com\/?p=12032"},"modified":"2022-03-30T08:49:16","modified_gmt":"2022-03-30T08:49:16","slug":"salses-fruits-sp-participa-a-la-vi-edicio-de-lexperiencia-soulblim-la-calcotada-de-productors-km0","status":"publish","type":"post","link":"https:\/\/fruitssp.com\/es\/noticies\/salses-fruits-sp-participa-a-la-vi-edicio-de-lexperiencia-soulblim-la-calcotada-de-productors-km0\/","title":{"rendered":"Salsas Fruits S&amp;P participa en la VI edici\u00f3n de la Experiencia Soulblim, la cal\u00e7otada de productores km0"},"content":{"rendered":"<p><img loading=\"lazy\" decoding=\"async\" class=\"alignnone size-full wp-image-12033\" src=\"https:\/\/fruitssp.com\/wp-content\/uploads\/2022\/03\/soulblim-salses-fruits-sp1.jpg\" alt=\"\" width=\"2048\" height=\"1365\" srcset=\"https:\/\/fruitssp.com\/wp-content\/uploads\/2022\/03\/soulblim-salses-fruits-sp1.jpg 2048w, https:\/\/fruitssp.com\/wp-content\/uploads\/2022\/03\/soulblim-salses-fruits-sp1-300x200.jpg 300w, https:\/\/fruitssp.com\/wp-content\/uploads\/2022\/03\/soulblim-salses-fruits-sp1-1024x683.jpg 1024w, https:\/\/fruitssp.com\/wp-content\/uploads\/2022\/03\/soulblim-salses-fruits-sp1-1536x1024.jpg 1536w, https:\/\/fruitssp.com\/wp-content\/uploads\/2022\/03\/soulblim-salses-fruits-sp1-18x12.jpg 18w, https:\/\/fruitssp.com\/wp-content\/uploads\/2022\/03\/soulblim-salses-fruits-sp1-600x400.jpg 600w, https:\/\/fruitssp.com\/wp-content\/uploads\/2022\/03\/soulblim-salses-fruits-sp1-768x512.jpg 768w, https:\/\/fruitssp.com\/wp-content\/uploads\/2022\/03\/soulblim-salses-fruits-sp1-900x600.jpg 900w\" sizes=\"auto, (max-width: 2048px) 100vw, 2048px\" \/><\/p>\n<p>&nbsp;<\/p>\n<p><strong>El pasado 22 de febrero de 2022, se celebr\u00f3 una nueva edici\u00f3n del evento Experiencia <a href=\"https:\/\/soulblimnature.com\/\" target=\"_blank\" rel=\"noopener\">Soulblim<\/a> en Gav\u00e0.<\/strong><\/p>\n<p>Este evento, re\u00fane a productores y proveedores del sector de la gastronom\u00eda en los campos del Parque Agrario del Baix Llobregat. Durante el evento, todos los participantes pudieron presentar sus productos, as\u00ed como disfrutar de una <strong>cal\u00e7otada con la salsa fresca de Salsas Fruits S&amp;P<\/strong>.<\/p>\n<p>Los proveedores que participaron, fueron Cava Gramona, Pan, Coques y Huevos fritos con trufa de Cal Moss\u00e8n, Vinos de La Gravera, Yogures de Pastorcillo, Carne de Natureco, Olivas Perell\u00f3, Patatas Piqu\u00e9, Vinos de Par\u00e9s Balt\u00e0, Embotit y corte de Granja Godall, Vinos y Vermut de Finca Parera, Salsas de Frutos SP, el producto fresco que ofrece Soulblim.<\/p>\n<p>Puede ver el v\u00eddeo y toda la recopilaci\u00f3n de fotos del evento en su <a href=\"https:\/\/www.facebook.com\/media\/set\/?vanity=Soulblim&amp;set=a.1073238629892776\">perfil de Facebook<\/a>.<\/p>\n<p>&nbsp;<\/p>\n<div class=\"w-gallery cols_3 link_attachment\"><div class=\"w-gallery-list\"><a class=\"w-gallery-item order_1\" href=\"https:\/\/fruitssp.com\/es\/noticies\/salses-fruits-sp-participa-a-la-vi-edicio-de-lexperiencia-soulblim-la-calcotada-de-productors-km0\/attachment\/soulblim-salses-fruits-sp5\/\" title=\"soulblim salsas frutos sp5\"><div class=\"w-gallery-item-img\"><img loading=\"lazy\" decoding=\"async\" width=\"2048\" height=\"1365\" src=\"https:\/\/fruitssp.com\/wp-content\/uploads\/2022\/03\/soulblim-salses-fruits-sp5.jpg\" class=\"attachment-default size-default\" alt=\"\" srcset=\"https:\/\/fruitssp.com\/wp-content\/uploads\/2022\/03\/soulblim-salses-fruits-sp5.jpg 2048w, https:\/\/fruitssp.com\/wp-content\/uploads\/2022\/03\/soulblim-salses-fruits-sp5-300x200.jpg 300w, https:\/\/fruitssp.com\/wp-content\/uploads\/2022\/03\/soulblim-salses-fruits-sp5-1024x683.jpg 1024w, https:\/\/fruitssp.com\/wp-content\/uploads\/2022\/03\/soulblim-salses-fruits-sp5-1536x1024.jpg 1536w, https:\/\/fruitssp.com\/wp-content\/uploads\/2022\/03\/soulblim-salses-fruits-sp5-18x12.jpg 18w, https:\/\/fruitssp.com\/wp-content\/uploads\/2022\/03\/soulblim-salses-fruits-sp5-600x400.jpg 600w, https:\/\/fruitssp.com\/wp-content\/uploads\/2022\/03\/soulblim-salses-fruits-sp5-768x512.jpg 768w, https:\/\/fruitssp.com\/wp-content\/uploads\/2022\/03\/soulblim-salses-fruits-sp5-900x600.jpg 900w\" sizes=\"auto, (max-width: 2048px) 100vw, 2048px\" \/><\/div><\/a><a class=\"w-gallery-item order_2\" href=\"https:\/\/fruitssp.com\/es\/noticies\/salses-fruits-sp-participa-a-la-vi-edicio-de-lexperiencia-soulblim-la-calcotada-de-productors-km0\/attachment\/soulblim-salses-fruits-sp6\/\" title=\"soulblim salsas frutos sp6\"><div class=\"w-gallery-item-img\"><img loading=\"lazy\" decoding=\"async\" width=\"1920\" height=\"1080\" src=\"https:\/\/fruitssp.com\/wp-content\/uploads\/2022\/03\/soulblim-salses-fruits-sp6.jpg\" class=\"attachment-default size-default\" alt=\"\" srcset=\"https:\/\/fruitssp.com\/wp-content\/uploads\/2022\/03\/soulblim-salses-fruits-sp6.jpg 1920w, https:\/\/fruitssp.com\/wp-content\/uploads\/2022\/03\/soulblim-salses-fruits-sp6-300x169.jpg 300w, https:\/\/fruitssp.com\/wp-content\/uploads\/2022\/03\/soulblim-salses-fruits-sp6-1024x576.jpg 1024w, https:\/\/fruitssp.com\/wp-content\/uploads\/2022\/03\/soulblim-salses-fruits-sp6-1536x864.jpg 1536w, https:\/\/fruitssp.com\/wp-content\/uploads\/2022\/03\/soulblim-salses-fruits-sp6-18x10.jpg 18w, https:\/\/fruitssp.com\/wp-content\/uploads\/2022\/03\/soulblim-salses-fruits-sp6-600x338.jpg 600w, https:\/\/fruitssp.com\/wp-content\/uploads\/2022\/03\/soulblim-salses-fruits-sp6-768x432.jpg 768w, https:\/\/fruitssp.com\/wp-content\/uploads\/2022\/03\/soulblim-salses-fruits-sp6-900x506.jpg 900w\" sizes=\"auto, (max-width: 1920px) 100vw, 1920px\" \/><\/div><\/a><a class=\"w-gallery-item order_3\" href=\"https:\/\/fruitssp.com\/es\/noticies\/salses-fruits-sp-participa-a-la-vi-edicio-de-lexperiencia-soulblim-la-calcotada-de-productors-km0\/attachment\/soulblim-salses-fruits-sp3\/\" title=\"soulblim salsas frutos sp3\"><div class=\"w-gallery-item-img\"><img loading=\"lazy\" decoding=\"async\" width=\"2048\" height=\"1365\" src=\"https:\/\/fruitssp.com\/wp-content\/uploads\/2022\/03\/soulblim-salses-fruits-sp3.jpg\" class=\"attachment-default size-default\" alt=\"\" srcset=\"https:\/\/fruitssp.com\/wp-content\/uploads\/2022\/03\/soulblim-salses-fruits-sp3.jpg 2048w, https:\/\/fruitssp.com\/wp-content\/uploads\/2022\/03\/soulblim-salses-fruits-sp3-300x200.jpg 300w, https:\/\/fruitssp.com\/wp-content\/uploads\/2022\/03\/soulblim-salses-fruits-sp3-1024x683.jpg 1024w, https:\/\/fruitssp.com\/wp-content\/uploads\/2022\/03\/soulblim-salses-fruits-sp3-1536x1024.jpg 1536w, https:\/\/fruitssp.com\/wp-content\/uploads\/2022\/03\/soulblim-salses-fruits-sp3-18x12.jpg 18w, https:\/\/fruitssp.com\/wp-content\/uploads\/2022\/03\/soulblim-salses-fruits-sp3-600x400.jpg 600w, https:\/\/fruitssp.com\/wp-content\/uploads\/2022\/03\/soulblim-salses-fruits-sp3-768x512.jpg 768w, https:\/\/fruitssp.com\/wp-content\/uploads\/2022\/03\/soulblim-salses-fruits-sp3-900x600.jpg 900w\" sizes=\"auto, (max-width: 2048px) 100vw, 2048px\" \/><\/div><\/a><a class=\"w-gallery-item order_4\" href=\"https:\/\/fruitssp.com\/es\/noticies\/salses-fruits-sp-participa-a-la-vi-edicio-de-lexperiencia-soulblim-la-calcotada-de-productors-km0\/attachment\/soulblim-salses-fruits-sp2\/\" title=\"soulblim salsas frutos sp2\"><div class=\"w-gallery-item-img\"><img loading=\"lazy\" decoding=\"async\" width=\"2048\" height=\"1365\" src=\"https:\/\/fruitssp.com\/wp-content\/uploads\/2022\/03\/soulblim-salses-fruits-sp2.jpg\" class=\"attachment-default size-default\" alt=\"\" srcset=\"https:\/\/fruitssp.com\/wp-content\/uploads\/2022\/03\/soulblim-salses-fruits-sp2.jpg 2048w, https:\/\/fruitssp.com\/wp-content\/uploads\/2022\/03\/soulblim-salses-fruits-sp2-300x200.jpg 300w, https:\/\/fruitssp.com\/wp-content\/uploads\/2022\/03\/soulblim-salses-fruits-sp2-1024x683.jpg 1024w, https:\/\/fruitssp.com\/wp-content\/uploads\/2022\/03\/soulblim-salses-fruits-sp2-1536x1024.jpg 1536w, https:\/\/fruitssp.com\/wp-content\/uploads\/2022\/03\/soulblim-salses-fruits-sp2-18x12.jpg 18w, https:\/\/fruitssp.com\/wp-content\/uploads\/2022\/03\/soulblim-salses-fruits-sp2-600x400.jpg 600w, https:\/\/fruitssp.com\/wp-content\/uploads\/2022\/03\/soulblim-salses-fruits-sp2-768x512.jpg 768w, https:\/\/fruitssp.com\/wp-content\/uploads\/2022\/03\/soulblim-salses-fruits-sp2-900x600.jpg 900w\" sizes=\"auto, (max-width: 2048px) 100vw, 2048px\" \/><\/div><\/a><a class=\"w-gallery-item order_5\" href=\"https:\/\/fruitssp.com\/es\/noticies\/salses-fruits-sp-participa-a-la-vi-edicio-de-lexperiencia-soulblim-la-calcotada-de-productors-km0\/attachment\/soulblim-salses-fruits-sp4\/\" title=\"soulblim salsas frutos sp4\"><div class=\"w-gallery-item-img\"><img loading=\"lazy\" decoding=\"async\" width=\"1920\" height=\"1080\" src=\"https:\/\/fruitssp.com\/wp-content\/uploads\/2022\/03\/soulblim-salses-fruits-sp4.jpg\" class=\"attachment-default size-default\" alt=\"\" srcset=\"https:\/\/fruitssp.com\/wp-content\/uploads\/2022\/03\/soulblim-salses-fruits-sp4.jpg 1920w, https:\/\/fruitssp.com\/wp-content\/uploads\/2022\/03\/soulblim-salses-fruits-sp4-300x169.jpg 300w, https:\/\/fruitssp.com\/wp-content\/uploads\/2022\/03\/soulblim-salses-fruits-sp4-1024x576.jpg 1024w, https:\/\/fruitssp.com\/wp-content\/uploads\/2022\/03\/soulblim-salses-fruits-sp4-1536x864.jpg 1536w, https:\/\/fruitssp.com\/wp-content\/uploads\/2022\/03\/soulblim-salses-fruits-sp4-18x10.jpg 18w, https:\/\/fruitssp.com\/wp-content\/uploads\/2022\/03\/soulblim-salses-fruits-sp4-600x338.jpg 600w, https:\/\/fruitssp.com\/wp-content\/uploads\/2022\/03\/soulblim-salses-fruits-sp4-768x432.jpg 768w, https:\/\/fruitssp.com\/wp-content\/uploads\/2022\/03\/soulblim-salses-fruits-sp4-900x506.jpg 900w\" sizes=\"auto, (max-width: 1920px) 100vw, 1920px\" \/><\/div><\/a><a class=\"w-gallery-item order_6\" href=\"https:\/\/fruitssp.com\/es\/noticies\/salses-fruits-sp-participa-a-la-vi-edicio-de-lexperiencia-soulblim-la-calcotada-de-productors-km0\/attachment\/soulblim-salses-fruits-sp7\/\" title=\"soulblim salsas frutos sp7\"><div class=\"w-gallery-item-img\"><img loading=\"lazy\" decoding=\"async\" width=\"2048\" height=\"1365\" src=\"https:\/\/fruitssp.com\/wp-content\/uploads\/2022\/03\/soulblim-salses-fruits-sp7.jpg\" class=\"attachment-default size-default\" alt=\"\" srcset=\"https:\/\/fruitssp.com\/wp-content\/uploads\/2022\/03\/soulblim-salses-fruits-sp7.jpg 2048w, https:\/\/fruitssp.com\/wp-content\/uploads\/2022\/03\/soulblim-salses-fruits-sp7-300x200.jpg 300w, https:\/\/fruitssp.com\/wp-content\/uploads\/2022\/03\/soulblim-salses-fruits-sp7-1024x683.jpg 1024w, https:\/\/fruitssp.com\/wp-content\/uploads\/2022\/03\/soulblim-salses-fruits-sp7-1536x1024.jpg 1536w, https:\/\/fruitssp.com\/wp-content\/uploads\/2022\/03\/soulblim-salses-fruits-sp7-18x12.jpg 18w, https:\/\/fruitssp.com\/wp-content\/uploads\/2022\/03\/soulblim-salses-fruits-sp7-600x400.jpg 600w, https:\/\/fruitssp.com\/wp-content\/uploads\/2022\/03\/soulblim-salses-fruits-sp7-768x512.jpg 768w, https:\/\/fruitssp.com\/wp-content\/uploads\/2022\/03\/soulblim-salses-fruits-sp7-900x600.jpg 900w\" sizes=\"auto, (max-width: 2048px) 100vw, 2048px\" \/><\/div><\/a><\/div><\/div>\n<p>&nbsp;<\/p>\n<p>Fuente informaci\u00f3n y fotogr\u00e1fico: <a href=\"https:\/\/www.facebook.com\/media\/set\/?vanity=Soulblim&amp;set=a.1073238629892776\">Soulblim<\/a><\/p>\n<p>&nbsp;<\/p>\n<p>&nbsp;<\/p>\n<style>\n.w-blogpost-preview{background-image:none!important;background-color: transparent!important;}.w-blogpost{padding: 0!important;}.w-blogpost::after{background:none!important;}.w-blogpost h1{color: #29b28f!important;}.w-blogpost-meta *{color:#000000!important;}<\/style>\n<div style=\"display: none;\">\n<h2>Finaliza la 15\u00aa<\/h2>\n<h3>Finaliza la 15\u00aa<\/h3>\n<p>En primer lugar,. En primer lugar,. En primer lugar,. En primer lugar,. En primer lugar,. En primer lugar,. En primer lugar,. En primer lugar,. En primer lugar,. En primer lugar,. En primer lugar,. En primer lugar,. En primer lugar,. En primer lugar,. En primer lugar,. En primer lugar,. En primer lugar,. En primer lugar,. En primer lugar,. En primer lugar,. En primer lugar,. En primer lugar,. En primer lugar,. En primer lugar,. En primer lugar,. En primer lugar,. En primer lugar,. En primer lugar,. En primer lugar,. En primer lugar,. En primer lugar,. En primer lugar,. En primer lugar,. En primer lugar,. En primer lugar,. En primer lugar,. En primer lugar,. En primer lugar,. En primer lugar,. En primer lugar,.<\/p>\n<p>En primer lugar, oramos ipsum dolor sit amet, consectetur adipiscing \u00e9lite. In vestibulum pretium nisi vehicula congue. Curabitur lobortis tristique neque, quis puerta nisi tempus quis. Donec ultrices posuere \u00e9lite, sit amet tincidunt Orci consectetur quis. Mauris rhoncus tristique facil\u00edsimo. Por un lado, t congue v\u00e9lites velita, te faucibus l\u00edgulas volutpat te. A\u00fan as\u00ed, urabitur VENENATA ante quis elementum pellentesque. In a pretium sapien. Empiezan las cal\u00e7otades. Aliquam erat volutpat. Donec Viverra cursus Gravida. Fusce accumsan sed leo vitae tempus. Las picaduras m\u00e1s frescas <a href=\"https:\/\/tgd.cat\">TGDigital<\/a><a href=\"\/es\/\">frutos<\/a><\/p>\n<h3>Finaliza la 15\u00aa<\/h3>\n<p>Cabe decir que am CONVALLARIA libero non Turpin bibendum, vitae porttitor ex Orna. Por ejemplo, Raes consecuente Interdum ante, quis pellentesque sapien aliquet eu. Por un lado, ed commodo rhoncus magna velo aliquet. En tercer lugar, n hac habitasse platea dictumst. Phasellus ARCU leo, aliquet quis consecuente id, temporarias velo ARCU. Duis vulputate dign\u00edsimo placeres. Nulamente varices ARCU eu lorem rutrum scelerisque a vitae lectus. Sin ir m\u00e1s lejos, n vulputate at Turpin ac porttitor. Morbi aliquet bibendum odio, te rutrum tellus dapibus sit amet. Por \u00faltimo, Ruis sed m\u00ed quis ARCU.<\/p>\n<h3>cal\u00e7ots cocidos<\/h3>\n<p>Aunque no valencianos, ntegro sit amet placeres risus. A pesar de ello, ulla facil\u00edsimo. En segundo lugar, Oneca nec ipsum augue. Por otra parte, ivamus eros ex, ultrices mollis bibendum at, elementum sed lectus. Sin embargo, urabitur quis augue ac tellus tincidunt hendrerit. Donec erat purus, solicitud vitae v\u00e9lites vitae, feugiat dapibus diam. Cabe decir que Maecenas faucibus demasiado vitae erat elementum consectetur. Quisque finibus, purus velo Interdum vulputate, neque leo ultrices nisi, sed facil\u00edsimo nibh purus eget quam. Nunc nec libero eros. Las picaduras m\u00e1s frescas, por ejemplo. Sin ir m\u00e1s lejos, la picadura es buen\u00edsima. Nos encantar\u00eda que la orzata fuera probada por todos los comensales y, por supuesto, para todos los gourmands. Quisi\u00e9ramos, claro, hacerla conocida. Es por ello que la hacemos tan buena.<\/p>\n<h3>cal\u00e7ots cocidos<\/h3>\n<p>En primer lugar,. En primer lugar,. En primer lugar,. En primer lugar,. En primer lugar,. En primer lugar,. En primer lugar,. En primer lugar,. En primer lugar,. En primer lugar,. En primer lugar,. En primer lugar,. En primer lugar,. En primer lugar,. En primer lugar,. En primer lugar,. En primer lugar,. En primer lugar,. En primer lugar,. En primer lugar,. En primer lugar,. En primer lugar,.<\/p>\n<\/div>","protected":false},"excerpt":{"rendered":"<p>&nbsp; El pasado 22 de febrero de 2022, se celebr\u00f3 una nueva edici\u00f3n del evento Experiencia Soulblim en Gav\u00e0. Este evento, re\u00fane a productores y proveedores del sector de la gastronom\u00eda en los campos del Parque Agrario del Baix Llobregat. Durante el evento, todos los participantes pudieron presentar sus productos, as\u00ed como disfrutar de una cal\u00e7otada\u2026<\/p>","protected":false},"author":1,"featured_media":12039,"comment_status":"closed","ping_status":"closed","sticky":false,"template":"","format":"standard","meta":{"inline_featured_image":false,"footnotes":""},"categories":[1],"tags":[],"class_list":["post-12032","post","type-post","status-publish","format-standard","has-post-thumbnail","hentry","category-noticies"],"yoast_head":"<!-- This site is optimized with the Yoast SEO plugin v26.7 - https:\/\/yoast.com\/wordpress\/plugins\/seo\/ -->\n<title>Salses Fruits S&amp;P participa a la VI edici\u00f3 de l&#039;Experi\u00e8ncia Soulblim, la cal\u00e7otada de productors km0 - Salses Fruits<\/title>\n<meta name=\"robots\" content=\"index, follow, max-snippet:-1, max-image-preview:large, max-video-preview:-1\" \/>\n<link rel=\"canonical\" href=\"https:\/\/fruitssp.com\/es\/noticies\/salses-fruits-sp-participa-a-la-vi-edicio-de-lexperiencia-soulblim-la-calcotada-de-productors-km0\/\" \/>\n<meta property=\"og:locale\" content=\"es_ES\" \/>\n<meta property=\"og:type\" content=\"article\" \/>\n<meta property=\"og:title\" content=\"Salses Fruits S&amp;P participa a la VI edici\u00f3 de l&#039;Experi\u00e8ncia Soulblim, la cal\u00e7otada de productors km0 - Salses Fruits\" \/>\n<meta property=\"og:description\" content=\"&nbsp; El passat 22 de febrer de 2022, es va celebrar una nova edici\u00f3 de l&#8217;esdeveniment Experi\u00e8ncia Soulblim a Gav\u00e0. Aquest esdeveniment, reuneix productors i prove\u00efdors del sector de la gastronomia als camps del Parc Agrari del Baix Llobregat. Durant l&#8217;esdeveniment, tots els participants van poder presentar els seus productes, aix\u00ed com gaudir d&#8217;una cal\u00e7otada...\" \/>\n<meta property=\"og:url\" content=\"https:\/\/fruitssp.com\/es\/noticies\/salses-fruits-sp-participa-a-la-vi-edicio-de-lexperiencia-soulblim-la-calcotada-de-productors-km0\/\" \/>\n<meta property=\"og:site_name\" content=\"Salses Fruits\" \/>\n<meta property=\"article:publisher\" content=\"https:\/\/www.facebook.com\/Salses-Fruits-SP-1137777022906379\/\" \/>\n<meta property=\"article:published_time\" content=\"2022-03-07T16:03:14+00:00\" \/>\n<meta property=\"article:modified_time\" content=\"2022-03-30T08:49:16+00:00\" \/>\n<meta property=\"og:image\" content=\"https:\/\/fruitssp.com\/wp-content\/uploads\/2022\/03\/soulblim-salses-fruits-sp7.jpg\" \/>\n\t<meta property=\"og:image:width\" content=\"2048\" \/>\n\t<meta property=\"og:image:height\" content=\"1365\" \/>\n\t<meta property=\"og:image:type\" content=\"image\/jpeg\" \/>\n<meta name=\"author\" content=\"fruitssp\" \/>\n<meta name=\"twitter:card\" content=\"summary_large_image\" \/>\n<meta name=\"twitter:label1\" content=\"Escrito por\" \/>\n\t<meta name=\"twitter:data1\" content=\"fruitssp\" \/>\n\t<meta name=\"twitter:label2\" content=\"Tiempo de lectura\" \/>\n\t<meta name=\"twitter:data2\" content=\"4 minutos\" \/>\n<!-- \/ Yoast SEO plugin. -->","yoast_head_json":{"title":"Salses Fruits S&P participa a la VI edici\u00f3 de l'Experi\u00e8ncia Soulblim, la cal\u00e7otada de productors km0 - Salses Fruits","robots":{"index":"index","follow":"follow","max-snippet":"max-snippet:-1","max-image-preview":"max-image-preview:large","max-video-preview":"max-video-preview:-1"},"canonical":"https:\/\/fruitssp.com\/es\/noticies\/salses-fruits-sp-participa-a-la-vi-edicio-de-lexperiencia-soulblim-la-calcotada-de-productors-km0\/","og_locale":"es_ES","og_type":"article","og_title":"Salses Fruits S&P participa a la VI edici\u00f3 de l'Experi\u00e8ncia Soulblim, la cal\u00e7otada de productors km0 - Salses Fruits","og_description":"&nbsp; El passat 22 de febrer de 2022, es va celebrar una nova edici\u00f3 de l&#8217;esdeveniment Experi\u00e8ncia Soulblim a Gav\u00e0. Aquest esdeveniment, reuneix productors i prove\u00efdors del sector de la gastronomia als camps del Parc Agrari del Baix Llobregat. Durant l&#8217;esdeveniment, tots els participants van poder presentar els seus productes, aix\u00ed com gaudir d&#8217;una cal\u00e7otada...","og_url":"https:\/\/fruitssp.com\/es\/noticies\/salses-fruits-sp-participa-a-la-vi-edicio-de-lexperiencia-soulblim-la-calcotada-de-productors-km0\/","og_site_name":"Salses Fruits","article_publisher":"https:\/\/www.facebook.com\/Salses-Fruits-SP-1137777022906379\/","article_published_time":"2022-03-07T16:03:14+00:00","article_modified_time":"2022-03-30T08:49:16+00:00","og_image":[{"width":2048,"height":1365,"url":"https:\/\/fruitssp.com\/wp-content\/uploads\/2022\/03\/soulblim-salses-fruits-sp7.jpg","type":"image\/jpeg"}],"author":"fruitssp","twitter_card":"summary_large_image","twitter_misc":{"Escrito por":"fruitssp","Tiempo de lectura":"4 minutos"},"schema":{"@context":"https:\/\/schema.org","@graph":[{"@type":"Article","@id":"https:\/\/fruitssp.com\/noticies\/salses-fruits-sp-participa-a-la-vi-edicio-de-lexperiencia-soulblim-la-calcotada-de-productors-km0\/#article","isPartOf":{"@id":"https:\/\/fruitssp.com\/noticies\/salses-fruits-sp-participa-a-la-vi-edicio-de-lexperiencia-soulblim-la-calcotada-de-productors-km0\/"},"author":{"name":"fruitssp","@id":"https:\/\/fruitssp.com\/#\/schema\/person\/74f4a70f480644ed06e5945c13b509c8"},"headline":"Salses Fruits S&#038;P participa a la VI edici\u00f3 de l&#8217;Experi\u00e8ncia Soulblim, la cal\u00e7otada de productors km0","datePublished":"2022-03-07T16:03:14+00:00","dateModified":"2022-03-30T08:49:16+00:00","mainEntityOfPage":{"@id":"https:\/\/fruitssp.com\/noticies\/salses-fruits-sp-participa-a-la-vi-edicio-de-lexperiencia-soulblim-la-calcotada-de-productors-km0\/"},"wordCount":697,"publisher":{"@id":"https:\/\/fruitssp.com\/#organization"},"image":{"@id":"https:\/\/fruitssp.com\/noticies\/salses-fruits-sp-participa-a-la-vi-edicio-de-lexperiencia-soulblim-la-calcotada-de-productors-km0\/#primaryimage"},"thumbnailUrl":"https:\/\/fruitssp.com\/wp-content\/uploads\/2022\/03\/soulblim-salses-fruits-sp7.jpg","articleSection":["Noticies"],"inLanguage":"es"},{"@type":"WebPage","@id":"https:\/\/fruitssp.com\/noticies\/salses-fruits-sp-participa-a-la-vi-edicio-de-lexperiencia-soulblim-la-calcotada-de-productors-km0\/","url":"https:\/\/fruitssp.com\/noticies\/salses-fruits-sp-participa-a-la-vi-edicio-de-lexperiencia-soulblim-la-calcotada-de-productors-km0\/","name":"Salses Fruits S&P participa a la VI edici\u00f3 de l'Experi\u00e8ncia Soulblim, la cal\u00e7otada de productors km0 - Salses Fruits","isPartOf":{"@id":"https:\/\/fruitssp.com\/#website"},"primaryImageOfPage":{"@id":"https:\/\/fruitssp.com\/noticies\/salses-fruits-sp-participa-a-la-vi-edicio-de-lexperiencia-soulblim-la-calcotada-de-productors-km0\/#primaryimage"},"image":{"@id":"https:\/\/fruitssp.com\/noticies\/salses-fruits-sp-participa-a-la-vi-edicio-de-lexperiencia-soulblim-la-calcotada-de-productors-km0\/#primaryimage"},"thumbnailUrl":"https:\/\/fruitssp.com\/wp-content\/uploads\/2022\/03\/soulblim-salses-fruits-sp7.jpg","datePublished":"2022-03-07T16:03:14+00:00","dateModified":"2022-03-30T08:49:16+00:00","breadcrumb":{"@id":"https:\/\/fruitssp.com\/noticies\/salses-fruits-sp-participa-a-la-vi-edicio-de-lexperiencia-soulblim-la-calcotada-de-productors-km0\/#breadcrumb"},"inLanguage":"es","potentialAction":[{"@type":"ReadAction","target":["https:\/\/fruitssp.com\/noticies\/salses-fruits-sp-participa-a-la-vi-edicio-de-lexperiencia-soulblim-la-calcotada-de-productors-km0\/"]}]},{"@type":"ImageObject","inLanguage":"es","@id":"https:\/\/fruitssp.com\/noticies\/salses-fruits-sp-participa-a-la-vi-edicio-de-lexperiencia-soulblim-la-calcotada-de-productors-km0\/#primaryimage","url":"https:\/\/fruitssp.com\/wp-content\/uploads\/2022\/03\/soulblim-salses-fruits-sp7.jpg","contentUrl":"https:\/\/fruitssp.com\/wp-content\/uploads\/2022\/03\/soulblim-salses-fruits-sp7.jpg","width":2048,"height":1365},{"@type":"BreadcrumbList","@id":"https:\/\/fruitssp.com\/noticies\/salses-fruits-sp-participa-a-la-vi-edicio-de-lexperiencia-soulblim-la-calcotada-de-productors-km0\/#breadcrumb","itemListElement":[{"@type":"ListItem","position":1,"name":"Inici","item":"https:\/\/fruitssp.com\/"},{"@type":"ListItem","position":2,"name":"Salses Fruits S&#038;P participa a la VI edici\u00f3 de l&#8217;Experi\u00e8ncia Soulblim, la cal\u00e7otada de productors km0"}]},{"@type":"WebSite","@id":"https:\/\/fruitssp.com\/#website","url":"https:\/\/fruitssp.com\/","name":"FruitsSP","description":"Salsas y productos frescos y naturales, de la tierra del cal\u00e7ot","publisher":{"@id":"https:\/\/fruitssp.com\/#organization"},"potentialAction":[{"@type":"SearchAction","target":{"@type":"EntryPoint","urlTemplate":"https:\/\/fruitssp.com\/?s={search_term_string}"},"query-input":{"@type":"PropertyValueSpecification","valueRequired":true,"valueName":"search_term_string"}}],"inLanguage":"es"},{"@type":"Organization","@id":"https:\/\/fruitssp.com\/#organization","name":"Salsas Frutos S &amp; P","url":"https:\/\/fruitssp.com\/","logo":{"@type":"ImageObject","inLanguage":"es","@id":"https:\/\/fruitssp.com\/#\/schema\/logo\/image\/","url":"https:\/\/fruitssp.com\/wp-content\/uploads\/2022\/12\/logoFruits_472x406.png","contentUrl":"https:\/\/fruitssp.com\/wp-content\/uploads\/2022\/12\/logoFruits_472x406.png","width":472,"height":406,"caption":"Salses Fruits S&P"},"image":{"@id":"https:\/\/fruitssp.com\/#\/schema\/logo\/image\/"},"sameAs":["https:\/\/www.facebook.com\/Salses-Fruits-SP-1137777022906379\/","https:\/\/www.instagram.com\/salsesfruitssp\/","https:\/\/www.linkedin.com\/company\/salses-fruits-s-i-p-sl\/"]},{"@type":"Person","@id":"https:\/\/fruitssp.com\/#\/schema\/person\/74f4a70f480644ed06e5945c13b509c8","name":"fruitssp"}]}},"_links":{"self":[{"href":"https:\/\/fruitssp.com\/es\/wp-json\/wp\/v2\/posts\/12032","targetHints":{"allow":["GET"]}}],"collection":[{"href":"https:\/\/fruitssp.com\/es\/wp-json\/wp\/v2\/posts"}],"about":[{"href":"https:\/\/fruitssp.com\/es\/wp-json\/wp\/v2\/types\/post"}],"author":[{"embeddable":true,"href":"https:\/\/fruitssp.com\/es\/wp-json\/wp\/v2\/users\/1"}],"replies":[{"embeddable":true,"href":"https:\/\/fruitssp.com\/es\/wp-json\/wp\/v2\/comments?post=12032"}],"version-history":[{"count":0,"href":"https:\/\/fruitssp.com\/es\/wp-json\/wp\/v2\/posts\/12032\/revisions"}],"wp:featuredmedia":[{"embeddable":true,"href":"https:\/\/fruitssp.com\/es\/wp-json\/wp\/v2\/media\/12039"}],"wp:attachment":[{"href":"https:\/\/fruitssp.com\/es\/wp-json\/wp\/v2\/media?parent=12032"}],"wp:term":[{"taxonomy":"category","embeddable":true,"href":"https:\/\/fruitssp.com\/es\/wp-json\/wp\/v2\/categories?post=12032"},{"taxonomy":"post_tag","embeddable":true,"href":"https:\/\/fruitssp.com\/es\/wp-json\/wp\/v2\/tags?post=12032"}],"curies":[{"name":"wp","href":"https:\/\/api.w.org\/{rel}","templated":true}]}}