{"id":12101,"date":"2022-04-11T10:51:29","date_gmt":"2022-04-11T10:51:29","guid":{"rendered":"https:\/\/fruitssp.com\/?p=12101"},"modified":"2022-04-11T10:51:29","modified_gmt":"2022-04-11T10:51:29","slug":"la-calcotada-amb-la-salsa-calcotada-de-salses-fruits-sp-arriba-al-mercat-del-ram-de-vic","status":"publish","type":"post","link":"https:\/\/fruitssp.com\/es\/noticies\/la-calcotada-amb-la-salsa-calcotada-de-salses-fruits-sp-arriba-al-mercat-del-ram-de-vic\/","title":{"rendered":"La cal\u00e7otada, con la salsa cal\u00e7otada de Salses Fruits S&amp;P, llega al Mercat del Ram de Vic"},"content":{"rendered":"<p><strong><img loading=\"lazy\" decoding=\"async\" class=\"alignnone size-full wp-image-12102\" src=\"https:\/\/fruitssp.com\/wp-content\/uploads\/2022\/04\/calc\u0327otada-mercat-del-ram-salses-fruits-sp2.jpg\" alt=\"cal\u00e7otada mercat del ram vic salses fruits sp\" width=\"1200\" height=\"900\" srcset=\"https:\/\/fruitssp.com\/wp-content\/uploads\/2022\/04\/calc\u0327otada-mercat-del-ram-salses-fruits-sp2.jpg 1200w, https:\/\/fruitssp.com\/wp-content\/uploads\/2022\/04\/calc\u0327otada-mercat-del-ram-salses-fruits-sp2-300x225.jpg 300w, https:\/\/fruitssp.com\/wp-content\/uploads\/2022\/04\/calc\u0327otada-mercat-del-ram-salses-fruits-sp2-1024x768.jpg 1024w, https:\/\/fruitssp.com\/wp-content\/uploads\/2022\/04\/calc\u0327otada-mercat-del-ram-salses-fruits-sp2-16x12.jpg 16w, https:\/\/fruitssp.com\/wp-content\/uploads\/2022\/04\/calc\u0327otada-mercat-del-ram-salses-fruits-sp2-600x450.jpg 600w, https:\/\/fruitssp.com\/wp-content\/uploads\/2022\/04\/calc\u0327otada-mercat-del-ram-salses-fruits-sp2-768x576.jpg 768w, https:\/\/fruitssp.com\/wp-content\/uploads\/2022\/04\/calc\u0327otada-mercat-del-ram-salses-fruits-sp2-900x675.jpg 900w\" sizes=\"auto, (max-width: 1200px) 100vw, 1200px\" \/><\/strong><\/p>\n<p>&nbsp;<\/p>\n<p><strong>El pasado fin de semana 9 y 10 de abril, los cal\u00e7ots y la Gran Fiesta de la Cal\u00e7otada estuvieron presentes en el Mercat del Ram de Vic.<\/strong><\/p>\n<p>Gracias al Ayuntamiento de Valls, la C\u00e1mara de Comercio de Valls y la IGP Cal\u00e7ot de Valls, se ha promocionado todo el proceso de La Cal\u00e7otada, empezando por la demostraci\u00f3n de la cocci\u00f3n de cal\u00e7ots, y tambi\u00e9n su gastronom\u00eda, donde la <a href=\"https:\/\/fruitssp.com\/es\/producto\/salsa-calcot\/\"><strong>salsa cal\u00e7otada de Salses Fruits S&amp;P<\/strong><\/a> acompa\u00f1\u00f3 a las 500 raciones de cal\u00e7ots que se sirvieron a los asistentes al mercado.<\/p>\n<p>&nbsp;<\/p>\n<p>&nbsp;<\/p>\n<p><img loading=\"lazy\" decoding=\"async\" class=\"alignnone size-full wp-image-12103\" src=\"https:\/\/fruitssp.com\/wp-content\/uploads\/2022\/04\/calc\u0327otada-mercat-del-ram-salses-fruits-sp.jpg\" alt=\"\" width=\"1200\" height=\"900\" srcset=\"https:\/\/fruitssp.com\/wp-content\/uploads\/2022\/04\/calc\u0327otada-mercat-del-ram-salses-fruits-sp.jpg 1200w, https:\/\/fruitssp.com\/wp-content\/uploads\/2022\/04\/calc\u0327otada-mercat-del-ram-salses-fruits-sp-300x225.jpg 300w, https:\/\/fruitssp.com\/wp-content\/uploads\/2022\/04\/calc\u0327otada-mercat-del-ram-salses-fruits-sp-1024x768.jpg 1024w, https:\/\/fruitssp.com\/wp-content\/uploads\/2022\/04\/calc\u0327otada-mercat-del-ram-salses-fruits-sp-16x12.jpg 16w, https:\/\/fruitssp.com\/wp-content\/uploads\/2022\/04\/calc\u0327otada-mercat-del-ram-salses-fruits-sp-600x450.jpg 600w, https:\/\/fruitssp.com\/wp-content\/uploads\/2022\/04\/calc\u0327otada-mercat-del-ram-salses-fruits-sp-768x576.jpg 768w, https:\/\/fruitssp.com\/wp-content\/uploads\/2022\/04\/calc\u0327otada-mercat-del-ram-salses-fruits-sp-900x675.jpg 900w\" sizes=\"auto, (max-width: 1200px) 100vw, 1200px\" \/><\/p>\n<p>&nbsp;<\/p>\n<style>\n.w-blogpost-preview{background-image:none!important;background-color: transparent!important;}.w-blogpost{padding: 0!important;}.w-blogpost::after{background:none!important;}.w-blogpost h1{color: #29b28f!important;}.w-blogpost-meta *{color:#000000!important;}<\/style>\n<div style=\"display: none;\">\n<h2>Finaliza la 15\u00aa<\/h2>\n<h3>Finaliza la 15\u00aa<\/h3>\n<p>En primer lugar,. En primer lugar,. En primer lugar,. En primer lugar,. En primer lugar,. En primer lugar,. En primer lugar,. En primer lugar,. En primer lugar,. En primer lugar,. En primer lugar,. En primer lugar,. En primer lugar,. En primer lugar,. En primer lugar,. En primer lugar,. En primer lugar,. En primer lugar,. En primer lugar,. En primer lugar,. En primer lugar,. En primer lugar,. En primer lugar,. En primer lugar,. En primer lugar,. En primer lugar,. En primer lugar,. En primer lugar,. En primer lugar,. En primer lugar,. En primer lugar,. En primer lugar,. En primer lugar,. En primer lugar,. En primer lugar,. En primer lugar,. En primer lugar,. En primer lugar,. En primer lugar,. En primer lugar,.<\/p>\n<p>En primer lugar, oramos ipsum dolor sit amet, consectetur adipiscing \u00e9lite. In vestibulum pretium nisi vehicula congue. Curabitur lobortis tristique neque, quis puerta nisi tempus quis. Donec ultrices posuere \u00e9lite, sit amet tincidunt Orci consectetur quis. Mauris rhoncus tristique facil\u00edsimo. Por un lado, t congue v\u00e9lites velita, te faucibus l\u00edgulas volutpat te. A\u00fan as\u00ed, urabitur VENENATA ante quis elementum pellentesque. In a pretium sapien. Empiezan las cal\u00e7otades. Aliquam erat volutpat. Donec Viverra cursus Gravida. Fusce accumsan sed leo vitae tempus. Las picaduras m\u00e1s frescas <a href=\"https:\/\/tgd.cat\">TGDigital<\/a><a href=\"\/es\/\">frutos<\/a><\/p>\n<h3>Finaliza la 15\u00aa<\/h3>\n<p>Cabe decir que am CONVALLARIA libero non Turpin bibendum, vitae porttitor ex Orna. Por ejemplo, Raes consecuente Interdum ante, quis pellentesque sapien aliquet eu. Por un lado, ed commodo rhoncus magna velo aliquet. En tercer lugar, n hac habitasse platea dictumst. Phasellus ARCU leo, aliquet quis consecuente id, temporarias velo ARCU. Duis vulputate dign\u00edsimo placeres. Nulamente varices ARCU eu lorem rutrum scelerisque a vitae lectus. Sin ir m\u00e1s lejos, n vulputate at Turpin ac porttitor. Morbi aliquet bibendum odio, te rutrum tellus dapibus sit amet. Por \u00faltimo, Ruis sed m\u00ed quis ARCU.<\/p>\n<h3>cal\u00e7ots cocidos<\/h3>\n<p>Aunque no valencianos, ntegro sit amet placeres risus. A pesar de ello, ulla facil\u00edsimo. En segundo lugar, Oneca nec ipsum augue. Por otra parte, ivamus eros ex, ultrices mollis bibendum at, elementum sed lectus. Sin embargo, urabitur quis augue ac tellus tincidunt hendrerit. Donec erat purus, solicitud vitae v\u00e9lites vitae, feugiat dapibus diam. Cabe decir que Maecenas faucibus demasiado vitae erat elementum consectetur. Quisque finibus, purus velo Interdum vulputate, neque leo ultrices nisi, sed facil\u00edsimo nibh purus eget quam. Nunc nec libero eros. Las picaduras m\u00e1s frescas, por ejemplo. Sin ir m\u00e1s lejos, la picadura es buen\u00edsima. Nos encantar\u00eda que la orzata fuera probada por todos los comensales y, por supuesto, para todos los gourmands. Quisi\u00e9ramos, claro, hacerla conocida. Es por ello que la hacemos tan buena.<\/p>\n<h3>cal\u00e7ots cocidos<\/h3>\n<p>En primer lugar,. En primer lugar,. En primer lugar,. En primer lugar,. En primer lugar,. En primer lugar,. En primer lugar,. En primer lugar,. En primer lugar,. En primer lugar,. En primer lugar,. En primer lugar,. En primer lugar,. En primer lugar,. En primer lugar,. En primer lugar,. En primer lugar,. En primer lugar,. En primer lugar,. En primer lugar,. En primer lugar,. En primer lugar,.<\/p>\n<\/div>","protected":false},"excerpt":{"rendered":"<p>&nbsp; El pasado fin de semana 9 y 10 de abril, los cal\u00e7ots y la Gran Fiesta de la Cal\u00e7otada estuvieron presentes en el Mercat del Ram de Vic. Gracias al Ayuntamiento de Valls, la C\u00e1mara de Comercio de Valls y la IGP Cal\u00e7ot de Valls, se ha promocionado todo el proceso de La Cal\u00e7otada, empezando por\u2026<\/p>","protected":false},"author":1,"featured_media":12102,"comment_status":"closed","ping_status":"closed","sticky":false,"template":"","format":"standard","meta":{"inline_featured_image":false,"footnotes":""},"categories":[1],"tags":[],"class_list":["post-12101","post","type-post","status-publish","format-standard","has-post-thumbnail","hentry","category-noticies"],"yoast_head":"<!-- This site is optimized with the Yoast SEO plugin v26.7 - https:\/\/yoast.com\/wordpress\/plugins\/seo\/ -->\n<title>La cal\u00e7otada, amb la salsa cal\u00e7otada de Salses Fruits S&amp;P, arriba al Mercat del Ram de Vic - Salses Fruits<\/title>\n<meta name=\"robots\" content=\"index, follow, max-snippet:-1, max-image-preview:large, max-video-preview:-1\" \/>\n<link rel=\"canonical\" href=\"https:\/\/fruitssp.com\/es\/noticies\/la-calcotada-amb-la-salsa-calcotada-de-salses-fruits-sp-arriba-al-mercat-del-ram-de-vic\/\" \/>\n<meta property=\"og:locale\" content=\"es_ES\" \/>\n<meta property=\"og:type\" content=\"article\" \/>\n<meta property=\"og:title\" content=\"La cal\u00e7otada, amb la salsa cal\u00e7otada de Salses Fruits S&amp;P, arriba al Mercat del Ram de Vic - Salses Fruits\" \/>\n<meta property=\"og:description\" content=\"&nbsp; El passat cap de setmana 9 i 10 d&#8217;abril, els cal\u00e7ots i la Gran Festa de la Cal\u00e7otada van estar presents al Mercat del Ram de Vic. Gr\u00e0cies a l&#8217;Ajuntament de Valls, la Cambra de Comer\u00e7 de Valls i la I.G.P Cal\u00e7ot de Valls, s&#8217;ha promocionat tot el proc\u00e9s de La Cal\u00e7otada, comen\u00e7ant per...\" \/>\n<meta property=\"og:url\" content=\"https:\/\/fruitssp.com\/es\/noticies\/la-calcotada-amb-la-salsa-calcotada-de-salses-fruits-sp-arriba-al-mercat-del-ram-de-vic\/\" \/>\n<meta property=\"og:site_name\" content=\"Salses Fruits\" \/>\n<meta property=\"article:publisher\" content=\"https:\/\/www.facebook.com\/Salses-Fruits-SP-1137777022906379\/\" \/>\n<meta property=\"article:published_time\" content=\"2022-04-11T10:51:29+00:00\" \/>\n<meta property=\"og:image\" content=\"https:\/\/fruitssp.com\/wp-content\/uploads\/2022\/04\/calc\u0327otada-mercat-del-ram-salses-fruits-sp2.jpg\" \/>\n\t<meta property=\"og:image:width\" content=\"1200\" \/>\n\t<meta property=\"og:image:height\" content=\"900\" \/>\n\t<meta property=\"og:image:type\" content=\"image\/jpeg\" \/>\n<meta name=\"author\" content=\"fruitssp\" \/>\n<meta name=\"twitter:card\" content=\"summary_large_image\" \/>\n<meta name=\"twitter:label1\" content=\"Escrito por\" \/>\n\t<meta name=\"twitter:data1\" content=\"fruitssp\" \/>\n\t<meta name=\"twitter:label2\" content=\"Tiempo de lectura\" \/>\n\t<meta name=\"twitter:data2\" content=\"4 minutos\" \/>\n<!-- \/ Yoast SEO plugin. -->","yoast_head_json":{"title":"La cal\u00e7otada, amb la salsa cal\u00e7otada de Salses Fruits S&P, arriba al Mercat del Ram de Vic - Salses Fruits","robots":{"index":"index","follow":"follow","max-snippet":"max-snippet:-1","max-image-preview":"max-image-preview:large","max-video-preview":"max-video-preview:-1"},"canonical":"https:\/\/fruitssp.com\/es\/noticies\/la-calcotada-amb-la-salsa-calcotada-de-salses-fruits-sp-arriba-al-mercat-del-ram-de-vic\/","og_locale":"es_ES","og_type":"article","og_title":"La cal\u00e7otada, amb la salsa cal\u00e7otada de Salses Fruits S&P, arriba al Mercat del Ram de Vic - Salses Fruits","og_description":"&nbsp; El passat cap de setmana 9 i 10 d&#8217;abril, els cal\u00e7ots i la Gran Festa de la Cal\u00e7otada van estar presents al Mercat del Ram de Vic. Gr\u00e0cies a l&#8217;Ajuntament de Valls, la Cambra de Comer\u00e7 de Valls i la I.G.P Cal\u00e7ot de Valls, s&#8217;ha promocionat tot el proc\u00e9s de La Cal\u00e7otada, comen\u00e7ant per...","og_url":"https:\/\/fruitssp.com\/es\/noticies\/la-calcotada-amb-la-salsa-calcotada-de-salses-fruits-sp-arriba-al-mercat-del-ram-de-vic\/","og_site_name":"Salses Fruits","article_publisher":"https:\/\/www.facebook.com\/Salses-Fruits-SP-1137777022906379\/","article_published_time":"2022-04-11T10:51:29+00:00","og_image":[{"width":1200,"height":900,"url":"https:\/\/fruitssp.com\/wp-content\/uploads\/2022\/04\/calc\u0327otada-mercat-del-ram-salses-fruits-sp2.jpg","type":"image\/jpeg"}],"author":"fruitssp","twitter_card":"summary_large_image","twitter_misc":{"Escrito por":"fruitssp","Tiempo de lectura":"4 minutos"},"schema":{"@context":"https:\/\/schema.org","@graph":[{"@type":"Article","@id":"https:\/\/fruitssp.com\/noticies\/la-calcotada-amb-la-salsa-calcotada-de-salses-fruits-sp-arriba-al-mercat-del-ram-de-vic\/#article","isPartOf":{"@id":"https:\/\/fruitssp.com\/noticies\/la-calcotada-amb-la-salsa-calcotada-de-salses-fruits-sp-arriba-al-mercat-del-ram-de-vic\/"},"author":{"name":"fruitssp","@id":"https:\/\/fruitssp.com\/#\/schema\/person\/74f4a70f480644ed06e5945c13b509c8"},"headline":"La cal\u00e7otada, amb la salsa cal\u00e7otada de Salses Fruits S&#038;P, arriba al Mercat del Ram de Vic","datePublished":"2022-04-11T10:51:29+00:00","mainEntityOfPage":{"@id":"https:\/\/fruitssp.com\/noticies\/la-calcotada-amb-la-salsa-calcotada-de-salses-fruits-sp-arriba-al-mercat-del-ram-de-vic\/"},"wordCount":640,"publisher":{"@id":"https:\/\/fruitssp.com\/#organization"},"image":{"@id":"https:\/\/fruitssp.com\/noticies\/la-calcotada-amb-la-salsa-calcotada-de-salses-fruits-sp-arriba-al-mercat-del-ram-de-vic\/#primaryimage"},"thumbnailUrl":"https:\/\/fruitssp.com\/wp-content\/uploads\/2022\/04\/calc\u0327otada-mercat-del-ram-salses-fruits-sp2.jpg","articleSection":["Noticies"],"inLanguage":"es"},{"@type":"WebPage","@id":"https:\/\/fruitssp.com\/noticies\/la-calcotada-amb-la-salsa-calcotada-de-salses-fruits-sp-arriba-al-mercat-del-ram-de-vic\/","url":"https:\/\/fruitssp.com\/noticies\/la-calcotada-amb-la-salsa-calcotada-de-salses-fruits-sp-arriba-al-mercat-del-ram-de-vic\/","name":"La cal\u00e7otada, amb la salsa cal\u00e7otada de Salses Fruits S&P, arriba al Mercat del Ram de Vic - Salses Fruits","isPartOf":{"@id":"https:\/\/fruitssp.com\/#website"},"primaryImageOfPage":{"@id":"https:\/\/fruitssp.com\/noticies\/la-calcotada-amb-la-salsa-calcotada-de-salses-fruits-sp-arriba-al-mercat-del-ram-de-vic\/#primaryimage"},"image":{"@id":"https:\/\/fruitssp.com\/noticies\/la-calcotada-amb-la-salsa-calcotada-de-salses-fruits-sp-arriba-al-mercat-del-ram-de-vic\/#primaryimage"},"thumbnailUrl":"https:\/\/fruitssp.com\/wp-content\/uploads\/2022\/04\/calc\u0327otada-mercat-del-ram-salses-fruits-sp2.jpg","datePublished":"2022-04-11T10:51:29+00:00","breadcrumb":{"@id":"https:\/\/fruitssp.com\/noticies\/la-calcotada-amb-la-salsa-calcotada-de-salses-fruits-sp-arriba-al-mercat-del-ram-de-vic\/#breadcrumb"},"inLanguage":"es","potentialAction":[{"@type":"ReadAction","target":["https:\/\/fruitssp.com\/noticies\/la-calcotada-amb-la-salsa-calcotada-de-salses-fruits-sp-arriba-al-mercat-del-ram-de-vic\/"]}]},{"@type":"ImageObject","inLanguage":"es","@id":"https:\/\/fruitssp.com\/noticies\/la-calcotada-amb-la-salsa-calcotada-de-salses-fruits-sp-arriba-al-mercat-del-ram-de-vic\/#primaryimage","url":"https:\/\/fruitssp.com\/wp-content\/uploads\/2022\/04\/calc\u0327otada-mercat-del-ram-salses-fruits-sp2.jpg","contentUrl":"https:\/\/fruitssp.com\/wp-content\/uploads\/2022\/04\/calc\u0327otada-mercat-del-ram-salses-fruits-sp2.jpg","width":1200,"height":900,"caption":"cal\u00e7otada mercat del ram vic salses fruits sp"},{"@type":"BreadcrumbList","@id":"https:\/\/fruitssp.com\/noticies\/la-calcotada-amb-la-salsa-calcotada-de-salses-fruits-sp-arriba-al-mercat-del-ram-de-vic\/#breadcrumb","itemListElement":[{"@type":"ListItem","position":1,"name":"Inici","item":"https:\/\/fruitssp.com\/"},{"@type":"ListItem","position":2,"name":"La cal\u00e7otada, amb la salsa cal\u00e7otada de Salses Fruits S&#038;P, arriba al Mercat del Ram de Vic"}]},{"@type":"WebSite","@id":"https:\/\/fruitssp.com\/#website","url":"https:\/\/fruitssp.com\/","name":"FruitsSP","description":"Salsas y productos frescos y naturales, de la tierra del cal\u00e7ot","publisher":{"@id":"https:\/\/fruitssp.com\/#organization"},"potentialAction":[{"@type":"SearchAction","target":{"@type":"EntryPoint","urlTemplate":"https:\/\/fruitssp.com\/?s={search_term_string}"},"query-input":{"@type":"PropertyValueSpecification","valueRequired":true,"valueName":"search_term_string"}}],"inLanguage":"es"},{"@type":"Organization","@id":"https:\/\/fruitssp.com\/#organization","name":"Salsas Frutos S &amp; P","url":"https:\/\/fruitssp.com\/","logo":{"@type":"ImageObject","inLanguage":"es","@id":"https:\/\/fruitssp.com\/#\/schema\/logo\/image\/","url":"https:\/\/fruitssp.com\/wp-content\/uploads\/2022\/12\/logoFruits_472x406.png","contentUrl":"https:\/\/fruitssp.com\/wp-content\/uploads\/2022\/12\/logoFruits_472x406.png","width":472,"height":406,"caption":"Salses Fruits S&P"},"image":{"@id":"https:\/\/fruitssp.com\/#\/schema\/logo\/image\/"},"sameAs":["https:\/\/www.facebook.com\/Salses-Fruits-SP-1137777022906379\/","https:\/\/www.instagram.com\/salsesfruitssp\/","https:\/\/www.linkedin.com\/company\/salses-fruits-s-i-p-sl\/"]},{"@type":"Person","@id":"https:\/\/fruitssp.com\/#\/schema\/person\/74f4a70f480644ed06e5945c13b509c8","name":"fruitssp"}]}},"_links":{"self":[{"href":"https:\/\/fruitssp.com\/es\/wp-json\/wp\/v2\/posts\/12101","targetHints":{"allow":["GET"]}}],"collection":[{"href":"https:\/\/fruitssp.com\/es\/wp-json\/wp\/v2\/posts"}],"about":[{"href":"https:\/\/fruitssp.com\/es\/wp-json\/wp\/v2\/types\/post"}],"author":[{"embeddable":true,"href":"https:\/\/fruitssp.com\/es\/wp-json\/wp\/v2\/users\/1"}],"replies":[{"embeddable":true,"href":"https:\/\/fruitssp.com\/es\/wp-json\/wp\/v2\/comments?post=12101"}],"version-history":[{"count":0,"href":"https:\/\/fruitssp.com\/es\/wp-json\/wp\/v2\/posts\/12101\/revisions"}],"wp:featuredmedia":[{"embeddable":true,"href":"https:\/\/fruitssp.com\/es\/wp-json\/wp\/v2\/media\/12102"}],"wp:attachment":[{"href":"https:\/\/fruitssp.com\/es\/wp-json\/wp\/v2\/media?parent=12101"}],"wp:term":[{"taxonomy":"category","embeddable":true,"href":"https:\/\/fruitssp.com\/es\/wp-json\/wp\/v2\/categories?post=12101"},{"taxonomy":"post_tag","embeddable":true,"href":"https:\/\/fruitssp.com\/es\/wp-json\/wp\/v2\/tags?post=12101"}],"curies":[{"name":"wp","href":"https:\/\/api.w.org\/{rel}","templated":true}]}}