{"id":12283,"date":"2022-05-25T13:47:30","date_gmt":"2022-05-25T13:47:30","guid":{"rendered":"https:\/\/fruitssp.com\/?p=12283"},"modified":"2022-05-26T09:05:55","modified_gmt":"2022-05-26T09:05:55","slug":"els-productes-frescos-i-naturals-de-la-primavera","status":"publish","type":"post","link":"https:\/\/fruitssp.com\/es\/noticies\/els-productes-frescos-i-naturals-de-la-primavera\/","title":{"rendered":"Los productos frescos y naturales de la primavera"},"content":{"rendered":"<p><img loading=\"lazy\" decoding=\"async\" class=\"alignnone size-full wp-image-8096\" src=\"https:\/\/fruitssp.com\/wp-content\/uploads\/2021\/07\/Apats-estiu-salses-fruits-SP.jpg\" alt=\"\" width=\"1200\" height=\"801\" srcset=\"https:\/\/fruitssp.com\/wp-content\/uploads\/2021\/07\/Apats-estiu-salses-fruits-SP.jpg 1200w, https:\/\/fruitssp.com\/wp-content\/uploads\/2021\/07\/Apats-estiu-salses-fruits-SP-300x200.jpg 300w, https:\/\/fruitssp.com\/wp-content\/uploads\/2021\/07\/Apats-estiu-salses-fruits-SP-1024x684.jpg 1024w, https:\/\/fruitssp.com\/wp-content\/uploads\/2021\/07\/Apats-estiu-salses-fruits-SP-16x12.jpg 16w, https:\/\/fruitssp.com\/wp-content\/uploads\/2021\/07\/Apats-estiu-salses-fruits-SP-600x400.jpg 600w, https:\/\/fruitssp.com\/wp-content\/uploads\/2021\/07\/Apats-estiu-salses-fruits-SP-768x513.jpg 768w, https:\/\/fruitssp.com\/wp-content\/uploads\/2021\/07\/Apats-estiu-salses-fruits-SP-900x601.jpg 900w, https:\/\/fruitssp.com\/wp-content\/uploads\/2021\/07\/Apats-estiu-salses-fruits-SP-18x12.jpg 18w\" sizes=\"auto, (max-width: 1200px) 100vw, 1200px\" \/><\/p>\n<p>&nbsp;<\/p>\n<p><strong>Quan arriba la primavera i el bon temps, \u00e9s quan ens ve m\u00e9s de gust productes freds i refrescants.<\/strong> Plats senzills, r\u00e0pids de preparar i que alhora ens aportin tots els nutrients necessaris per seguir amb el nostre dia a dia, i gaudir de les llargues hores de sol. En aquest article et proposem un seguit d&#8217;idees per xalar tant per dinar com per sopar durant els mesos de primavera.<\/p>\n<p><strong>Les truites<\/strong><\/p>\n<p>S\u00f3n el nostre aliat perfecte per acompanyar d&#8217;una amanida, o un bon pa amb tom\u00e0quet, com tan ens agrada als catalans. Les <a href=\"https:\/\/fruitssp.com\/productes\/?filters=product_cat[216]\"><strong>truites<\/strong><\/a> poden ser tant variades que no ens avorriran mai, des de la tradicional de patata, carabass\u00f3 i patata, espinacs&#8230;<\/p>\n<p><strong>Els llegums<\/strong><\/p>\n<p>Com una alternativa a la prote\u00efna animal, s\u00f3n un recurs bon\u00edssim per amenitzar les t\u00edpiques amanides i convertir-les en un plat complet i molt nutritiu. Nom\u00e9s ens cal triar el llegum que ens vingui de gust, com les <a href=\"https:\/\/fruitssp.com\/productes\/?filters=product_cat[257]\"><strong>llenties, cigrons o mongetes<\/strong><\/a>, i afegir-hi totes les verdures i hortalisses que tinguem a la nevera, com tom\u00e0quet, ceba, pastanaga, cogombre&#8230; les variants s\u00f3n infinites i molt personals.<\/p>\n<p><strong>Amanides<\/strong><\/p>\n<p>A banda de les amanides de llegum, us oferim la deliciosa <a href=\"https:\/\/fruitssp.com\/producte\/ensaladilla-russa\/\"><strong>ensaladilla russa<\/strong><\/a>. L&#8217;amanida m\u00e9s irresistible per molts de nosaltres.<\/p>\n<p><strong>Cremes<\/strong><\/p>\n<p>S\u00f3n ideals per acompanyar qualsevol classe de prote\u00efna i equilibrar el nostre \u00e0pat amb varietat de verdures. Tothom t\u00e9 la seva <a href=\"https:\/\/fruitssp.com\/productes\/?filters=product_cat[96]\"><strong>crema<\/strong><\/a>\u00a0preferida, per\u00f2 sempre \u00e9s bo anar variant obtenir els nutrients que ens aporta cada verdura.<\/p>\n<p><strong>Gaspatxo i Salmorejo<\/strong><\/p>\n<p>Els fans del <a href=\"https:\/\/fruitssp.com\/productes\/?filters=product_cat[95]\"><strong>gaspatxo i salmorejo<\/strong><\/a> els hi encanta quan arriba la primavera i l&#8217;estiu. Com les cremes, s\u00f3n un complement perfecte per refrescar-nos i alimentar-nos. A m\u00e9s, ens permet gaudir-ho a qualsevol lloc; a casa, a la platja, de p\u00edcnic&#8230;<\/p>\n<p><strong>Escalivats<\/strong><\/p>\n<p>Les <strong><a href=\"https:\/\/fruitssp.com\/productes\/?filters=product_cat[97]\">verdures escalivades<\/a><\/strong> ens permeten una infinitat d&#8217;opcions. Des d&#8217;acompanyar la t\u00edpica carn o peix a la brasa, en una torrada de pag\u00e8s i anxoves, en una amanida, en una hamburguesa, en forma de coca o a sobre d&#8217;una pizza&#8230;<\/p>\n<p><strong>Hamburgueses veganes<\/strong><\/p>\n<p>Com a alternativa a les tradicionals hamburgueses, les <a href=\"https:\/\/fruitssp.com\/productes\/?filters=product_cat[203]\"><strong>hamburgueses veganes de Salses Fruits S&amp;P<\/strong><\/a> s\u00f3n un plat molt nutritiu per les verdures que ens aporten i a m\u00e9s ens permeten gaudir-les all\u00e0 on vulguem. Es poden menjar fredes o calentes, amb una amanida, o enmig d&#8217;un entrep\u00e0.<\/p>\n<p>&nbsp;<\/p>\n<p>Gaudiu dels \u00e0pats frescos i naturals de la primavera, a casa, a la platja o a la muntanya.<\/p>\n<p>&nbsp;<\/p>\n<style>\n.w-blogpost-preview{background-image:none!important;background-color: transparent!important;}.w-blogpost{padding: 0!important;}.w-blogpost::after{background:none!important;}.w-blogpost h1{color: #29b28f!important;}.w-blogpost-meta *{color:#000000!important;}<\/style>\n<div style=\"display: none;\">\n<h2>Finalitza la 15a<\/h2>\n<h3>Finalitza la 15a<\/h3>\n<p>En primer lloc, . En primer lloc, . En primer lloc, . En primer lloc, . En primer lloc, . En primer lloc, . En primer lloc, . En primer lloc, . En primer lloc, . En primer lloc, . En primer lloc, . En primer lloc, . En primer lloc, . En primer lloc, . En primer lloc, . En primer lloc, . En primer lloc, . En primer lloc, . En primer lloc, . En primer lloc, . En primer lloc, . En primer lloc, . En primer lloc, . En primer lloc, . En primer lloc, . En primer lloc, . En primer lloc, . En primer lloc, . En primer lloc, . En primer lloc, . En primer lloc, . En primer lloc, . En primer lloc, . En primer lloc, . En primer lloc, . En primer lloc, . En primer lloc, . En primer lloc, . En primer lloc, . En primer lloc, .<\/p>\n<p>En primer lloc, orem ipsum dolor sit amet, consectetur adipiscing elit. In vestibulum pretium nisi vehicula congue. Curabitur lobortis tristique neque, quis porta nisi tempus quis. Donec ultrices posuere elit, sit amet tincidunt orci consectetur quis. Mauris rhoncus tristique facilisis. Per una banda, t congue velit velit, et faucibus ligula volutpat et. Tot i aix\u00ed, urabitur venenatis ante quis elementum pellentesque. In a pretium sapien. Empiezan las cal\u00e7otades. Aliquam erat volutpat. Donec viverra cursus gravida. Fusce accumsan sed leo vitae tempus. Les picades m\u00e9s fresques <a href=\"https:\/\/tgd.cat\">TGDigital<\/a><a href=\"\/\">Fruits<\/a><\/p>\n<h3>Finalitza la 15a<\/h3>\n<p>Val a dir que am convallis libero non turpis bibendum, vitae porttitor ex ornare. Per exemple, raesent consequat interdum ante, quis pellentesque sapien aliquet eu. Per una banda, ed commodo rhoncus magna vel aliquet. En tercer lloc, n hac habitasse platea dictumst. Phasellus arcu leo, aliquet quis consequat id, tempor vel arcu. Duis vulputate dignissim placerat. Nullam varius arcu eu lorem rutrum scelerisque a vitae lectus. Sense anar m\u00e9s lluny, n vulputate at turpis ac porttitor. Morbi aliquet bibendum odio, et rutrum tellus dapibus sit amet. Per \u00faltim, ruis sed mi quis arcu.<\/p>\n<h3>cal\u00e7ots cuits<\/h3>\n<p>Tot i no ser valencians, nteger sit amet placerat risus. Malgrat aix\u00f2, ulla facilisi. En segon lloc, onec nec ipsum augue. Per altra banda, ivamus eros ex, ultrices mollis bibendum at, elementum sed lectus. Tanmateix, urabitur quis augue ac tellus tincidunt hendrerit. Donec erat purus, sollicitudin vitae velit vitae, feugiat dapibus diam. Val a dir que maecenas faucibus massa vitae erat elementum consectetur. Quisque finibus, purus vel interdum vulputate, neque leo ultrices nisi, sed facilisis nibh purus eget quam. Nunc nec libero eros. Les picades m\u00e9s fresques, per exemple. Sense anar m\u00e9s lluny, la picada \u00e9s bon\u00edssima. Ens encantaria que la orzata fos provada per tots els comensals i, per descomptat, per tots els gourmands. Voldriem, es clar, fer-la coneguda arreu. \u00c9s per aix\u00f2 que la fem tant bona.<\/p>\n<h3>cal\u00e7ots cuits<\/h3>\n<p>En primer lloc, . En primer lloc, . En primer lloc, . En primer lloc, . En primer lloc, . En primer lloc, . En primer lloc, . En primer lloc, . En primer lloc, . En primer lloc, . En primer lloc, . En primer lloc, . En primer lloc, . En primer lloc, . En primer lloc, . En primer lloc, . En primer lloc, . En primer lloc, . En primer lloc, . En primer lloc, . En primer lloc, . En primer lloc, .<\/p>\n<\/div>\n","protected":false},"excerpt":{"rendered":"<p>&nbsp; Cuando llega la primavera y el buen tiempo, es cuando nos apetece m\u00e1s productos fr\u00edos y refrescantes. Platos sencillos, r\u00e1pidos de preparar y que a su vez nos aporten todos los nutrientes necesarios para seguir con nuestro d\u00eda a d\u00eda, y disfrutar de las largas horas de sol. En este art\u00edculo te proponemos\u2026<\/p>","protected":false},"author":1,"featured_media":8096,"comment_status":"closed","ping_status":"closed","sticky":false,"template":"","format":"standard","meta":{"inline_featured_image":false,"footnotes":""},"categories":[1],"tags":[],"class_list":["post-12283","post","type-post","status-publish","format-standard","has-post-thumbnail","hentry","category-noticies"],"yoast_head":"<!-- This site is optimized with the Yoast SEO plugin v26.7 - https:\/\/yoast.com\/wordpress\/plugins\/seo\/ -->\n<title>Els productes frescos i naturals de la primavera - Salses Fruits<\/title>\n<meta name=\"robots\" content=\"index, follow, max-snippet:-1, max-image-preview:large, max-video-preview:-1\" \/>\n<link rel=\"canonical\" href=\"https:\/\/fruitssp.com\/es\/noticies\/els-productes-frescos-i-naturals-de-la-primavera\/\" \/>\n<meta property=\"og:locale\" content=\"es_ES\" \/>\n<meta property=\"og:type\" content=\"article\" \/>\n<meta property=\"og:title\" content=\"Els productes frescos i naturals de la primavera - Salses Fruits\" \/>\n<meta property=\"og:description\" content=\"&nbsp; Quan arriba la primavera i el bon temps, \u00e9s quan ens ve m\u00e9s de gust productes freds i refrescants. Plats senzills, r\u00e0pids de preparar i que alhora ens aportin tots els nutrients necessaris per seguir amb el nostre dia a dia, i gaudir de les llargues hores de sol. En aquest article et proposem...\" \/>\n<meta property=\"og:url\" content=\"https:\/\/fruitssp.com\/es\/noticies\/els-productes-frescos-i-naturals-de-la-primavera\/\" \/>\n<meta property=\"og:site_name\" content=\"Salses Fruits\" \/>\n<meta property=\"article:publisher\" content=\"https:\/\/www.facebook.com\/Salses-Fruits-SP-1137777022906379\/\" \/>\n<meta property=\"article:published_time\" content=\"2022-05-25T13:47:30+00:00\" \/>\n<meta property=\"article:modified_time\" content=\"2022-05-26T09:05:55+00:00\" \/>\n<meta property=\"og:image\" content=\"https:\/\/fruitssp.com\/wp-content\/uploads\/2021\/07\/Apats-estiu-salses-fruits-SP.jpg\" \/>\n\t<meta property=\"og:image:width\" content=\"1200\" \/>\n\t<meta property=\"og:image:height\" content=\"801\" \/>\n\t<meta property=\"og:image:type\" content=\"image\/jpeg\" \/>\n<meta name=\"author\" content=\"fruitssp\" \/>\n<meta name=\"twitter:card\" content=\"summary_large_image\" \/>\n<meta name=\"twitter:label1\" content=\"Escrito por\" \/>\n\t<meta name=\"twitter:data1\" content=\"fruitssp\" \/>\n\t<meta name=\"twitter:label2\" content=\"Tiempo de lectura\" \/>\n\t<meta name=\"twitter:data2\" content=\"6 minutos\" \/>\n<!-- \/ Yoast SEO plugin. -->","yoast_head_json":{"title":"Els productes frescos i naturals de la primavera - Salses Fruits","robots":{"index":"index","follow":"follow","max-snippet":"max-snippet:-1","max-image-preview":"max-image-preview:large","max-video-preview":"max-video-preview:-1"},"canonical":"https:\/\/fruitssp.com\/es\/noticies\/els-productes-frescos-i-naturals-de-la-primavera\/","og_locale":"es_ES","og_type":"article","og_title":"Els productes frescos i naturals de la primavera - Salses Fruits","og_description":"&nbsp; Quan arriba la primavera i el bon temps, \u00e9s quan ens ve m\u00e9s de gust productes freds i refrescants. Plats senzills, r\u00e0pids de preparar i que alhora ens aportin tots els nutrients necessaris per seguir amb el nostre dia a dia, i gaudir de les llargues hores de sol. En aquest article et proposem...","og_url":"https:\/\/fruitssp.com\/es\/noticies\/els-productes-frescos-i-naturals-de-la-primavera\/","og_site_name":"Salses Fruits","article_publisher":"https:\/\/www.facebook.com\/Salses-Fruits-SP-1137777022906379\/","article_published_time":"2022-05-25T13:47:30+00:00","article_modified_time":"2022-05-26T09:05:55+00:00","og_image":[{"width":1200,"height":801,"url":"https:\/\/fruitssp.com\/wp-content\/uploads\/2021\/07\/Apats-estiu-salses-fruits-SP.jpg","type":"image\/jpeg"}],"author":"fruitssp","twitter_card":"summary_large_image","twitter_misc":{"Escrito por":"fruitssp","Tiempo de lectura":"6 minutos"},"schema":{"@context":"https:\/\/schema.org","@graph":[{"@type":"Article","@id":"https:\/\/fruitssp.com\/noticies\/els-productes-frescos-i-naturals-de-la-primavera\/#article","isPartOf":{"@id":"https:\/\/fruitssp.com\/noticies\/els-productes-frescos-i-naturals-de-la-primavera\/"},"author":{"name":"fruitssp","@id":"https:\/\/fruitssp.com\/#\/schema\/person\/74f4a70f480644ed06e5945c13b509c8"},"headline":"Els productes frescos i naturals de la primavera","datePublished":"2022-05-25T13:47:30+00:00","dateModified":"2022-05-26T09:05:55+00:00","mainEntityOfPage":{"@id":"https:\/\/fruitssp.com\/noticies\/els-productes-frescos-i-naturals-de-la-primavera\/"},"wordCount":943,"publisher":{"@id":"https:\/\/fruitssp.com\/#organization"},"image":{"@id":"https:\/\/fruitssp.com\/noticies\/els-productes-frescos-i-naturals-de-la-primavera\/#primaryimage"},"thumbnailUrl":"https:\/\/fruitssp.com\/wp-content\/uploads\/2021\/07\/Apats-estiu-salses-fruits-SP.jpg","articleSection":["Noticies"],"inLanguage":"es"},{"@type":"WebPage","@id":"https:\/\/fruitssp.com\/noticies\/els-productes-frescos-i-naturals-de-la-primavera\/","url":"https:\/\/fruitssp.com\/noticies\/els-productes-frescos-i-naturals-de-la-primavera\/","name":"Els productes frescos i naturals de la primavera - Salses Fruits","isPartOf":{"@id":"https:\/\/fruitssp.com\/#website"},"primaryImageOfPage":{"@id":"https:\/\/fruitssp.com\/noticies\/els-productes-frescos-i-naturals-de-la-primavera\/#primaryimage"},"image":{"@id":"https:\/\/fruitssp.com\/noticies\/els-productes-frescos-i-naturals-de-la-primavera\/#primaryimage"},"thumbnailUrl":"https:\/\/fruitssp.com\/wp-content\/uploads\/2021\/07\/Apats-estiu-salses-fruits-SP.jpg","datePublished":"2022-05-25T13:47:30+00:00","dateModified":"2022-05-26T09:05:55+00:00","breadcrumb":{"@id":"https:\/\/fruitssp.com\/noticies\/els-productes-frescos-i-naturals-de-la-primavera\/#breadcrumb"},"inLanguage":"es","potentialAction":[{"@type":"ReadAction","target":["https:\/\/fruitssp.com\/noticies\/els-productes-frescos-i-naturals-de-la-primavera\/"]}]},{"@type":"ImageObject","inLanguage":"es","@id":"https:\/\/fruitssp.com\/noticies\/els-productes-frescos-i-naturals-de-la-primavera\/#primaryimage","url":"https:\/\/fruitssp.com\/wp-content\/uploads\/2021\/07\/Apats-estiu-salses-fruits-SP.jpg","contentUrl":"https:\/\/fruitssp.com\/wp-content\/uploads\/2021\/07\/Apats-estiu-salses-fruits-SP.jpg","width":1200,"height":801},{"@type":"BreadcrumbList","@id":"https:\/\/fruitssp.com\/noticies\/els-productes-frescos-i-naturals-de-la-primavera\/#breadcrumb","itemListElement":[{"@type":"ListItem","position":1,"name":"Inici","item":"https:\/\/fruitssp.com\/"},{"@type":"ListItem","position":2,"name":"Els productes frescos i naturals de la primavera"}]},{"@type":"WebSite","@id":"https:\/\/fruitssp.com\/#website","url":"https:\/\/fruitssp.com\/","name":"FruitsSP","description":"Salsas y productos frescos y naturales, de la tierra del cal\u00e7ot","publisher":{"@id":"https:\/\/fruitssp.com\/#organization"},"potentialAction":[{"@type":"SearchAction","target":{"@type":"EntryPoint","urlTemplate":"https:\/\/fruitssp.com\/?s={search_term_string}"},"query-input":{"@type":"PropertyValueSpecification","valueRequired":true,"valueName":"search_term_string"}}],"inLanguage":"es"},{"@type":"Organization","@id":"https:\/\/fruitssp.com\/#organization","name":"Salsas Frutos S &amp; P","url":"https:\/\/fruitssp.com\/","logo":{"@type":"ImageObject","inLanguage":"es","@id":"https:\/\/fruitssp.com\/#\/schema\/logo\/image\/","url":"https:\/\/fruitssp.com\/wp-content\/uploads\/2022\/12\/logoFruits_472x406.png","contentUrl":"https:\/\/fruitssp.com\/wp-content\/uploads\/2022\/12\/logoFruits_472x406.png","width":472,"height":406,"caption":"Salses Fruits S&P"},"image":{"@id":"https:\/\/fruitssp.com\/#\/schema\/logo\/image\/"},"sameAs":["https:\/\/www.facebook.com\/Salses-Fruits-SP-1137777022906379\/","https:\/\/www.instagram.com\/salsesfruitssp\/","https:\/\/www.linkedin.com\/company\/salses-fruits-s-i-p-sl\/"]},{"@type":"Person","@id":"https:\/\/fruitssp.com\/#\/schema\/person\/74f4a70f480644ed06e5945c13b509c8","name":"fruitssp"}]}},"_links":{"self":[{"href":"https:\/\/fruitssp.com\/es\/wp-json\/wp\/v2\/posts\/12283","targetHints":{"allow":["GET"]}}],"collection":[{"href":"https:\/\/fruitssp.com\/es\/wp-json\/wp\/v2\/posts"}],"about":[{"href":"https:\/\/fruitssp.com\/es\/wp-json\/wp\/v2\/types\/post"}],"author":[{"embeddable":true,"href":"https:\/\/fruitssp.com\/es\/wp-json\/wp\/v2\/users\/1"}],"replies":[{"embeddable":true,"href":"https:\/\/fruitssp.com\/es\/wp-json\/wp\/v2\/comments?post=12283"}],"version-history":[{"count":0,"href":"https:\/\/fruitssp.com\/es\/wp-json\/wp\/v2\/posts\/12283\/revisions"}],"wp:featuredmedia":[{"embeddable":true,"href":"https:\/\/fruitssp.com\/es\/wp-json\/wp\/v2\/media\/8096"}],"wp:attachment":[{"href":"https:\/\/fruitssp.com\/es\/wp-json\/wp\/v2\/media?parent=12283"}],"wp:term":[{"taxonomy":"category","embeddable":true,"href":"https:\/\/fruitssp.com\/es\/wp-json\/wp\/v2\/categories?post=12283"},{"taxonomy":"post_tag","embeddable":true,"href":"https:\/\/fruitssp.com\/es\/wp-json\/wp\/v2\/tags?post=12283"}],"curies":[{"name":"wp","href":"https:\/\/api.w.org\/{rel}","templated":true}]}}