{"id":12453,"date":"2022-06-20T07:05:20","date_gmt":"2022-06-20T07:05:20","guid":{"rendered":"https:\/\/fruitssp.com\/?p=12453"},"modified":"2022-06-20T07:05:20","modified_gmt":"2022-06-20T07:05:20","slug":"respectem-el-cicle-natural-dels-aliments","status":"publish","type":"post","link":"https:\/\/fruitssp.com\/es\/noticies\/respectem-el-cicle-natural-dels-aliments\/","title":{"rendered":"Respetamos el ciclo natural de los alimentos"},"content":{"rendered":"<p>&nbsp;<\/p>\n<p><b><img loading=\"lazy\" decoding=\"async\" class=\"size-full wp-image-12454 aligncenter\" src=\"https:\/\/fruitssp.com\/wp-content\/uploads\/2022\/06\/pressecs-salses-fruits-sp.jpg\" alt=\"fruita de temporada salses fruits sp\" width=\"1200\" height=\"928\" srcset=\"https:\/\/fruitssp.com\/wp-content\/uploads\/2022\/06\/pressecs-salses-fruits-sp.jpg 1200w, https:\/\/fruitssp.com\/wp-content\/uploads\/2022\/06\/pressecs-salses-fruits-sp-300x232.jpg 300w, https:\/\/fruitssp.com\/wp-content\/uploads\/2022\/06\/pressecs-salses-fruits-sp-1024x792.jpg 1024w, https:\/\/fruitssp.com\/wp-content\/uploads\/2022\/06\/pressecs-salses-fruits-sp-16x12.jpg 16w, https:\/\/fruitssp.com\/wp-content\/uploads\/2022\/06\/pressecs-salses-fruits-sp-600x464.jpg 600w, https:\/\/fruitssp.com\/wp-content\/uploads\/2022\/06\/pressecs-salses-fruits-sp-768x594.jpg 768w, https:\/\/fruitssp.com\/wp-content\/uploads\/2022\/06\/pressecs-salses-fruits-sp-900x696.jpg 900w\" sizes=\"auto, (max-width: 1200px) 100vw, 1200px\" \/><\/b><\/p>\n<p>&nbsp;<\/p>\n<p><b>Dentro del calendario, todas las frutas y verduras tienen su momento y, por tanto, debemos respetar su ciclo natural. Priorizamos las frutas y verduras que sean de estaci\u00f3n, frescas y de proximidad. Conocer el valor de un producto no s\u00f3lo gira en torno al precio, sino que su origen y caracter\u00edsticas son de vital importancia para realizar un consumo responsable.<\/b><\/p>\n<p>Cuando decidimos consumir <strong>productos de proximidad<\/strong>, estamos apostando por la salud del medio ambiente y luchando contra el cambio clim\u00e1tico. En el consumo de proximidad, los agricultores s\u00f3lo utilizan la tierra cuando realmente es necesaria. Por eso es importante conocer y seguir los ciclos estacionales para ir descubriendo <strong>cada alimento en su momento \u00f3ptimo<\/strong>. No podemos comer melones en Navidad y calabazas en verano. Debemos tener claro que no hay de todo durante todo el a\u00f1o, y que para favorecer la frescura y valores nutritivos de los alimentos, necesitamos que sean cercanos y directos de los campos.<\/p>\n<p><strong>Consumir productos de temporada nos garantiza una mayor calidad del alimento en cuanto al sabor, aroma, textura y nutrientes.<\/strong><br \/>\nLa raz\u00f3n es que no se ha manipulado ni forzado el cultivo para su recogida en un mes que no es el original. Se han respetado los tiempos del producto, cultivados, madurados en su proceso natural y en el clima \u00f3ptimo del alimento. A todo esto, hay que sumar el hecho de que cuando decidimos comprar productos de nuestra tierra y de temporada estamos <strong>protegiendo el comercio local y apoyando toda su producci\u00f3n local<\/strong>. Adem\u00e1s, optar por estos productos frescos tambi\u00e9n son recomendables para nuestro bolsillo.<\/p>\n<p>Este mes de junio o julio compre tomates, pepinos, jud\u00edas verdes, berenjenas, calabacines, y lechugas, melocotones, peras, cerezas, albaricoques, n\u00edsperos, que nos ofrecen infinito de recetas frescas, sanas y naturales.<\/p>\n<p>&nbsp;<\/p>\n<p>Eva Salvat,<br \/>\nPeriodista<\/p>\n<p>&nbsp;<\/p>\n<style>\n.w-blogpost-preview{background-image:none!important;background-color: transparent!important;}.w-blogpost{padding: 0!important;}.w-blogpost::after{background:none!important;}.w-blogpost h1{color: #29b28f!important;}.w-blogpost-meta *{color:#000000!important;}<\/style>\n<div style=\"display: none;\">\n<h2>Finaliza la 15\u00aa<\/h2>\n<h3>Finaliza la 15\u00aa<\/h3>\n<p>En primer lugar,. En primer lugar,. En primer lugar,. En primer lugar,. En primer lugar,. En primer lugar,. En primer lugar,. En primer lugar,. En primer lugar,. En primer lugar,. En primer lugar,. En primer lugar,. En primer lugar,. En primer lugar,. En primer lugar,. En primer lugar,. En primer lugar,. En primer lugar,. En primer lugar,. En primer lugar,. En primer lugar,. En primer lugar,. En primer lugar,. En primer lugar,. En primer lugar,. En primer lugar,. En primer lugar,. En primer lugar,. En primer lugar,. En primer lugar,. En primer lugar,. En primer lugar,. En primer lugar,. En primer lugar,. En primer lugar,. En primer lugar,. En primer lugar,. En primer lugar,. En primer lugar,. En primer lugar,.<\/p>\n<p>En primer lugar, oramos ipsum dolor sit amet, consectetur adipiscing \u00e9lite. In vestibulum pretium nisi vehicula congue. Curabitur lobortis tristique neque, quis puerta nisi tempus quis. Donec ultrices posuere \u00e9lite, sit amet tincidunt Orci consectetur quis. Mauris rhoncus tristique facil\u00edsimo. Por un lado, t congue v\u00e9lites velita, te faucibus l\u00edgulas volutpat te. A\u00fan as\u00ed, urabitur VENENATA ante quis elementum pellentesque. In a pretium sapien. Empiezan las cal\u00e7otades. Aliquam erat volutpat. Donec Viverra cursus Gravida. Fusce accumsan sed leo vitae tempus. Las picaduras m\u00e1s frescas <a href=\"https:\/\/tgd.cat\">TGDigital<\/a><a href=\"\/es\/\">frutos<\/a><\/p>\n<h3>Finaliza la 15\u00aa<\/h3>\n<p>Cabe decir que am CONVALLARIA libero non Turpin bibendum, vitae porttitor ex Orna. Por ejemplo, Raes consecuente Interdum ante, quis pellentesque sapien aliquet eu. Por un lado, ed commodo rhoncus magna velo aliquet. En tercer lugar, n hac habitasse platea dictumst. Phasellus ARCU leo, aliquet quis consecuente id, temporarias velo ARCU. Duis vulputate dign\u00edsimo placeres. Nulamente varices ARCU eu lorem rutrum scelerisque a vitae lectus. Sin ir m\u00e1s lejos, n vulputate at Turpin ac porttitor. Morbi aliquet bibendum odio, te rutrum tellus dapibus sit amet. Por \u00faltimo, Ruis sed m\u00ed quis ARCU.<\/p>\n<h3>cal\u00e7ots cocidos<\/h3>\n<p>Aunque no valencianos, ntegro sit amet placeres risus. A pesar de ello, ulla facil\u00edsimo. En segundo lugar, Oneca nec ipsum augue. Por otra parte, ivamus eros ex, ultrices mollis bibendum at, elementum sed lectus. Sin embargo, urabitur quis augue ac tellus tincidunt hendrerit. Donec erat purus, solicitud vitae v\u00e9lites vitae, feugiat dapibus diam. Cabe decir que Maecenas faucibus demasiado vitae erat elementum consectetur. Quisque finibus, purus velo Interdum vulputate, neque leo ultrices nisi, sed facil\u00edsimo nibh purus eget quam. Nunc nec libero eros. Las picaduras m\u00e1s frescas, por ejemplo. Sin ir m\u00e1s lejos, la picadura es buen\u00edsima. Nos encantar\u00eda que la orzata fuera probada por todos los comensales y, por supuesto, para todos los gourmands. Quisi\u00e9ramos, claro, hacerla conocida. Es por ello que la hacemos tan buena.<\/p>\n<h3>cal\u00e7ots cocidos<\/h3>\n<p>En primer lugar,. En primer lugar,. En primer lugar,. En primer lugar,. En primer lugar,. En primer lugar,. En primer lugar,. En primer lugar,. En primer lugar,. En primer lugar,. En primer lugar,. En primer lugar,. En primer lugar,. En primer lugar,. En primer lugar,. En primer lugar,. En primer lugar,. En primer lugar,. En primer lugar,. En primer lugar,. En primer lugar,. En primer lugar,.<\/p>\n<\/div>","protected":false},"excerpt":{"rendered":"<p>&nbsp; &nbsp; Dentro del calendario, todas las frutas y verduras tienen su momento y, por tanto, debemos respetar su ciclo natural. Priorizamos las frutas y verduras que sean de estaci\u00f3n, frescas y de proximidad. Conocer el valor de un producto no s\u00f3lo gira en torno al precio, sino que su origen y sus caracter\u00edsticas son\u2026<\/p>","protected":false},"author":1,"featured_media":12454,"comment_status":"closed","ping_status":"closed","sticky":false,"template":"","format":"standard","meta":{"inline_featured_image":false,"footnotes":""},"categories":[1],"tags":[],"class_list":["post-12453","post","type-post","status-publish","format-standard","has-post-thumbnail","hentry","category-noticies"],"yoast_head":"<!-- This site is optimized with the Yoast SEO plugin v26.7 - https:\/\/yoast.com\/wordpress\/plugins\/seo\/ -->\n<title>Respectem el cicle natural dels aliments - Salses Fruits<\/title>\n<meta name=\"robots\" content=\"index, follow, max-snippet:-1, max-image-preview:large, max-video-preview:-1\" \/>\n<link rel=\"canonical\" href=\"https:\/\/fruitssp.com\/es\/noticies\/respectem-el-cicle-natural-dels-aliments\/\" \/>\n<meta property=\"og:locale\" content=\"es_ES\" \/>\n<meta property=\"og:type\" content=\"article\" \/>\n<meta property=\"og:title\" content=\"Respectem el cicle natural dels aliments - Salses Fruits\" \/>\n<meta property=\"og:description\" content=\"&nbsp; &nbsp; Dins del calendari, totes les fruites i verdures tenen el seu moment i, per tant, cal que en respectem el seu cicle natural. Prioritzem les fruites i verdures que siguin d&#8217;estaci\u00f3, fresques i de proximitat. Con\u00e8ixer el valor d&#8217;un producte no sols gira entorn del preu, sin\u00f3 que l&#8217;origen i les caracter\u00edstiques s\u00f3n...\" \/>\n<meta property=\"og:url\" content=\"https:\/\/fruitssp.com\/es\/noticies\/respectem-el-cicle-natural-dels-aliments\/\" \/>\n<meta property=\"og:site_name\" content=\"Salses Fruits\" \/>\n<meta property=\"article:publisher\" content=\"https:\/\/www.facebook.com\/Salses-Fruits-SP-1137777022906379\/\" \/>\n<meta property=\"article:published_time\" content=\"2022-06-20T07:05:20+00:00\" \/>\n<meta property=\"og:image\" content=\"https:\/\/fruitssp.com\/wp-content\/uploads\/2022\/06\/pressecs-salses-fruits-sp.jpg\" \/>\n\t<meta property=\"og:image:width\" content=\"1200\" \/>\n\t<meta property=\"og:image:height\" content=\"928\" \/>\n\t<meta property=\"og:image:type\" content=\"image\/jpeg\" \/>\n<meta name=\"author\" content=\"fruitssp\" \/>\n<meta name=\"twitter:card\" content=\"summary_large_image\" \/>\n<meta name=\"twitter:label1\" content=\"Escrito por\" \/>\n\t<meta name=\"twitter:data1\" content=\"fruitssp\" \/>\n\t<meta name=\"twitter:label2\" content=\"Tiempo de lectura\" \/>\n\t<meta name=\"twitter:data2\" content=\"5 minutos\" \/>\n<!-- \/ Yoast SEO plugin. -->","yoast_head_json":{"title":"Respectem el cicle natural dels aliments - Salses Fruits","robots":{"index":"index","follow":"follow","max-snippet":"max-snippet:-1","max-image-preview":"max-image-preview:large","max-video-preview":"max-video-preview:-1"},"canonical":"https:\/\/fruitssp.com\/es\/noticies\/respectem-el-cicle-natural-dels-aliments\/","og_locale":"es_ES","og_type":"article","og_title":"Respectem el cicle natural dels aliments - Salses Fruits","og_description":"&nbsp; &nbsp; Dins del calendari, totes les fruites i verdures tenen el seu moment i, per tant, cal que en respectem el seu cicle natural. Prioritzem les fruites i verdures que siguin d&#8217;estaci\u00f3, fresques i de proximitat. Con\u00e8ixer el valor d&#8217;un producte no sols gira entorn del preu, sin\u00f3 que l&#8217;origen i les caracter\u00edstiques s\u00f3n...","og_url":"https:\/\/fruitssp.com\/es\/noticies\/respectem-el-cicle-natural-dels-aliments\/","og_site_name":"Salses Fruits","article_publisher":"https:\/\/www.facebook.com\/Salses-Fruits-SP-1137777022906379\/","article_published_time":"2022-06-20T07:05:20+00:00","og_image":[{"width":1200,"height":928,"url":"https:\/\/fruitssp.com\/wp-content\/uploads\/2022\/06\/pressecs-salses-fruits-sp.jpg","type":"image\/jpeg"}],"author":"fruitssp","twitter_card":"summary_large_image","twitter_misc":{"Escrito por":"fruitssp","Tiempo de lectura":"5 minutos"},"schema":{"@context":"https:\/\/schema.org","@graph":[{"@type":"Article","@id":"https:\/\/fruitssp.com\/es\/noticies\/respectem-el-cicle-natural-dels-aliments\/#article","isPartOf":{"@id":"https:\/\/fruitssp.com\/es\/noticies\/respectem-el-cicle-natural-dels-aliments\/"},"author":{"name":"fruitssp","@id":"https:\/\/fruitssp.com\/#\/schema\/person\/74f4a70f480644ed06e5945c13b509c8"},"headline":"Respectem el cicle natural dels aliments","datePublished":"2022-06-20T07:05:20+00:00","mainEntityOfPage":{"@id":"https:\/\/fruitssp.com\/es\/noticies\/respectem-el-cicle-natural-dels-aliments\/"},"wordCount":841,"publisher":{"@id":"https:\/\/fruitssp.com\/#organization"},"image":{"@id":"https:\/\/fruitssp.com\/es\/noticies\/respectem-el-cicle-natural-dels-aliments\/#primaryimage"},"thumbnailUrl":"https:\/\/fruitssp.com\/wp-content\/uploads\/2022\/06\/pressecs-salses-fruits-sp.jpg","articleSection":["Noticies"],"inLanguage":"es"},{"@type":"WebPage","@id":"https:\/\/fruitssp.com\/es\/noticies\/respectem-el-cicle-natural-dels-aliments\/","url":"https:\/\/fruitssp.com\/es\/noticies\/respectem-el-cicle-natural-dels-aliments\/","name":"Respectem el cicle natural dels aliments - Salses Fruits","isPartOf":{"@id":"https:\/\/fruitssp.com\/#website"},"primaryImageOfPage":{"@id":"https:\/\/fruitssp.com\/es\/noticies\/respectem-el-cicle-natural-dels-aliments\/#primaryimage"},"image":{"@id":"https:\/\/fruitssp.com\/es\/noticies\/respectem-el-cicle-natural-dels-aliments\/#primaryimage"},"thumbnailUrl":"https:\/\/fruitssp.com\/wp-content\/uploads\/2022\/06\/pressecs-salses-fruits-sp.jpg","datePublished":"2022-06-20T07:05:20+00:00","breadcrumb":{"@id":"https:\/\/fruitssp.com\/es\/noticies\/respectem-el-cicle-natural-dels-aliments\/#breadcrumb"},"inLanguage":"es","potentialAction":[{"@type":"ReadAction","target":["https:\/\/fruitssp.com\/es\/noticies\/respectem-el-cicle-natural-dels-aliments\/"]}]},{"@type":"ImageObject","inLanguage":"es","@id":"https:\/\/fruitssp.com\/es\/noticies\/respectem-el-cicle-natural-dels-aliments\/#primaryimage","url":"https:\/\/fruitssp.com\/wp-content\/uploads\/2022\/06\/pressecs-salses-fruits-sp.jpg","contentUrl":"https:\/\/fruitssp.com\/wp-content\/uploads\/2022\/06\/pressecs-salses-fruits-sp.jpg","width":1200,"height":928,"caption":"fruita de temporada salses fruits sp"},{"@type":"BreadcrumbList","@id":"https:\/\/fruitssp.com\/es\/noticies\/respectem-el-cicle-natural-dels-aliments\/#breadcrumb","itemListElement":[{"@type":"ListItem","position":1,"name":"Inici","item":"https:\/\/fruitssp.com\/"},{"@type":"ListItem","position":2,"name":"Respectem el cicle natural dels aliments"}]},{"@type":"WebSite","@id":"https:\/\/fruitssp.com\/#website","url":"https:\/\/fruitssp.com\/","name":"FruitsSP","description":"Salsas y productos frescos y naturales, de la tierra del cal\u00e7ot","publisher":{"@id":"https:\/\/fruitssp.com\/#organization"},"potentialAction":[{"@type":"SearchAction","target":{"@type":"EntryPoint","urlTemplate":"https:\/\/fruitssp.com\/?s={search_term_string}"},"query-input":{"@type":"PropertyValueSpecification","valueRequired":true,"valueName":"search_term_string"}}],"inLanguage":"es"},{"@type":"Organization","@id":"https:\/\/fruitssp.com\/#organization","name":"Salsas Frutos S &amp; P","url":"https:\/\/fruitssp.com\/","logo":{"@type":"ImageObject","inLanguage":"es","@id":"https:\/\/fruitssp.com\/#\/schema\/logo\/image\/","url":"https:\/\/fruitssp.com\/wp-content\/uploads\/2022\/12\/logoFruits_472x406.png","contentUrl":"https:\/\/fruitssp.com\/wp-content\/uploads\/2022\/12\/logoFruits_472x406.png","width":472,"height":406,"caption":"Salses Fruits S&P"},"image":{"@id":"https:\/\/fruitssp.com\/#\/schema\/logo\/image\/"},"sameAs":["https:\/\/www.facebook.com\/Salses-Fruits-SP-1137777022906379\/","https:\/\/www.instagram.com\/salsesfruitssp\/","https:\/\/www.linkedin.com\/company\/salses-fruits-s-i-p-sl\/"]},{"@type":"Person","@id":"https:\/\/fruitssp.com\/#\/schema\/person\/74f4a70f480644ed06e5945c13b509c8","name":"fruitssp"}]}},"_links":{"self":[{"href":"https:\/\/fruitssp.com\/es\/wp-json\/wp\/v2\/posts\/12453","targetHints":{"allow":["GET"]}}],"collection":[{"href":"https:\/\/fruitssp.com\/es\/wp-json\/wp\/v2\/posts"}],"about":[{"href":"https:\/\/fruitssp.com\/es\/wp-json\/wp\/v2\/types\/post"}],"author":[{"embeddable":true,"href":"https:\/\/fruitssp.com\/es\/wp-json\/wp\/v2\/users\/1"}],"replies":[{"embeddable":true,"href":"https:\/\/fruitssp.com\/es\/wp-json\/wp\/v2\/comments?post=12453"}],"version-history":[{"count":0,"href":"https:\/\/fruitssp.com\/es\/wp-json\/wp\/v2\/posts\/12453\/revisions"}],"wp:featuredmedia":[{"embeddable":true,"href":"https:\/\/fruitssp.com\/es\/wp-json\/wp\/v2\/media\/12454"}],"wp:attachment":[{"href":"https:\/\/fruitssp.com\/es\/wp-json\/wp\/v2\/media?parent=12453"}],"wp:term":[{"taxonomy":"category","embeddable":true,"href":"https:\/\/fruitssp.com\/es\/wp-json\/wp\/v2\/categories?post=12453"},{"taxonomy":"post_tag","embeddable":true,"href":"https:\/\/fruitssp.com\/es\/wp-json\/wp\/v2\/tags?post=12453"}],"curies":[{"name":"wp","href":"https:\/\/api.w.org\/{rel}","templated":true}]}}