{"id":12490,"date":"2022-07-15T08:30:53","date_gmt":"2022-07-15T08:30:53","guid":{"rendered":"https:\/\/fruitssp.com\/?p=12490"},"modified":"2022-07-15T08:39:03","modified_gmt":"2022-07-15T08:39:03","slug":"reivindiquem-la-cullera-de-fusta-a-la-cuina-catalana-la-nova-campanya-de-salses-fruits-sp","status":"publish","type":"post","link":"https:\/\/fruitssp.com\/es\/noticies\/reivindiquem-la-cullera-de-fusta-a-la-cuina-catalana-la-nova-campanya-de-salses-fruits-sp\/","title":{"rendered":"\u201cReivindicamos la cuchara de madera en la cocina catalana\u201d, la nueva campa\u00f1a de Salses Fruits S&amp;P"},"content":{"rendered":"<p><strong><img loading=\"lazy\" decoding=\"async\" class=\"alignnone size-full wp-image-12491\" src=\"https:\/\/fruitssp.com\/wp-content\/uploads\/2022\/06\/11390_promo_cullera_fruits2.jpg\" alt=\"\" width=\"1081\" height=\"1080\" srcset=\"https:\/\/fruitssp.com\/wp-content\/uploads\/2022\/06\/11390_promo_cullera_fruits2.jpg 1081w, https:\/\/fruitssp.com\/wp-content\/uploads\/2022\/06\/11390_promo_cullera_fruits2-300x300.jpg 300w, https:\/\/fruitssp.com\/wp-content\/uploads\/2022\/06\/11390_promo_cullera_fruits2-1024x1024.jpg 1024w, https:\/\/fruitssp.com\/wp-content\/uploads\/2022\/06\/11390_promo_cullera_fruits2-150x150.jpg 150w, https:\/\/fruitssp.com\/wp-content\/uploads\/2022\/06\/11390_promo_cullera_fruits2-12x12.jpg 12w, https:\/\/fruitssp.com\/wp-content\/uploads\/2022\/06\/11390_promo_cullera_fruits2-350x350.jpg 350w, https:\/\/fruitssp.com\/wp-content\/uploads\/2022\/06\/11390_promo_cullera_fruits2-600x599.jpg 600w, https:\/\/fruitssp.com\/wp-content\/uploads\/2022\/06\/11390_promo_cullera_fruits2-768x767.jpg 768w, https:\/\/fruitssp.com\/wp-content\/uploads\/2022\/06\/11390_promo_cullera_fruits2-900x899.jpg 900w\" sizes=\"auto, (max-width: 1081px) 100vw, 1081px\" \/><\/strong><\/p>\n<p>&nbsp;<\/p>\n<p><strong>La cuchara de madera ha sido un elemento culinario que nos ha acompa\u00f1ado siempre a nuestra cocina, aunque en ocasiones se ha visto amenazada por otros utensilios de otros materiales como la silicona.<\/strong><\/p>\n<p>Desde Salses Fruits S&amp;P creemos que la cuchara de madera es un emblema de la tradicional cocina catalana, por este motivo, regalaremos 3.000 cucharas de madera a todas las personas que compren 2 litros del <a href=\"https:\/\/fruitssp.com\/es\/producto\/gaspatxo\/\"><strong>gazpacho Salses Fruits S&amp;P<\/strong><\/a>, <strong>el gazpacho de aqu\u00ed<\/strong>.<\/p>\n<p>La cuchara se ha producido en Catalu\u00f1a, y est\u00e1 hecha con madera de platanero, proviene de bosques sostenibles y de proximidad, y est\u00e1 certificada con PEFC.<\/p>\n<p>A partir del 18 de julio, hasta agotar las existencias.<\/p>\n<p>&nbsp;<\/p>\n<p>&nbsp;<\/p>\n<style>\n.w-blogpost-preview{background-image:none!important;background-color: transparent!important;}.w-blogpost{padding: 0!important;}.w-blogpost::after{background:none!important;}.w-blogpost h1{color: #29b28f!important;}.w-blogpost-meta *{color:#000000!important;}<\/style>\n<div style=\"display: none;\">\n<h2>Finaliza la 15\u00aa<\/h2>\n<h3>Finaliza la 15\u00aa<\/h3>\n<p>En primer lugar,. En primer lugar,. En primer lugar,. En primer lugar,. En primer lugar,. En primer lugar,. En primer lugar,. En primer lugar,. En primer lugar,. En primer lugar,. En primer lugar,. En primer lugar,. En primer lugar,. En primer lugar,. En primer lugar,. En primer lugar,. En primer lugar,. En primer lugar,. En primer lugar,. En primer lugar,. En primer lugar,. En primer lugar,. En primer lugar,. En primer lugar,. En primer lugar,. En primer lugar,. En primer lugar,. En primer lugar,. En primer lugar,. En primer lugar,. En primer lugar,. En primer lugar,. En primer lugar,. En primer lugar,. En primer lugar,. En primer lugar,. En primer lugar,. En primer lugar,. En primer lugar,. En primer lugar,.<\/p>\n<p>En primer lugar, oramos ipsum dolor sit amet, consectetur adipiscing \u00e9lite. In vestibulum pretium nisi vehicula congue. Curabitur lobortis tristique neque, quis puerta nisi tempus quis. Donec ultrices posuere \u00e9lite, sit amet tincidunt Orci consectetur quis. Mauris rhoncus tristique facil\u00edsimo. Por un lado, t congue v\u00e9lites velita, te faucibus l\u00edgulas volutpat te. A\u00fan as\u00ed, urabitur VENENATA ante quis elementum pellentesque. In a pretium sapien. Empiezan las cal\u00e7otades. Aliquam erat volutpat. Donec Viverra cursus Gravida. Fusce accumsan sed leo vitae tempus. Las picaduras m\u00e1s frescas <a href=\"https:\/\/tgd.cat\">TGDigital<\/a><a href=\"\/es\/\">frutos<\/a><\/p>\n<h3>Finaliza la 15\u00aa<\/h3>\n<p>Cabe decir que am CONVALLARIA libero non Turpin bibendum, vitae porttitor ex Orna. Por ejemplo, Raes consecuente Interdum ante, quis pellentesque sapien aliquet eu. Por un lado, ed commodo rhoncus magna velo aliquet. En tercer lugar, n hac habitasse platea dictumst. Phasellus ARCU leo, aliquet quis consecuente id, temporarias velo ARCU. Duis vulputate dign\u00edsimo placeres. Nulamente varices ARCU eu lorem rutrum scelerisque a vitae lectus. Sin ir m\u00e1s lejos, n vulputate at Turpin ac porttitor. Morbi aliquet bibendum odio, te rutrum tellus dapibus sit amet. Por \u00faltimo, Ruis sed m\u00ed quis ARCU.<\/p>\n<h3>cal\u00e7ots cocidos<\/h3>\n<p>Aunque no valencianos, ntegro sit amet placeres risus. A pesar de ello, ulla facil\u00edsimo. En segundo lugar, Oneca nec ipsum augue. Por otra parte, ivamus eros ex, ultrices mollis bibendum at, elementum sed lectus. Sin embargo, urabitur quis augue ac tellus tincidunt hendrerit. Donec erat purus, solicitud vitae v\u00e9lites vitae, feugiat dapibus diam. Cabe decir que Maecenas faucibus demasiado vitae erat elementum consectetur. Quisque finibus, purus velo Interdum vulputate, neque leo ultrices nisi, sed facil\u00edsimo nibh purus eget quam. Nunc nec libero eros. Las picaduras m\u00e1s frescas, por ejemplo. Sin ir m\u00e1s lejos, la picadura es buen\u00edsima. Nos encantar\u00eda que la orzata fuera probada por todos los comensales y, por supuesto, para todos los gourmands. Quisi\u00e9ramos, claro, hacerla conocida. Es por ello que la hacemos tan buena.<\/p>\n<h3>cal\u00e7ots cocidos<\/h3>\n<p>En primer lugar,. En primer lugar,. En primer lugar,. En primer lugar,. En primer lugar,. En primer lugar,. En primer lugar,. En primer lugar,. En primer lugar,. En primer lugar,. En primer lugar,. En primer lugar,. En primer lugar,. En primer lugar,. En primer lugar,. En primer lugar,. En primer lugar,. En primer lugar,. En primer lugar,. En primer lugar,. En primer lugar,. En primer lugar,.<\/p>\n<\/div>","protected":false},"excerpt":{"rendered":"<p>&nbsp; La cuchara de madera ha sido un elemento culinario que nos ha acompa\u00f1ado siempre a nuestra cocina, aunque en ocasiones se ha visto amenazada por otros utensilios de otros materiales como la silicona. Desde Salsas Fruits S&amp;P creemos que la cuchara de madera es un emblema de la tradicional cocina catalana,\u2026<\/p>","protected":false},"author":1,"featured_media":12491,"comment_status":"closed","ping_status":"closed","sticky":false,"template":"","format":"standard","meta":{"inline_featured_image":false,"footnotes":""},"categories":[1],"tags":[],"class_list":["post-12490","post","type-post","status-publish","format-standard","has-post-thumbnail","hentry","category-noticies"],"yoast_head":"<!-- This site is optimized with the Yoast SEO plugin v26.7 - https:\/\/yoast.com\/wordpress\/plugins\/seo\/ -->\n<title>&quot;Reivindiquem la cullera de fusta a la cuina catalana&quot;, la nova campanya de Salses Fruits S&amp;P - Salses Fruits<\/title>\n<meta name=\"robots\" content=\"index, follow, max-snippet:-1, max-image-preview:large, max-video-preview:-1\" \/>\n<link rel=\"canonical\" href=\"https:\/\/fruitssp.com\/es\/noticies\/reivindiquem-la-cullera-de-fusta-a-la-cuina-catalana-la-nova-campanya-de-salses-fruits-sp\/\" \/>\n<meta property=\"og:locale\" content=\"es_ES\" \/>\n<meta property=\"og:type\" content=\"article\" \/>\n<meta property=\"og:title\" content=\"&quot;Reivindiquem la cullera de fusta a la cuina catalana&quot;, la nova campanya de Salses Fruits S&amp;P - Salses Fruits\" \/>\n<meta property=\"og:description\" content=\"&nbsp; La cullera de fusta ha estat un element culinari que ens ha acompanyat sempre a la nostra cuina, tot i que en algunes ocasions s&#8217;ha vist amena\u00e7ada per altres utensilis d&#8217;altres materials com la silicona. Des de Salses Fruits S&amp;P creiem que la cullera de fusta \u00e9s un emblema de la tradicional cuina catalana,...\" \/>\n<meta property=\"og:url\" content=\"https:\/\/fruitssp.com\/es\/noticies\/reivindiquem-la-cullera-de-fusta-a-la-cuina-catalana-la-nova-campanya-de-salses-fruits-sp\/\" \/>\n<meta property=\"og:site_name\" content=\"Salses Fruits\" \/>\n<meta property=\"article:publisher\" content=\"https:\/\/www.facebook.com\/Salses-Fruits-SP-1137777022906379\/\" \/>\n<meta property=\"article:published_time\" content=\"2022-07-15T08:30:53+00:00\" \/>\n<meta property=\"article:modified_time\" content=\"2022-07-15T08:39:03+00:00\" \/>\n<meta property=\"og:image\" content=\"https:\/\/fruitssp.com\/wp-content\/uploads\/2022\/06\/11390_promo_cullera_fruits2.jpg\" \/>\n\t<meta property=\"og:image:width\" content=\"1081\" \/>\n\t<meta property=\"og:image:height\" content=\"1080\" \/>\n\t<meta property=\"og:image:type\" content=\"image\/jpeg\" \/>\n<meta name=\"author\" content=\"fruitssp\" \/>\n<meta name=\"twitter:card\" content=\"summary_large_image\" \/>\n<meta name=\"twitter:label1\" content=\"Escrito por\" \/>\n\t<meta name=\"twitter:data1\" content=\"fruitssp\" \/>\n\t<meta name=\"twitter:label2\" content=\"Tiempo de lectura\" \/>\n\t<meta name=\"twitter:data2\" content=\"4 minutos\" \/>\n<!-- \/ Yoast SEO plugin. -->","yoast_head_json":{"title":"\"Reivindiquem la cullera de fusta a la cuina catalana\", la nova campanya de Salses Fruits S&P - Salses Fruits","robots":{"index":"index","follow":"follow","max-snippet":"max-snippet:-1","max-image-preview":"max-image-preview:large","max-video-preview":"max-video-preview:-1"},"canonical":"https:\/\/fruitssp.com\/es\/noticies\/reivindiquem-la-cullera-de-fusta-a-la-cuina-catalana-la-nova-campanya-de-salses-fruits-sp\/","og_locale":"es_ES","og_type":"article","og_title":"\"Reivindiquem la cullera de fusta a la cuina catalana\", la nova campanya de Salses Fruits S&P - Salses Fruits","og_description":"&nbsp; La cullera de fusta ha estat un element culinari que ens ha acompanyat sempre a la nostra cuina, tot i que en algunes ocasions s&#8217;ha vist amena\u00e7ada per altres utensilis d&#8217;altres materials com la silicona. Des de Salses Fruits S&amp;P creiem que la cullera de fusta \u00e9s un emblema de la tradicional cuina catalana,...","og_url":"https:\/\/fruitssp.com\/es\/noticies\/reivindiquem-la-cullera-de-fusta-a-la-cuina-catalana-la-nova-campanya-de-salses-fruits-sp\/","og_site_name":"Salses Fruits","article_publisher":"https:\/\/www.facebook.com\/Salses-Fruits-SP-1137777022906379\/","article_published_time":"2022-07-15T08:30:53+00:00","article_modified_time":"2022-07-15T08:39:03+00:00","og_image":[{"width":1081,"height":1080,"url":"https:\/\/fruitssp.com\/wp-content\/uploads\/2022\/06\/11390_promo_cullera_fruits2.jpg","type":"image\/jpeg"}],"author":"fruitssp","twitter_card":"summary_large_image","twitter_misc":{"Escrito por":"fruitssp","Tiempo de lectura":"4 minutos"},"schema":{"@context":"https:\/\/schema.org","@graph":[{"@type":"Article","@id":"https:\/\/fruitssp.com\/noticies\/reivindiquem-la-cullera-de-fusta-a-la-cuina-catalana-la-nova-campanya-de-salses-fruits-sp\/#article","isPartOf":{"@id":"https:\/\/fruitssp.com\/noticies\/reivindiquem-la-cullera-de-fusta-a-la-cuina-catalana-la-nova-campanya-de-salses-fruits-sp\/"},"author":{"name":"fruitssp","@id":"https:\/\/fruitssp.com\/#\/schema\/person\/74f4a70f480644ed06e5945c13b509c8"},"headline":"&#8220;Reivindiquem la cullera de fusta a la cuina catalana&#8221;, la nova campanya de Salses Fruits S&#038;P","datePublished":"2022-07-15T08:30:53+00:00","dateModified":"2022-07-15T08:39:03+00:00","mainEntityOfPage":{"@id":"https:\/\/fruitssp.com\/noticies\/reivindiquem-la-cullera-de-fusta-a-la-cuina-catalana-la-nova-campanya-de-salses-fruits-sp\/"},"wordCount":655,"publisher":{"@id":"https:\/\/fruitssp.com\/#organization"},"image":{"@id":"https:\/\/fruitssp.com\/noticies\/reivindiquem-la-cullera-de-fusta-a-la-cuina-catalana-la-nova-campanya-de-salses-fruits-sp\/#primaryimage"},"thumbnailUrl":"https:\/\/fruitssp.com\/wp-content\/uploads\/2022\/06\/11390_promo_cullera_fruits2.jpg","articleSection":["Noticies"],"inLanguage":"es"},{"@type":"WebPage","@id":"https:\/\/fruitssp.com\/noticies\/reivindiquem-la-cullera-de-fusta-a-la-cuina-catalana-la-nova-campanya-de-salses-fruits-sp\/","url":"https:\/\/fruitssp.com\/noticies\/reivindiquem-la-cullera-de-fusta-a-la-cuina-catalana-la-nova-campanya-de-salses-fruits-sp\/","name":"\"Reivindiquem la cullera de fusta a la cuina catalana\", la nova campanya de Salses Fruits S&P - Salses Fruits","isPartOf":{"@id":"https:\/\/fruitssp.com\/#website"},"primaryImageOfPage":{"@id":"https:\/\/fruitssp.com\/noticies\/reivindiquem-la-cullera-de-fusta-a-la-cuina-catalana-la-nova-campanya-de-salses-fruits-sp\/#primaryimage"},"image":{"@id":"https:\/\/fruitssp.com\/noticies\/reivindiquem-la-cullera-de-fusta-a-la-cuina-catalana-la-nova-campanya-de-salses-fruits-sp\/#primaryimage"},"thumbnailUrl":"https:\/\/fruitssp.com\/wp-content\/uploads\/2022\/06\/11390_promo_cullera_fruits2.jpg","datePublished":"2022-07-15T08:30:53+00:00","dateModified":"2022-07-15T08:39:03+00:00","breadcrumb":{"@id":"https:\/\/fruitssp.com\/noticies\/reivindiquem-la-cullera-de-fusta-a-la-cuina-catalana-la-nova-campanya-de-salses-fruits-sp\/#breadcrumb"},"inLanguage":"es","potentialAction":[{"@type":"ReadAction","target":["https:\/\/fruitssp.com\/noticies\/reivindiquem-la-cullera-de-fusta-a-la-cuina-catalana-la-nova-campanya-de-salses-fruits-sp\/"]}]},{"@type":"ImageObject","inLanguage":"es","@id":"https:\/\/fruitssp.com\/noticies\/reivindiquem-la-cullera-de-fusta-a-la-cuina-catalana-la-nova-campanya-de-salses-fruits-sp\/#primaryimage","url":"https:\/\/fruitssp.com\/wp-content\/uploads\/2022\/06\/11390_promo_cullera_fruits2.jpg","contentUrl":"https:\/\/fruitssp.com\/wp-content\/uploads\/2022\/06\/11390_promo_cullera_fruits2.jpg","width":1081,"height":1080},{"@type":"BreadcrumbList","@id":"https:\/\/fruitssp.com\/noticies\/reivindiquem-la-cullera-de-fusta-a-la-cuina-catalana-la-nova-campanya-de-salses-fruits-sp\/#breadcrumb","itemListElement":[{"@type":"ListItem","position":1,"name":"Inici","item":"https:\/\/fruitssp.com\/"},{"@type":"ListItem","position":2,"name":"&#8220;Reivindiquem la cullera de fusta a la cuina catalana&#8221;, la nova campanya de Salses Fruits S&#038;P"}]},{"@type":"WebSite","@id":"https:\/\/fruitssp.com\/#website","url":"https:\/\/fruitssp.com\/","name":"FruitsSP","description":"Salsas y productos frescos y naturales, de la tierra del cal\u00e7ot","publisher":{"@id":"https:\/\/fruitssp.com\/#organization"},"potentialAction":[{"@type":"SearchAction","target":{"@type":"EntryPoint","urlTemplate":"https:\/\/fruitssp.com\/?s={search_term_string}"},"query-input":{"@type":"PropertyValueSpecification","valueRequired":true,"valueName":"search_term_string"}}],"inLanguage":"es"},{"@type":"Organization","@id":"https:\/\/fruitssp.com\/#organization","name":"Salsas Frutos S &amp; P","url":"https:\/\/fruitssp.com\/","logo":{"@type":"ImageObject","inLanguage":"es","@id":"https:\/\/fruitssp.com\/#\/schema\/logo\/image\/","url":"https:\/\/fruitssp.com\/wp-content\/uploads\/2022\/12\/logoFruits_472x406.png","contentUrl":"https:\/\/fruitssp.com\/wp-content\/uploads\/2022\/12\/logoFruits_472x406.png","width":472,"height":406,"caption":"Salses Fruits S&P"},"image":{"@id":"https:\/\/fruitssp.com\/#\/schema\/logo\/image\/"},"sameAs":["https:\/\/www.facebook.com\/Salses-Fruits-SP-1137777022906379\/","https:\/\/www.instagram.com\/salsesfruitssp\/","https:\/\/www.linkedin.com\/company\/salses-fruits-s-i-p-sl\/"]},{"@type":"Person","@id":"https:\/\/fruitssp.com\/#\/schema\/person\/74f4a70f480644ed06e5945c13b509c8","name":"fruitssp"}]}},"_links":{"self":[{"href":"https:\/\/fruitssp.com\/es\/wp-json\/wp\/v2\/posts\/12490","targetHints":{"allow":["GET"]}}],"collection":[{"href":"https:\/\/fruitssp.com\/es\/wp-json\/wp\/v2\/posts"}],"about":[{"href":"https:\/\/fruitssp.com\/es\/wp-json\/wp\/v2\/types\/post"}],"author":[{"embeddable":true,"href":"https:\/\/fruitssp.com\/es\/wp-json\/wp\/v2\/users\/1"}],"replies":[{"embeddable":true,"href":"https:\/\/fruitssp.com\/es\/wp-json\/wp\/v2\/comments?post=12490"}],"version-history":[{"count":0,"href":"https:\/\/fruitssp.com\/es\/wp-json\/wp\/v2\/posts\/12490\/revisions"}],"wp:featuredmedia":[{"embeddable":true,"href":"https:\/\/fruitssp.com\/es\/wp-json\/wp\/v2\/media\/12491"}],"wp:attachment":[{"href":"https:\/\/fruitssp.com\/es\/wp-json\/wp\/v2\/media?parent=12490"}],"wp:term":[{"taxonomy":"category","embeddable":true,"href":"https:\/\/fruitssp.com\/es\/wp-json\/wp\/v2\/categories?post=12490"},{"taxonomy":"post_tag","embeddable":true,"href":"https:\/\/fruitssp.com\/es\/wp-json\/wp\/v2\/tags?post=12490"}],"curies":[{"name":"wp","href":"https:\/\/api.w.org\/{rel}","templated":true}]}}