{"id":12664,"date":"2022-10-27T12:37:13","date_gmt":"2022-10-27T12:37:13","guid":{"rendered":"https:\/\/fruitssp.com\/?p=12664"},"modified":"2022-10-27T12:53:59","modified_gmt":"2022-10-27T12:53:59","slug":"torna-el-temps-de-cullera-amb-salses-fruits","status":"publish","type":"post","link":"https:\/\/fruitssp.com\/es\/noticies\/torna-el-temps-de-cullera-amb-salses-fruits\/","title":{"rendered":"Vuelve el Tiempo de Cullera con Salsas Frutos"},"content":{"rendered":"<p><strong><img loading=\"lazy\" decoding=\"async\" class=\"alignnone wp-image-12659 size-full\" src=\"https:\/\/fruitssp.com\/wp-content\/uploads\/2022\/10\/SFcrema600x420.jpg\" alt=\"\" width=\"600\" height=\"420\" srcset=\"https:\/\/fruitssp.com\/wp-content\/uploads\/2022\/10\/SFcrema600x420.jpg 600w, https:\/\/fruitssp.com\/wp-content\/uploads\/2022\/10\/SFcrema600x420-300x210.jpg 300w, https:\/\/fruitssp.com\/wp-content\/uploads\/2022\/10\/SFcrema600x420-18x12.jpg 18w\" sizes=\"auto, (max-width: 600px) 100vw, 600px\" \/><\/strong><\/p>\n<p>&nbsp;<\/p>\n<p class=\"p1\"><strong><span class=\"s1\">Las cremas y caldos son los platos de cuchara ideales para el cambio de tiempo, sobre todo cuando empieza a refrescarse.<\/span><\/strong><\/p>\n<p class=\"p1\"><em><span class=\"s1\">\u00bfOs apetece una taza de caldo?<br \/>\n<\/span><span class=\"s1\">\u00bfO una crema de verduras?<\/span><\/em><\/p>\n<p class=\"p1\"><span class=\"s1\">A menudo cuando llegamos a casa, abrimos la nevera y comemos lo que encontramos porque tenemos mucha hambre. Una soluci\u00f3n para esperar la hora de cenar sin comerte un buey, es calentar una taza de crema o de caldo, en el microondas. No hace falta a\u00f1adir nada m\u00e1s.<\/span><\/p>\n<p class=\"p1\"><span class=\"s1\">Estos platos, a pesar de ser productos que\u00a0<strong>Salses Fruits<\/strong> elabora para su consumo final, permiten una innovaci\u00f3n constante.<br \/>\n<em>\u00a1Var\u00eda las cremas y los caldos y disfruta del tiempo de cuchara!<\/em><\/span><\/p>\n<p>&nbsp;<\/p>\n<style>\n.w-blogpost-preview{background-image:none!important;background-color: transparent!important;}.w-blogpost{padding: 0!important;}.w-blogpost::after{background:none!important;}.w-blogpost h1{color: #29b28f!important;}.w-blogpost-meta *{color:#000000!important;}<\/style>\n<div style=\"display: none;\">\n<h2>Finaliza la 15\u00aa<\/h2>\n<h3>Finaliza la 15\u00aa<\/h3>\n<p>En primer lugar,. En primer lugar,. En primer lugar,. En primer lugar,. En primer lugar,. En primer lugar,. En primer lugar,. En primer lugar,. En primer lugar,. En primer lugar,. En primer lugar,. En primer lugar,. En primer lugar,. En primer lugar,. En primer lugar,. En primer lugar,. En primer lugar,. En primer lugar,. En primer lugar,. En primer lugar,. En primer lugar,. En primer lugar,. En primer lugar,. En primer lugar,. En primer lugar,. En primer lugar,. En primer lugar,. En primer lugar,. En primer lugar,. En primer lugar,. En primer lugar,. En primer lugar,. En primer lugar,. En primer lugar,. En primer lugar,. En primer lugar,. En primer lugar,. En primer lugar,. En primer lugar,. En primer lugar,.<\/p>\n<p>En primer lugar, oramos ipsum dolor sit amet, consectetur adipiscing \u00e9lite. In vestibulum pretium nisi vehicula congue. Curabitur lobortis tristique neque, quis puerta nisi tempus quis. Donec ultrices posuere \u00e9lite, sit amet tincidunt Orci consectetur quis. Mauris rhoncus tristique facil\u00edsimo. Por un lado, t congue v\u00e9lites velita, te faucibus l\u00edgulas volutpat te. A\u00fan as\u00ed, urabitur VENENATA ante quis elementum pellentesque. In a pretium sapien. Empiezan las cal\u00e7otades. Aliquam erat volutpat. Donec Viverra cursus Gravida. Fusce accumsan sed leo vitae tempus. Las picaduras m\u00e1s frescas <a href=\"https:\/\/tgd.cat\">TGDigital<\/a><a href=\"\/es\/\">frutos<\/a><\/p>\n<h3>Finaliza la 15\u00aa<\/h3>\n<p>Cabe decir que am CONVALLARIA libero non Turpin bibendum, vitae porttitor ex Orna. Por ejemplo, Raes consecuente Interdum ante, quis pellentesque sapien aliquet eu. Por un lado, ed commodo rhoncus magna velo aliquet. En tercer lugar, n hac habitasse platea dictumst. Phasellus ARCU leo, aliquet quis consecuente id, temporarias velo ARCU. Duis vulputate dign\u00edsimo placeres. Nulamente varices ARCU eu lorem rutrum scelerisque a vitae lectus. Sin ir m\u00e1s lejos, n vulputate at Turpin ac porttitor. Morbi aliquet bibendum odio, te rutrum tellus dapibus sit amet. Por \u00faltimo, Ruis sed m\u00ed quis ARCU.<\/p>\n<h3>cal\u00e7ots cocidos<\/h3>\n<p>Aunque no valencianos, ntegro sit amet placeres risus. A pesar de ello, ulla facil\u00edsimo. En segundo lugar, Oneca nec ipsum augue. Por otra parte, ivamus eros ex, ultrices mollis bibendum at, elementum sed lectus. Sin embargo, urabitur quis augue ac tellus tincidunt hendrerit. Donec erat purus, solicitud vitae v\u00e9lites vitae, feugiat dapibus diam. Cabe decir que Maecenas faucibus demasiado vitae erat elementum consectetur. Quisque finibus, purus velo Interdum vulputate, neque leo ultrices nisi, sed facil\u00edsimo nibh purus eget quam. Nunc nec libero eros. Las picaduras m\u00e1s frescas, por ejemplo. Sin ir m\u00e1s lejos, la picadura es buen\u00edsima. Nos encantar\u00eda que la orzata fuera probada por todos los comensales y, por supuesto, para todos los gourmands. Quisi\u00e9ramos, claro, hacerla conocida. Es por ello que la hacemos tan buena.<\/p>\n<h3>cal\u00e7ots cocidos<\/h3>\n<p>En primer lugar,. En primer lugar,. En primer lugar,. En primer lugar,. En primer lugar,. En primer lugar,. En primer lugar,. En primer lugar,. En primer lugar,. En primer lugar,. En primer lugar,. En primer lugar,. En primer lugar,. En primer lugar,. En primer lugar,. En primer lugar,. En primer lugar,. En primer lugar,. En primer lugar,. En primer lugar,. En primer lugar,. En primer lugar,.<\/p>\n<\/div>","protected":false},"excerpt":{"rendered":"<p>&nbsp; Las cremas y caldos son los platos de cuchara ideales para el cambio de tiempo, sobre todo cuando empieza a refrescarse. \u00bfOs apetece una taza de caldo? \u00bfO una crema de verduras? A menudo cuando llegamos a casa, abrimos la nevera y comemos lo que encontramos porque tenemos mucha hambre. Una soluci\u00f3n para esperar la hora\u2026<\/p>","protected":false},"author":1,"featured_media":12659,"comment_status":"closed","ping_status":"closed","sticky":false,"template":"","format":"standard","meta":{"inline_featured_image":false,"footnotes":""},"categories":[1],"tags":[],"class_list":["post-12664","post","type-post","status-publish","format-standard","has-post-thumbnail","hentry","category-noticies"],"yoast_head":"<!-- This site is optimized with the Yoast SEO plugin v26.7 - https:\/\/yoast.com\/wordpress\/plugins\/seo\/ -->\n<title>Torna el Temps de Cullera amb Salses Fruits - Salses Fruits<\/title>\n<meta name=\"description\" content=\"Cremes i brous de Salses Fruits, aliments de tardor i hivern, ideal per a fam\u00edlies amb nens, per sopar i per prendre entre hores.\" \/>\n<meta name=\"robots\" content=\"index, follow, max-snippet:-1, max-image-preview:large, max-video-preview:-1\" \/>\n<link rel=\"canonical\" href=\"https:\/\/fruitssp.com\/es\/noticies\/torna-el-temps-de-cullera-amb-salses-fruits\/\" \/>\n<meta property=\"og:locale\" content=\"es_ES\" \/>\n<meta property=\"og:type\" content=\"article\" \/>\n<meta property=\"og:title\" content=\"Torna el Temps de Cullera amb Salses Fruits - Salses Fruits\" \/>\n<meta property=\"og:description\" content=\"Cremes i brous de Salses Fruits, aliments de tardor i hivern, ideal per a fam\u00edlies amb nens, per sopar i per prendre entre hores.\" \/>\n<meta property=\"og:url\" content=\"https:\/\/fruitssp.com\/es\/noticies\/torna-el-temps-de-cullera-amb-salses-fruits\/\" \/>\n<meta property=\"og:site_name\" content=\"Salses Fruits\" \/>\n<meta property=\"article:publisher\" content=\"https:\/\/www.facebook.com\/Salses-Fruits-SP-1137777022906379\/\" \/>\n<meta property=\"article:published_time\" content=\"2022-10-27T12:37:13+00:00\" \/>\n<meta property=\"article:modified_time\" content=\"2022-10-27T12:53:59+00:00\" \/>\n<meta property=\"og:image\" content=\"https:\/\/fruitssp.com\/wp-content\/uploads\/2022\/10\/SFcrema600x420.jpg\" \/>\n\t<meta property=\"og:image:width\" content=\"600\" \/>\n\t<meta property=\"og:image:height\" content=\"420\" \/>\n\t<meta property=\"og:image:type\" content=\"image\/jpeg\" \/>\n<meta name=\"author\" content=\"fruitssp\" \/>\n<meta name=\"twitter:card\" content=\"summary_large_image\" \/>\n<meta name=\"twitter:label1\" content=\"Escrito por\" \/>\n\t<meta name=\"twitter:data1\" content=\"fruitssp\" \/>\n\t<meta name=\"twitter:label2\" content=\"Tiempo de lectura\" \/>\n\t<meta name=\"twitter:data2\" content=\"4 minutos\" \/>\n<!-- \/ Yoast SEO plugin. -->","yoast_head_json":{"title":"Torna el Temps de Cullera amb Salses Fruits - Salses Fruits","description":"Cremes i brous de Salses Fruits, aliments de tardor i hivern, ideal per a fam\u00edlies amb nens, per sopar i per prendre entre hores.","robots":{"index":"index","follow":"follow","max-snippet":"max-snippet:-1","max-image-preview":"max-image-preview:large","max-video-preview":"max-video-preview:-1"},"canonical":"https:\/\/fruitssp.com\/es\/noticies\/torna-el-temps-de-cullera-amb-salses-fruits\/","og_locale":"es_ES","og_type":"article","og_title":"Torna el Temps de Cullera amb Salses Fruits - Salses Fruits","og_description":"Cremes i brous de Salses Fruits, aliments de tardor i hivern, ideal per a fam\u00edlies amb nens, per sopar i per prendre entre hores.","og_url":"https:\/\/fruitssp.com\/es\/noticies\/torna-el-temps-de-cullera-amb-salses-fruits\/","og_site_name":"Salses Fruits","article_publisher":"https:\/\/www.facebook.com\/Salses-Fruits-SP-1137777022906379\/","article_published_time":"2022-10-27T12:37:13+00:00","article_modified_time":"2022-10-27T12:53:59+00:00","og_image":[{"width":600,"height":420,"url":"https:\/\/fruitssp.com\/wp-content\/uploads\/2022\/10\/SFcrema600x420.jpg","type":"image\/jpeg"}],"author":"fruitssp","twitter_card":"summary_large_image","twitter_misc":{"Escrito por":"fruitssp","Tiempo de lectura":"4 minutos"},"schema":{"@context":"https:\/\/schema.org","@graph":[{"@type":"Article","@id":"https:\/\/fruitssp.com\/noticies\/torna-el-temps-de-cullera-amb-salses-fruits\/#article","isPartOf":{"@id":"https:\/\/fruitssp.com\/noticies\/torna-el-temps-de-cullera-amb-salses-fruits\/"},"author":{"name":"fruitssp","@id":"https:\/\/fruitssp.com\/#\/schema\/person\/74f4a70f480644ed06e5945c13b509c8"},"headline":"Torna el Temps de Cullera amb Salses Fruits","datePublished":"2022-10-27T12:37:13+00:00","dateModified":"2022-10-27T12:53:59+00:00","mainEntityOfPage":{"@id":"https:\/\/fruitssp.com\/noticies\/torna-el-temps-de-cullera-amb-salses-fruits\/"},"wordCount":640,"publisher":{"@id":"https:\/\/fruitssp.com\/#organization"},"image":{"@id":"https:\/\/fruitssp.com\/noticies\/torna-el-temps-de-cullera-amb-salses-fruits\/#primaryimage"},"thumbnailUrl":"https:\/\/fruitssp.com\/wp-content\/uploads\/2022\/10\/SFcrema600x420.jpg","articleSection":["Noticies"],"inLanguage":"es"},{"@type":"WebPage","@id":"https:\/\/fruitssp.com\/noticies\/torna-el-temps-de-cullera-amb-salses-fruits\/","url":"https:\/\/fruitssp.com\/noticies\/torna-el-temps-de-cullera-amb-salses-fruits\/","name":"Torna el Temps de Cullera amb Salses Fruits - Salses Fruits","isPartOf":{"@id":"https:\/\/fruitssp.com\/#website"},"primaryImageOfPage":{"@id":"https:\/\/fruitssp.com\/noticies\/torna-el-temps-de-cullera-amb-salses-fruits\/#primaryimage"},"image":{"@id":"https:\/\/fruitssp.com\/noticies\/torna-el-temps-de-cullera-amb-salses-fruits\/#primaryimage"},"thumbnailUrl":"https:\/\/fruitssp.com\/wp-content\/uploads\/2022\/10\/SFcrema600x420.jpg","datePublished":"2022-10-27T12:37:13+00:00","dateModified":"2022-10-27T12:53:59+00:00","description":"Cremes i brous de Salses Fruits, aliments de tardor i hivern, ideal per a fam\u00edlies amb nens, per sopar i per prendre entre hores.","breadcrumb":{"@id":"https:\/\/fruitssp.com\/noticies\/torna-el-temps-de-cullera-amb-salses-fruits\/#breadcrumb"},"inLanguage":"es","potentialAction":[{"@type":"ReadAction","target":["https:\/\/fruitssp.com\/noticies\/torna-el-temps-de-cullera-amb-salses-fruits\/"]}]},{"@type":"ImageObject","inLanguage":"es","@id":"https:\/\/fruitssp.com\/noticies\/torna-el-temps-de-cullera-amb-salses-fruits\/#primaryimage","url":"https:\/\/fruitssp.com\/wp-content\/uploads\/2022\/10\/SFcrema600x420.jpg","contentUrl":"https:\/\/fruitssp.com\/wp-content\/uploads\/2022\/10\/SFcrema600x420.jpg","width":600,"height":420},{"@type":"BreadcrumbList","@id":"https:\/\/fruitssp.com\/noticies\/torna-el-temps-de-cullera-amb-salses-fruits\/#breadcrumb","itemListElement":[{"@type":"ListItem","position":1,"name":"Inici","item":"https:\/\/fruitssp.com\/"},{"@type":"ListItem","position":2,"name":"Torna el Temps de Cullera amb Salses Fruits"}]},{"@type":"WebSite","@id":"https:\/\/fruitssp.com\/#website","url":"https:\/\/fruitssp.com\/","name":"FruitsSP","description":"Salsas y productos frescos y naturales, de la tierra del cal\u00e7ot","publisher":{"@id":"https:\/\/fruitssp.com\/#organization"},"potentialAction":[{"@type":"SearchAction","target":{"@type":"EntryPoint","urlTemplate":"https:\/\/fruitssp.com\/?s={search_term_string}"},"query-input":{"@type":"PropertyValueSpecification","valueRequired":true,"valueName":"search_term_string"}}],"inLanguage":"es"},{"@type":"Organization","@id":"https:\/\/fruitssp.com\/#organization","name":"Salsas Frutos S &amp; P","url":"https:\/\/fruitssp.com\/","logo":{"@type":"ImageObject","inLanguage":"es","@id":"https:\/\/fruitssp.com\/#\/schema\/logo\/image\/","url":"https:\/\/fruitssp.com\/wp-content\/uploads\/2022\/12\/logoFruits_472x406.png","contentUrl":"https:\/\/fruitssp.com\/wp-content\/uploads\/2022\/12\/logoFruits_472x406.png","width":472,"height":406,"caption":"Salses Fruits S&P"},"image":{"@id":"https:\/\/fruitssp.com\/#\/schema\/logo\/image\/"},"sameAs":["https:\/\/www.facebook.com\/Salses-Fruits-SP-1137777022906379\/","https:\/\/www.instagram.com\/salsesfruitssp\/","https:\/\/www.linkedin.com\/company\/salses-fruits-s-i-p-sl\/"]},{"@type":"Person","@id":"https:\/\/fruitssp.com\/#\/schema\/person\/74f4a70f480644ed06e5945c13b509c8","name":"fruitssp"}]}},"_links":{"self":[{"href":"https:\/\/fruitssp.com\/es\/wp-json\/wp\/v2\/posts\/12664","targetHints":{"allow":["GET"]}}],"collection":[{"href":"https:\/\/fruitssp.com\/es\/wp-json\/wp\/v2\/posts"}],"about":[{"href":"https:\/\/fruitssp.com\/es\/wp-json\/wp\/v2\/types\/post"}],"author":[{"embeddable":true,"href":"https:\/\/fruitssp.com\/es\/wp-json\/wp\/v2\/users\/1"}],"replies":[{"embeddable":true,"href":"https:\/\/fruitssp.com\/es\/wp-json\/wp\/v2\/comments?post=12664"}],"version-history":[{"count":0,"href":"https:\/\/fruitssp.com\/es\/wp-json\/wp\/v2\/posts\/12664\/revisions"}],"wp:featuredmedia":[{"embeddable":true,"href":"https:\/\/fruitssp.com\/es\/wp-json\/wp\/v2\/media\/12659"}],"wp:attachment":[{"href":"https:\/\/fruitssp.com\/es\/wp-json\/wp\/v2\/media?parent=12664"}],"wp:term":[{"taxonomy":"category","embeddable":true,"href":"https:\/\/fruitssp.com\/es\/wp-json\/wp\/v2\/categories?post=12664"},{"taxonomy":"post_tag","embeddable":true,"href":"https:\/\/fruitssp.com\/es\/wp-json\/wp\/v2\/tags?post=12664"}],"curies":[{"name":"wp","href":"https:\/\/api.w.org\/{rel}","templated":true}]}}