{"id":12674,"date":"2022-10-19T11:13:20","date_gmt":"2022-10-19T11:13:20","guid":{"rendered":"https:\/\/fruitssp.com\/?p=12674"},"modified":"2022-10-28T11:21:01","modified_gmt":"2022-10-28T11:21:01","slug":"salses-fruits-obte-un-programa-leader-de-desenvolupament-rural","status":"publish","type":"post","link":"https:\/\/fruitssp.com\/es\/noticies\/salses-fruits-obte-un-programa-leader-de-desenvolupament-rural\/","title":{"rendered":"Salsas Fruits obtiene un programa Leader de desarrollo rural"},"content":{"rendered":"<p><strong><img loading=\"lazy\" decoding=\"async\" class=\"wp-image-12642 aligncenter\" src=\"https:\/\/fruitssp.com\/wp-content\/uploads\/2022\/10\/Logo_LeaderDelCamp.png\" alt=\"\" width=\"319\" height=\"132\" srcset=\"https:\/\/fruitssp.com\/wp-content\/uploads\/2022\/10\/Logo_LeaderDelCamp.png 220w, https:\/\/fruitssp.com\/wp-content\/uploads\/2022\/10\/Logo_LeaderDelCamp-18x7.png 18w\" sizes=\"auto, (max-width: 319px) 100vw, 319px\" \/><\/strong><\/p>\n<p><img loading=\"lazy\" decoding=\"async\" class=\"wp-image-12643 aligncenter\" src=\"https:\/\/fruitssp.com\/wp-content\/uploads\/2022\/10\/Logos_LeaderDelCAmp.png\" alt=\"\" width=\"459\" height=\"44\" srcset=\"https:\/\/fruitssp.com\/wp-content\/uploads\/2022\/10\/Logos_LeaderDelCAmp.png 887w, https:\/\/fruitssp.com\/wp-content\/uploads\/2022\/10\/Logos_LeaderDelCAmp-300x29.png 300w, https:\/\/fruitssp.com\/wp-content\/uploads\/2022\/10\/Logos_LeaderDelCAmp-18x2.png 18w, https:\/\/fruitssp.com\/wp-content\/uploads\/2022\/10\/Logos_LeaderDelCAmp-600x57.png 600w, https:\/\/fruitssp.com\/wp-content\/uploads\/2022\/10\/Logos_LeaderDelCAmp-768x74.png 768w\" sizes=\"auto, (max-width: 459px) 100vw, 459px\" \/><\/p>\n<p>&nbsp;<\/p>\n<div class=\"\">\n<p>SALSAS FRUITS S&amp;P ha recibido una ayuda del Programa de desarrollo rural, Leader del Camp, <strong>por la creaci\u00f3n del laboratorio y mejora de las instalaciones con una nueva c\u00e1mara frigor\u00edfica, mejora de instalaci\u00f3n el\u00e9ctrica y vestuarios por los trabajadores y trabajadoras.<\/strong><\/p>\n<p style=\"text-align: center;\"><strong>Consorcio Leader del Camp<\/strong><\/p>\n<p>El Consorcio Leader del Camp es el Grupo de Acci\u00f3n Local que gestiona el reparto de las ayudas Leader en nuestro territorio, al tiempo que impulsa varios proyectos con el objetivo de revitalizar las econom\u00edas rurales, mantener y crear empleo, contribuir al equilibrio territorial entre los municipios y favorecer la igualdad de derechos entre hombres y mujeres.<\/p>\n<p>Durante el per\u00edodo 2014-2022 se han apoyado 74 proyectos empresariales y se han impulsado varios proyectos vinculados al desarrollo rural (Sostenibilidad, Paisaje y Agricultura, Start Up Rural en Catalu\u00f1a, Repoblemos un Campo de oportunidades, Terralimenta, entre otros ). El \u00e1mbito territorial abarca 93 municipios de 6 comarcas del Camp de Tarragona.<\/p>\n<\/div>\n<div><\/div>\n<div><\/div>\n<div><\/div>\n<style>\n.w-blogpost-preview{background-image:none!important;background-color: transparent!important;}.w-blogpost{padding: 0!important;}.w-blogpost::after{background:none!important;}.w-blogpost h1{color: #29b28f!important;}.w-blogpost-meta *{color:#000000!important;}<\/style>\n<div style=\"display: none;\">\n<h2>Finaliza la 15\u00aa<\/h2>\n<h3>Finaliza la 15\u00aa<\/h3>\n<p>En primer lugar,. En primer lugar,. En primer lugar,. En primer lugar,. En primer lugar,. En primer lugar,. En primer lugar,. En primer lugar,. En primer lugar,. En primer lugar,. En primer lugar,. En primer lugar,. En primer lugar,. En primer lugar,. En primer lugar,. En primer lugar,. En primer lugar,. En primer lugar,. En primer lugar,. En primer lugar,. En primer lugar,. En primer lugar,. En primer lugar,. En primer lugar,. En primer lugar,. En primer lugar,. En primer lugar,. En primer lugar,. En primer lugar,. En primer lugar,. En primer lugar,. En primer lugar,. En primer lugar,. En primer lugar,. En primer lugar,. En primer lugar,. En primer lugar,. En primer lugar,. En primer lugar,. En primer lugar,.<\/p>\n<p>En primer lugar, oramos ipsum dolor sit amet, consectetur adipiscing \u00e9lite. In vestibulum pretium nisi vehicula congue. Curabitur lobortis tristique neque, quis puerta nisi tempus quis. Donec ultrices posuere \u00e9lite, sit amet tincidunt Orci consectetur quis. Mauris rhoncus tristique facil\u00edsimo. Por un lado, t congue v\u00e9lites velita, te faucibus l\u00edgulas volutpat te. A\u00fan as\u00ed, urabitur VENENATA ante quis elementum pellentesque. In a pretium sapien. Empiezan las cal\u00e7otades. Aliquam erat volutpat. Donec Viverra cursus Gravida. Fusce accumsan sed leo vitae tempus. Las picaduras m\u00e1s frescas <a href=\"https:\/\/tgd.cat\">TGDigital<\/a><a href=\"\/es\/\">frutos<\/a><\/p>\n<h3>Finaliza la 15\u00aa<\/h3>\n<p>Cabe decir que am CONVALLARIA libero non Turpin bibendum, vitae porttitor ex Orna. Por ejemplo, Raes consecuente Interdum ante, quis pellentesque sapien aliquet eu. Por un lado, ed commodo rhoncus magna velo aliquet. En tercer lugar, n hac habitasse platea dictumst. Phasellus ARCU leo, aliquet quis consecuente id, temporarias velo ARCU. Duis vulputate dign\u00edsimo placeres. Nulamente varices ARCU eu lorem rutrum scelerisque a vitae lectus. Sin ir m\u00e1s lejos, n vulputate at Turpin ac porttitor. Morbi aliquet bibendum odio, te rutrum tellus dapibus sit amet. Por \u00faltimo, Ruis sed m\u00ed quis ARCU.<\/p>\n<h3>cal\u00e7ots cocidos<\/h3>\n<p>Aunque no valencianos, ntegro sit amet placeres risus. A pesar de ello, ulla facil\u00edsimo. En segundo lugar, Oneca nec ipsum augue. Por otra parte, ivamus eros ex, ultrices mollis bibendum at, elementum sed lectus. Sin embargo, urabitur quis augue ac tellus tincidunt hendrerit. Donec erat purus, solicitud vitae v\u00e9lites vitae, feugiat dapibus diam. Cabe decir que Maecenas faucibus demasiado vitae erat elementum consectetur. Quisque finibus, purus velo Interdum vulputate, neque leo ultrices nisi, sed facil\u00edsimo nibh purus eget quam. Nunc nec libero eros. Las picaduras m\u00e1s frescas, por ejemplo. Sin ir m\u00e1s lejos, la picadura es buen\u00edsima. Nos encantar\u00eda que la orzata fuera probada por todos los comensales y, por supuesto, para todos los gourmands. Quisi\u00e9ramos, claro, hacerla conocida. Es por ello que la hacemos tan buena.<\/p>\n<h3>cal\u00e7ots cocidos<\/h3>\n<p>En primer lugar,. En primer lugar,. En primer lugar,. En primer lugar,. En primer lugar,. En primer lugar,. En primer lugar,. En primer lugar,. En primer lugar,. En primer lugar,. En primer lugar,. En primer lugar,. En primer lugar,. En primer lugar,. En primer lugar,. En primer lugar,. En primer lugar,. En primer lugar,. En primer lugar,. En primer lugar,. En primer lugar,. En primer lugar,.<\/p>\n<\/div>","protected":false},"excerpt":{"rendered":"<p>&nbsp; SALSAS FRUITS S&amp;P ha recibido una ayuda del Programa de desarrollo rural, Leader del Camp, por la creaci\u00f3n del laboratorio y mejora de las instalaciones con una nueva c\u00e1mara frigor\u00edfica, mejora de instalaci\u00f3n el\u00e9ctrica y vestuarios para los trabajadores y trabajadoras . Consorcio Leader del Camp El Consorcio Leader del Camp es el Grupo de Acci\u00f3n\u2026<\/p>","protected":false},"author":1,"featured_media":12642,"comment_status":"closed","ping_status":"closed","sticky":false,"template":"","format":"standard","meta":{"inline_featured_image":false,"footnotes":""},"categories":[1],"tags":[],"class_list":["post-12674","post","type-post","status-publish","format-standard","has-post-thumbnail","hentry","category-noticies"],"yoast_head":"<!-- This site is optimized with the Yoast SEO plugin v26.7 - https:\/\/yoast.com\/wordpress\/plugins\/seo\/ -->\n<title>Salses Fruits obt\u00e9 un programa Leader de desenvolupament rural<\/title>\n<meta name=\"description\" content=\"SALSES FRUITS S &amp; P ha rebut un ajut Leader del camp per la creaci\u00f3 del laboratori i millora de les instal\u00b7lacions.\" \/>\n<meta name=\"robots\" content=\"index, follow, max-snippet:-1, max-image-preview:large, max-video-preview:-1\" \/>\n<link rel=\"canonical\" href=\"https:\/\/fruitssp.com\/es\/noticies\/salses-fruits-obte-un-programa-leader-de-desenvolupament-rural\/\" \/>\n<meta property=\"og:locale\" content=\"es_ES\" \/>\n<meta property=\"og:type\" content=\"article\" \/>\n<meta property=\"og:title\" content=\"Salses Fruits obt\u00e9 un programa Leader de desenvolupament rural\" \/>\n<meta property=\"og:description\" content=\"SALSES FRUITS S &amp; P ha rebut un ajut Leader del camp per la creaci\u00f3 del laboratori i millora de les instal\u00b7lacions.\" \/>\n<meta property=\"og:url\" content=\"https:\/\/fruitssp.com\/es\/noticies\/salses-fruits-obte-un-programa-leader-de-desenvolupament-rural\/\" \/>\n<meta property=\"og:site_name\" content=\"Salses Fruits\" \/>\n<meta property=\"article:publisher\" content=\"https:\/\/www.facebook.com\/Salses-Fruits-SP-1137777022906379\/\" \/>\n<meta property=\"article:published_time\" content=\"2022-10-19T11:13:20+00:00\" \/>\n<meta property=\"article:modified_time\" content=\"2022-10-28T11:21:01+00:00\" \/>\n<meta property=\"og:image\" content=\"https:\/\/fruitssp.com\/wp-content\/uploads\/2022\/10\/Logo_LeaderDelCamp.png\" \/>\n\t<meta property=\"og:image:width\" content=\"220\" \/>\n\t<meta property=\"og:image:height\" content=\"91\" \/>\n\t<meta property=\"og:image:type\" content=\"image\/png\" \/>\n<meta name=\"author\" content=\"fruitssp\" \/>\n<meta name=\"twitter:card\" content=\"summary_large_image\" \/>\n<meta name=\"twitter:label1\" content=\"Escrito por\" \/>\n\t<meta name=\"twitter:data1\" content=\"fruitssp\" \/>\n\t<meta name=\"twitter:label2\" content=\"Tiempo de lectura\" \/>\n\t<meta name=\"twitter:data2\" content=\"4 minutos\" \/>\n<!-- \/ Yoast SEO plugin. -->","yoast_head_json":{"title":"Salsas Fruits obtiene un programa Leader de desarrollo rural","description":"SALSES FRUITS S & P ha rebut un ajut Leader del camp per la creaci\u00f3 del laboratori i millora de les instal\u00b7lacions.","robots":{"index":"index","follow":"follow","max-snippet":"max-snippet:-1","max-image-preview":"max-image-preview:large","max-video-preview":"max-video-preview:-1"},"canonical":"https:\/\/fruitssp.com\/es\/noticies\/salses-fruits-obte-un-programa-leader-de-desenvolupament-rural\/","og_locale":"es_ES","og_type":"article","og_title":"Salses Fruits obt\u00e9 un programa Leader de desenvolupament rural","og_description":"SALSES FRUITS S & P ha rebut un ajut Leader del camp per la creaci\u00f3 del laboratori i millora de les instal\u00b7lacions.","og_url":"https:\/\/fruitssp.com\/es\/noticies\/salses-fruits-obte-un-programa-leader-de-desenvolupament-rural\/","og_site_name":"Salses Fruits","article_publisher":"https:\/\/www.facebook.com\/Salses-Fruits-SP-1137777022906379\/","article_published_time":"2022-10-19T11:13:20+00:00","article_modified_time":"2022-10-28T11:21:01+00:00","og_image":[{"width":220,"height":91,"url":"https:\/\/fruitssp.com\/wp-content\/uploads\/2022\/10\/Logo_LeaderDelCamp.png","type":"image\/png"}],"author":"fruitssp","twitter_card":"summary_large_image","twitter_misc":{"Escrito por":"fruitssp","Tiempo de lectura":"4 minutos"},"schema":{"@context":"https:\/\/schema.org","@graph":[{"@type":"Article","@id":"https:\/\/fruitssp.com\/noticies\/salses-fruits-obte-un-programa-leader-de-desenvolupament-rural\/#article","isPartOf":{"@id":"https:\/\/fruitssp.com\/noticies\/salses-fruits-obte-un-programa-leader-de-desenvolupament-rural\/"},"author":{"name":"fruitssp","@id":"https:\/\/fruitssp.com\/#\/schema\/person\/74f4a70f480644ed06e5945c13b509c8"},"headline":"Salses Fruits obt\u00e9 un programa Leader de desenvolupament rural","datePublished":"2022-10-19T11:13:20+00:00","dateModified":"2022-10-28T11:21:01+00:00","mainEntityOfPage":{"@id":"https:\/\/fruitssp.com\/noticies\/salses-fruits-obte-un-programa-leader-de-desenvolupament-rural\/"},"wordCount":682,"publisher":{"@id":"https:\/\/fruitssp.com\/#organization"},"image":{"@id":"https:\/\/fruitssp.com\/noticies\/salses-fruits-obte-un-programa-leader-de-desenvolupament-rural\/#primaryimage"},"thumbnailUrl":"https:\/\/fruitssp.com\/wp-content\/uploads\/2022\/10\/Logo_LeaderDelCamp.png","articleSection":["Noticies"],"inLanguage":"es"},{"@type":"WebPage","@id":"https:\/\/fruitssp.com\/noticies\/salses-fruits-obte-un-programa-leader-de-desenvolupament-rural\/","url":"https:\/\/fruitssp.com\/noticies\/salses-fruits-obte-un-programa-leader-de-desenvolupament-rural\/","name":"Salsas Fruits obtiene un programa Leader de desarrollo rural","isPartOf":{"@id":"https:\/\/fruitssp.com\/#website"},"primaryImageOfPage":{"@id":"https:\/\/fruitssp.com\/noticies\/salses-fruits-obte-un-programa-leader-de-desenvolupament-rural\/#primaryimage"},"image":{"@id":"https:\/\/fruitssp.com\/noticies\/salses-fruits-obte-un-programa-leader-de-desenvolupament-rural\/#primaryimage"},"thumbnailUrl":"https:\/\/fruitssp.com\/wp-content\/uploads\/2022\/10\/Logo_LeaderDelCamp.png","datePublished":"2022-10-19T11:13:20+00:00","dateModified":"2022-10-28T11:21:01+00:00","description":"SALSES FRUITS S & P ha rebut un ajut Leader del camp per la creaci\u00f3 del laboratori i millora de les instal\u00b7lacions.","breadcrumb":{"@id":"https:\/\/fruitssp.com\/noticies\/salses-fruits-obte-un-programa-leader-de-desenvolupament-rural\/#breadcrumb"},"inLanguage":"es","potentialAction":[{"@type":"ReadAction","target":["https:\/\/fruitssp.com\/noticies\/salses-fruits-obte-un-programa-leader-de-desenvolupament-rural\/"]}]},{"@type":"ImageObject","inLanguage":"es","@id":"https:\/\/fruitssp.com\/noticies\/salses-fruits-obte-un-programa-leader-de-desenvolupament-rural\/#primaryimage","url":"https:\/\/fruitssp.com\/wp-content\/uploads\/2022\/10\/Logo_LeaderDelCamp.png","contentUrl":"https:\/\/fruitssp.com\/wp-content\/uploads\/2022\/10\/Logo_LeaderDelCamp.png","width":220,"height":91},{"@type":"BreadcrumbList","@id":"https:\/\/fruitssp.com\/noticies\/salses-fruits-obte-un-programa-leader-de-desenvolupament-rural\/#breadcrumb","itemListElement":[{"@type":"ListItem","position":1,"name":"Inici","item":"https:\/\/fruitssp.com\/"},{"@type":"ListItem","position":2,"name":"Salses Fruits obt\u00e9 un programa Leader de desenvolupament rural"}]},{"@type":"WebSite","@id":"https:\/\/fruitssp.com\/#website","url":"https:\/\/fruitssp.com\/","name":"FruitsSP","description":"Salsas y productos frescos y naturales, de la tierra del cal\u00e7ot","publisher":{"@id":"https:\/\/fruitssp.com\/#organization"},"potentialAction":[{"@type":"SearchAction","target":{"@type":"EntryPoint","urlTemplate":"https:\/\/fruitssp.com\/?s={search_term_string}"},"query-input":{"@type":"PropertyValueSpecification","valueRequired":true,"valueName":"search_term_string"}}],"inLanguage":"es"},{"@type":"Organization","@id":"https:\/\/fruitssp.com\/#organization","name":"Salsas Frutos S &amp; P","url":"https:\/\/fruitssp.com\/","logo":{"@type":"ImageObject","inLanguage":"es","@id":"https:\/\/fruitssp.com\/#\/schema\/logo\/image\/","url":"https:\/\/fruitssp.com\/wp-content\/uploads\/2022\/12\/logoFruits_472x406.png","contentUrl":"https:\/\/fruitssp.com\/wp-content\/uploads\/2022\/12\/logoFruits_472x406.png","width":472,"height":406,"caption":"Salses Fruits S&P"},"image":{"@id":"https:\/\/fruitssp.com\/#\/schema\/logo\/image\/"},"sameAs":["https:\/\/www.facebook.com\/Salses-Fruits-SP-1137777022906379\/","https:\/\/www.instagram.com\/salsesfruitssp\/","https:\/\/www.linkedin.com\/company\/salses-fruits-s-i-p-sl\/"]},{"@type":"Person","@id":"https:\/\/fruitssp.com\/#\/schema\/person\/74f4a70f480644ed06e5945c13b509c8","name":"fruitssp"}]}},"_links":{"self":[{"href":"https:\/\/fruitssp.com\/es\/wp-json\/wp\/v2\/posts\/12674","targetHints":{"allow":["GET"]}}],"collection":[{"href":"https:\/\/fruitssp.com\/es\/wp-json\/wp\/v2\/posts"}],"about":[{"href":"https:\/\/fruitssp.com\/es\/wp-json\/wp\/v2\/types\/post"}],"author":[{"embeddable":true,"href":"https:\/\/fruitssp.com\/es\/wp-json\/wp\/v2\/users\/1"}],"replies":[{"embeddable":true,"href":"https:\/\/fruitssp.com\/es\/wp-json\/wp\/v2\/comments?post=12674"}],"version-history":[{"count":0,"href":"https:\/\/fruitssp.com\/es\/wp-json\/wp\/v2\/posts\/12674\/revisions"}],"wp:featuredmedia":[{"embeddable":true,"href":"https:\/\/fruitssp.com\/es\/wp-json\/wp\/v2\/media\/12642"}],"wp:attachment":[{"href":"https:\/\/fruitssp.com\/es\/wp-json\/wp\/v2\/media?parent=12674"}],"wp:term":[{"taxonomy":"category","embeddable":true,"href":"https:\/\/fruitssp.com\/es\/wp-json\/wp\/v2\/categories?post=12674"},{"taxonomy":"post_tag","embeddable":true,"href":"https:\/\/fruitssp.com\/es\/wp-json\/wp\/v2\/tags?post=12674"}],"curies":[{"name":"wp","href":"https:\/\/api.w.org\/{rel}","templated":true}]}}