{"id":12703,"date":"2022-11-17T08:33:40","date_gmt":"2022-11-17T08:33:40","guid":{"rendered":"https:\/\/fruitssp.com\/?p=12703"},"modified":"2022-11-17T08:36:11","modified_gmt":"2022-11-17T08:36:11","slug":"salses-fruits-patrocina-la-17a-cursa-popular-de-btt-cabra-pedala-per-la-marato-de-tv3","status":"publish","type":"post","link":"https:\/\/fruitssp.com\/es\/noticies\/salses-fruits-patrocina-la-17a-cursa-popular-de-btt-cabra-pedala-per-la-marato-de-tv3\/","title":{"rendered":"Salses Fruits patrocina la 17a carrera popular de BTT, CABRA Pedala para la Marat\u00f3 de TV3"},"content":{"rendered":"<p><strong><img loading=\"lazy\" decoding=\"async\" class=\"alignnone wp-image-12704\" src=\"https:\/\/fruitssp.com\/wp-content\/uploads\/2022\/11\/XARXES-CARTELL-MARATO22-CABRA_web_1200x1687.jpg\" alt=\"\" width=\"841\" height=\"1182\" srcset=\"https:\/\/fruitssp.com\/wp-content\/uploads\/2022\/11\/XARXES-CARTELL-MARATO22-CABRA_web_1200x1687.jpg 1200w, https:\/\/fruitssp.com\/wp-content\/uploads\/2022\/11\/XARXES-CARTELL-MARATO22-CABRA_web_1200x1687-213x300.jpg 213w, https:\/\/fruitssp.com\/wp-content\/uploads\/2022\/11\/XARXES-CARTELL-MARATO22-CABRA_web_1200x1687-728x1024.jpg 728w, https:\/\/fruitssp.com\/wp-content\/uploads\/2022\/11\/XARXES-CARTELL-MARATO22-CABRA_web_1200x1687-1093x1536.jpg 1093w, https:\/\/fruitssp.com\/wp-content\/uploads\/2022\/11\/XARXES-CARTELL-MARATO22-CABRA_web_1200x1687-9x12.jpg 9w, https:\/\/fruitssp.com\/wp-content\/uploads\/2022\/11\/XARXES-CARTELL-MARATO22-CABRA_web_1200x1687-600x844.jpg 600w, https:\/\/fruitssp.com\/wp-content\/uploads\/2022\/11\/XARXES-CARTELL-MARATO22-CABRA_web_1200x1687-768x1080.jpg 768w, https:\/\/fruitssp.com\/wp-content\/uploads\/2022\/11\/XARXES-CARTELL-MARATO22-CABRA_web_1200x1687-300x422.jpg 300w, https:\/\/fruitssp.com\/wp-content\/uploads\/2022\/11\/XARXES-CARTELL-MARATO22-CABRA_web_1200x1687-900x1265.jpg 900w\" sizes=\"auto, (max-width: 841px) 100vw, 841px\" \/><\/strong><\/p>\n<p>&nbsp;<\/p>\n<p class=\"p1\"><b><i>El domingo 18 de diciembre de 2022 se celebrar\u00e1 la 17\u00aa edici\u00f3n de la carrera popular de BTT CABRA Pedala por el Marat\u00f3 de TV3 - Memorial Xavi Tondo y Volpini, con el patrocinio habitual de Salses Fruits S&amp;P.<\/i><\/b><\/p>\n<p class=\"p1\">La carrera es una prueba ciclista de car\u00e1cter no competitivo cuyos beneficios van \u00edntegramente a la Marat\u00f3 de TV3. Os recordamos que en la edici\u00f3n de 2021, entre todos conseguimos, 12.300 \u20ac por la <a href=\"https:\/\/www.ccma.cat\/tv3\/marato\/\" target=\"_blank\" rel=\"noopener\"><span class=\"s1\"><b>Marat\u00f3 de TV3<\/b><\/span><\/a>, dedicada a las enfermedades mentales.<\/p>\n<p class=\"p1\">Este a\u00f1o vuelve con su formato acostumbrado a dos distancias y desniveles para que cada uno pueda disfrutar al m\u00e1ximo de una jornada de deportividad y solidaridad.<\/p>\n<p class=\"p1\">Los participantes podr\u00e1n elegir entre 2 circuitos. Ambos discurren por los t\u00e9rminos de Cabra del Camp, Barber\u00e0 de la Conca y Figuerola del Camp:<\/p>\n<p class=\"p1\">El recorrido largo tiene una distancia total de 36 km con un desnivel positivo acumulado de 1.100 metros, requiere un nivel f\u00edsico y t\u00e9cnico medio-alto, ya que pasa por distintos senderos que necesitan un m\u00ednimo de t\u00e9cnica para afrontarlos.<\/p>\n<p class=\"p1\">El recorrido corto tiene una distancia de 26 km con un desnivel positivo acumulado de 500 metros, la dificultad del circuito es media-baja. Este circuito est\u00e1 dise\u00f1ado para todos los p\u00fablicos, aunque tiene alg\u00fan peque\u00f1o tramo t\u00e9cnico.<\/p>\n<p class=\"p1\">Pronto, las inscripciones se abrir\u00e1n a todo el mundo a trav\u00e9s de la web <a href=\"https:\/\/inscripcions.cat\/inscripcions\/benvinguda\" target=\"_blank\" rel=\"noopener\"><span class=\"s1\">inscripcions.cat<\/span><\/a>.<\/p>\n<p class=\"p1\">Puede inscribirse en la modalidad que desee e incluso inscribirse para colaborar con la <a href=\"https:\/\/www.ccma.cat\/tv3\/marato\/\" target=\"_blank\" rel=\"noopener\"><span class=\"s1\"><b>Marat\u00f3 de TV3<\/b><\/span><\/a>, el domingo 18 de diciembre, dedicar\u00e1 su 31\u00aa edici\u00f3n a las enfermedades cardiovasculares, la principal causa de muerte en los pa\u00edses desarrollados y uno de los problemas actuales de salud p\u00fablica m\u00e1s relevantes.<\/p>\n<p class=\"p1\">Los que componemos SALSES FRUITS somos una empresa familiar comprometida con su territorio y sus gentes, por este motivo nuestros trabajadores son de la comarca. Y por eso apoyamos iniciativas orientadas a fortalecer los valores del deporte, de la naturaleza, de la vida sana y saludable como el Marat\u00f3 de TV3 y la Carrera Popular de BTT de Cabra. \u00a1Salud y pedales!<\/p>\n<p>&nbsp;<\/p>\n<style>\n.w-blogpost-preview{background-image:none!important;background-color: transparent!important;}.w-blogpost{padding: 0!important;}.w-blogpost::after{background:none!important;}.w-blogpost h1{color: #29b28f!important;}.w-blogpost-meta *{color:#000000!important;}<\/style>\n<div style=\"display: none;\">\n<h2>Finaliza la 15\u00aa<\/h2>\n<h3>Finaliza la 15\u00aa<\/h3>\n<p>En primer lugar,. En primer lugar,. En primer lugar,. En primer lugar,. En primer lugar,. En primer lugar,. En primer lugar,. En primer lugar,. En primer lugar,. En primer lugar,. En primer lugar,. En primer lugar,. En primer lugar,. En primer lugar,. En primer lugar,. En primer lugar,. En primer lugar,. En primer lugar,. En primer lugar,. En primer lugar,. En primer lugar,. En primer lugar,. En primer lugar,. En primer lugar,. En primer lugar,. En primer lugar,. En primer lugar,. En primer lugar,. En primer lugar,. En primer lugar,. En primer lugar,. En primer lugar,. En primer lugar,. En primer lugar,. En primer lugar,. En primer lugar,. En primer lugar,. En primer lugar,. En primer lugar,. En primer lugar,.<\/p>\n<p>En primer lugar, oramos ipsum dolor sit amet, consectetur adipiscing \u00e9lite. In vestibulum pretium nisi vehicula congue. Curabitur lobortis tristique neque, quis puerta nisi tempus quis. Donec ultrices posuere \u00e9lite, sit amet tincidunt Orci consectetur quis. Mauris rhoncus tristique facil\u00edsimo. Por un lado, t congue v\u00e9lites velita, te faucibus l\u00edgulas volutpat te. A\u00fan as\u00ed, urabitur VENENATA ante quis elementum pellentesque. In a pretium sapien. Empiezan las cal\u00e7otades. Aliquam erat volutpat. Donec Viverra cursus Gravida. Fusce accumsan sed leo vitae tempus. Las picaduras m\u00e1s frescas <a href=\"https:\/\/tgd.cat\">TGDigital<\/a><a href=\"\/es\/\">frutos<\/a><\/p>\n<h3>Finaliza la 15\u00aa<\/h3>\n<p>Cabe decir que am CONVALLARIA libero non Turpin bibendum, vitae porttitor ex Orna. Por ejemplo, Raes consecuente Interdum ante, quis pellentesque sapien aliquet eu. Por un lado, ed commodo rhoncus magna velo aliquet. En tercer lugar, n hac habitasse platea dictumst. Phasellus ARCU leo, aliquet quis consecuente id, temporarias velo ARCU. Duis vulputate dign\u00edsimo placeres. Nulamente varices ARCU eu lorem rutrum scelerisque a vitae lectus. Sin ir m\u00e1s lejos, n vulputate at Turpin ac porttitor. Morbi aliquet bibendum odio, te rutrum tellus dapibus sit amet. Por \u00faltimo, Ruis sed m\u00ed quis ARCU.<\/p>\n<h3>cal\u00e7ots cocidos<\/h3>\n<p>Aunque no valencianos, ntegro sit amet placeres risus. A pesar de ello, ulla facil\u00edsimo. En segundo lugar, Oneca nec ipsum augue. Por otra parte, ivamus eros ex, ultrices mollis bibendum at, elementum sed lectus. Sin embargo, urabitur quis augue ac tellus tincidunt hendrerit. Donec erat purus, solicitud vitae v\u00e9lites vitae, feugiat dapibus diam. Cabe decir que Maecenas faucibus demasiado vitae erat elementum consectetur. Quisque finibus, purus velo Interdum vulputate, neque leo ultrices nisi, sed facil\u00edsimo nibh purus eget quam. Nunc nec libero eros. Las picaduras m\u00e1s frescas, por ejemplo. Sin ir m\u00e1s lejos, la picadura es buen\u00edsima. Nos encantar\u00eda que la orzata fuera probada por todos los comensales y, por supuesto, para todos los gourmands. Quisi\u00e9ramos, claro, hacerla conocida. Es por ello que la hacemos tan buena.<\/p>\n<h3>cal\u00e7ots cocidos<\/h3>\n<p>En primer lugar,. En primer lugar,. En primer lugar,. En primer lugar,. En primer lugar,. En primer lugar,. En primer lugar,. En primer lugar,. En primer lugar,. En primer lugar,. En primer lugar,. En primer lugar,. En primer lugar,. En primer lugar,. En primer lugar,. En primer lugar,. En primer lugar,. En primer lugar,. En primer lugar,. En primer lugar,. En primer lugar,. En primer lugar,.<\/p>\n<\/div>","protected":false},"excerpt":{"rendered":"<p>&nbsp; El domingo 18 de diciembre de 2022 se celebrar\u00e1 la 17\u00aa edici\u00f3n de la carrera popular de BTT CABRA Pedala por el Marat\u00f3n de TV3 - Memorial Xavi Tondo y Volpini, con el patrocinio habitual de Salses Fruits S&amp;P. La carrera es una prueba ciclista de car\u00e1cter no competitivo cuyos beneficios\u2026<\/p>","protected":false},"author":1,"featured_media":12704,"comment_status":"closed","ping_status":"closed","sticky":false,"template":"","format":"standard","meta":{"inline_featured_image":false,"footnotes":""},"categories":[1],"tags":[],"class_list":["post-12703","post","type-post","status-publish","format-standard","has-post-thumbnail","hentry","category-noticies"],"yoast_head":"<!-- This site is optimized with the Yoast SEO plugin v26.7 - https:\/\/yoast.com\/wordpress\/plugins\/seo\/ -->\n<title>Salses Fruits patrocina la 17a cursa popular de BTT, CABRA Pedala per la Marat\u00f3 de TV3 - Salses Fruits<\/title>\n<meta name=\"description\" content=\"Cremes i brous de Salses Fruits, aliments de tardor i hivern, ideal per a fam\u00edlies amb nens, per sopar i per prendre entre hores.\" \/>\n<meta name=\"robots\" content=\"index, follow, max-snippet:-1, max-image-preview:large, max-video-preview:-1\" \/>\n<link rel=\"canonical\" href=\"https:\/\/fruitssp.com\/es\/noticies\/salses-fruits-patrocina-la-17a-cursa-popular-de-btt-cabra-pedala-per-la-marato-de-tv3\/\" \/>\n<meta property=\"og:locale\" content=\"es_ES\" \/>\n<meta property=\"og:type\" content=\"article\" \/>\n<meta property=\"og:title\" content=\"Salses Fruits patrocina la 17a cursa popular de BTT, CABRA Pedala per la Marat\u00f3 de TV3 - Salses Fruits\" \/>\n<meta property=\"og:description\" content=\"Cremes i brous de Salses Fruits, aliments de tardor i hivern, ideal per a fam\u00edlies amb nens, per sopar i per prendre entre hores.\" \/>\n<meta property=\"og:url\" content=\"https:\/\/fruitssp.com\/es\/noticies\/salses-fruits-patrocina-la-17a-cursa-popular-de-btt-cabra-pedala-per-la-marato-de-tv3\/\" \/>\n<meta property=\"og:site_name\" content=\"Salses Fruits\" \/>\n<meta property=\"article:publisher\" content=\"https:\/\/www.facebook.com\/Salses-Fruits-SP-1137777022906379\/\" \/>\n<meta property=\"article:published_time\" content=\"2022-11-17T08:33:40+00:00\" \/>\n<meta property=\"article:modified_time\" content=\"2022-11-17T08:36:11+00:00\" \/>\n<meta property=\"og:image\" content=\"https:\/\/fruitssp.com\/wp-content\/uploads\/2022\/11\/XARXES-CARTELL-MARATO22-CABRA_web_1200x1687.jpg\" \/>\n\t<meta property=\"og:image:width\" content=\"1200\" \/>\n\t<meta property=\"og:image:height\" content=\"1687\" \/>\n\t<meta property=\"og:image:type\" content=\"image\/jpeg\" \/>\n<meta name=\"author\" content=\"fruitssp\" \/>\n<meta name=\"twitter:card\" content=\"summary_large_image\" \/>\n<meta name=\"twitter:label1\" content=\"Escrito por\" \/>\n\t<meta name=\"twitter:data1\" content=\"fruitssp\" \/>\n\t<meta name=\"twitter:label2\" content=\"Tiempo de lectura\" \/>\n\t<meta name=\"twitter:data2\" content=\"5 minutos\" \/>\n<!-- \/ Yoast SEO plugin. -->","yoast_head_json":{"title":"Salses Fruits patrocina la 17a cursa popular de BTT, CABRA Pedala per la Marat\u00f3 de TV3 - Salses Fruits","description":"Cremes i brous de Salses Fruits, aliments de tardor i hivern, ideal per a fam\u00edlies amb nens, per sopar i per prendre entre hores.","robots":{"index":"index","follow":"follow","max-snippet":"max-snippet:-1","max-image-preview":"max-image-preview:large","max-video-preview":"max-video-preview:-1"},"canonical":"https:\/\/fruitssp.com\/es\/noticies\/salses-fruits-patrocina-la-17a-cursa-popular-de-btt-cabra-pedala-per-la-marato-de-tv3\/","og_locale":"es_ES","og_type":"article","og_title":"Salses Fruits patrocina la 17a cursa popular de BTT, CABRA Pedala per la Marat\u00f3 de TV3 - Salses Fruits","og_description":"Cremes i brous de Salses Fruits, aliments de tardor i hivern, ideal per a fam\u00edlies amb nens, per sopar i per prendre entre hores.","og_url":"https:\/\/fruitssp.com\/es\/noticies\/salses-fruits-patrocina-la-17a-cursa-popular-de-btt-cabra-pedala-per-la-marato-de-tv3\/","og_site_name":"Salses Fruits","article_publisher":"https:\/\/www.facebook.com\/Salses-Fruits-SP-1137777022906379\/","article_published_time":"2022-11-17T08:33:40+00:00","article_modified_time":"2022-11-17T08:36:11+00:00","og_image":[{"width":1200,"height":1687,"url":"https:\/\/fruitssp.com\/wp-content\/uploads\/2022\/11\/XARXES-CARTELL-MARATO22-CABRA_web_1200x1687.jpg","type":"image\/jpeg"}],"author":"fruitssp","twitter_card":"summary_large_image","twitter_misc":{"Escrito por":"fruitssp","Tiempo de lectura":"5 minutos"},"schema":{"@context":"https:\/\/schema.org","@graph":[{"@type":"Article","@id":"https:\/\/fruitssp.com\/noticies\/salses-fruits-patrocina-la-17a-cursa-popular-de-btt-cabra-pedala-per-la-marato-de-tv3\/#article","isPartOf":{"@id":"https:\/\/fruitssp.com\/noticies\/salses-fruits-patrocina-la-17a-cursa-popular-de-btt-cabra-pedala-per-la-marato-de-tv3\/"},"author":{"name":"fruitssp","@id":"https:\/\/fruitssp.com\/#\/schema\/person\/74f4a70f480644ed06e5945c13b509c8"},"headline":"Salses Fruits patrocina la 17a cursa popular de BTT, CABRA Pedala per la Marat\u00f3 de TV3","datePublished":"2022-11-17T08:33:40+00:00","dateModified":"2022-11-17T08:36:11+00:00","mainEntityOfPage":{"@id":"https:\/\/fruitssp.com\/noticies\/salses-fruits-patrocina-la-17a-cursa-popular-de-btt-cabra-pedala-per-la-marato-de-tv3\/"},"wordCount":883,"publisher":{"@id":"https:\/\/fruitssp.com\/#organization"},"image":{"@id":"https:\/\/fruitssp.com\/noticies\/salses-fruits-patrocina-la-17a-cursa-popular-de-btt-cabra-pedala-per-la-marato-de-tv3\/#primaryimage"},"thumbnailUrl":"https:\/\/fruitssp.com\/wp-content\/uploads\/2022\/11\/XARXES-CARTELL-MARATO22-CABRA_web_1200x1687.jpg","articleSection":["Noticies"],"inLanguage":"es"},{"@type":"WebPage","@id":"https:\/\/fruitssp.com\/noticies\/salses-fruits-patrocina-la-17a-cursa-popular-de-btt-cabra-pedala-per-la-marato-de-tv3\/","url":"https:\/\/fruitssp.com\/noticies\/salses-fruits-patrocina-la-17a-cursa-popular-de-btt-cabra-pedala-per-la-marato-de-tv3\/","name":"Salses Fruits patrocina la 17a cursa popular de BTT, CABRA Pedala per la Marat\u00f3 de TV3 - Salses Fruits","isPartOf":{"@id":"https:\/\/fruitssp.com\/#website"},"primaryImageOfPage":{"@id":"https:\/\/fruitssp.com\/noticies\/salses-fruits-patrocina-la-17a-cursa-popular-de-btt-cabra-pedala-per-la-marato-de-tv3\/#primaryimage"},"image":{"@id":"https:\/\/fruitssp.com\/noticies\/salses-fruits-patrocina-la-17a-cursa-popular-de-btt-cabra-pedala-per-la-marato-de-tv3\/#primaryimage"},"thumbnailUrl":"https:\/\/fruitssp.com\/wp-content\/uploads\/2022\/11\/XARXES-CARTELL-MARATO22-CABRA_web_1200x1687.jpg","datePublished":"2022-11-17T08:33:40+00:00","dateModified":"2022-11-17T08:36:11+00:00","description":"Cremes i brous de Salses Fruits, aliments de tardor i hivern, ideal per a fam\u00edlies amb nens, per sopar i per prendre entre hores.","breadcrumb":{"@id":"https:\/\/fruitssp.com\/noticies\/salses-fruits-patrocina-la-17a-cursa-popular-de-btt-cabra-pedala-per-la-marato-de-tv3\/#breadcrumb"},"inLanguage":"es","potentialAction":[{"@type":"ReadAction","target":["https:\/\/fruitssp.com\/noticies\/salses-fruits-patrocina-la-17a-cursa-popular-de-btt-cabra-pedala-per-la-marato-de-tv3\/"]}]},{"@type":"ImageObject","inLanguage":"es","@id":"https:\/\/fruitssp.com\/noticies\/salses-fruits-patrocina-la-17a-cursa-popular-de-btt-cabra-pedala-per-la-marato-de-tv3\/#primaryimage","url":"https:\/\/fruitssp.com\/wp-content\/uploads\/2022\/11\/XARXES-CARTELL-MARATO22-CABRA_web_1200x1687.jpg","contentUrl":"https:\/\/fruitssp.com\/wp-content\/uploads\/2022\/11\/XARXES-CARTELL-MARATO22-CABRA_web_1200x1687.jpg","width":1200,"height":1687},{"@type":"BreadcrumbList","@id":"https:\/\/fruitssp.com\/noticies\/salses-fruits-patrocina-la-17a-cursa-popular-de-btt-cabra-pedala-per-la-marato-de-tv3\/#breadcrumb","itemListElement":[{"@type":"ListItem","position":1,"name":"Inici","item":"https:\/\/fruitssp.com\/"},{"@type":"ListItem","position":2,"name":"Salses Fruits patrocina la 17a cursa popular de BTT, CABRA Pedala per la Marat\u00f3 de TV3"}]},{"@type":"WebSite","@id":"https:\/\/fruitssp.com\/#website","url":"https:\/\/fruitssp.com\/","name":"FruitsSP","description":"Salsas y productos frescos y naturales, de la tierra del cal\u00e7ot","publisher":{"@id":"https:\/\/fruitssp.com\/#organization"},"potentialAction":[{"@type":"SearchAction","target":{"@type":"EntryPoint","urlTemplate":"https:\/\/fruitssp.com\/?s={search_term_string}"},"query-input":{"@type":"PropertyValueSpecification","valueRequired":true,"valueName":"search_term_string"}}],"inLanguage":"es"},{"@type":"Organization","@id":"https:\/\/fruitssp.com\/#organization","name":"Salsas Frutos S &amp; P","url":"https:\/\/fruitssp.com\/","logo":{"@type":"ImageObject","inLanguage":"es","@id":"https:\/\/fruitssp.com\/#\/schema\/logo\/image\/","url":"https:\/\/fruitssp.com\/wp-content\/uploads\/2022\/12\/logoFruits_472x406.png","contentUrl":"https:\/\/fruitssp.com\/wp-content\/uploads\/2022\/12\/logoFruits_472x406.png","width":472,"height":406,"caption":"Salses Fruits S&P"},"image":{"@id":"https:\/\/fruitssp.com\/#\/schema\/logo\/image\/"},"sameAs":["https:\/\/www.facebook.com\/Salses-Fruits-SP-1137777022906379\/","https:\/\/www.instagram.com\/salsesfruitssp\/","https:\/\/www.linkedin.com\/company\/salses-fruits-s-i-p-sl\/"]},{"@type":"Person","@id":"https:\/\/fruitssp.com\/#\/schema\/person\/74f4a70f480644ed06e5945c13b509c8","name":"fruitssp"}]}},"_links":{"self":[{"href":"https:\/\/fruitssp.com\/es\/wp-json\/wp\/v2\/posts\/12703","targetHints":{"allow":["GET"]}}],"collection":[{"href":"https:\/\/fruitssp.com\/es\/wp-json\/wp\/v2\/posts"}],"about":[{"href":"https:\/\/fruitssp.com\/es\/wp-json\/wp\/v2\/types\/post"}],"author":[{"embeddable":true,"href":"https:\/\/fruitssp.com\/es\/wp-json\/wp\/v2\/users\/1"}],"replies":[{"embeddable":true,"href":"https:\/\/fruitssp.com\/es\/wp-json\/wp\/v2\/comments?post=12703"}],"version-history":[{"count":0,"href":"https:\/\/fruitssp.com\/es\/wp-json\/wp\/v2\/posts\/12703\/revisions"}],"wp:featuredmedia":[{"embeddable":true,"href":"https:\/\/fruitssp.com\/es\/wp-json\/wp\/v2\/media\/12704"}],"wp:attachment":[{"href":"https:\/\/fruitssp.com\/es\/wp-json\/wp\/v2\/media?parent=12703"}],"wp:term":[{"taxonomy":"category","embeddable":true,"href":"https:\/\/fruitssp.com\/es\/wp-json\/wp\/v2\/categories?post=12703"},{"taxonomy":"post_tag","embeddable":true,"href":"https:\/\/fruitssp.com\/es\/wp-json\/wp\/v2\/tags?post=12703"}],"curies":[{"name":"wp","href":"https:\/\/api.w.org\/{rel}","templated":true}]}}