{"id":12711,"date":"2022-11-09T12:18:45","date_gmt":"2022-11-09T12:18:45","guid":{"rendered":"https:\/\/fruitssp.com\/?p=12711"},"modified":"2022-11-18T08:26:12","modified_gmt":"2022-11-18T08:26:12","slug":"salses-fruits-renova-el-seu-compromis-com-a-patrocinador-oficial-de-la-gran-festa-de-la-calcotada-de-valls-2023","status":"publish","type":"post","link":"https:\/\/fruitssp.com\/es\/noticies\/salses-fruits-renova-el-seu-compromis-com-a-patrocinador-oficial-de-la-gran-festa-de-la-calcotada-de-valls-2023\/","title":{"rendered":"SALSES FRUITS renueva su compromiso como patrocinador oficial de la Gran Fiesta de la Cal\u00e7otada de Valls 2023, de la mano de la C\u00e1mara de Comercio de Valls"},"content":{"rendered":"<p><img loading=\"lazy\" decoding=\"async\" class=\"alignnone wp-image-12712 size-full\" src=\"https:\/\/fruitssp.com\/wp-content\/uploads\/2022\/11\/314836907_134527265818822_4972627553872366749_n.jpg\" alt=\"Tret de sortida a la campanya promocional de la Gran Festa de la Cal\u00e7otada\" width=\"1080\" height=\"1104\" srcset=\"https:\/\/fruitssp.com\/wp-content\/uploads\/2022\/11\/314836907_134527265818822_4972627553872366749_n.jpg 1080w, https:\/\/fruitssp.com\/wp-content\/uploads\/2022\/11\/314836907_134527265818822_4972627553872366749_n-293x300.jpg 293w, https:\/\/fruitssp.com\/wp-content\/uploads\/2022\/11\/314836907_134527265818822_4972627553872366749_n-1002x1024.jpg 1002w, https:\/\/fruitssp.com\/wp-content\/uploads\/2022\/11\/314836907_134527265818822_4972627553872366749_n-12x12.jpg 12w, https:\/\/fruitssp.com\/wp-content\/uploads\/2022\/11\/314836907_134527265818822_4972627553872366749_n-600x613.jpg 600w, https:\/\/fruitssp.com\/wp-content\/uploads\/2022\/11\/314836907_134527265818822_4972627553872366749_n-768x785.jpg 768w, https:\/\/fruitssp.com\/wp-content\/uploads\/2022\/11\/314836907_134527265818822_4972627553872366749_n-300x307.jpg 300w, https:\/\/fruitssp.com\/wp-content\/uploads\/2022\/11\/314836907_134527265818822_4972627553872366749_n-900x920.jpg 900w\" sizes=\"auto, (max-width: 1080px) 100vw, 1080px\" \/><\/p>\n<p>&nbsp;<\/p>\n<p>La <strong>C\u00e1mara de Comercio e Industria de Valls<\/strong> ha dado el pistoletazo de salida, esta ma\u00f1ana, a la <strong>campa\u00f1a de promoci\u00f3n de la Gran Fiesta de la Cal\u00e7otada 2023 y en la temporada de cal\u00e7otades,<\/strong> junto con <strong>el Ayuntamiento de Valls<\/strong>, los dos <strong>patrocinadores de la Fiesta<\/strong>, la <strong>IGP Cal\u00e7ot de Valls<\/strong> y la <strong>Cooperativa Agr\u00edcola de Valls.<\/strong><\/p>\n<p>El acto ha servido para presentar la nueva imagen gr\u00e1fica de la Gran Fiesta de la Cal\u00e7otada 2023 y para reafirmar la confianza de sus patrocinadores oficiales: <strong>Salsas Fuits y Castell d&#039;Or.<\/strong> \u00a0Salses Fruits hace cuatro a\u00f1os que patrocina la Fiesta y Castell d&#039;or es su segundo a\u00f1o. De esta forma, ambas empresas del territorio tendr\u00e1n presencia destacada como sponsors oficiales en las campa\u00f1as de promoci\u00f3n de la Cal\u00e7otada, apoyando la manifestaci\u00f3n gastron\u00f3mica m\u00e1s importante y popular de Catalu\u00f1a.<\/p>\n<p>El acto tambi\u00e9n ha servido para presentar algunos cambios y novedades de la Fiesta de la Cal\u00e7otada, que se celebrar\u00e1 <strong>domingo 29 de enero de 2023<\/strong>. Los tickets para la degustaci\u00f3n popular se vender\u00e1n, como cada a\u00f1o, en el Ayuntamiento de Valls, en la plaza del Pati en el Instituto de Estudios Vallencs y en las cabinas de la ONCE (situadas bajo la plaza de los Quarters y la Fuente de la Mancha). Como novedad, <strong>las degustaciones deber\u00e1n recogerse en la Cooperativa Agr\u00edcola de Valls<\/strong>. De esta forma se prev\u00e9 descongestionar el centro de la ciudad y crear rotaci\u00f3n de visitantes. El espacio se habilitar\u00e1 con parrillas para hornear los cal\u00e7ots y la carne, con mesas para degustar la aut\u00e9ntica cal\u00e7otada, y con m\u00fasica de ambiente.<\/p>\n<p><img loading=\"lazy\" decoding=\"async\" class=\"wp-image-12714 aligncenter\" src=\"https:\/\/fruitssp.com\/wp-content\/uploads\/2022\/11\/1667980696433.webp\" alt=\"Tret de sortida a la campanya promocional de la Gran Festa de la Cal\u00e7otada\" width=\"500\" height=\"375\" srcset=\"https:\/\/fruitssp.com\/wp-content\/uploads\/2022\/11\/1667980696433.webp 1440w, https:\/\/fruitssp.com\/wp-content\/uploads\/2022\/11\/1667980696433-300x225.webp 300w, https:\/\/fruitssp.com\/wp-content\/uploads\/2022\/11\/1667980696433-1024x768.webp 1024w, https:\/\/fruitssp.com\/wp-content\/uploads\/2022\/11\/1667980696433-16x12.webp 16w, https:\/\/fruitssp.com\/wp-content\/uploads\/2022\/11\/1667980696433-600x450.webp 600w, https:\/\/fruitssp.com\/wp-content\/uploads\/2022\/11\/1667980696433-768x576.webp 768w, https:\/\/fruitssp.com\/wp-content\/uploads\/2022\/11\/1667980696433-900x675.webp 900w\" sizes=\"auto, (max-width: 500px) 100vw, 500px\" \/><\/p>\n<p>Por otra parte, Cambra y Ayuntamiento de Valls, organizadores de la Fiesta, est\u00e1n trabajando en la marca <strong>Cal\u00e7otada Sostenible<\/strong>, un proyecto que qued\u00f3 paralizado con la Covid-19 y que de cara a la edici\u00f3n de este a\u00f1o quiere potenciarse y ponerse en pr\u00e1ctica por unas cal\u00e7otadas m\u00e1s reutilizables y con menos residuos. Por \u00faltimo, tambi\u00e9n se est\u00e1 trabajando en el distintivo \u201c<strong>sello de<\/strong> <strong>calidad cal\u00e7otada de Valls\u201d <\/strong>que la C\u00e1mara de Comercio de Valls quiere impulsar con la IGP Cal\u00e7ot de Valls. Como novedad tambi\u00e9n se crear\u00e1 la experiencia gastron\u00f3mica con la DO Tarragona <strong>\u201cMaridaje de cal\u00e7otades<\/strong>\u201d con vinos y cavas del territorio.<\/p>\n<p>El acto se ha realizado en la sala Alt Camp de la C\u00e1mara y ha contado con el presidente de la C\u00e1mara de Comercio de Valls, <strong>Josep M. Rovira<\/strong>, el secretario y gerente del ente,<strong> Rafael Castells <\/strong>y <strong>Carlos Sol\u00e9<\/strong>, respectivamente; la alcaldesa de Valls, <strong>Dolores Farr\u00e9<\/strong>; los dos patrocinadores de la fiesta, el presidente de Castell d&#039;Or, <strong>Adri\u00e0 Rabad\u00e0<\/strong>, y el gerente de Salsas Fruits, <strong>Francesc Sans; <\/strong>el presidente de la IGP Cal\u00e7ot de Valls, <strong>Dalmaci Clofent;<\/strong> y el presidente y gerente de la Cooperativa Agr\u00edcola de Valls, <strong>Joan Llorach<\/strong> y <strong>Joan Linares<\/strong>, respectivamente.<\/p>\n<p>La empresa TGD Comunicaci\u00f3 ha llevado a cabo el dise\u00f1o de la comunicaci\u00f3n de la Fiesta: cartel, roll-up, banners digitales, programa de actividades, bolsa de papel, y el babero de ropa. Destacar que el cartel de este a\u00f1o es itinerante donde se representan los elementos t\u00edpicos de la aut\u00e9ntica cal\u00e7otada, como son el cal\u00e7ot, el porr\u00f3n, el mortero y la aceitera de aceite, perfectamente unidos, representando un paseo por las calles y plazas de la ciudad.<strong><br \/>\n<\/strong><\/p>\n<p>En Valls se hacen cal\u00e7otadas de noviembre a abril, pero la Fiesta de la Cal\u00e7otada representa la entrada en el fuerte de la temporada de cal\u00e7otadas. En los pr\u00f3ximos d\u00edas se llevar\u00e1n a cabo una serie de acciones vinculadas a la Fiesta y se dar\u00e1 a conocer el programa de actos tradicionales, festivos y con concursos relacionados con el mundo del cal\u00e7ot: pasacalles; demostraciones de cocer cal\u00e7ots en la parrilla; mercado de la cal\u00e7otada; concursos de cultivadores de cal\u00e7ots, de elaboraci\u00f3n de salsa de la cal\u00e7otada y de comer cal\u00e7ots; degustaci\u00f3n popular, entre otras actividades.<\/p>\n<p><img loading=\"lazy\" decoding=\"async\" class=\"wp-image-12715 aligncenter\" src=\"https:\/\/fruitssp.com\/wp-content\/uploads\/2022\/11\/1667980696447.webp\" alt=\"Tret de sortida a la campanya promocional de la Gran Festa de la Cal\u00e7otada\" width=\"500\" height=\"375\" srcset=\"https:\/\/fruitssp.com\/wp-content\/uploads\/2022\/11\/1667980696447.webp 1440w, https:\/\/fruitssp.com\/wp-content\/uploads\/2022\/11\/1667980696447-300x225.webp 300w, https:\/\/fruitssp.com\/wp-content\/uploads\/2022\/11\/1667980696447-1024x768.webp 1024w, https:\/\/fruitssp.com\/wp-content\/uploads\/2022\/11\/1667980696447-16x12.webp 16w, https:\/\/fruitssp.com\/wp-content\/uploads\/2022\/11\/1667980696447-600x450.webp 600w, https:\/\/fruitssp.com\/wp-content\/uploads\/2022\/11\/1667980696447-768x576.webp 768w, https:\/\/fruitssp.com\/wp-content\/uploads\/2022\/11\/1667980696447-900x675.webp 900w\" sizes=\"auto, (max-width: 500px) 100vw, 500px\" \/><\/p>\n<p><strong><br \/>\nSobre Salsas Frutos<\/strong><\/p>\n<p>Somos una empresa familiar comprometida con su territorio y su gente. Nacida en Figuerola del Camp (Alt Camp), contamos con m\u00e1s de 40 trabajadores y producimos m\u00e1s de 80 productos de alimentaci\u00f3n artesana. Entre los productos m\u00e1s vendidos de Salses Fruits, se encuentra la salsa para la cal\u00e7otada de Valls y el alioli. La filosof\u00eda de la empresa durante m\u00e1s de 20 a\u00f1os ha sido siempre consumir productos de proximidad como frutos secos y verduras. Nuestros productos est\u00e1n en muchos puntos de venta de nuestras comarcas y m\u00e1s all\u00e1.<\/p>\n<p>Un a\u00f1o m\u00e1s Salses Fruits renueva su confianza y patrocina la Gran Fiesta de la Cal\u00e7otada.<\/p>\n<p>Encontrar\u00e1 los productos y recetas en nuestra web: <strong><a href=\"https:\/\/fruitssp.com\/es\/\">fruitssp.com<\/a><\/strong><\/p>\n<p>&nbsp;<\/p>\n<p><strong>Sobre Castillo de Oro<\/strong><\/p>\n<p>Es una entidad formada por 16 bodegas de diferentes zonas vitivin\u00edcolas del Pened\u00e8s, Conca de Barber\u00e0, Alt Camp, Priorat, Tarragona, Montsant y Lleida. En septiembre de 2021, la empresa instal\u00f3 su sede en Vila-rodona (Alt Camp) procedente de Vilafranca del Pened\u00e8s (Barcelona). Esta nueva sede se ubica a pocos metros de la principal planta productora del grupo: la Bodega Cooperativa de Vila-rodona. Una firme apuesta por consolidarse como la empresa de referencia en el sector vitivin\u00edcola y por aportar valor al territorio. La innovaci\u00f3n y mejora en sus procesos de producci\u00f3n es uno de los rasgos que diferencian al grupo. Castell d&#039;Or est\u00e1 presente en 38 pa\u00edses de toda Europa, Asia y Am\u00e9rica y tiene una fuerte capacidad de exportaci\u00f3n a Estados Unidos, Canad\u00e1, Jap\u00f3n, Brasil, M\u00e9xico y Rusia. Actualmente desarrolla su estrategia de expansi\u00f3n en territorio nacional.<\/p>\n<p>Puede consultar m\u00e1s detalles en <a href=\"http:\/\/www.castelldor.com\"><strong>www.castelldor.com<\/strong><\/a><\/p>\n<p>&nbsp;<\/p>\n<style>\n.w-blogpost-preview{background-image:none!important;background-color: transparent!important;}.w-blogpost{padding: 0!important;}.w-blogpost::after{background:none!important;}.w-blogpost h1{color: #29b28f!important;}.w-blogpost-meta *{color:#000000!important;}<\/style>\n<div style=\"display: none;\">\n<h2>Finaliza la 15\u00aa<\/h2>\n<h3>Finaliza la 15\u00aa<\/h3>\n<p>En primer lugar,. En primer lugar,. En primer lugar,. En primer lugar,. En primer lugar,. En primer lugar,. En primer lugar,. En primer lugar,. En primer lugar,. En primer lugar,. En primer lugar,. En primer lugar,. En primer lugar,. En primer lugar,. En primer lugar,. En primer lugar,. En primer lugar,. En primer lugar,. En primer lugar,. En primer lugar,. En primer lugar,. En primer lugar,. En primer lugar,. En primer lugar,. En primer lugar,. En primer lugar,. En primer lugar,. En primer lugar,. En primer lugar,. En primer lugar,. En primer lugar,. En primer lugar,. En primer lugar,. En primer lugar,. En primer lugar,. En primer lugar,. En primer lugar,. En primer lugar,. En primer lugar,. En primer lugar,.<\/p>\n<p>En primer lugar, oramos ipsum dolor sit amet, consectetur adipiscing \u00e9lite. In vestibulum pretium nisi vehicula congue. Curabitur lobortis tristique neque, quis puerta nisi tempus quis. Donec ultrices posuere \u00e9lite, sit amet tincidunt Orci consectetur quis. Mauris rhoncus tristique facil\u00edsimo. Por un lado, t congue v\u00e9lites velita, te faucibus l\u00edgulas volutpat te. A\u00fan as\u00ed, urabitur VENENATA ante quis elementum pellentesque. In a pretium sapien. Empiezan las cal\u00e7otades. Aliquam erat volutpat. Donec Viverra cursus Gravida. Fusce accumsan sed leo vitae tempus. Las picaduras m\u00e1s frescas <a href=\"https:\/\/tgd.cat\">TGDigital<\/a><a href=\"\/es\/\">frutos<\/a><\/p>\n<h3>Finaliza la 15\u00aa<\/h3>\n<p>Cabe decir que am CONVALLARIA libero non Turpin bibendum, vitae porttitor ex Orna. Por ejemplo, Raes consecuente Interdum ante, quis pellentesque sapien aliquet eu. Por un lado, ed commodo rhoncus magna velo aliquet. En tercer lugar, n hac habitasse platea dictumst. Phasellus ARCU leo, aliquet quis consecuente id, temporarias velo ARCU. Duis vulputate dign\u00edsimo placeres. Nulamente varices ARCU eu lorem rutrum scelerisque a vitae lectus. Sin ir m\u00e1s lejos, n vulputate at Turpin ac porttitor. Morbi aliquet bibendum odio, te rutrum tellus dapibus sit amet. Por \u00faltimo, Ruis sed m\u00ed quis ARCU.<\/p>\n<h3>cal\u00e7ots cocidos<\/h3>\n<p>Aunque no valencianos, ntegro sit amet placeres risus. A pesar de ello, ulla facil\u00edsimo. En segundo lugar, Oneca nec ipsum augue. Por otra parte, ivamus eros ex, ultrices mollis bibendum at, elementum sed lectus. Sin embargo, urabitur quis augue ac tellus tincidunt hendrerit. Donec erat purus, solicitud vitae v\u00e9lites vitae, feugiat dapibus diam. Cabe decir que Maecenas faucibus demasiado vitae erat elementum consectetur. Quisque finibus, purus velo Interdum vulputate, neque leo ultrices nisi, sed facil\u00edsimo nibh purus eget quam. Nunc nec libero eros. Las picaduras m\u00e1s frescas, por ejemplo. Sin ir m\u00e1s lejos, la picadura es buen\u00edsima. Nos encantar\u00eda que la orzata fuera probada por todos los comensales y, por supuesto, para todos los gourmands. Quisi\u00e9ramos, claro, hacerla conocida. Es por ello que la hacemos tan buena.<\/p>\n<h3>cal\u00e7ots cocidos<\/h3>\n<p>En primer lugar,. En primer lugar,. En primer lugar,. En primer lugar,. En primer lugar,. En primer lugar,. En primer lugar,. En primer lugar,. En primer lugar,. En primer lugar,. En primer lugar,. En primer lugar,. En primer lugar,. En primer lugar,. En primer lugar,. En primer lugar,. En primer lugar,. En primer lugar,. En primer lugar,. En primer lugar,. En primer lugar,. En primer lugar,.<\/p>\n<\/div>","protected":false},"excerpt":{"rendered":"<p>&nbsp; La C\u00e1mara de Comercio e Industria de Valls ha dado el pistoletazo de salida, esta ma\u00f1ana, a la campa\u00f1a de promoci\u00f3n de la Gran Fiesta de la Cal\u00e7otada 2023 y en la temporada de cal\u00e7otades, junto con el Ayuntamiento de Valls, los dos patrocinadores de la Fiesta, la IGP Cal\u00e7ot de Valls y la Cooperativa\u2026<\/p>","protected":false},"author":1,"featured_media":12712,"comment_status":"closed","ping_status":"closed","sticky":false,"template":"","format":"standard","meta":{"inline_featured_image":false,"footnotes":""},"categories":[1],"tags":[],"class_list":["post-12711","post","type-post","status-publish","format-standard","has-post-thumbnail","hentry","category-noticies"],"yoast_head":"<!-- This site is optimized with the Yoast SEO plugin v26.7 - https:\/\/yoast.com\/wordpress\/plugins\/seo\/ -->\n<title>Not\u00edcia Festa de la Cal\u00e7otada 2023 - Salses Fruits<\/title>\n<meta name=\"description\" content=\"Castell d\u2019Or i Salses Fruits s\u00f3n els patrocinadors oficials de la 41a edici\u00f3 de la Gran Festa de la Cal\u00e7otada que se celebrar\u00e0 diumenge 29 de gener del 2023.\" \/>\n<meta name=\"robots\" content=\"index, follow, max-snippet:-1, max-image-preview:large, max-video-preview:-1\" \/>\n<link rel=\"canonical\" href=\"https:\/\/fruitssp.com\/es\/noticies\/salses-fruits-renova-el-seu-compromis-com-a-patrocinador-oficial-de-la-gran-festa-de-la-calcotada-de-valls-2023\/\" \/>\n<meta property=\"og:locale\" content=\"es_ES\" \/>\n<meta property=\"og:type\" content=\"article\" \/>\n<meta property=\"og:title\" content=\"Not\u00edcia Festa de la Cal\u00e7otada 2023 - Salses Fruits\" \/>\n<meta property=\"og:description\" content=\"Castell d\u2019Or i Salses Fruits s\u00f3n els patrocinadors oficials de la 41a edici\u00f3 de la Gran Festa de la Cal\u00e7otada que se celebrar\u00e0 diumenge 29 de gener del 2023.\" \/>\n<meta property=\"og:url\" content=\"https:\/\/fruitssp.com\/es\/noticies\/salses-fruits-renova-el-seu-compromis-com-a-patrocinador-oficial-de-la-gran-festa-de-la-calcotada-de-valls-2023\/\" \/>\n<meta property=\"og:site_name\" content=\"Salses Fruits\" \/>\n<meta property=\"article:publisher\" content=\"https:\/\/www.facebook.com\/Salses-Fruits-SP-1137777022906379\/\" \/>\n<meta property=\"article:published_time\" content=\"2022-11-09T12:18:45+00:00\" \/>\n<meta property=\"article:modified_time\" content=\"2022-11-18T08:26:12+00:00\" \/>\n<meta property=\"og:image\" content=\"https:\/\/fruitssp.com\/wp-content\/uploads\/2022\/11\/314836907_134527265818822_4972627553872366749_n.jpg\" \/>\n\t<meta property=\"og:image:width\" content=\"1080\" \/>\n\t<meta property=\"og:image:height\" content=\"1104\" \/>\n\t<meta property=\"og:image:type\" content=\"image\/jpeg\" \/>\n<meta name=\"author\" content=\"fruitssp\" \/>\n<meta name=\"twitter:card\" content=\"summary_large_image\" \/>\n<meta name=\"twitter:label1\" content=\"Escrito por\" \/>\n\t<meta name=\"twitter:data1\" content=\"fruitssp\" \/>\n\t<meta name=\"twitter:label2\" content=\"Tiempo de lectura\" \/>\n\t<meta name=\"twitter:data2\" content=\"9 minutos\" \/>\n<!-- \/ Yoast SEO plugin. -->","yoast_head_json":{"title":"Not\u00edcia Festa de la Cal\u00e7otada 2023 - Salses Fruits","description":"Castell d\u2019Or i Salses Fruits s\u00f3n els patrocinadors oficials de la 41a edici\u00f3 de la Gran Festa de la Cal\u00e7otada que se celebrar\u00e0 diumenge 29 de gener del 2023.","robots":{"index":"index","follow":"follow","max-snippet":"max-snippet:-1","max-image-preview":"max-image-preview:large","max-video-preview":"max-video-preview:-1"},"canonical":"https:\/\/fruitssp.com\/es\/noticies\/salses-fruits-renova-el-seu-compromis-com-a-patrocinador-oficial-de-la-gran-festa-de-la-calcotada-de-valls-2023\/","og_locale":"es_ES","og_type":"article","og_title":"Not\u00edcia Festa de la Cal\u00e7otada 2023 - Salses Fruits","og_description":"Castell d\u2019Or i Salses Fruits s\u00f3n els patrocinadors oficials de la 41a edici\u00f3 de la Gran Festa de la Cal\u00e7otada que se celebrar\u00e0 diumenge 29 de gener del 2023.","og_url":"https:\/\/fruitssp.com\/es\/noticies\/salses-fruits-renova-el-seu-compromis-com-a-patrocinador-oficial-de-la-gran-festa-de-la-calcotada-de-valls-2023\/","og_site_name":"Salses Fruits","article_publisher":"https:\/\/www.facebook.com\/Salses-Fruits-SP-1137777022906379\/","article_published_time":"2022-11-09T12:18:45+00:00","article_modified_time":"2022-11-18T08:26:12+00:00","og_image":[{"width":1080,"height":1104,"url":"https:\/\/fruitssp.com\/wp-content\/uploads\/2022\/11\/314836907_134527265818822_4972627553872366749_n.jpg","type":"image\/jpeg"}],"author":"fruitssp","twitter_card":"summary_large_image","twitter_misc":{"Escrito por":"fruitssp","Tiempo de lectura":"9 minutos"},"schema":{"@context":"https:\/\/schema.org","@graph":[{"@type":"Article","@id":"https:\/\/fruitssp.com\/noticies\/salses-fruits-renova-el-seu-compromis-com-a-patrocinador-oficial-de-la-gran-festa-de-la-calcotada-de-valls-2023\/#article","isPartOf":{"@id":"https:\/\/fruitssp.com\/noticies\/salses-fruits-renova-el-seu-compromis-com-a-patrocinador-oficial-de-la-gran-festa-de-la-calcotada-de-valls-2023\/"},"author":{"name":"fruitssp","@id":"https:\/\/fruitssp.com\/#\/schema\/person\/74f4a70f480644ed06e5945c13b509c8"},"headline":"SALSES FRUITS renova el seu comprom\u00eds com a patrocinador oficial de la Gran Festa de la Cal\u00e7otada de Valls 2023, de la m\u00e0 de la Cambra de Comer\u00e7 de Valls","datePublished":"2022-11-09T12:18:45+00:00","dateModified":"2022-11-18T08:26:12+00:00","mainEntityOfPage":{"@id":"https:\/\/fruitssp.com\/noticies\/salses-fruits-renova-el-seu-compromis-com-a-patrocinador-oficial-de-la-gran-festa-de-la-calcotada-de-valls-2023\/"},"wordCount":1539,"publisher":{"@id":"https:\/\/fruitssp.com\/#organization"},"image":{"@id":"https:\/\/fruitssp.com\/noticies\/salses-fruits-renova-el-seu-compromis-com-a-patrocinador-oficial-de-la-gran-festa-de-la-calcotada-de-valls-2023\/#primaryimage"},"thumbnailUrl":"https:\/\/fruitssp.com\/wp-content\/uploads\/2022\/11\/314836907_134527265818822_4972627553872366749_n.jpg","articleSection":["Noticies"],"inLanguage":"es"},{"@type":"WebPage","@id":"https:\/\/fruitssp.com\/noticies\/salses-fruits-renova-el-seu-compromis-com-a-patrocinador-oficial-de-la-gran-festa-de-la-calcotada-de-valls-2023\/","url":"https:\/\/fruitssp.com\/noticies\/salses-fruits-renova-el-seu-compromis-com-a-patrocinador-oficial-de-la-gran-festa-de-la-calcotada-de-valls-2023\/","name":"Not\u00edcia Festa de la Cal\u00e7otada 2023 - Salses Fruits","isPartOf":{"@id":"https:\/\/fruitssp.com\/#website"},"primaryImageOfPage":{"@id":"https:\/\/fruitssp.com\/noticies\/salses-fruits-renova-el-seu-compromis-com-a-patrocinador-oficial-de-la-gran-festa-de-la-calcotada-de-valls-2023\/#primaryimage"},"image":{"@id":"https:\/\/fruitssp.com\/noticies\/salses-fruits-renova-el-seu-compromis-com-a-patrocinador-oficial-de-la-gran-festa-de-la-calcotada-de-valls-2023\/#primaryimage"},"thumbnailUrl":"https:\/\/fruitssp.com\/wp-content\/uploads\/2022\/11\/314836907_134527265818822_4972627553872366749_n.jpg","datePublished":"2022-11-09T12:18:45+00:00","dateModified":"2022-11-18T08:26:12+00:00","description":"Castell d\u2019Or i Salses Fruits s\u00f3n els patrocinadors oficials de la 41a edici\u00f3 de la Gran Festa de la Cal\u00e7otada que se celebrar\u00e0 diumenge 29 de gener del 2023.","breadcrumb":{"@id":"https:\/\/fruitssp.com\/noticies\/salses-fruits-renova-el-seu-compromis-com-a-patrocinador-oficial-de-la-gran-festa-de-la-calcotada-de-valls-2023\/#breadcrumb"},"inLanguage":"es","potentialAction":[{"@type":"ReadAction","target":["https:\/\/fruitssp.com\/noticies\/salses-fruits-renova-el-seu-compromis-com-a-patrocinador-oficial-de-la-gran-festa-de-la-calcotada-de-valls-2023\/"]}]},{"@type":"ImageObject","inLanguage":"es","@id":"https:\/\/fruitssp.com\/noticies\/salses-fruits-renova-el-seu-compromis-com-a-patrocinador-oficial-de-la-gran-festa-de-la-calcotada-de-valls-2023\/#primaryimage","url":"https:\/\/fruitssp.com\/wp-content\/uploads\/2022\/11\/314836907_134527265818822_4972627553872366749_n.jpg","contentUrl":"https:\/\/fruitssp.com\/wp-content\/uploads\/2022\/11\/314836907_134527265818822_4972627553872366749_n.jpg","width":1080,"height":1104,"caption":"Tret de sortida a la campanya promocional de la Gran Festa de la Cal\u00e7otada"},{"@type":"BreadcrumbList","@id":"https:\/\/fruitssp.com\/noticies\/salses-fruits-renova-el-seu-compromis-com-a-patrocinador-oficial-de-la-gran-festa-de-la-calcotada-de-valls-2023\/#breadcrumb","itemListElement":[{"@type":"ListItem","position":1,"name":"Inici","item":"https:\/\/fruitssp.com\/"},{"@type":"ListItem","position":2,"name":"SALSES FRUITS renova el seu comprom\u00eds com a patrocinador oficial de la Gran Festa de la Cal\u00e7otada de Valls 2023, de la m\u00e0 de la Cambra de Comer\u00e7 de Valls"}]},{"@type":"WebSite","@id":"https:\/\/fruitssp.com\/#website","url":"https:\/\/fruitssp.com\/","name":"FruitsSP","description":"Salsas y productos frescos y naturales, de la tierra del cal\u00e7ot","publisher":{"@id":"https:\/\/fruitssp.com\/#organization"},"potentialAction":[{"@type":"SearchAction","target":{"@type":"EntryPoint","urlTemplate":"https:\/\/fruitssp.com\/?s={search_term_string}"},"query-input":{"@type":"PropertyValueSpecification","valueRequired":true,"valueName":"search_term_string"}}],"inLanguage":"es"},{"@type":"Organization","@id":"https:\/\/fruitssp.com\/#organization","name":"Salsas Frutos S &amp; P","url":"https:\/\/fruitssp.com\/","logo":{"@type":"ImageObject","inLanguage":"es","@id":"https:\/\/fruitssp.com\/#\/schema\/logo\/image\/","url":"https:\/\/fruitssp.com\/wp-content\/uploads\/2022\/12\/logoFruits_472x406.png","contentUrl":"https:\/\/fruitssp.com\/wp-content\/uploads\/2022\/12\/logoFruits_472x406.png","width":472,"height":406,"caption":"Salses Fruits S&P"},"image":{"@id":"https:\/\/fruitssp.com\/#\/schema\/logo\/image\/"},"sameAs":["https:\/\/www.facebook.com\/Salses-Fruits-SP-1137777022906379\/","https:\/\/www.instagram.com\/salsesfruitssp\/","https:\/\/www.linkedin.com\/company\/salses-fruits-s-i-p-sl\/"]},{"@type":"Person","@id":"https:\/\/fruitssp.com\/#\/schema\/person\/74f4a70f480644ed06e5945c13b509c8","name":"fruitssp"}]}},"_links":{"self":[{"href":"https:\/\/fruitssp.com\/es\/wp-json\/wp\/v2\/posts\/12711","targetHints":{"allow":["GET"]}}],"collection":[{"href":"https:\/\/fruitssp.com\/es\/wp-json\/wp\/v2\/posts"}],"about":[{"href":"https:\/\/fruitssp.com\/es\/wp-json\/wp\/v2\/types\/post"}],"author":[{"embeddable":true,"href":"https:\/\/fruitssp.com\/es\/wp-json\/wp\/v2\/users\/1"}],"replies":[{"embeddable":true,"href":"https:\/\/fruitssp.com\/es\/wp-json\/wp\/v2\/comments?post=12711"}],"version-history":[{"count":0,"href":"https:\/\/fruitssp.com\/es\/wp-json\/wp\/v2\/posts\/12711\/revisions"}],"wp:featuredmedia":[{"embeddable":true,"href":"https:\/\/fruitssp.com\/es\/wp-json\/wp\/v2\/media\/12712"}],"wp:attachment":[{"href":"https:\/\/fruitssp.com\/es\/wp-json\/wp\/v2\/media?parent=12711"}],"wp:term":[{"taxonomy":"category","embeddable":true,"href":"https:\/\/fruitssp.com\/es\/wp-json\/wp\/v2\/categories?post=12711"},{"taxonomy":"post_tag","embeddable":true,"href":"https:\/\/fruitssp.com\/es\/wp-json\/wp\/v2\/tags?post=12711"}],"curies":[{"name":"wp","href":"https:\/\/api.w.org\/{rel}","templated":true}]}}