{"id":13227,"date":"2022-12-07T11:33:37","date_gmt":"2022-12-07T11:33:37","guid":{"rendered":"https:\/\/fruitssp.com\/?p=13227"},"modified":"2022-12-07T12:22:34","modified_gmt":"2022-12-07T12:22:34","slug":"salses-fruits-de-la-terra-del-calcot","status":"publish","type":"post","link":"https:\/\/fruitssp.com\/es\/noticies\/salses-fruits-de-la-terra-del-calcot\/","title":{"rendered":"Salses Fruits: de la tierra del cal\u00e7ot"},"content":{"rendered":"<h2 class=\"p1\" style=\"text-align: center;\"><span class=\"s1\"><b>Salses Fruits: de la tierra del cal\u00e7ot<\/b><\/span><\/h2>\n<p class=\"p1\"><span class=\"s1\"><b>Figuerola del Camp, diciembre de 2022<\/b>\u2013 SALSAS FRUITS, incorpora una nueva denominaci\u00f3n a su campa\u00f1a de comunicaci\u00f3n:<\/span><\/p>\n<p class=\"p1\"><span class=\"s1\"><img loading=\"lazy\" decoding=\"async\" class=\"alignnone size-full wp-image-13165 aligncenter\" src=\"http:\/\/fruitssp.com\/wp-content\/uploads\/2022\/12\/11496_de_la_terra_del_calcot_logo.png\" alt=\"\" width=\"600\" height=\"600\" srcset=\"https:\/\/fruitssp.com\/wp-content\/uploads\/2022\/12\/11496_de_la_terra_del_calcot_logo.png 600w, https:\/\/fruitssp.com\/wp-content\/uploads\/2022\/12\/11496_de_la_terra_del_calcot_logo-300x300.png 300w, https:\/\/fruitssp.com\/wp-content\/uploads\/2022\/12\/11496_de_la_terra_del_calcot_logo-150x150.png 150w, https:\/\/fruitssp.com\/wp-content\/uploads\/2022\/12\/11496_de_la_terra_del_calcot_logo-12x12.png 12w, https:\/\/fruitssp.com\/wp-content\/uploads\/2022\/12\/11496_de_la_terra_del_calcot_logo-350x350.png 350w\" sizes=\"auto, (max-width: 600px) 100vw, 600px\" \/><\/span><\/p>\n<p class=\"p1\"><span class=\"s1\">El consumidor pide cada vez m\u00e1s producto de proximidad, productos de nuestra tierra. Por este motivo, SALSES FRUITS ha querido poner \u00e9nfasis en la localizaci\u00f3n de su f\u00e1brica, la proximidad con los proveedores y presentarse como una marca muy cercana, muy de aqu\u00ed, de la tierra donde, entre otros productos de calidad, se cosechan los cal\u00e7ots desde hace doscientos a\u00f1os. <\/span><\/p>\n<p class=\"p1\"><span class=\"s1\"><b><i>De la tierra del cal\u00e7ot<\/i><\/b> no es s\u00f3lo un eslogan publicitario, es el compromiso de SALSES FRUITS con su territorio y con su gente.<\/span><\/p>\n<p class=\"p1\"><span class=\"s1\">\u00a0<\/span><\/p>\n<p class=\"p1\"><span class=\"s1\"><img loading=\"lazy\" decoding=\"async\" class=\"size-full wp-image-13166 aligncenter\" src=\"http:\/\/fruitssp.com\/wp-content\/uploads\/2022\/12\/Bodego-Fruits-Footer-1200.png\" alt=\"\" width=\"1200\" height=\"615\" srcset=\"https:\/\/fruitssp.com\/wp-content\/uploads\/2022\/12\/Bodego-Fruits-Footer-1200.png 1200w, https:\/\/fruitssp.com\/wp-content\/uploads\/2022\/12\/Bodego-Fruits-Footer-1200-300x154.png 300w, https:\/\/fruitssp.com\/wp-content\/uploads\/2022\/12\/Bodego-Fruits-Footer-1200-1024x525.png 1024w, https:\/\/fruitssp.com\/wp-content\/uploads\/2022\/12\/Bodego-Fruits-Footer-1200-18x9.png 18w, https:\/\/fruitssp.com\/wp-content\/uploads\/2022\/12\/Bodego-Fruits-Footer-1200-600x308.png 600w, https:\/\/fruitssp.com\/wp-content\/uploads\/2022\/12\/Bodego-Fruits-Footer-1200-768x394.png 768w, https:\/\/fruitssp.com\/wp-content\/uploads\/2022\/12\/Bodego-Fruits-Footer-1200-900x461.png 900w\" sizes=\"auto, (max-width: 1200px) 100vw, 1200px\" \/><\/span><\/p>\n<p class=\"p1\"><span class=\"s1\">Para m\u00e1s informaci\u00f3n:<br \/>\n<\/span><span class=\"s2\"><a href=\"mailto:info@salsesfruits.com\">info@salsesfruits.com<\/a><br \/>\n<\/span><span class=\"s1\">Tel. 977 631 333<br \/>\n<\/span><span class=\"s2\"><a href=\"https:\/\/fruitssp.com\/es\/\">https:\/\/salsesfruits.com<\/a><\/span><\/p>\n<p class=\"p1\"><span class=\"s1\">Prensa: TGD Comunicaci\u00f3n \u2013 <a href=\"mailto:rafel@tgd.cat\"><span class=\"s2\">rafel@tgd.cat<\/span><\/a> \u2013 977613326<\/span><\/p>","protected":false},"excerpt":{"rendered":"<p>Salsas Frutos: de la tierra del cal\u00e7ot Figuerola del Camp, diciembre de 2022 \u2013 SALSAS FRUITS, incorpora una nueva denominaci\u00f3n a su campa\u00f1a de comunicaci\u00f3n: El consumidor pide, cada vez m\u00e1s, producto de proximidad, productos de nuestra tierra. Es por este motivo que SALSAS FRUITS ha querido poner \u00e9nfasis en la localizaci\u00f3n de la\u2026<\/p>","protected":false},"author":1,"featured_media":13165,"comment_status":"closed","ping_status":"closed","sticky":false,"template":"","format":"standard","meta":{"inline_featured_image":false,"footnotes":""},"categories":[1],"tags":[],"class_list":["post-13227","post","type-post","status-publish","format-standard","has-post-thumbnail","hentry","category-noticies"],"yoast_head":"<!-- This site is optimized with the Yoast SEO plugin v26.7 - https:\/\/yoast.com\/wordpress\/plugins\/seo\/ -->\n<title>Salses Fruits: de la terra del cal\u00e7ot - Salses Fruits<\/title>\n<meta name=\"robots\" content=\"index, follow, max-snippet:-1, max-image-preview:large, max-video-preview:-1\" \/>\n<link rel=\"canonical\" href=\"https:\/\/fruitssp.com\/es\/noticies\/salses-fruits-de-la-terra-del-calcot\/\" \/>\n<meta property=\"og:locale\" content=\"es_ES\" \/>\n<meta property=\"og:type\" content=\"article\" \/>\n<meta property=\"og:title\" content=\"Salses Fruits: de la terra del cal\u00e7ot - Salses Fruits\" \/>\n<meta property=\"og:description\" content=\"Salses Fruits: de la terra del cal\u00e7ot Figuerola del Camp, desembre de 2022&#8211; SALSES FRUITS, incorpora una nova denominaci\u00f3 a la seva campanya de comunicaci\u00f3: El consumidor demana, cada vegada m\u00e9s, producte de proximitat, productes de la nostra terra. \u00c9s per aquest motiu que SALSES FRUITS ha volgut posar \u00e8mfasi en la localitzaci\u00f3 de la...\" \/>\n<meta property=\"og:url\" content=\"https:\/\/fruitssp.com\/es\/noticies\/salses-fruits-de-la-terra-del-calcot\/\" \/>\n<meta property=\"og:site_name\" content=\"Salses Fruits\" \/>\n<meta property=\"article:publisher\" content=\"https:\/\/www.facebook.com\/Salses-Fruits-SP-1137777022906379\/\" \/>\n<meta property=\"article:published_time\" content=\"2022-12-07T11:33:37+00:00\" \/>\n<meta property=\"article:modified_time\" content=\"2022-12-07T12:22:34+00:00\" \/>\n<meta property=\"og:image\" content=\"https:\/\/fruitssp.com\/wp-content\/uploads\/2022\/12\/11496_de_la_terra_del_calcot_logo.png\" \/>\n\t<meta property=\"og:image:width\" content=\"600\" \/>\n\t<meta property=\"og:image:height\" content=\"600\" \/>\n\t<meta property=\"og:image:type\" content=\"image\/png\" \/>\n<meta name=\"author\" content=\"fruitssp\" \/>\n<meta name=\"twitter:card\" content=\"summary_large_image\" \/>\n<meta name=\"twitter:label1\" content=\"Escrito por\" \/>\n\t<meta name=\"twitter:data1\" content=\"fruitssp\" \/>\n\t<meta name=\"twitter:label2\" content=\"Tiempo de lectura\" \/>\n\t<meta name=\"twitter:data2\" content=\"2 minutos\" \/>\n<!-- \/ Yoast SEO plugin. -->","yoast_head_json":{"title":"Salses Fruits: de la terra del cal\u00e7ot - Salses Fruits","robots":{"index":"index","follow":"follow","max-snippet":"max-snippet:-1","max-image-preview":"max-image-preview:large","max-video-preview":"max-video-preview:-1"},"canonical":"https:\/\/fruitssp.com\/es\/noticies\/salses-fruits-de-la-terra-del-calcot\/","og_locale":"es_ES","og_type":"article","og_title":"Salses Fruits: de la terra del cal\u00e7ot - Salses Fruits","og_description":"Salses Fruits: de la terra del cal\u00e7ot Figuerola del Camp, desembre de 2022&#8211; SALSES FRUITS, incorpora una nova denominaci\u00f3 a la seva campanya de comunicaci\u00f3: El consumidor demana, cada vegada m\u00e9s, producte de proximitat, productes de la nostra terra. \u00c9s per aquest motiu que SALSES FRUITS ha volgut posar \u00e8mfasi en la localitzaci\u00f3 de la...","og_url":"https:\/\/fruitssp.com\/es\/noticies\/salses-fruits-de-la-terra-del-calcot\/","og_site_name":"Salses Fruits","article_publisher":"https:\/\/www.facebook.com\/Salses-Fruits-SP-1137777022906379\/","article_published_time":"2022-12-07T11:33:37+00:00","article_modified_time":"2022-12-07T12:22:34+00:00","og_image":[{"width":600,"height":600,"url":"https:\/\/fruitssp.com\/wp-content\/uploads\/2022\/12\/11496_de_la_terra_del_calcot_logo.png","type":"image\/png"}],"author":"fruitssp","twitter_card":"summary_large_image","twitter_misc":{"Escrito por":"fruitssp","Tiempo de lectura":"2 minutos"},"schema":{"@context":"https:\/\/schema.org","@graph":[{"@type":"Article","@id":"https:\/\/fruitssp.com\/noticies\/salses-fruits-de-la-terra-del-calcot\/#article","isPartOf":{"@id":"https:\/\/fruitssp.com\/noticies\/salses-fruits-de-la-terra-del-calcot\/"},"author":{"name":"fruitssp","@id":"https:\/\/fruitssp.com\/#\/schema\/person\/74f4a70f480644ed06e5945c13b509c8"},"headline":"Salses Fruits: de la terra del cal\u00e7ot","datePublished":"2022-12-07T11:33:37+00:00","dateModified":"2022-12-07T12:22:34+00:00","mainEntityOfPage":{"@id":"https:\/\/fruitssp.com\/noticies\/salses-fruits-de-la-terra-del-calcot\/"},"wordCount":153,"publisher":{"@id":"https:\/\/fruitssp.com\/#organization"},"image":{"@id":"https:\/\/fruitssp.com\/noticies\/salses-fruits-de-la-terra-del-calcot\/#primaryimage"},"thumbnailUrl":"https:\/\/fruitssp.com\/wp-content\/uploads\/2022\/12\/11496_de_la_terra_del_calcot_logo.png","articleSection":["Noticies"],"inLanguage":"es"},{"@type":"WebPage","@id":"https:\/\/fruitssp.com\/noticies\/salses-fruits-de-la-terra-del-calcot\/","url":"https:\/\/fruitssp.com\/noticies\/salses-fruits-de-la-terra-del-calcot\/","name":"Salses Fruits: de la terra del cal\u00e7ot - Salses Fruits","isPartOf":{"@id":"https:\/\/fruitssp.com\/#website"},"primaryImageOfPage":{"@id":"https:\/\/fruitssp.com\/noticies\/salses-fruits-de-la-terra-del-calcot\/#primaryimage"},"image":{"@id":"https:\/\/fruitssp.com\/noticies\/salses-fruits-de-la-terra-del-calcot\/#primaryimage"},"thumbnailUrl":"https:\/\/fruitssp.com\/wp-content\/uploads\/2022\/12\/11496_de_la_terra_del_calcot_logo.png","datePublished":"2022-12-07T11:33:37+00:00","dateModified":"2022-12-07T12:22:34+00:00","breadcrumb":{"@id":"https:\/\/fruitssp.com\/noticies\/salses-fruits-de-la-terra-del-calcot\/#breadcrumb"},"inLanguage":"es","potentialAction":[{"@type":"ReadAction","target":["https:\/\/fruitssp.com\/noticies\/salses-fruits-de-la-terra-del-calcot\/"]}]},{"@type":"ImageObject","inLanguage":"es","@id":"https:\/\/fruitssp.com\/noticies\/salses-fruits-de-la-terra-del-calcot\/#primaryimage","url":"https:\/\/fruitssp.com\/wp-content\/uploads\/2022\/12\/11496_de_la_terra_del_calcot_logo.png","contentUrl":"https:\/\/fruitssp.com\/wp-content\/uploads\/2022\/12\/11496_de_la_terra_del_calcot_logo.png","width":600,"height":600},{"@type":"BreadcrumbList","@id":"https:\/\/fruitssp.com\/noticies\/salses-fruits-de-la-terra-del-calcot\/#breadcrumb","itemListElement":[{"@type":"ListItem","position":1,"name":"Inici","item":"https:\/\/fruitssp.com\/"},{"@type":"ListItem","position":2,"name":"Salses Fruits: de la terra del cal\u00e7ot"}]},{"@type":"WebSite","@id":"https:\/\/fruitssp.com\/#website","url":"https:\/\/fruitssp.com\/","name":"FruitsSP","description":"Salsas y productos frescos y naturales, de la tierra del cal\u00e7ot","publisher":{"@id":"https:\/\/fruitssp.com\/#organization"},"potentialAction":[{"@type":"SearchAction","target":{"@type":"EntryPoint","urlTemplate":"https:\/\/fruitssp.com\/?s={search_term_string}"},"query-input":{"@type":"PropertyValueSpecification","valueRequired":true,"valueName":"search_term_string"}}],"inLanguage":"es"},{"@type":"Organization","@id":"https:\/\/fruitssp.com\/#organization","name":"Salsas Frutos S &amp; P","url":"https:\/\/fruitssp.com\/","logo":{"@type":"ImageObject","inLanguage":"es","@id":"https:\/\/fruitssp.com\/#\/schema\/logo\/image\/","url":"https:\/\/fruitssp.com\/wp-content\/uploads\/2022\/12\/logoFruits_472x406.png","contentUrl":"https:\/\/fruitssp.com\/wp-content\/uploads\/2022\/12\/logoFruits_472x406.png","width":472,"height":406,"caption":"Salses Fruits S&P"},"image":{"@id":"https:\/\/fruitssp.com\/#\/schema\/logo\/image\/"},"sameAs":["https:\/\/www.facebook.com\/Salses-Fruits-SP-1137777022906379\/","https:\/\/www.instagram.com\/salsesfruitssp\/","https:\/\/www.linkedin.com\/company\/salses-fruits-s-i-p-sl\/"]},{"@type":"Person","@id":"https:\/\/fruitssp.com\/#\/schema\/person\/74f4a70f480644ed06e5945c13b509c8","name":"fruitssp"}]}},"_links":{"self":[{"href":"https:\/\/fruitssp.com\/es\/wp-json\/wp\/v2\/posts\/13227","targetHints":{"allow":["GET"]}}],"collection":[{"href":"https:\/\/fruitssp.com\/es\/wp-json\/wp\/v2\/posts"}],"about":[{"href":"https:\/\/fruitssp.com\/es\/wp-json\/wp\/v2\/types\/post"}],"author":[{"embeddable":true,"href":"https:\/\/fruitssp.com\/es\/wp-json\/wp\/v2\/users\/1"}],"replies":[{"embeddable":true,"href":"https:\/\/fruitssp.com\/es\/wp-json\/wp\/v2\/comments?post=13227"}],"version-history":[{"count":0,"href":"https:\/\/fruitssp.com\/es\/wp-json\/wp\/v2\/posts\/13227\/revisions"}],"wp:featuredmedia":[{"embeddable":true,"href":"https:\/\/fruitssp.com\/es\/wp-json\/wp\/v2\/media\/13165"}],"wp:attachment":[{"href":"https:\/\/fruitssp.com\/es\/wp-json\/wp\/v2\/media?parent=13227"}],"wp:term":[{"taxonomy":"category","embeddable":true,"href":"https:\/\/fruitssp.com\/es\/wp-json\/wp\/v2\/categories?post=13227"},{"taxonomy":"post_tag","embeddable":true,"href":"https:\/\/fruitssp.com\/es\/wp-json\/wp\/v2\/tags?post=13227"}],"curies":[{"name":"wp","href":"https:\/\/api.w.org\/{rel}","templated":true}]}}