{"id":13577,"date":"2022-12-20T10:52:44","date_gmt":"2022-12-20T10:52:44","guid":{"rendered":"https:\/\/fruitssp.com\/?p=13577"},"modified":"2022-12-20T11:00:13","modified_gmt":"2022-12-20T11:00:13","slug":"salses-fruits-fent-pinya-amb-la-cursa-popular-cabra-pedala-per-la-marato-de-tv3","status":"publish","type":"post","link":"https:\/\/fruitssp.com\/es\/noticies\/salses-fruits-fent-pinya-amb-la-cursa-popular-cabra-pedala-per-la-marato-de-tv3\/","title":{"rendered":"Salses Fruits, cerrando filas con la carrera popular Cabra Pedala per la Marat\u00f3n de TV3, memorial Xavi Tondo i Volpini"},"content":{"rendered":"<p><strong><img loading=\"lazy\" decoding=\"async\" class=\"alignnone wp-image-13578 size-full\" src=\"http:\/\/fruitssp.com\/wp-content\/uploads\/2022\/12\/IMG_1386_web.jpg\" alt=\"\" width=\"1200\" height=\"900\" srcset=\"https:\/\/fruitssp.com\/wp-content\/uploads\/2022\/12\/IMG_1386_web.jpg 1200w, https:\/\/fruitssp.com\/wp-content\/uploads\/2022\/12\/IMG_1386_web-300x225.jpg 300w, https:\/\/fruitssp.com\/wp-content\/uploads\/2022\/12\/IMG_1386_web-1024x768.jpg 1024w, https:\/\/fruitssp.com\/wp-content\/uploads\/2022\/12\/IMG_1386_web-16x12.jpg 16w, https:\/\/fruitssp.com\/wp-content\/uploads\/2022\/12\/IMG_1386_web-600x450.jpg 600w, https:\/\/fruitssp.com\/wp-content\/uploads\/2022\/12\/IMG_1386_web-768x576.jpg 768w, https:\/\/fruitssp.com\/wp-content\/uploads\/2022\/12\/IMG_1386_web-900x675.jpg 900w\" sizes=\"auto, (max-width: 1200px) 100vw, 1200px\" \/><\/strong><\/p>\n<p>&nbsp;<\/p>\n<p class=\"p1\"><b>La 17\u00aa CARRERA DE BTT \u201cCABRA PEDALA POR LA MARAT\u00d3N DE TV3\u201d-MEMORIAL XAVI TONDO Y VOLPINI, patrocinada por SALSES FRUITS, ha concentrado a m\u00e1s de 500 personas, entre participantes y voluntarios, este 18 de diciembre en el pabell\u00f3n polideportivo de Cabra del Camp.<\/b><\/p>\n<p class=\"p1\"><strong>M\u00e1s de 400 participantes de todas las edades, han participado y disfrutado de una gran jornada solidaria que ha logrado recaudar 7.687,39 \u20ac. La totalidad de este importe est\u00e1 destinado a la Marat\u00f3n de TV3, que en esta edici\u00f3n de 2022 estaba orientada a las enfermedades cardiovasculares.<\/strong><\/p>\n<p class=\"p1\">SALSAS FRUTOS como patrocinador oficial, aparte de editar todo el material de comunicaci\u00f3n y los dorsales de los corredores, ofreci\u00f3 CALDO DE POLLO de SALSAS FRUTOS caliente, a todos los participantes durante toda la ma\u00f1ana; colabor\u00f3 en la bolsa de obsequios a los corredores y corredoras; y reparti\u00f3 un total de 43 premios, seg\u00fan las distintas categor\u00edas y distancias; 26 km y 36 km.<\/p>\n<p class=\"p1\">La organizaci\u00f3n quiere agradecer la participaci\u00f3n de todo el mundo, y los donativos en la Marat\u00f3n de TV3, y emplaza por el pr\u00f3ximo diciembre de 2023 a la 18\u00aa edici\u00f3n de la marcha en BTT \u201cPEDALA POR LA MARAT\u00d3N DE TV3\u201d \u2013 Memorial Xavi Tondo y Volpini .<\/p>\n<p>&nbsp;<\/p>\n<div class=\"w-gallery cols_2 link_none type_masonry with_indents\"><div class=\"w-gallery-list\"><div class=\"w-gallery-item order_1\"><div class=\"w-gallery-item-img\"><img loading=\"lazy\" decoding=\"async\" width=\"900\" height=\"1200\" src=\"https:\/\/fruitssp.com\/wp-content\/uploads\/2022\/12\/IMG_1407_web.jpg\" class=\"attachment-full size-full\" alt=\"\" srcset=\"https:\/\/fruitssp.com\/wp-content\/uploads\/2022\/12\/IMG_1407_web.jpg 900w, https:\/\/fruitssp.com\/wp-content\/uploads\/2022\/12\/IMG_1407_web-225x300.jpg 225w, https:\/\/fruitssp.com\/wp-content\/uploads\/2022\/12\/IMG_1407_web-768x1024.jpg 768w, https:\/\/fruitssp.com\/wp-content\/uploads\/2022\/12\/IMG_1407_web-9x12.jpg 9w, https:\/\/fruitssp.com\/wp-content\/uploads\/2022\/12\/IMG_1407_web-600x800.jpg 600w, https:\/\/fruitssp.com\/wp-content\/uploads\/2022\/12\/IMG_1407_web-300x400.jpg 300w\" sizes=\"auto, (max-width: 900px) 100vw, 900px\" \/><\/div><\/div><div class=\"w-gallery-item order_2\"><div class=\"w-gallery-item-img\"><img loading=\"lazy\" decoding=\"async\" width=\"1200\" height=\"900\" src=\"https:\/\/fruitssp.com\/wp-content\/uploads\/2022\/12\/IMG_1377_web.jpg\" class=\"attachment-full size-full\" alt=\"\" srcset=\"https:\/\/fruitssp.com\/wp-content\/uploads\/2022\/12\/IMG_1377_web.jpg 1200w, https:\/\/fruitssp.com\/wp-content\/uploads\/2022\/12\/IMG_1377_web-300x225.jpg 300w, https:\/\/fruitssp.com\/wp-content\/uploads\/2022\/12\/IMG_1377_web-1024x768.jpg 1024w, https:\/\/fruitssp.com\/wp-content\/uploads\/2022\/12\/IMG_1377_web-16x12.jpg 16w, https:\/\/fruitssp.com\/wp-content\/uploads\/2022\/12\/IMG_1377_web-600x450.jpg 600w, https:\/\/fruitssp.com\/wp-content\/uploads\/2022\/12\/IMG_1377_web-768x576.jpg 768w, https:\/\/fruitssp.com\/wp-content\/uploads\/2022\/12\/IMG_1377_web-900x675.jpg 900w\" sizes=\"auto, (max-width: 1200px) 100vw, 1200px\" \/><\/div><\/div><div class=\"w-gallery-item order_3\"><div class=\"w-gallery-item-img\"><img loading=\"lazy\" decoding=\"async\" width=\"1200\" height=\"900\" src=\"https:\/\/fruitssp.com\/wp-content\/uploads\/2022\/12\/IMG_1357_web.jpg\" class=\"attachment-full size-full\" alt=\"\" srcset=\"https:\/\/fruitssp.com\/wp-content\/uploads\/2022\/12\/IMG_1357_web.jpg 1200w, https:\/\/fruitssp.com\/wp-content\/uploads\/2022\/12\/IMG_1357_web-300x225.jpg 300w, https:\/\/fruitssp.com\/wp-content\/uploads\/2022\/12\/IMG_1357_web-1024x768.jpg 1024w, https:\/\/fruitssp.com\/wp-content\/uploads\/2022\/12\/IMG_1357_web-16x12.jpg 16w, https:\/\/fruitssp.com\/wp-content\/uploads\/2022\/12\/IMG_1357_web-600x450.jpg 600w, https:\/\/fruitssp.com\/wp-content\/uploads\/2022\/12\/IMG_1357_web-768x576.jpg 768w, https:\/\/fruitssp.com\/wp-content\/uploads\/2022\/12\/IMG_1357_web-900x675.jpg 900w\" sizes=\"auto, (max-width: 1200px) 100vw, 1200px\" \/><\/div><\/div><div class=\"w-gallery-item order_4\"><div class=\"w-gallery-item-img\"><img loading=\"lazy\" decoding=\"async\" width=\"1200\" height=\"900\" src=\"https:\/\/fruitssp.com\/wp-content\/uploads\/2022\/12\/IMG_1359_web.jpg\" class=\"attachment-full size-full\" alt=\"\" srcset=\"https:\/\/fruitssp.com\/wp-content\/uploads\/2022\/12\/IMG_1359_web.jpg 1200w, https:\/\/fruitssp.com\/wp-content\/uploads\/2022\/12\/IMG_1359_web-300x225.jpg 300w, https:\/\/fruitssp.com\/wp-content\/uploads\/2022\/12\/IMG_1359_web-1024x768.jpg 1024w, https:\/\/fruitssp.com\/wp-content\/uploads\/2022\/12\/IMG_1359_web-16x12.jpg 16w, https:\/\/fruitssp.com\/wp-content\/uploads\/2022\/12\/IMG_1359_web-600x450.jpg 600w, https:\/\/fruitssp.com\/wp-content\/uploads\/2022\/12\/IMG_1359_web-768x576.jpg 768w, https:\/\/fruitssp.com\/wp-content\/uploads\/2022\/12\/IMG_1359_web-900x675.jpg 900w\" sizes=\"auto, (max-width: 1200px) 100vw, 1200px\" \/><\/div><\/div><div class=\"w-gallery-item order_5\"><div class=\"w-gallery-item-img\"><img loading=\"lazy\" decoding=\"async\" width=\"900\" height=\"1200\" src=\"https:\/\/fruitssp.com\/wp-content\/uploads\/2022\/12\/IMG_1452_web.jpg\" class=\"attachment-full size-full\" alt=\"\" srcset=\"https:\/\/fruitssp.com\/wp-content\/uploads\/2022\/12\/IMG_1452_web.jpg 900w, https:\/\/fruitssp.com\/wp-content\/uploads\/2022\/12\/IMG_1452_web-225x300.jpg 225w, https:\/\/fruitssp.com\/wp-content\/uploads\/2022\/12\/IMG_1452_web-768x1024.jpg 768w, https:\/\/fruitssp.com\/wp-content\/uploads\/2022\/12\/IMG_1452_web-9x12.jpg 9w, https:\/\/fruitssp.com\/wp-content\/uploads\/2022\/12\/IMG_1452_web-600x800.jpg 600w, https:\/\/fruitssp.com\/wp-content\/uploads\/2022\/12\/IMG_1452_web-300x400.jpg 300w\" sizes=\"auto, (max-width: 900px) 100vw, 900px\" \/><\/div><\/div><div class=\"w-gallery-item order_6\"><div class=\"w-gallery-item-img\"><img loading=\"lazy\" decoding=\"async\" width=\"900\" height=\"1200\" src=\"https:\/\/fruitssp.com\/wp-content\/uploads\/2022\/12\/IMG_1453_web.jpg\" class=\"attachment-full size-full\" alt=\"\" srcset=\"https:\/\/fruitssp.com\/wp-content\/uploads\/2022\/12\/IMG_1453_web.jpg 900w, https:\/\/fruitssp.com\/wp-content\/uploads\/2022\/12\/IMG_1453_web-225x300.jpg 225w, https:\/\/fruitssp.com\/wp-content\/uploads\/2022\/12\/IMG_1453_web-768x1024.jpg 768w, https:\/\/fruitssp.com\/wp-content\/uploads\/2022\/12\/IMG_1453_web-9x12.jpg 9w, https:\/\/fruitssp.com\/wp-content\/uploads\/2022\/12\/IMG_1453_web-600x800.jpg 600w, https:\/\/fruitssp.com\/wp-content\/uploads\/2022\/12\/IMG_1453_web-300x400.jpg 300w\" sizes=\"auto, (max-width: 900px) 100vw, 900px\" \/><\/div><\/div><div class=\"w-gallery-item order_7\"><div class=\"w-gallery-item-img\"><img loading=\"lazy\" decoding=\"async\" width=\"1200\" height=\"900\" src=\"https:\/\/fruitssp.com\/wp-content\/uploads\/2022\/12\/IMG_1445_web.jpg\" class=\"attachment-full size-full\" alt=\"\" srcset=\"https:\/\/fruitssp.com\/wp-content\/uploads\/2022\/12\/IMG_1445_web.jpg 1200w, https:\/\/fruitssp.com\/wp-content\/uploads\/2022\/12\/IMG_1445_web-300x225.jpg 300w, https:\/\/fruitssp.com\/wp-content\/uploads\/2022\/12\/IMG_1445_web-1024x768.jpg 1024w, https:\/\/fruitssp.com\/wp-content\/uploads\/2022\/12\/IMG_1445_web-16x12.jpg 16w, https:\/\/fruitssp.com\/wp-content\/uploads\/2022\/12\/IMG_1445_web-600x450.jpg 600w, https:\/\/fruitssp.com\/wp-content\/uploads\/2022\/12\/IMG_1445_web-768x576.jpg 768w, https:\/\/fruitssp.com\/wp-content\/uploads\/2022\/12\/IMG_1445_web-900x675.jpg 900w\" sizes=\"auto, (max-width: 1200px) 100vw, 1200px\" \/><\/div><\/div><div class=\"w-gallery-item order_8\"><div class=\"w-gallery-item-img\"><img loading=\"lazy\" decoding=\"async\" width=\"1200\" height=\"900\" src=\"https:\/\/fruitssp.com\/wp-content\/uploads\/2022\/12\/IMG_1436_web.jpg\" class=\"attachment-full size-full\" alt=\"\" srcset=\"https:\/\/fruitssp.com\/wp-content\/uploads\/2022\/12\/IMG_1436_web.jpg 1200w, https:\/\/fruitssp.com\/wp-content\/uploads\/2022\/12\/IMG_1436_web-300x225.jpg 300w, https:\/\/fruitssp.com\/wp-content\/uploads\/2022\/12\/IMG_1436_web-1024x768.jpg 1024w, https:\/\/fruitssp.com\/wp-content\/uploads\/2022\/12\/IMG_1436_web-16x12.jpg 16w, https:\/\/fruitssp.com\/wp-content\/uploads\/2022\/12\/IMG_1436_web-600x450.jpg 600w, https:\/\/fruitssp.com\/wp-content\/uploads\/2022\/12\/IMG_1436_web-768x576.jpg 768w, https:\/\/fruitssp.com\/wp-content\/uploads\/2022\/12\/IMG_1436_web-900x675.jpg 900w\" sizes=\"auto, (max-width: 1200px) 100vw, 1200px\" \/><\/div><\/div><\/div><\/div>\n<p>&nbsp;<\/p>\n<p>&nbsp;<\/p>\n<style>\n.w-blogpost-preview{background-image:none!important;background-color: transparent!important;}.w-blogpost{padding: 0!important;}.w-blogpost::after{background:none!important;}.w-blogpost h1{color: #29b28f!important;}.w-blogpost-meta *{color:#000000!important;}<\/style>\n<div style=\"display: none;\">\n<h2>Finaliza la 15\u00aa<\/h2>\n<h3>Finaliza la 15\u00aa<\/h3>\n<p>En primer lugar,. En primer lugar,. En primer lugar,. En primer lugar,. En primer lugar,. En primer lugar,. En primer lugar,. En primer lugar,. En primer lugar,. En primer lugar,. En primer lugar,. En primer lugar,. En primer lugar,. En primer lugar,. En primer lugar,. En primer lugar,. En primer lugar,. En primer lugar,. En primer lugar,. En primer lugar,. En primer lugar,. En primer lugar,. En primer lugar,. En primer lugar,. En primer lugar,. En primer lugar,. En primer lugar,. En primer lugar,. En primer lugar,. En primer lugar,. En primer lugar,. En primer lugar,. En primer lugar,. En primer lugar,. En primer lugar,. En primer lugar,. En primer lugar,. En primer lugar,. En primer lugar,. En primer lugar,.<\/p>\n<p>En primer lugar, oramos ipsum dolor sit amet, consectetur adipiscing \u00e9lite. In vestibulum pretium nisi vehicula congue. Curabitur lobortis tristique neque, quis puerta nisi tempus quis. Donec ultrices posuere \u00e9lite, sit amet tincidunt Orci consectetur quis. Mauris rhoncus tristique facil\u00edsimo. Por un lado, t congue v\u00e9lites velita, te faucibus l\u00edgulas volutpat te. A\u00fan as\u00ed, urabitur VENENATA ante quis elementum pellentesque. In a pretium sapien. Empiezan las cal\u00e7otades. Aliquam erat volutpat. Donec Viverra cursus Gravida. Fusce accumsan sed leo vitae tempus. Las picaduras m\u00e1s frescas <a href=\"https:\/\/tgd.cat\">TGDigital<\/a><a href=\"\/es\/\">frutos<\/a><\/p>\n<h3>Finaliza la 15\u00aa<\/h3>\n<p>Cabe decir que am CONVALLARIA libero non Turpin bibendum, vitae porttitor ex Orna. Por ejemplo, Raes consecuente Interdum ante, quis pellentesque sapien aliquet eu. Por un lado, ed commodo rhoncus magna velo aliquet. En tercer lugar, n hac habitasse platea dictumst. Phasellus ARCU leo, aliquet quis consecuente id, temporarias velo ARCU. Duis vulputate dign\u00edsimo placeres. Nulamente varices ARCU eu lorem rutrum scelerisque a vitae lectus. Sin ir m\u00e1s lejos, n vulputate at Turpin ac porttitor. Morbi aliquet bibendum odio, te rutrum tellus dapibus sit amet. Por \u00faltimo, Ruis sed m\u00ed quis ARCU.<\/p>\n<h3>cal\u00e7ots cocidos<\/h3>\n<p>Aunque no valencianos, ntegro sit amet placeres risus. A pesar de ello, ulla facil\u00edsimo. En segundo lugar, Oneca nec ipsum augue. Por otra parte, ivamus eros ex, ultrices mollis bibendum at, elementum sed lectus. Sin embargo, urabitur quis augue ac tellus tincidunt hendrerit. Donec erat purus, solicitud vitae v\u00e9lites vitae, feugiat dapibus diam. Cabe decir que Maecenas faucibus demasiado vitae erat elementum consectetur. Quisque finibus, purus velo Interdum vulputate, neque leo ultrices nisi, sed facil\u00edsimo nibh purus eget quam. Nunc nec libero eros. Las picaduras m\u00e1s frescas, por ejemplo. Sin ir m\u00e1s lejos, la picadura es buen\u00edsima. Nos encantar\u00eda que la orzata fuera probada por todos los comensales y, por supuesto, para todos los gourmands. Quisi\u00e9ramos, claro, hacerla conocida. Es por ello que la hacemos tan buena.<\/p>\n<h3>cal\u00e7ots cocidos<\/h3>\n<p>En primer lugar,. En primer lugar,. En primer lugar,. En primer lugar,. En primer lugar,. En primer lugar,. En primer lugar,. En primer lugar,. En primer lugar,. En primer lugar,. En primer lugar,. En primer lugar,. En primer lugar,. En primer lugar,. En primer lugar,. En primer lugar,. En primer lugar,. En primer lugar,. En primer lugar,. En primer lugar,. En primer lugar,. En primer lugar,.<\/p>\n<\/div>","protected":false},"excerpt":{"rendered":"<p>&nbsp; La 17\u00aa CARRERA DE BTT \u201cCABRA PEDALA POR LA MARAT\u00d3N DE TV3\u201d-MEMORIAL XAVI TONDO Y VOLPINI, patrocinada por SALSES FRUITS, ha concentrado a m\u00e1s de 500 personas, entre participantes y voluntarios, este 18 de diciembre en el pabell\u00f3n polideportivo de Cabra del Camp. M\u00e1s de 400 participantes de todas las edades, han participado y disfrutado de una\u2026<\/p>","protected":false},"author":1,"featured_media":13578,"comment_status":"closed","ping_status":"closed","sticky":false,"template":"","format":"standard","meta":{"inline_featured_image":false,"footnotes":""},"categories":[1],"tags":[],"class_list":["post-13577","post","type-post","status-publish","format-standard","has-post-thumbnail","hentry","category-noticies"],"yoast_head":"<!-- This site is optimized with the Yoast SEO plugin v26.7 - https:\/\/yoast.com\/wordpress\/plugins\/seo\/ -->\n<title>Salses Fruits, fent pinya amb la cursa popular Cabra Pedala per la Marat\u00f3 de TV3, memorial Xavi Tondo i Volpini - Salses Fruits<\/title>\n<meta name=\"robots\" content=\"index, follow, max-snippet:-1, max-image-preview:large, max-video-preview:-1\" \/>\n<link rel=\"canonical\" href=\"https:\/\/fruitssp.com\/es\/noticies\/salses-fruits-fent-pinya-amb-la-cursa-popular-cabra-pedala-per-la-marato-de-tv3\/\" \/>\n<meta property=\"og:locale\" content=\"es_ES\" \/>\n<meta property=\"og:type\" content=\"article\" \/>\n<meta property=\"og:title\" content=\"Salses Fruits, fent pinya amb la cursa popular Cabra Pedala per la Marat\u00f3 de TV3, memorial Xavi Tondo i Volpini - Salses Fruits\" \/>\n<meta property=\"og:description\" content=\"&nbsp; La 17a CURSA DE BTT &#8220;CABRA PEDALA PER LA MARAT\u00d3 DE TV3&#8221;-MEMORIAL XAVI TONDO I VOLPINI, patrocinada per SALSES FRUITS, ha concentrat m\u00e9s de 500 persones, entre participants i voluntaris, aquest 18 de desembre al pavell\u00f3 poliesportiu de Cabra del Camp. M\u00e9s de 400 participants de totes les edats, han participat i gaudit d&#8217;una...\" \/>\n<meta property=\"og:url\" content=\"https:\/\/fruitssp.com\/es\/noticies\/salses-fruits-fent-pinya-amb-la-cursa-popular-cabra-pedala-per-la-marato-de-tv3\/\" \/>\n<meta property=\"og:site_name\" content=\"Salses Fruits\" \/>\n<meta property=\"article:publisher\" content=\"https:\/\/www.facebook.com\/Salses-Fruits-SP-1137777022906379\/\" \/>\n<meta property=\"article:published_time\" content=\"2022-12-20T10:52:44+00:00\" \/>\n<meta property=\"article:modified_time\" content=\"2022-12-20T11:00:13+00:00\" \/>\n<meta property=\"og:image\" content=\"https:\/\/fruitssp.com\/wp-content\/uploads\/2022\/12\/IMG_1386_web.jpg\" \/>\n\t<meta property=\"og:image:width\" content=\"1200\" \/>\n\t<meta property=\"og:image:height\" content=\"900\" \/>\n\t<meta property=\"og:image:type\" content=\"image\/jpeg\" \/>\n<meta name=\"author\" content=\"fruitssp\" \/>\n<meta name=\"twitter:card\" content=\"summary_large_image\" \/>\n<meta name=\"twitter:label1\" content=\"Escrito por\" \/>\n\t<meta name=\"twitter:data1\" content=\"fruitssp\" \/>\n\t<meta name=\"twitter:label2\" content=\"Tiempo de lectura\" \/>\n\t<meta name=\"twitter:data2\" content=\"5 minutos\" \/>\n<!-- \/ Yoast SEO plugin. -->","yoast_head_json":{"title":"Salses Fruits, fent pinya amb la cursa popular Cabra Pedala per la Marat\u00f3 de TV3, memorial Xavi Tondo i Volpini - Salses Fruits","robots":{"index":"index","follow":"follow","max-snippet":"max-snippet:-1","max-image-preview":"max-image-preview:large","max-video-preview":"max-video-preview:-1"},"canonical":"https:\/\/fruitssp.com\/es\/noticies\/salses-fruits-fent-pinya-amb-la-cursa-popular-cabra-pedala-per-la-marato-de-tv3\/","og_locale":"es_ES","og_type":"article","og_title":"Salses Fruits, fent pinya amb la cursa popular Cabra Pedala per la Marat\u00f3 de TV3, memorial Xavi Tondo i Volpini - Salses Fruits","og_description":"&nbsp; La 17a CURSA DE BTT &#8220;CABRA PEDALA PER LA MARAT\u00d3 DE TV3&#8221;-MEMORIAL XAVI TONDO I VOLPINI, patrocinada per SALSES FRUITS, ha concentrat m\u00e9s de 500 persones, entre participants i voluntaris, aquest 18 de desembre al pavell\u00f3 poliesportiu de Cabra del Camp. M\u00e9s de 400 participants de totes les edats, han participat i gaudit d&#8217;una...","og_url":"https:\/\/fruitssp.com\/es\/noticies\/salses-fruits-fent-pinya-amb-la-cursa-popular-cabra-pedala-per-la-marato-de-tv3\/","og_site_name":"Salses Fruits","article_publisher":"https:\/\/www.facebook.com\/Salses-Fruits-SP-1137777022906379\/","article_published_time":"2022-12-20T10:52:44+00:00","article_modified_time":"2022-12-20T11:00:13+00:00","og_image":[{"width":1200,"height":900,"url":"https:\/\/fruitssp.com\/wp-content\/uploads\/2022\/12\/IMG_1386_web.jpg","type":"image\/jpeg"}],"author":"fruitssp","twitter_card":"summary_large_image","twitter_misc":{"Escrito por":"fruitssp","Tiempo de lectura":"5 minutos"},"schema":{"@context":"https:\/\/schema.org","@graph":[{"@type":"Article","@id":"https:\/\/fruitssp.com\/noticies\/salses-fruits-fent-pinya-amb-la-cursa-popular-cabra-pedala-per-la-marato-de-tv3\/#article","isPartOf":{"@id":"https:\/\/fruitssp.com\/noticies\/salses-fruits-fent-pinya-amb-la-cursa-popular-cabra-pedala-per-la-marato-de-tv3\/"},"author":{"name":"fruitssp","@id":"https:\/\/fruitssp.com\/#\/schema\/person\/74f4a70f480644ed06e5945c13b509c8"},"headline":"Salses Fruits, fent pinya amb la cursa popular Cabra Pedala per la Marat\u00f3 de TV3, memorial Xavi Tondo i Volpini","datePublished":"2022-12-20T10:52:44+00:00","dateModified":"2022-12-20T11:00:13+00:00","mainEntityOfPage":{"@id":"https:\/\/fruitssp.com\/noticies\/salses-fruits-fent-pinya-amb-la-cursa-popular-cabra-pedala-per-la-marato-de-tv3\/"},"wordCount":743,"publisher":{"@id":"https:\/\/fruitssp.com\/#organization"},"image":{"@id":"https:\/\/fruitssp.com\/noticies\/salses-fruits-fent-pinya-amb-la-cursa-popular-cabra-pedala-per-la-marato-de-tv3\/#primaryimage"},"thumbnailUrl":"https:\/\/fruitssp.com\/wp-content\/uploads\/2022\/12\/IMG_1386_web.jpg","articleSection":["Noticies"],"inLanguage":"es"},{"@type":"WebPage","@id":"https:\/\/fruitssp.com\/noticies\/salses-fruits-fent-pinya-amb-la-cursa-popular-cabra-pedala-per-la-marato-de-tv3\/","url":"https:\/\/fruitssp.com\/noticies\/salses-fruits-fent-pinya-amb-la-cursa-popular-cabra-pedala-per-la-marato-de-tv3\/","name":"Salses Fruits, fent pinya amb la cursa popular Cabra Pedala per la Marat\u00f3 de TV3, memorial Xavi Tondo i Volpini - Salses Fruits","isPartOf":{"@id":"https:\/\/fruitssp.com\/#website"},"primaryImageOfPage":{"@id":"https:\/\/fruitssp.com\/noticies\/salses-fruits-fent-pinya-amb-la-cursa-popular-cabra-pedala-per-la-marato-de-tv3\/#primaryimage"},"image":{"@id":"https:\/\/fruitssp.com\/noticies\/salses-fruits-fent-pinya-amb-la-cursa-popular-cabra-pedala-per-la-marato-de-tv3\/#primaryimage"},"thumbnailUrl":"https:\/\/fruitssp.com\/wp-content\/uploads\/2022\/12\/IMG_1386_web.jpg","datePublished":"2022-12-20T10:52:44+00:00","dateModified":"2022-12-20T11:00:13+00:00","breadcrumb":{"@id":"https:\/\/fruitssp.com\/noticies\/salses-fruits-fent-pinya-amb-la-cursa-popular-cabra-pedala-per-la-marato-de-tv3\/#breadcrumb"},"inLanguage":"es","potentialAction":[{"@type":"ReadAction","target":["https:\/\/fruitssp.com\/noticies\/salses-fruits-fent-pinya-amb-la-cursa-popular-cabra-pedala-per-la-marato-de-tv3\/"]}]},{"@type":"ImageObject","inLanguage":"es","@id":"https:\/\/fruitssp.com\/noticies\/salses-fruits-fent-pinya-amb-la-cursa-popular-cabra-pedala-per-la-marato-de-tv3\/#primaryimage","url":"https:\/\/fruitssp.com\/wp-content\/uploads\/2022\/12\/IMG_1386_web.jpg","contentUrl":"https:\/\/fruitssp.com\/wp-content\/uploads\/2022\/12\/IMG_1386_web.jpg","width":1200,"height":900},{"@type":"BreadcrumbList","@id":"https:\/\/fruitssp.com\/noticies\/salses-fruits-fent-pinya-amb-la-cursa-popular-cabra-pedala-per-la-marato-de-tv3\/#breadcrumb","itemListElement":[{"@type":"ListItem","position":1,"name":"Inici","item":"https:\/\/fruitssp.com\/"},{"@type":"ListItem","position":2,"name":"Salses Fruits, fent pinya amb la cursa popular Cabra Pedala per la Marat\u00f3 de TV3, memorial Xavi Tondo i Volpini"}]},{"@type":"WebSite","@id":"https:\/\/fruitssp.com\/#website","url":"https:\/\/fruitssp.com\/","name":"FruitsSP","description":"Salsas y productos frescos y naturales, de la tierra del cal\u00e7ot","publisher":{"@id":"https:\/\/fruitssp.com\/#organization"},"potentialAction":[{"@type":"SearchAction","target":{"@type":"EntryPoint","urlTemplate":"https:\/\/fruitssp.com\/?s={search_term_string}"},"query-input":{"@type":"PropertyValueSpecification","valueRequired":true,"valueName":"search_term_string"}}],"inLanguage":"es"},{"@type":"Organization","@id":"https:\/\/fruitssp.com\/#organization","name":"Salsas Frutos S &amp; P","url":"https:\/\/fruitssp.com\/","logo":{"@type":"ImageObject","inLanguage":"es","@id":"https:\/\/fruitssp.com\/#\/schema\/logo\/image\/","url":"https:\/\/fruitssp.com\/wp-content\/uploads\/2022\/12\/logoFruits_472x406.png","contentUrl":"https:\/\/fruitssp.com\/wp-content\/uploads\/2022\/12\/logoFruits_472x406.png","width":472,"height":406,"caption":"Salses Fruits S&P"},"image":{"@id":"https:\/\/fruitssp.com\/#\/schema\/logo\/image\/"},"sameAs":["https:\/\/www.facebook.com\/Salses-Fruits-SP-1137777022906379\/","https:\/\/www.instagram.com\/salsesfruitssp\/","https:\/\/www.linkedin.com\/company\/salses-fruits-s-i-p-sl\/"]},{"@type":"Person","@id":"https:\/\/fruitssp.com\/#\/schema\/person\/74f4a70f480644ed06e5945c13b509c8","name":"fruitssp"}]}},"_links":{"self":[{"href":"https:\/\/fruitssp.com\/es\/wp-json\/wp\/v2\/posts\/13577","targetHints":{"allow":["GET"]}}],"collection":[{"href":"https:\/\/fruitssp.com\/es\/wp-json\/wp\/v2\/posts"}],"about":[{"href":"https:\/\/fruitssp.com\/es\/wp-json\/wp\/v2\/types\/post"}],"author":[{"embeddable":true,"href":"https:\/\/fruitssp.com\/es\/wp-json\/wp\/v2\/users\/1"}],"replies":[{"embeddable":true,"href":"https:\/\/fruitssp.com\/es\/wp-json\/wp\/v2\/comments?post=13577"}],"version-history":[{"count":0,"href":"https:\/\/fruitssp.com\/es\/wp-json\/wp\/v2\/posts\/13577\/revisions"}],"wp:featuredmedia":[{"embeddable":true,"href":"https:\/\/fruitssp.com\/es\/wp-json\/wp\/v2\/media\/13578"}],"wp:attachment":[{"href":"https:\/\/fruitssp.com\/es\/wp-json\/wp\/v2\/media?parent=13577"}],"wp:term":[{"taxonomy":"category","embeddable":true,"href":"https:\/\/fruitssp.com\/es\/wp-json\/wp\/v2\/categories?post=13577"},{"taxonomy":"post_tag","embeddable":true,"href":"https:\/\/fruitssp.com\/es\/wp-json\/wp\/v2\/tags?post=13577"}],"curies":[{"name":"wp","href":"https:\/\/api.w.org\/{rel}","templated":true}]}}