{"id":13688,"date":"2023-01-25T16:53:36","date_gmt":"2023-01-25T16:53:36","guid":{"rendered":"https:\/\/fruitssp.com\/?p=13688"},"modified":"2023-01-25T16:55:36","modified_gmt":"2023-01-25T16:55:36","slug":"salses-fruits-a-la-gran-festa-de-la-calcotada","status":"publish","type":"post","link":"https:\/\/fruitssp.com\/es\/noticies\/salses-fruits-a-la-gran-festa-de-la-calcotada\/","title":{"rendered":"Salses Fruits en la Gran Fiesta de la Cal\u00e7otada"},"content":{"rendered":"<p class=\"p1\"><span class=\"s1\"><b><img loading=\"lazy\" decoding=\"async\" class=\"alignnone size-full wp-image-13690\" src=\"http:\/\/fruitssp.com\/wp-content\/uploads\/2023\/01\/6-11507_1080x1080_lot_calcot_fruits.jpg\" alt=\"\" width=\"1080\" height=\"1080\" srcset=\"https:\/\/fruitssp.com\/wp-content\/uploads\/2023\/01\/6-11507_1080x1080_lot_calcot_fruits.jpg 1080w, https:\/\/fruitssp.com\/wp-content\/uploads\/2023\/01\/6-11507_1080x1080_lot_calcot_fruits-300x300.jpg 300w, https:\/\/fruitssp.com\/wp-content\/uploads\/2023\/01\/6-11507_1080x1080_lot_calcot_fruits-1024x1024.jpg 1024w, https:\/\/fruitssp.com\/wp-content\/uploads\/2023\/01\/6-11507_1080x1080_lot_calcot_fruits-150x150.jpg 150w, https:\/\/fruitssp.com\/wp-content\/uploads\/2023\/01\/6-11507_1080x1080_lot_calcot_fruits-12x12.jpg 12w, https:\/\/fruitssp.com\/wp-content\/uploads\/2023\/01\/6-11507_1080x1080_lot_calcot_fruits-350x350.jpg 350w, https:\/\/fruitssp.com\/wp-content\/uploads\/2023\/01\/6-11507_1080x1080_lot_calcot_fruits-600x600.jpg 600w, https:\/\/fruitssp.com\/wp-content\/uploads\/2023\/01\/6-11507_1080x1080_lot_calcot_fruits-768x768.jpg 768w, https:\/\/fruitssp.com\/wp-content\/uploads\/2023\/01\/6-11507_1080x1080_lot_calcot_fruits-900x900.jpg 900w\" sizes=\"auto, (max-width: 1080px) 100vw, 1080px\" \/><\/b><\/span><\/p>\n<p>&nbsp;<\/p>\n<p class=\"p1\"><span class=\"s1\"><b>SALSES FRUIS y CASTELL D'OR, <\/b><\/span><span class=\"s1\"><b>dos empresas del Alt Camp, vuelven a ser <\/b><\/span><span class=\"s1\"><b>patrocinadoras de la Gran Fiesta de la Cal\u00e7otada de Valls.<\/b><\/span><\/p>\n<ul class=\"ul1\">\n<li class=\"li3\"><span class=\"s1\"><b>SALSES FRUITS y CASTELL D'OR,<\/b> ambas empresas del Alt Camp que elaboran productos que forman parte de una buena cal\u00e7otada, las salsas y los vinos y los cavas respectivamente, renuevan como patrocinadores oficiales de la <b>Gran Festa de la Cal\u00e7otada de Valls<\/b> \u2013 la manifestaci\u00f3n gastron\u00f3mica m\u00e1s importante de Catalu\u00f1a\u2013 un d\u00eda festivo, popular, tradicional y promocional en torno al cal\u00e7ot y los ingredientes que acompa\u00f1an a una buena cal\u00e7otada. <\/span><\/li>\n<li class=\"li3\"><span class=\"s1\">La <b>Gran Festa de la Cal\u00e7otada de Valls<\/b>, que tendr\u00e1 lugar este domingo 29 de enero, <b>marca el inicio de la temporada de las cal\u00e7otades<\/b>.<\/span><\/li>\n<li class=\"li3\"><span class=\"s1\"><b>SALSES FRUITS<\/b> ha hecho un formato individual de tarrina con salsa cal\u00e7otada y <b>CASTELL D'OR <\/b>una<b> <\/b>botella especial de 37,5 ml de cava sucio para el <b>pack degustaci\u00f3n de la cal\u00e7otada<\/b>, que los visitantes pueden adquirir durante la fiesta.<\/span><\/li>\n<li class=\"li3\"><span class=\"s1\">Entre los productos m\u00e1s populares de <b>SALSES FRUITS<\/b> se encuentra la <b>SALSA CAL\u00c7OTADA<\/b>. La empresa, arraigada en Figuerola del Camp (Alt Camp), donde trabajan m\u00e1s de 50 personas, est\u00e1 especializada en productos frescos de alimentaci\u00f3n casera.<\/span><\/li>\n<li class=\"li3\"><span class=\"s1\"><b>CASTELL D'OR <\/b>elabora vinos y cavas en el Alt Camp, concretamente en <b>Vila-rodona, <\/b>y est\u00e1 formado por 16 cooperativas que han apostado por unir sus esfuerzos y conocimientos en los procesos de producci\u00f3n, elaboraci\u00f3n, envasado y distribuci\u00f3n de vinos y cavas. Es una de las mayores empresas elaboradoras de cava del pa\u00eds.<\/span><\/li>\n<li class=\"li3\"><span class=\"s1\">Por estas razones, tanto <b>SALSES FRUITS,<\/b> c\u00f3mo <b>CASTELL D'OR<\/b> por cuarto a\u00f1o y por segundo a\u00f1o consecutivo, respectivamente, se ponen junto a la Cal\u00e7otada de Valls, haciendo de embajadores y <b>difundiendo la imagen de la cal\u00e7otada entre todos sus clientes<\/b>, con la voluntad firme de continuar ofreciendo productos de calidad que dejen buen recuerdo de la cal\u00e7otada.<\/span><\/li>\n<\/ul>\n<p class=\"p5\"><span class=\"s1\"><i>Nada mejor que una buena salsa, buen vino y un buen cava para acompa\u00f1ar una buena cal\u00e7otada; en eso todos estamos de acuerdo.<\/i><\/span><\/p>\n<p class=\"p1\"><span class=\"s1\"><b>Novedades de la <\/b><\/span><span class=\"s1\"><b>Gran Fiesta de la Cal\u00e7otada de Valls 2023<\/b><\/span><\/p>\n<p class=\"p4\"><span class=\"s1\">La <b>Gran Festa de la Cal\u00e7otada de Valls<\/b> estrena un recorrido urbano que conecta las plazas del Blat, del Oli y el Pati con la nueva zona de degustaci\u00f3n ubicada en el parking de la Sociedad Agr\u00edcola de Valls, junto a la iglesia del Carme.<\/span><\/p>\n<p class=\"p4\"><span class=\"s1\">La gran novedad para esta edici\u00f3n es <b>la nueva zona de degustaci\u00f3n situada en el parking de la Sociedad Agr\u00edcola de Valls<\/b>, donde los visitantes tendr\u00e1n que ir a recoger <b>el pack degustaci\u00f3n de la cal\u00e7otada<\/b>.<\/span><\/p>\n<p class=\"p4\"><span class=\"s1\">El <b>pack degustaci\u00f3n de la cal\u00e7otada <\/b>tiene un precio de 12 euros y consiste en 12 cal\u00e7ots, una tarrina con salsa de <b>SALSES FRUITS<\/b>, una botella de 37,5 ml de cava brut <b>CASTELL D'OR<\/b>, pan, babero de ropa, naranja y una botella de agua. <\/span><\/p>\n<p class=\"p4\"><span class=\"s1\"><b>La nueva zona de degustaci\u00f3n situada en el parking de la Sociedad Agr\u00edcola de Valls <\/b>se adaptar\u00e1 a la fiesta con mesas y sillas para degustar m\u00e1s c\u00f3modamente la cal\u00e7otada, brasa para cocer carne y salchich\u00f3n, m\u00fasica ambiente y <b>concierto de sobremesa<\/b>, con la actuaci\u00f3n del grupo <b>Alatristre<\/b> a las 14 horas y de la cantante vallense <b>Maria Jacobs<\/b> a partir de las 16 h. Numerosos carteles direccionales facilitar\u00e1n a los visitantes moverse entre las zonas de los concursos y la zona de degustaci\u00f3n. <\/span><\/p>\n<p class=\"p4\"><span class=\"s1\"><b>En el Pati <\/b>habr\u00e1 un stand de <b>SALSES FRUITS <\/b>y uno de <b>CASTELL D'OR, <\/b>donde se podr\u00e1n comprar sus productos, a precios especiales para la <b>Gran Festa de la Cal\u00e7otada de Valls<\/b>. Tambi\u00e9n habr\u00e1 la Muestra de la Cocina del Cal\u00e7ot, el espacio del vino de la DO Tarragona, Prueba del Alt Camp, venta y degustaci\u00f3n de productos t\u00edpicos de la comarca. A partir de las 13 h se llevar\u00e1 a cabo el <b>37\u00ba Concurso de Comer Cal\u00e7ots <\/b>y posteriormente el <b>entrega de premios<\/b> de todos los concursos de la Gran Fiesta de la Cal\u00e7otada de Valls.<\/span><\/p>\n<p class=\"p4\"><span class=\"s1\"><b>En la plaza del Blat <\/b>se llevar\u00e1 a cabo el 35 Concurso de Cultivadores de<\/span><\/p>\n<p class=\"p4\"><span class=\"s1\">Cal\u00e7ots y Concurso de la mota m\u00e1s grande de cal\u00e7ots IGP Cal\u00e7ot de Valls, y el 31 Concurso de Salsa de la Cal\u00e7otada de Valls.<\/span><\/p>\n<p class=\"p4\"><span class=\"s1\"><b>En la plaza de l'Oli <\/b>se har\u00e1n demostraciones de cocer cal\u00e7ots en la<\/span><\/p>\n<p class=\"p4\"><span class=\"s1\">parrilla, habr\u00e1 paradas y elementos aleg\u00f3ricos en la Cal\u00e7otada, venta de manojos de cal\u00e7ots tiernos y venta de carne y longaniza de Valls en las tiendas especializadas.<\/span><\/p>\n<p class=\"p7\"><span class=\"s1\">La colaboraci\u00f3n de los patrocinadores <b>SALSES FRUITS <\/b>y <b>CASTELL D'OR<\/b> en la <b>Gran Festa de la Cal\u00e7otada de Valls<\/b> incluye todos los elementos de comunicaci\u00f3n y publicidad de la fiesta y promoci\u00f3n exterior. El patrocinio tambi\u00e9n se ha hecho cargo del cambio<b> hacia bolsas de papel reciclado<\/b> que contienen las degustaciones de cal\u00e7ots y salsa Cal\u00e7otada Valls; tambi\u00e9n del <b>BABERO OFICIAL<\/b> de la GRAN FIESTA DE LA CAL\u00c7OTADA que se regala con la bolsa degustaci\u00f3n. <\/span><\/p>\n<p class=\"p7\"><span class=\"s1\"><b>SALSES FRUITS <\/b>y <b>CASTELL D'OR<\/b> tambi\u00e9n aportan a la fiesta la salsa y el vino de los porrones del concurso de comida cal\u00e7ots, los <b>baberos gigantes<\/b> del concurso de comida cal\u00e7ots y los <b>delantales<\/b> del concurso de la elaboraci\u00f3n de la Salsa de la Cal\u00e7otada de Valls.<\/span><\/p>\n<p class=\"p7\"><span class=\"s1\"><b>SALSES FRUITS <\/b>y <b>CASTELL D'OR<\/b> patrocinan todos los concursos de la Gran Fiesta de la Cal\u00e7otada de Valls de 2023 con premios para los ganadores: 37\u00ba concurso de COMIDA CAL\u00c7OTS; 35\u00ba concurso de CULTIVADORES DE CAL\u00c7OTS IGP \u201cCal\u00e7ot de Valls\u201d; premio especial a la mota con mayor n\u00famero de cal\u00e7ots; y 31\u00ba concurso de SALSA DE LA CAL\u00c7OTADA DE VALLS.<\/span><\/p>\n<p>&nbsp;<\/p>\n<p class=\"p7\"><span class=\"s1\"><b>Para m\u00e1s informaci\u00f3n sobre los concursos, bases y ganadores anteriores,<span class=\"Apple-converted-space\">\u00a0 <\/span>consulte entre en la web oficial:<span class=\"Apple-converted-space\">\u00a0 <\/span><\/b><a href=\"https:\/\/festacalcotadavalls.cat\/\"><span class=\"s3\"><b>https:\/\/festacalcotadavalls.cat\/<\/b><\/span><\/a><\/span><\/p>\n<p class=\"p7\"><span class=\"s1\"><b>Mapa de espacio de la Gran Fiesta de la Cal\u00e7otada: <\/b><\/span><\/p>\n<p class=\"p7\"><span class=\"s1\"><b> <\/b><a href=\"https:\/\/festacalcotadavalls.cat\/informacio\/mapa-espais\/\"><span class=\"s3\"><b>https:\/\/festacalcotadavalls.cat\/informacio\/mapa-espais\/<\/b><\/span><\/a><\/span><\/p>\n<p class=\"p7\"><span class=\"s1\"><b>Programa de fiestas de la Gran Fiesta de la Cal\u00e7otada:<\/b><\/span><\/p>\n<p class=\"p7\"><span class=\"s2\"><a href=\"https:\/\/festacalcotadavalls.cat\/wp-content\/uploads\/2019\/11\/11453-PROGRAMA-CALCOT23_compressed.pdf\"><b>https:\/\/festacalcotadavalls.cat\/wp-content\/uploads\/2019\/11\/11453-PROGRAMA-CALCOT23_compressed.pdf<\/b><\/a><\/span><\/p>\n<p>&nbsp;<\/p>\n<p class=\"p1\"><span class=\"s1\"><b>INFORMACI\u00d3N y CONTACTO:<\/b><\/span><\/p>\n<p class=\"p1\"><span class=\"s1\">Para cualquier consulta o para ampliar esta informaci\u00f3n, dir\u00edjase a: <\/span><\/p>\n<p class=\"p1\"><span class=\"s1\"><b>TGD Comunicaci\u00f3n \u2013 Rafael Fortuny (<\/b><a href=\"mailto:rafel@tgd.info\"><span class=\"s2\"><b>rafel@tgd.cat<\/b><\/span><\/a><b>)<span class=\"Apple-converted-space\">\u00a0 <\/span>o en el tel. 977 613 326.<br \/>\n<\/b><\/span><span class=\"s1\"><b>Web oficial:<\/b> https:\/\/festacalcotadavalls.cat\/<br \/>\n<\/span>Para cualquier informaci\u00f3n sobre la Gran Fiesta de la Cal\u00e7otada no dude en ponerse en contacto con la <b>C\u00e1mara de Comercio de Valls.<br \/>\n<\/b><b>Contacto general:<\/b> Gemma Montserrat. Tel. 977 600 909 \u2013 valls@cambravalls.com<br \/>\n<b>Contacto prensa:<\/b> Eva Salvat. Tel. 601 907 275 \u2013 comunicacio@cambravalls.com<\/p>\n<p class=\"p7\">","protected":false},"excerpt":{"rendered":"<p>&nbsp; SALSAS FRUTOS y CASTILLO DE ORO, dos empresas del Alt Camp, vuelven a ser patrocinadoras de la Gran Fiesta de la Cal\u00e7otada de Valls. SALSAS FRUTOS y CASTILLO DE ORO, ambas empresas del Alt Camp que elaboran productos que forman parte de una buena cal\u00e7otada, las salsas y los vinos y los cavas respectivamente, renuevan como\u2026<\/p>","protected":false},"author":1,"featured_media":13690,"comment_status":"closed","ping_status":"closed","sticky":false,"template":"","format":"standard","meta":{"inline_featured_image":false,"footnotes":""},"categories":[1],"tags":[],"class_list":["post-13688","post","type-post","status-publish","format-standard","has-post-thumbnail","hentry","category-noticies"],"yoast_head":"<!-- This site is optimized with the Yoast SEO plugin v26.7 - https:\/\/yoast.com\/wordpress\/plugins\/seo\/ -->\n<title>Salses Fruits a la Gran Festa de la Cal\u00e7otada - Salses Fruits<\/title>\n<meta name=\"robots\" content=\"index, follow, max-snippet:-1, max-image-preview:large, max-video-preview:-1\" \/>\n<link rel=\"canonical\" href=\"https:\/\/fruitssp.com\/es\/noticies\/salses-fruits-a-la-gran-festa-de-la-calcotada\/\" \/>\n<meta property=\"og:locale\" content=\"es_ES\" \/>\n<meta property=\"og:type\" content=\"article\" \/>\n<meta property=\"og:title\" content=\"Salses Fruits a la Gran Festa de la Cal\u00e7otada - Salses Fruits\" \/>\n<meta property=\"og:description\" content=\"&nbsp; SALSES FRUITS i CASTELL D&#8217;OR, dues empreses de l\u2019Alt Camp, tornen a ser patrocinadores de la Gran Festa de la Cal\u00e7otada de Valls. SALSES FRUITS i CASTELL D\u2019OR, ambdues empreses de l\u2019Alt Camp que elaboren productes que formen part d&#8217;una bona cal\u00e7otada, les salses i els vins i els caves respectivament, renoven com a...\" \/>\n<meta property=\"og:url\" content=\"https:\/\/fruitssp.com\/es\/noticies\/salses-fruits-a-la-gran-festa-de-la-calcotada\/\" \/>\n<meta property=\"og:site_name\" content=\"Salses Fruits\" \/>\n<meta property=\"article:publisher\" content=\"https:\/\/www.facebook.com\/Salses-Fruits-SP-1137777022906379\/\" \/>\n<meta property=\"article:published_time\" content=\"2023-01-25T16:53:36+00:00\" \/>\n<meta property=\"article:modified_time\" content=\"2023-01-25T16:55:36+00:00\" \/>\n<meta property=\"og:image\" content=\"https:\/\/fruitssp.com\/wp-content\/uploads\/2023\/01\/6-11507_1080x1080_lot_calcot_fruits.jpg\" \/>\n\t<meta property=\"og:image:width\" content=\"1080\" \/>\n\t<meta property=\"og:image:height\" content=\"1080\" \/>\n\t<meta property=\"og:image:type\" content=\"image\/jpeg\" \/>\n<meta name=\"author\" content=\"fruitssp\" \/>\n<meta name=\"twitter:card\" content=\"summary_large_image\" \/>\n<meta name=\"twitter:label1\" content=\"Escrito por\" \/>\n\t<meta name=\"twitter:data1\" content=\"fruitssp\" \/>\n\t<meta name=\"twitter:label2\" content=\"Tiempo de lectura\" \/>\n\t<meta name=\"twitter:data2\" content=\"6 minutos\" \/>\n<!-- \/ Yoast SEO plugin. -->","yoast_head_json":{"title":"Salses Fruits a la Gran Festa de la Cal\u00e7otada - Salses Fruits","robots":{"index":"index","follow":"follow","max-snippet":"max-snippet:-1","max-image-preview":"max-image-preview:large","max-video-preview":"max-video-preview:-1"},"canonical":"https:\/\/fruitssp.com\/es\/noticies\/salses-fruits-a-la-gran-festa-de-la-calcotada\/","og_locale":"es_ES","og_type":"article","og_title":"Salses Fruits a la Gran Festa de la Cal\u00e7otada - Salses Fruits","og_description":"&nbsp; SALSES FRUITS i CASTELL D&#8217;OR, dues empreses de l\u2019Alt Camp, tornen a ser patrocinadores de la Gran Festa de la Cal\u00e7otada de Valls. SALSES FRUITS i CASTELL D\u2019OR, ambdues empreses de l\u2019Alt Camp que elaboren productes que formen part d&#8217;una bona cal\u00e7otada, les salses i els vins i els caves respectivament, renoven com a...","og_url":"https:\/\/fruitssp.com\/es\/noticies\/salses-fruits-a-la-gran-festa-de-la-calcotada\/","og_site_name":"Salses Fruits","article_publisher":"https:\/\/www.facebook.com\/Salses-Fruits-SP-1137777022906379\/","article_published_time":"2023-01-25T16:53:36+00:00","article_modified_time":"2023-01-25T16:55:36+00:00","og_image":[{"width":1080,"height":1080,"url":"https:\/\/fruitssp.com\/wp-content\/uploads\/2023\/01\/6-11507_1080x1080_lot_calcot_fruits.jpg","type":"image\/jpeg"}],"author":"fruitssp","twitter_card":"summary_large_image","twitter_misc":{"Escrito por":"fruitssp","Tiempo de lectura":"6 minutos"},"schema":{"@context":"https:\/\/schema.org","@graph":[{"@type":"Article","@id":"https:\/\/fruitssp.com\/noticies\/salses-fruits-a-la-gran-festa-de-la-calcotada\/#article","isPartOf":{"@id":"https:\/\/fruitssp.com\/noticies\/salses-fruits-a-la-gran-festa-de-la-calcotada\/"},"author":{"name":"fruitssp","@id":"https:\/\/fruitssp.com\/#\/schema\/person\/74f4a70f480644ed06e5945c13b509c8"},"headline":"Salses Fruits a la Gran Festa de la Cal\u00e7otada","datePublished":"2023-01-25T16:53:36+00:00","dateModified":"2023-01-25T16:55:36+00:00","mainEntityOfPage":{"@id":"https:\/\/fruitssp.com\/noticies\/salses-fruits-a-la-gran-festa-de-la-calcotada\/"},"wordCount":1101,"publisher":{"@id":"https:\/\/fruitssp.com\/#organization"},"image":{"@id":"https:\/\/fruitssp.com\/noticies\/salses-fruits-a-la-gran-festa-de-la-calcotada\/#primaryimage"},"thumbnailUrl":"https:\/\/fruitssp.com\/wp-content\/uploads\/2023\/01\/6-11507_1080x1080_lot_calcot_fruits.jpg","articleSection":["Noticies"],"inLanguage":"es"},{"@type":"WebPage","@id":"https:\/\/fruitssp.com\/noticies\/salses-fruits-a-la-gran-festa-de-la-calcotada\/","url":"https:\/\/fruitssp.com\/noticies\/salses-fruits-a-la-gran-festa-de-la-calcotada\/","name":"Salses Fruits a la Gran Festa de la Cal\u00e7otada - Salses Fruits","isPartOf":{"@id":"https:\/\/fruitssp.com\/#website"},"primaryImageOfPage":{"@id":"https:\/\/fruitssp.com\/noticies\/salses-fruits-a-la-gran-festa-de-la-calcotada\/#primaryimage"},"image":{"@id":"https:\/\/fruitssp.com\/noticies\/salses-fruits-a-la-gran-festa-de-la-calcotada\/#primaryimage"},"thumbnailUrl":"https:\/\/fruitssp.com\/wp-content\/uploads\/2023\/01\/6-11507_1080x1080_lot_calcot_fruits.jpg","datePublished":"2023-01-25T16:53:36+00:00","dateModified":"2023-01-25T16:55:36+00:00","breadcrumb":{"@id":"https:\/\/fruitssp.com\/noticies\/salses-fruits-a-la-gran-festa-de-la-calcotada\/#breadcrumb"},"inLanguage":"es","potentialAction":[{"@type":"ReadAction","target":["https:\/\/fruitssp.com\/noticies\/salses-fruits-a-la-gran-festa-de-la-calcotada\/"]}]},{"@type":"ImageObject","inLanguage":"es","@id":"https:\/\/fruitssp.com\/noticies\/salses-fruits-a-la-gran-festa-de-la-calcotada\/#primaryimage","url":"https:\/\/fruitssp.com\/wp-content\/uploads\/2023\/01\/6-11507_1080x1080_lot_calcot_fruits.jpg","contentUrl":"https:\/\/fruitssp.com\/wp-content\/uploads\/2023\/01\/6-11507_1080x1080_lot_calcot_fruits.jpg","width":1080,"height":1080},{"@type":"BreadcrumbList","@id":"https:\/\/fruitssp.com\/noticies\/salses-fruits-a-la-gran-festa-de-la-calcotada\/#breadcrumb","itemListElement":[{"@type":"ListItem","position":1,"name":"Inici","item":"https:\/\/fruitssp.com\/"},{"@type":"ListItem","position":2,"name":"Salses Fruits a la Gran Festa de la Cal\u00e7otada"}]},{"@type":"WebSite","@id":"https:\/\/fruitssp.com\/#website","url":"https:\/\/fruitssp.com\/","name":"FruitsSP","description":"Salsas y productos frescos y naturales, de la tierra del cal\u00e7ot","publisher":{"@id":"https:\/\/fruitssp.com\/#organization"},"potentialAction":[{"@type":"SearchAction","target":{"@type":"EntryPoint","urlTemplate":"https:\/\/fruitssp.com\/?s={search_term_string}"},"query-input":{"@type":"PropertyValueSpecification","valueRequired":true,"valueName":"search_term_string"}}],"inLanguage":"es"},{"@type":"Organization","@id":"https:\/\/fruitssp.com\/#organization","name":"Salsas Frutos S &amp; P","url":"https:\/\/fruitssp.com\/","logo":{"@type":"ImageObject","inLanguage":"es","@id":"https:\/\/fruitssp.com\/#\/schema\/logo\/image\/","url":"https:\/\/fruitssp.com\/wp-content\/uploads\/2022\/12\/logoFruits_472x406.png","contentUrl":"https:\/\/fruitssp.com\/wp-content\/uploads\/2022\/12\/logoFruits_472x406.png","width":472,"height":406,"caption":"Salses Fruits S&P"},"image":{"@id":"https:\/\/fruitssp.com\/#\/schema\/logo\/image\/"},"sameAs":["https:\/\/www.facebook.com\/Salses-Fruits-SP-1137777022906379\/","https:\/\/www.instagram.com\/salsesfruitssp\/","https:\/\/www.linkedin.com\/company\/salses-fruits-s-i-p-sl\/"]},{"@type":"Person","@id":"https:\/\/fruitssp.com\/#\/schema\/person\/74f4a70f480644ed06e5945c13b509c8","name":"fruitssp"}]}},"_links":{"self":[{"href":"https:\/\/fruitssp.com\/es\/wp-json\/wp\/v2\/posts\/13688","targetHints":{"allow":["GET"]}}],"collection":[{"href":"https:\/\/fruitssp.com\/es\/wp-json\/wp\/v2\/posts"}],"about":[{"href":"https:\/\/fruitssp.com\/es\/wp-json\/wp\/v2\/types\/post"}],"author":[{"embeddable":true,"href":"https:\/\/fruitssp.com\/es\/wp-json\/wp\/v2\/users\/1"}],"replies":[{"embeddable":true,"href":"https:\/\/fruitssp.com\/es\/wp-json\/wp\/v2\/comments?post=13688"}],"version-history":[{"count":0,"href":"https:\/\/fruitssp.com\/es\/wp-json\/wp\/v2\/posts\/13688\/revisions"}],"wp:featuredmedia":[{"embeddable":true,"href":"https:\/\/fruitssp.com\/es\/wp-json\/wp\/v2\/media\/13690"}],"wp:attachment":[{"href":"https:\/\/fruitssp.com\/es\/wp-json\/wp\/v2\/media?parent=13688"}],"wp:term":[{"taxonomy":"category","embeddable":true,"href":"https:\/\/fruitssp.com\/es\/wp-json\/wp\/v2\/categories?post=13688"},{"taxonomy":"post_tag","embeddable":true,"href":"https:\/\/fruitssp.com\/es\/wp-json\/wp\/v2\/tags?post=13688"}],"curies":[{"name":"wp","href":"https:\/\/api.w.org\/{rel}","templated":true}]}}