{"id":13705,"date":"2023-01-26T15:19:58","date_gmt":"2023-01-26T15:19:58","guid":{"rendered":"https:\/\/fruitssp.com\/?p=13705"},"modified":"2023-01-30T15:20:21","modified_gmt":"2023-01-30T15:20:21","slug":"salses-fruits-treu-al-mercat-la-crema-de-calcots","status":"publish","type":"post","link":"https:\/\/fruitssp.com\/es\/noticies\/salses-fruits-treu-al-mercat-la-crema-de-calcots\/","title":{"rendered":"Salses Fruits presenta la CREMA DE CAL\u00c7OTS"},"content":{"rendered":"<p class=\"p3\"><span class=\"s1\"><b><i><img loading=\"lazy\" decoding=\"async\" class=\"alignnone size-full wp-image-13706\" src=\"http:\/\/fruitssp.com\/wp-content\/uploads\/2023\/01\/11512_1080x1080crema_calcotada_fruits_3-1.jpg\" alt=\"\" width=\"1080\" height=\"1080\" srcset=\"https:\/\/fruitssp.com\/wp-content\/uploads\/2023\/01\/11512_1080x1080crema_calcotada_fruits_3-1.jpg 1080w, https:\/\/fruitssp.com\/wp-content\/uploads\/2023\/01\/11512_1080x1080crema_calcotada_fruits_3-1-300x300.jpg 300w, https:\/\/fruitssp.com\/wp-content\/uploads\/2023\/01\/11512_1080x1080crema_calcotada_fruits_3-1-1024x1024.jpg 1024w, https:\/\/fruitssp.com\/wp-content\/uploads\/2023\/01\/11512_1080x1080crema_calcotada_fruits_3-1-150x150.jpg 150w, https:\/\/fruitssp.com\/wp-content\/uploads\/2023\/01\/11512_1080x1080crema_calcotada_fruits_3-1-12x12.jpg 12w, https:\/\/fruitssp.com\/wp-content\/uploads\/2023\/01\/11512_1080x1080crema_calcotada_fruits_3-1-350x350.jpg 350w, https:\/\/fruitssp.com\/wp-content\/uploads\/2023\/01\/11512_1080x1080crema_calcotada_fruits_3-1-600x600.jpg 600w, https:\/\/fruitssp.com\/wp-content\/uploads\/2023\/01\/11512_1080x1080crema_calcotada_fruits_3-1-768x768.jpg 768w, https:\/\/fruitssp.com\/wp-content\/uploads\/2023\/01\/11512_1080x1080crema_calcotada_fruits_3-1-900x900.jpg 900w\" sizes=\"auto, (max-width: 1080px) 100vw, 1080px\" \/>La Crema de Cal\u00e7ots est\u00e1 hecha con cal\u00e7ots cocidos de la tierra del cal\u00e7ot. Es una crema de sabor suave y agradable, elaborada con aceite de oliva virgen extra, sin conservantes a\u00f1adidos, con el sabor y aroma de cal\u00e7ot, que recuerda a la cal\u00e7otada.<\/i><\/b><\/span><\/p>\n<p class=\"p3\"><span class=\"s1\"><b><i>La Crema de Cal\u00e7ot forma parte de cat\u00e1logo de cremas de Salses Fruits con otros productos como la Crema de Verduras, la Crema de Calabaza, la Crema de Calabac\u00edn y la Vichyssoise.<\/i><\/b><\/span><\/p>\n<p class=\"p3\"><span class=\"s1\"><b><i>La Crema de Cal\u00e7ots de SALSES FRUITS, se presentar\u00e1 en Valls, el s\u00e1bado d\u00eda 28 de enero, en el marco de 9\u00aa Jornada Gastron\u00f3mica del Cal\u00e7ot, \u201cMemorial \u00c0ngel Sol\u00e9\u201d; y tambi\u00e9n el domingo d\u00eda 29 de enero durante la GRAN FIESTA DE LA CAL\u00c7OTADA.<\/i><\/b><\/span><\/p>\n<p class=\"p5\"><span class=\"s1\"><b>Figuerola del Camp, enero de 2023<\/b> \u2013 SALSES FRUITS presentar\u00e1 su Crema de Cal\u00e7ot durante la Gran Fiesta de la Cal\u00e7otada de Valls, un nuevo producto que viene a completar su extensa gama de cremas y productos frescos.<\/span><\/p>\n<p class=\"p5\"><span class=\"s1\">Este s\u00e1bado 28 de enero, durante el show-cooking de la <b>9\u00aa Jornada Gastron\u00f3mica del Cal\u00e7ot, \u201cMemorial \u00c0ngel Sol\u00e9\u201d<\/b> y domingo 29, durante la <b>Gran Fiesta de la Cal\u00e7otada<\/b>, se har\u00e1 la presentaci\u00f3n del producto en el escenario y se dar\u00e1 degustaci\u00f3n gratuita de la crema en el stand de SALSES FRUITS. Ambos actos tendr\u00e1n lugar en la plaza del Pati de Valls.<\/span><\/p>\n<p class=\"p5\"><span class=\"s1\">La idea de hacer una crema de cal\u00e7ots con sabor a cal\u00e7ots cocidos a la llama de las rotuladas viene de lejos. Lo primero que la ofreci\u00f3 a sus clientes fue <b>Josep M Gatell, de la Mas\u00eda Bou,<\/b> a principios de los a\u00f1os noventa del siglo XX, en el marco dela Mostra del cal\u00e7ot que organizaba anualmente. Pero entre todos los que la populariz\u00f3 y present\u00f3 al p\u00fablico fue el recordado cocinero vallense <b>\u00c1ngel Sol\u00e9 y Guasch <\/b>en la gala <strong>\"El Catal\u00e0 del'Any\"<\/strong>, junto a cocineros como Ferran Adri\u00e0 y los hermanos Roca. En las primeras Jornadas Gastron\u00f3micas del Cal\u00e7ot, \u00c0ngel ofreci\u00f3 degustaciones de su quema de cal\u00e7ot, la misma que ten\u00eda en la carta de su restaurante. Actualmente, su hermana <b>Judit Sol\u00e9 Guach,<\/b> sigue ofreciendo en el restaurante Ca l'\u00c0ngel, la crema de cal\u00e7ot con la receta de su hermano.<\/span><\/p>\n<p class=\"p5\"><span class=\"s1\">La <b>Crema de Cal\u00e7ot<\/b> <b>de SALSES FRUITS <\/b>est\u00e1 hecha con cal\u00e7ots cocidos, no crudos. Es una crema de sabor suave y agradable, con el toque justo de sabor y aroma de cal\u00e7ot, que recuerda a la cal\u00e7otada. Es un producto elaborado con aceite de oliva virgen extra, sin conservantes a\u00f1adidos y sin gluten, en envase de vidrio de 0,485 litros.<\/span><\/p>\n<p class=\"p5\"><span class=\"s1\">La nueva salsa de cal\u00e7ots de SALSES FRUITS es la primera que se podr\u00e1 encontrar en los comercios de proximidad y en los lineales de los supermercados.<\/span><\/p>\n<p class=\"p5\"><span class=\"s1\">La Crema de Cal\u00e7ot se a\u00f1ade al <b>cat\u00e1logo de cremas de Salses Fruits<\/b> con otros productos como la Crema de Verduras, la Crema de Calabaza, la Crema de Calabac\u00edn y la Vichyssoise, todos elaborados en Figuerola del Camp, en la tierra del cal\u00e7ot.<\/span><\/p>\n<p class=\"p5\"><span class=\"s1\"><b>De la tierra del cal\u00e7ot<\/b> es la denominaci\u00f3n que forma parte de la etiqueta de la Quema de cal\u00e7ot y que reafirma el compromiso de SALSES FRUITS con su territorio y con su gente, poniendo \u00e9nfasis en la localizaci\u00f3n de su f\u00e1brica y la proximidad con los proveedores, con la voluntad presentarse como una marca muy cercana, muy de aqu\u00ed, de la tierra donde, entre otros productos de calidad, se cosechan los cal\u00e7ots desde hace doscientos a\u00f1os.<\/span><\/p>\n<p class=\"p5\"><span class=\"s1\"><b>SALSES FRUITS<\/b>, que ha renovado su marca, sigue apostando por productos frescos y caseros, productos de proximidad y de nuestra tierra, la tierra del cal\u00e7ot. La misma marca, los mismos productos y la calidad de siempre, ahora con una nueva imagen.<\/span><\/p>\n<p class=\"p5\"><span class=\"s1\">Para m\u00e1s informaci\u00f3n:<\/span><\/p>\n<p class=\"p5\"><span class=\"s1\">info@salsesfruits.com<\/span><\/p>\n<p class=\"p5\"><span class=\"s1\">Tel. 977 631 333<\/span><\/p>\n<p class=\"p5\"><span class=\"s1\">https:\/\/salsesfruits.com<\/span><\/p>\n<p class=\"p5\"><span class=\"s1\">Prensa: TGD Comunicaci\u00f3 \u2013 rafel@tgd.cat \u2013 977613326<\/span><\/p>","protected":false},"excerpt":{"rendered":"<p>La Crema de Cal\u00e7ots est\u00e1 hecha con cal\u00e7ots cocidos de la tierra del cal\u00e7ot. Es una crema de sabor suave y agradable, elaborada con aceite de oliva virgen extra, sin conservantes a\u00f1adidos, con el sabor y aroma de cal\u00e7ot, que recuerda a la cal\u00e7otada. La Crema de Cal\u00e7ot forma parte de cat\u00e1logo de cremas de Salsas Fruits\u2026<\/p>","protected":false},"author":1,"featured_media":13706,"comment_status":"closed","ping_status":"closed","sticky":false,"template":"","format":"standard","meta":{"inline_featured_image":false,"footnotes":""},"categories":[1],"tags":[],"class_list":["post-13705","post","type-post","status-publish","format-standard","has-post-thumbnail","hentry","category-noticies"],"yoast_head":"<!-- This site is optimized with the Yoast SEO plugin v26.7 - https:\/\/yoast.com\/wordpress\/plugins\/seo\/ -->\n<title>Salses Fruits treu al mercat la CREMA DE CAL\u00c7OTS - Salses Fruits<\/title>\n<meta name=\"robots\" content=\"index, follow, max-snippet:-1, max-image-preview:large, max-video-preview:-1\" \/>\n<link rel=\"canonical\" href=\"https:\/\/fruitssp.com\/es\/noticies\/salses-fruits-treu-al-mercat-la-crema-de-calcots\/\" \/>\n<meta property=\"og:locale\" content=\"es_ES\" \/>\n<meta property=\"og:type\" content=\"article\" \/>\n<meta property=\"og:title\" content=\"Salses Fruits treu al mercat la CREMA DE CAL\u00c7OTS - Salses Fruits\" \/>\n<meta property=\"og:description\" content=\"La Crema de Cal\u00e7ots est\u00e0 feta amb cal\u00e7ots cuits de la terra del cal\u00e7ot. \u00c9s una crema de gust suau i agradable, elaborada amb oli d&#8217;oliva verge extra, sense conservants afegits, amb el sabor i aroma de cal\u00e7ot, que recorda la cal\u00e7otada. La Crema de Cal\u00e7ot forma part de cat\u00e0leg de cremes de Salses Fruits...\" \/>\n<meta property=\"og:url\" content=\"https:\/\/fruitssp.com\/es\/noticies\/salses-fruits-treu-al-mercat-la-crema-de-calcots\/\" \/>\n<meta property=\"og:site_name\" content=\"Salses Fruits\" \/>\n<meta property=\"article:publisher\" content=\"https:\/\/www.facebook.com\/Salses-Fruits-SP-1137777022906379\/\" \/>\n<meta property=\"article:published_time\" content=\"2023-01-26T15:19:58+00:00\" \/>\n<meta property=\"article:modified_time\" content=\"2023-01-30T15:20:21+00:00\" \/>\n<meta property=\"og:image\" content=\"https:\/\/fruitssp.com\/wp-content\/uploads\/2023\/01\/11512_1080x1080crema_calcotada_fruits_3-1.jpg\" \/>\n\t<meta property=\"og:image:width\" content=\"1080\" \/>\n\t<meta property=\"og:image:height\" content=\"1080\" \/>\n\t<meta property=\"og:image:type\" content=\"image\/jpeg\" \/>\n<meta name=\"author\" content=\"fruitssp\" \/>\n<meta name=\"twitter:card\" content=\"summary_large_image\" \/>\n<meta name=\"twitter:label1\" content=\"Escrito por\" \/>\n\t<meta name=\"twitter:data1\" content=\"fruitssp\" \/>\n\t<meta name=\"twitter:label2\" content=\"Tiempo de lectura\" \/>\n\t<meta name=\"twitter:data2\" content=\"4 minutos\" \/>\n<!-- \/ Yoast SEO plugin. -->","yoast_head_json":{"title":"Salses Fruits treu al mercat la CREMA DE CAL\u00c7OTS - Salses Fruits","robots":{"index":"index","follow":"follow","max-snippet":"max-snippet:-1","max-image-preview":"max-image-preview:large","max-video-preview":"max-video-preview:-1"},"canonical":"https:\/\/fruitssp.com\/es\/noticies\/salses-fruits-treu-al-mercat-la-crema-de-calcots\/","og_locale":"es_ES","og_type":"article","og_title":"Salses Fruits treu al mercat la CREMA DE CAL\u00c7OTS - Salses Fruits","og_description":"La Crema de Cal\u00e7ots est\u00e0 feta amb cal\u00e7ots cuits de la terra del cal\u00e7ot. \u00c9s una crema de gust suau i agradable, elaborada amb oli d&#8217;oliva verge extra, sense conservants afegits, amb el sabor i aroma de cal\u00e7ot, que recorda la cal\u00e7otada. La Crema de Cal\u00e7ot forma part de cat\u00e0leg de cremes de Salses Fruits...","og_url":"https:\/\/fruitssp.com\/es\/noticies\/salses-fruits-treu-al-mercat-la-crema-de-calcots\/","og_site_name":"Salses Fruits","article_publisher":"https:\/\/www.facebook.com\/Salses-Fruits-SP-1137777022906379\/","article_published_time":"2023-01-26T15:19:58+00:00","article_modified_time":"2023-01-30T15:20:21+00:00","og_image":[{"width":1080,"height":1080,"url":"https:\/\/fruitssp.com\/wp-content\/uploads\/2023\/01\/11512_1080x1080crema_calcotada_fruits_3-1.jpg","type":"image\/jpeg"}],"author":"fruitssp","twitter_card":"summary_large_image","twitter_misc":{"Escrito por":"fruitssp","Tiempo de lectura":"4 minutos"},"schema":{"@context":"https:\/\/schema.org","@graph":[{"@type":"Article","@id":"https:\/\/fruitssp.com\/noticies\/salses-fruits-treu-al-mercat-la-crema-de-calcots\/#article","isPartOf":{"@id":"https:\/\/fruitssp.com\/noticies\/salses-fruits-treu-al-mercat-la-crema-de-calcots\/"},"author":{"name":"fruitssp","@id":"https:\/\/fruitssp.com\/#\/schema\/person\/74f4a70f480644ed06e5945c13b509c8"},"headline":"Salses Fruits treu al mercat la CREMA DE CAL\u00c7OTS","datePublished":"2023-01-26T15:19:58+00:00","dateModified":"2023-01-30T15:20:21+00:00","mainEntityOfPage":{"@id":"https:\/\/fruitssp.com\/noticies\/salses-fruits-treu-al-mercat-la-crema-de-calcots\/"},"wordCount":682,"publisher":{"@id":"https:\/\/fruitssp.com\/#organization"},"image":{"@id":"https:\/\/fruitssp.com\/noticies\/salses-fruits-treu-al-mercat-la-crema-de-calcots\/#primaryimage"},"thumbnailUrl":"https:\/\/fruitssp.com\/wp-content\/uploads\/2023\/01\/11512_1080x1080crema_calcotada_fruits_3-1.jpg","articleSection":["Noticies"],"inLanguage":"es"},{"@type":"WebPage","@id":"https:\/\/fruitssp.com\/noticies\/salses-fruits-treu-al-mercat-la-crema-de-calcots\/","url":"https:\/\/fruitssp.com\/noticies\/salses-fruits-treu-al-mercat-la-crema-de-calcots\/","name":"Salses Fruits treu al mercat la CREMA DE CAL\u00c7OTS - Salses Fruits","isPartOf":{"@id":"https:\/\/fruitssp.com\/#website"},"primaryImageOfPage":{"@id":"https:\/\/fruitssp.com\/noticies\/salses-fruits-treu-al-mercat-la-crema-de-calcots\/#primaryimage"},"image":{"@id":"https:\/\/fruitssp.com\/noticies\/salses-fruits-treu-al-mercat-la-crema-de-calcots\/#primaryimage"},"thumbnailUrl":"https:\/\/fruitssp.com\/wp-content\/uploads\/2023\/01\/11512_1080x1080crema_calcotada_fruits_3-1.jpg","datePublished":"2023-01-26T15:19:58+00:00","dateModified":"2023-01-30T15:20:21+00:00","breadcrumb":{"@id":"https:\/\/fruitssp.com\/noticies\/salses-fruits-treu-al-mercat-la-crema-de-calcots\/#breadcrumb"},"inLanguage":"es","potentialAction":[{"@type":"ReadAction","target":["https:\/\/fruitssp.com\/noticies\/salses-fruits-treu-al-mercat-la-crema-de-calcots\/"]}]},{"@type":"ImageObject","inLanguage":"es","@id":"https:\/\/fruitssp.com\/noticies\/salses-fruits-treu-al-mercat-la-crema-de-calcots\/#primaryimage","url":"https:\/\/fruitssp.com\/wp-content\/uploads\/2023\/01\/11512_1080x1080crema_calcotada_fruits_3-1.jpg","contentUrl":"https:\/\/fruitssp.com\/wp-content\/uploads\/2023\/01\/11512_1080x1080crema_calcotada_fruits_3-1.jpg","width":1080,"height":1080,"caption":"Crema de cal\u00e7ot de Salses Fruits. De la terra dels cal\u00e7ots"},{"@type":"BreadcrumbList","@id":"https:\/\/fruitssp.com\/noticies\/salses-fruits-treu-al-mercat-la-crema-de-calcots\/#breadcrumb","itemListElement":[{"@type":"ListItem","position":1,"name":"Inici","item":"https:\/\/fruitssp.com\/"},{"@type":"ListItem","position":2,"name":"Salses Fruits treu al mercat la CREMA DE CAL\u00c7OTS"}]},{"@type":"WebSite","@id":"https:\/\/fruitssp.com\/#website","url":"https:\/\/fruitssp.com\/","name":"FruitsSP","description":"Salsas y productos frescos y naturales, de la tierra del cal\u00e7ot","publisher":{"@id":"https:\/\/fruitssp.com\/#organization"},"potentialAction":[{"@type":"SearchAction","target":{"@type":"EntryPoint","urlTemplate":"https:\/\/fruitssp.com\/?s={search_term_string}"},"query-input":{"@type":"PropertyValueSpecification","valueRequired":true,"valueName":"search_term_string"}}],"inLanguage":"es"},{"@type":"Organization","@id":"https:\/\/fruitssp.com\/#organization","name":"Salsas Frutos S &amp; P","url":"https:\/\/fruitssp.com\/","logo":{"@type":"ImageObject","inLanguage":"es","@id":"https:\/\/fruitssp.com\/#\/schema\/logo\/image\/","url":"https:\/\/fruitssp.com\/wp-content\/uploads\/2022\/12\/logoFruits_472x406.png","contentUrl":"https:\/\/fruitssp.com\/wp-content\/uploads\/2022\/12\/logoFruits_472x406.png","width":472,"height":406,"caption":"Salses Fruits S&P"},"image":{"@id":"https:\/\/fruitssp.com\/#\/schema\/logo\/image\/"},"sameAs":["https:\/\/www.facebook.com\/Salses-Fruits-SP-1137777022906379\/","https:\/\/www.instagram.com\/salsesfruitssp\/","https:\/\/www.linkedin.com\/company\/salses-fruits-s-i-p-sl\/"]},{"@type":"Person","@id":"https:\/\/fruitssp.com\/#\/schema\/person\/74f4a70f480644ed06e5945c13b509c8","name":"fruitssp"}]}},"_links":{"self":[{"href":"https:\/\/fruitssp.com\/es\/wp-json\/wp\/v2\/posts\/13705","targetHints":{"allow":["GET"]}}],"collection":[{"href":"https:\/\/fruitssp.com\/es\/wp-json\/wp\/v2\/posts"}],"about":[{"href":"https:\/\/fruitssp.com\/es\/wp-json\/wp\/v2\/types\/post"}],"author":[{"embeddable":true,"href":"https:\/\/fruitssp.com\/es\/wp-json\/wp\/v2\/users\/1"}],"replies":[{"embeddable":true,"href":"https:\/\/fruitssp.com\/es\/wp-json\/wp\/v2\/comments?post=13705"}],"version-history":[{"count":0,"href":"https:\/\/fruitssp.com\/es\/wp-json\/wp\/v2\/posts\/13705\/revisions"}],"wp:featuredmedia":[{"embeddable":true,"href":"https:\/\/fruitssp.com\/es\/wp-json\/wp\/v2\/media\/13706"}],"wp:attachment":[{"href":"https:\/\/fruitssp.com\/es\/wp-json\/wp\/v2\/media?parent=13705"}],"wp:term":[{"taxonomy":"category","embeddable":true,"href":"https:\/\/fruitssp.com\/es\/wp-json\/wp\/v2\/categories?post=13705"},{"taxonomy":"post_tag","embeddable":true,"href":"https:\/\/fruitssp.com\/es\/wp-json\/wp\/v2\/tags?post=13705"}],"curies":[{"name":"wp","href":"https:\/\/api.w.org\/{rel}","templated":true}]}}