{"id":13920,"date":"2023-03-10T11:57:43","date_gmt":"2023-03-10T11:57:43","guid":{"rendered":"https:\/\/fruitssp.com\/?p=13920"},"modified":"2023-03-10T11:58:39","modified_gmt":"2023-03-10T11:58:39","slug":"la-salsa-calcotada-de-salses-fruits-tambe-a-andorra","status":"publish","type":"post","link":"https:\/\/fruitssp.com\/es\/noticies\/la-salsa-calcotada-de-salses-fruits-tambe-a-andorra\/","title":{"rendered":"La salsa cal\u00e7otada de Salses Fruits, tambi\u00e9n en Andorra"},"content":{"rendered":"<p><strong><img loading=\"lazy\" decoding=\"async\" class=\"wp-image-13922 size-full alignnone\" src=\"http:\/\/fruitssp.com\/wp-content\/uploads\/2023\/03\/Calcotada-Andorra-la-Vella-2023_01.jpg\" alt=\"\" width=\"1600\" height=\"1066\" srcset=\"https:\/\/fruitssp.com\/wp-content\/uploads\/2023\/03\/Calcotada-Andorra-la-Vella-2023_01.jpg 1600w, https:\/\/fruitssp.com\/wp-content\/uploads\/2023\/03\/Calcotada-Andorra-la-Vella-2023_01-300x200.jpg 300w, https:\/\/fruitssp.com\/wp-content\/uploads\/2023\/03\/Calcotada-Andorra-la-Vella-2023_01-1024x682.jpg 1024w, https:\/\/fruitssp.com\/wp-content\/uploads\/2023\/03\/Calcotada-Andorra-la-Vella-2023_01-18x12.jpg 18w, https:\/\/fruitssp.com\/wp-content\/uploads\/2023\/03\/Calcotada-Andorra-la-Vella-2023_01-600x400.jpg 600w, https:\/\/fruitssp.com\/wp-content\/uploads\/2023\/03\/Calcotada-Andorra-la-Vella-2023_01-768x512.jpg 768w, https:\/\/fruitssp.com\/wp-content\/uploads\/2023\/03\/Calcotada-Andorra-la-Vella-2023_01-900x600.jpg 900w\" sizes=\"auto, (max-width: 1600px) 100vw, 1600px\" \/><\/strong><\/p>\n<p class=\"p1\"><strong>El pasado domingo, 5 de marzo, se celebr\u00f3 la tradicional cal\u00e7otada en Andorra la Vella, dentro de los actos de hermanamiento con la ciudad de Valls.<\/strong><\/p>\n<p class=\"p1\">Se repartieron 600 raciones de cal\u00e7ots, que se degustaron con <strong>la salsa cal\u00e7otada de Salsas Frutos<\/strong>. Ni que decir tiene que se agotaron en poco rato.<\/p>\n<p class=\"p1\">El acto retomado despu\u00e9s de dos a\u00f1os, cont\u00f3 con la participaci\u00f3n de la alcaldesa de Valls, Dolors\u00a0<span class=\"hiddenSpellError\">Farr\u00e9<\/span>, y del c\u00f3nsul mayor, David\u00a0<span class=\"hiddenSpellError\">Astri\u00e9<\/span>.<\/p>\n<p>&nbsp;<\/p>\n<div class=\"w-gallery cols_2 link_none type_masonry with_indents\"><div class=\"w-gallery-list\"><div class=\"w-gallery-item order_1\"><div class=\"w-gallery-item-img\"><img loading=\"lazy\" decoding=\"async\" width=\"1600\" height=\"1066\" src=\"https:\/\/fruitssp.com\/wp-content\/uploads\/2023\/03\/Calcotada-Andorra-la-Vella-2023_02.jpg\" class=\"attachment-full size-full\" alt=\"\" srcset=\"https:\/\/fruitssp.com\/wp-content\/uploads\/2023\/03\/Calcotada-Andorra-la-Vella-2023_02.jpg 1600w, https:\/\/fruitssp.com\/wp-content\/uploads\/2023\/03\/Calcotada-Andorra-la-Vella-2023_02-300x200.jpg 300w, https:\/\/fruitssp.com\/wp-content\/uploads\/2023\/03\/Calcotada-Andorra-la-Vella-2023_02-1024x682.jpg 1024w, https:\/\/fruitssp.com\/wp-content\/uploads\/2023\/03\/Calcotada-Andorra-la-Vella-2023_02-18x12.jpg 18w, https:\/\/fruitssp.com\/wp-content\/uploads\/2023\/03\/Calcotada-Andorra-la-Vella-2023_02-600x400.jpg 600w, https:\/\/fruitssp.com\/wp-content\/uploads\/2023\/03\/Calcotada-Andorra-la-Vella-2023_02-768x512.jpg 768w, https:\/\/fruitssp.com\/wp-content\/uploads\/2023\/03\/Calcotada-Andorra-la-Vella-2023_02-900x600.jpg 900w\" sizes=\"auto, (max-width: 1600px) 100vw, 1600px\" \/><\/div><\/div><div class=\"w-gallery-item order_2\"><div class=\"w-gallery-item-img\"><img loading=\"lazy\" decoding=\"async\" width=\"1600\" height=\"1066\" src=\"https:\/\/fruitssp.com\/wp-content\/uploads\/2023\/03\/Calcotada-Andorra-la-Vella-2023_03.jpg\" class=\"attachment-full size-full\" alt=\"\" srcset=\"https:\/\/fruitssp.com\/wp-content\/uploads\/2023\/03\/Calcotada-Andorra-la-Vella-2023_03.jpg 1600w, https:\/\/fruitssp.com\/wp-content\/uploads\/2023\/03\/Calcotada-Andorra-la-Vella-2023_03-300x200.jpg 300w, https:\/\/fruitssp.com\/wp-content\/uploads\/2023\/03\/Calcotada-Andorra-la-Vella-2023_03-1024x682.jpg 1024w, https:\/\/fruitssp.com\/wp-content\/uploads\/2023\/03\/Calcotada-Andorra-la-Vella-2023_03-18x12.jpg 18w, https:\/\/fruitssp.com\/wp-content\/uploads\/2023\/03\/Calcotada-Andorra-la-Vella-2023_03-600x400.jpg 600w, https:\/\/fruitssp.com\/wp-content\/uploads\/2023\/03\/Calcotada-Andorra-la-Vella-2023_03-768x512.jpg 768w, https:\/\/fruitssp.com\/wp-content\/uploads\/2023\/03\/Calcotada-Andorra-la-Vella-2023_03-900x600.jpg 900w\" sizes=\"auto, (max-width: 1600px) 100vw, 1600px\" \/><\/div><\/div><\/div><\/div>\n<p>&nbsp;<\/p>\n<p>&nbsp;<\/p>\n<style>\n.w-blogpost-preview{background-image:none!important;background-color: transparent!important;}.w-blogpost{padding: 0!important;}.w-blogpost::after{background:none!important;}.w-blogpost h1{color: #29b28f!important;}.w-blogpost-meta *{color:#000000!important;}<\/style>\n<div style=\"display: none;\">\n<h2>Finaliza la 15\u00aa<\/h2>\n<h3>Finaliza la 15\u00aa<\/h3>\n<p>En primer lugar,. En primer lugar,. En primer lugar,. En primer lugar,. En primer lugar,. En primer lugar,. En primer lugar,. En primer lugar,. En primer lugar,. En primer lugar,. En primer lugar,. En primer lugar,. En primer lugar,. En primer lugar,. En primer lugar,. En primer lugar,. En primer lugar,. En primer lugar,. En primer lugar,. En primer lugar,. En primer lugar,. En primer lugar,. En primer lugar,. En primer lugar,. En primer lugar,. En primer lugar,. En primer lugar,. En primer lugar,. En primer lugar,. En primer lugar,. En primer lugar,. En primer lugar,. En primer lugar,. En primer lugar,. En primer lugar,. En primer lugar,. En primer lugar,. En primer lugar,. En primer lugar,. En primer lugar,.<\/p>\n<p>En primer lugar, oramos ipsum dolor sit amet, consectetur adipiscing \u00e9lite. In vestibulum pretium nisi vehicula congue. Curabitur lobortis tristique neque, quis puerta nisi tempus quis. Donec ultrices posuere \u00e9lite, sit amet tincidunt Orci consectetur quis. Mauris rhoncus tristique facil\u00edsimo. Por un lado, t congue v\u00e9lites velita, te faucibus l\u00edgulas volutpat te. A\u00fan as\u00ed, urabitur VENENATA ante quis elementum pellentesque. In a pretium sapien. Empiezan las cal\u00e7otades. Aliquam erat volutpat. Donec Viverra cursus Gravida. Fusce accumsan sed leo vitae tempus. Las picaduras m\u00e1s frescas <a href=\"https:\/\/tgd.cat\">TGDigital<\/a><a href=\"\/es\/\">frutos<\/a><\/p>\n<h3>Finaliza la 15\u00aa<\/h3>\n<p>Cabe decir que am CONVALLARIA libero non Turpin bibendum, vitae porttitor ex Orna. Por ejemplo, Raes consecuente Interdum ante, quis pellentesque sapien aliquet eu. Por un lado, ed commodo rhoncus magna velo aliquet. En tercer lugar, n hac habitasse platea dictumst. Phasellus ARCU leo, aliquet quis consecuente id, temporarias velo ARCU. Duis vulputate dign\u00edsimo placeres. Nulamente varices ARCU eu lorem rutrum scelerisque a vitae lectus. Sin ir m\u00e1s lejos, n vulputate at Turpin ac porttitor. Morbi aliquet bibendum odio, te rutrum tellus dapibus sit amet. Por \u00faltimo, Ruis sed m\u00ed quis ARCU.<\/p>\n<h3>cal\u00e7ots cocidos<\/h3>\n<p>Aunque no valencianos, ntegro sit amet placeres risus. A pesar de ello, ulla facil\u00edsimo. En segundo lugar, Oneca nec ipsum augue. Por otra parte, ivamus eros ex, ultrices mollis bibendum at, elementum sed lectus. Sin embargo, urabitur quis augue ac tellus tincidunt hendrerit. Donec erat purus, solicitud vitae v\u00e9lites vitae, feugiat dapibus diam. Cabe decir que Maecenas faucibus demasiado vitae erat elementum consectetur. Quisque finibus, purus velo Interdum vulputate, neque leo ultrices nisi, sed facil\u00edsimo nibh purus eget quam. Nunc nec libero eros. Las picaduras m\u00e1s frescas, por ejemplo. Sin ir m\u00e1s lejos, la picadura es buen\u00edsima. Nos encantar\u00eda que la orzata fuera probada por todos los comensales y, por supuesto, para todos los gourmands. Quisi\u00e9ramos, claro, hacerla conocida. Es por ello que la hacemos tan buena.<\/p>\n<h3>cal\u00e7ots cocidos<\/h3>\n<p>En primer lugar,. En primer lugar,. En primer lugar,. En primer lugar,. En primer lugar,. En primer lugar,. En primer lugar,. En primer lugar,. En primer lugar,. En primer lugar,. En primer lugar,. En primer lugar,. En primer lugar,. En primer lugar,. En primer lugar,. En primer lugar,. En primer lugar,. En primer lugar,. En primer lugar,. En primer lugar,. En primer lugar,. En primer lugar,.<\/p>\n<\/div>","protected":false},"excerpt":{"rendered":"<p>El pasado domingo, 5 de marzo, se celebr\u00f3 la tradicional cal\u00e7otada en Andorra la Vella, dentro de los actos de hermanamiento con la ciudad de Valls. Se repartieron 600 raciones de cal\u00e7ots, que se degustaron con la salsa cal\u00e7otada de Salses Fruits. Ni que decir tiene que se agotaron en poco rato. El acto retomado despu\u00e9s de\u2026<\/p>","protected":false},"author":1,"featured_media":13922,"comment_status":"closed","ping_status":"closed","sticky":false,"template":"","format":"standard","meta":{"inline_featured_image":false,"footnotes":""},"categories":[1],"tags":[],"class_list":["post-13920","post","type-post","status-publish","format-standard","has-post-thumbnail","hentry","category-noticies"],"yoast_head":"<!-- This site is optimized with the Yoast SEO plugin v26.7 - https:\/\/yoast.com\/wordpress\/plugins\/seo\/ -->\n<title>La salsa cal\u00e7otada de Salses Fruits, tamb\u00e9 a Andorra - Salses Fruits<\/title>\n<meta name=\"robots\" content=\"index, follow, max-snippet:-1, max-image-preview:large, max-video-preview:-1\" \/>\n<link rel=\"canonical\" href=\"https:\/\/fruitssp.com\/es\/noticies\/la-salsa-calcotada-de-salses-fruits-tambe-a-andorra\/\" \/>\n<meta property=\"og:locale\" content=\"es_ES\" \/>\n<meta property=\"og:type\" content=\"article\" \/>\n<meta property=\"og:title\" content=\"La salsa cal\u00e7otada de Salses Fruits, tamb\u00e9 a Andorra - Salses Fruits\" \/>\n<meta property=\"og:description\" content=\"El passat diumenge, 5 de mar\u00e7, es va celebrar la tradicional cal\u00e7otada a Andorra la Vella, dintre dels actes d&#8217;agermanament amb la ciutat de Valls. Es van repartir 600 racions de cal\u00e7ots, que es van degustar amb la salsa cal\u00e7otada de Salses Fruits. No cal dir que es van exhaurir en poca estona. L&#8217;acte repr\u00e8s\u00a0despr\u00e9s\u00a0de...\" \/>\n<meta property=\"og:url\" content=\"https:\/\/fruitssp.com\/es\/noticies\/la-salsa-calcotada-de-salses-fruits-tambe-a-andorra\/\" \/>\n<meta property=\"og:site_name\" content=\"Salses Fruits\" \/>\n<meta property=\"article:publisher\" content=\"https:\/\/www.facebook.com\/Salses-Fruits-SP-1137777022906379\/\" \/>\n<meta property=\"article:published_time\" content=\"2023-03-10T11:57:43+00:00\" \/>\n<meta property=\"article:modified_time\" content=\"2023-03-10T11:58:39+00:00\" \/>\n<meta property=\"og:image\" content=\"https:\/\/fruitssp.com\/wp-content\/uploads\/2023\/03\/Calcotada-Andorra-la-Vella-2023_01.jpg\" \/>\n\t<meta property=\"og:image:width\" content=\"1600\" \/>\n\t<meta property=\"og:image:height\" content=\"1066\" \/>\n\t<meta property=\"og:image:type\" content=\"image\/jpeg\" \/>\n<meta name=\"author\" content=\"fruitssp\" \/>\n<meta name=\"twitter:card\" content=\"summary_large_image\" \/>\n<meta name=\"twitter:label1\" content=\"Escrito por\" \/>\n\t<meta name=\"twitter:data1\" content=\"fruitssp\" \/>\n\t<meta name=\"twitter:label2\" content=\"Tiempo de lectura\" \/>\n\t<meta name=\"twitter:data2\" content=\"4 minutos\" \/>\n<!-- \/ Yoast SEO plugin. -->","yoast_head_json":{"title":"La salsa cal\u00e7otada de Salses Fruits, tamb\u00e9 a Andorra - Salses Fruits","robots":{"index":"index","follow":"follow","max-snippet":"max-snippet:-1","max-image-preview":"max-image-preview:large","max-video-preview":"max-video-preview:-1"},"canonical":"https:\/\/fruitssp.com\/es\/noticies\/la-salsa-calcotada-de-salses-fruits-tambe-a-andorra\/","og_locale":"es_ES","og_type":"article","og_title":"La salsa cal\u00e7otada de Salses Fruits, tamb\u00e9 a Andorra - Salses Fruits","og_description":"El passat diumenge, 5 de mar\u00e7, es va celebrar la tradicional cal\u00e7otada a Andorra la Vella, dintre dels actes d&#8217;agermanament amb la ciutat de Valls. Es van repartir 600 racions de cal\u00e7ots, que es van degustar amb la salsa cal\u00e7otada de Salses Fruits. No cal dir que es van exhaurir en poca estona. L&#8217;acte repr\u00e8s\u00a0despr\u00e9s\u00a0de...","og_url":"https:\/\/fruitssp.com\/es\/noticies\/la-salsa-calcotada-de-salses-fruits-tambe-a-andorra\/","og_site_name":"Salses Fruits","article_publisher":"https:\/\/www.facebook.com\/Salses-Fruits-SP-1137777022906379\/","article_published_time":"2023-03-10T11:57:43+00:00","article_modified_time":"2023-03-10T11:58:39+00:00","og_image":[{"width":1600,"height":1066,"url":"https:\/\/fruitssp.com\/wp-content\/uploads\/2023\/03\/Calcotada-Andorra-la-Vella-2023_01.jpg","type":"image\/jpeg"}],"author":"fruitssp","twitter_card":"summary_large_image","twitter_misc":{"Escrito por":"fruitssp","Tiempo de lectura":"4 minutos"},"schema":{"@context":"https:\/\/schema.org","@graph":[{"@type":"Article","@id":"https:\/\/fruitssp.com\/noticies\/la-salsa-calcotada-de-salses-fruits-tambe-a-andorra\/#article","isPartOf":{"@id":"https:\/\/fruitssp.com\/noticies\/la-salsa-calcotada-de-salses-fruits-tambe-a-andorra\/"},"author":{"name":"fruitssp","@id":"https:\/\/fruitssp.com\/#\/schema\/person\/74f4a70f480644ed06e5945c13b509c8"},"headline":"La salsa cal\u00e7otada de Salses Fruits, tamb\u00e9 a Andorra","datePublished":"2023-03-10T11:57:43+00:00","dateModified":"2023-03-10T11:58:39+00:00","mainEntityOfPage":{"@id":"https:\/\/fruitssp.com\/noticies\/la-salsa-calcotada-de-salses-fruits-tambe-a-andorra\/"},"wordCount":620,"publisher":{"@id":"https:\/\/fruitssp.com\/#organization"},"image":{"@id":"https:\/\/fruitssp.com\/noticies\/la-salsa-calcotada-de-salses-fruits-tambe-a-andorra\/#primaryimage"},"thumbnailUrl":"https:\/\/fruitssp.com\/wp-content\/uploads\/2023\/03\/Calcotada-Andorra-la-Vella-2023_01.jpg","articleSection":["Noticies"],"inLanguage":"es"},{"@type":"WebPage","@id":"https:\/\/fruitssp.com\/noticies\/la-salsa-calcotada-de-salses-fruits-tambe-a-andorra\/","url":"https:\/\/fruitssp.com\/noticies\/la-salsa-calcotada-de-salses-fruits-tambe-a-andorra\/","name":"La salsa cal\u00e7otada de Salses Fruits, tamb\u00e9 a Andorra - Salses Fruits","isPartOf":{"@id":"https:\/\/fruitssp.com\/#website"},"primaryImageOfPage":{"@id":"https:\/\/fruitssp.com\/noticies\/la-salsa-calcotada-de-salses-fruits-tambe-a-andorra\/#primaryimage"},"image":{"@id":"https:\/\/fruitssp.com\/noticies\/la-salsa-calcotada-de-salses-fruits-tambe-a-andorra\/#primaryimage"},"thumbnailUrl":"https:\/\/fruitssp.com\/wp-content\/uploads\/2023\/03\/Calcotada-Andorra-la-Vella-2023_01.jpg","datePublished":"2023-03-10T11:57:43+00:00","dateModified":"2023-03-10T11:58:39+00:00","breadcrumb":{"@id":"https:\/\/fruitssp.com\/noticies\/la-salsa-calcotada-de-salses-fruits-tambe-a-andorra\/#breadcrumb"},"inLanguage":"es","potentialAction":[{"@type":"ReadAction","target":["https:\/\/fruitssp.com\/noticies\/la-salsa-calcotada-de-salses-fruits-tambe-a-andorra\/"]}]},{"@type":"ImageObject","inLanguage":"es","@id":"https:\/\/fruitssp.com\/noticies\/la-salsa-calcotada-de-salses-fruits-tambe-a-andorra\/#primaryimage","url":"https:\/\/fruitssp.com\/wp-content\/uploads\/2023\/03\/Calcotada-Andorra-la-Vella-2023_01.jpg","contentUrl":"https:\/\/fruitssp.com\/wp-content\/uploads\/2023\/03\/Calcotada-Andorra-la-Vella-2023_01.jpg","width":1600,"height":1066},{"@type":"BreadcrumbList","@id":"https:\/\/fruitssp.com\/noticies\/la-salsa-calcotada-de-salses-fruits-tambe-a-andorra\/#breadcrumb","itemListElement":[{"@type":"ListItem","position":1,"name":"Inici","item":"https:\/\/fruitssp.com\/"},{"@type":"ListItem","position":2,"name":"La salsa cal\u00e7otada de Salses Fruits, tamb\u00e9 a Andorra"}]},{"@type":"WebSite","@id":"https:\/\/fruitssp.com\/#website","url":"https:\/\/fruitssp.com\/","name":"FruitsSP","description":"Salsas y productos frescos y naturales, de la tierra del cal\u00e7ot","publisher":{"@id":"https:\/\/fruitssp.com\/#organization"},"potentialAction":[{"@type":"SearchAction","target":{"@type":"EntryPoint","urlTemplate":"https:\/\/fruitssp.com\/?s={search_term_string}"},"query-input":{"@type":"PropertyValueSpecification","valueRequired":true,"valueName":"search_term_string"}}],"inLanguage":"es"},{"@type":"Organization","@id":"https:\/\/fruitssp.com\/#organization","name":"Salsas Frutos S &amp; P","url":"https:\/\/fruitssp.com\/","logo":{"@type":"ImageObject","inLanguage":"es","@id":"https:\/\/fruitssp.com\/#\/schema\/logo\/image\/","url":"https:\/\/fruitssp.com\/wp-content\/uploads\/2022\/12\/logoFruits_472x406.png","contentUrl":"https:\/\/fruitssp.com\/wp-content\/uploads\/2022\/12\/logoFruits_472x406.png","width":472,"height":406,"caption":"Salses Fruits S&P"},"image":{"@id":"https:\/\/fruitssp.com\/#\/schema\/logo\/image\/"},"sameAs":["https:\/\/www.facebook.com\/Salses-Fruits-SP-1137777022906379\/","https:\/\/www.instagram.com\/salsesfruitssp\/","https:\/\/www.linkedin.com\/company\/salses-fruits-s-i-p-sl\/"]},{"@type":"Person","@id":"https:\/\/fruitssp.com\/#\/schema\/person\/74f4a70f480644ed06e5945c13b509c8","name":"fruitssp"}]}},"_links":{"self":[{"href":"https:\/\/fruitssp.com\/es\/wp-json\/wp\/v2\/posts\/13920","targetHints":{"allow":["GET"]}}],"collection":[{"href":"https:\/\/fruitssp.com\/es\/wp-json\/wp\/v2\/posts"}],"about":[{"href":"https:\/\/fruitssp.com\/es\/wp-json\/wp\/v2\/types\/post"}],"author":[{"embeddable":true,"href":"https:\/\/fruitssp.com\/es\/wp-json\/wp\/v2\/users\/1"}],"replies":[{"embeddable":true,"href":"https:\/\/fruitssp.com\/es\/wp-json\/wp\/v2\/comments?post=13920"}],"version-history":[{"count":0,"href":"https:\/\/fruitssp.com\/es\/wp-json\/wp\/v2\/posts\/13920\/revisions"}],"wp:featuredmedia":[{"embeddable":true,"href":"https:\/\/fruitssp.com\/es\/wp-json\/wp\/v2\/media\/13922"}],"wp:attachment":[{"href":"https:\/\/fruitssp.com\/es\/wp-json\/wp\/v2\/media?parent=13920"}],"wp:term":[{"taxonomy":"category","embeddable":true,"href":"https:\/\/fruitssp.com\/es\/wp-json\/wp\/v2\/categories?post=13920"},{"taxonomy":"post_tag","embeddable":true,"href":"https:\/\/fruitssp.com\/es\/wp-json\/wp\/v2\/tags?post=13920"}],"curies":[{"name":"wp","href":"https:\/\/api.w.org\/{rel}","templated":true}]}}