{"id":14454,"date":"2023-01-09T17:37:46","date_gmt":"2023-01-09T17:37:46","guid":{"rendered":"https:\/\/fruitssp.com\/?p=14454"},"modified":"2023-07-26T17:44:52","modified_gmt":"2023-07-26T17:44:52","slug":"salses-fruits-patrocina-la-gran-festa-de-la-calcotada-2023","status":"publish","type":"post","link":"https:\/\/fruitssp.com\/es\/noticies\/salses-fruits-patrocina-la-gran-festa-de-la-calcotada-2023\/","title":{"rendered":"Salses Fruits patrocina la Gran Fiesta de la Cal\u00e7otada 2023"},"content":{"rendered":"<p><img loading=\"lazy\" decoding=\"async\" class=\"alignnone size-full wp-image-14455\" src=\"https:\/\/fruitssp.com\/wp-content\/uploads\/2023\/07\/garnfestacalcotada2023.jpg\" alt=\"\" width=\"1200\" height=\"1687\" srcset=\"https:\/\/fruitssp.com\/wp-content\/uploads\/2023\/07\/garnfestacalcotada2023.jpg 1200w, https:\/\/fruitssp.com\/wp-content\/uploads\/2023\/07\/garnfestacalcotada2023-213x300.jpg 213w, https:\/\/fruitssp.com\/wp-content\/uploads\/2023\/07\/garnfestacalcotada2023-728x1024.jpg 728w, https:\/\/fruitssp.com\/wp-content\/uploads\/2023\/07\/garnfestacalcotada2023-9x12.jpg 9w, https:\/\/fruitssp.com\/wp-content\/uploads\/2023\/07\/garnfestacalcotada2023-600x844.jpg 600w, https:\/\/fruitssp.com\/wp-content\/uploads\/2023\/07\/garnfestacalcotada2023-768x1080.jpg 768w, https:\/\/fruitssp.com\/wp-content\/uploads\/2023\/07\/garnfestacalcotada2023-300x422.jpg 300w, https:\/\/fruitssp.com\/wp-content\/uploads\/2023\/07\/garnfestacalcotada2023-900x1265.jpg 900w\" sizes=\"auto, (max-width: 1200px) 100vw, 1200px\" \/><\/p>\n<p class=\"p1\"><span class=\"s1\"><b>SALSES FRUITS y CASTELL D\u2019OR<\/b><\/span><\/p>\n<p class=\"p1\"><span class=\"s1\"><b>patrocinadores oficial de la Gran Fiesta de la Cal\u00e7otada de Valls.<\/b><\/span><\/p>\n<ul class=\"ul1\">\n<li class=\"li3\"><span class=\"s1\"><b>SALSES FRUITS y CASTELL D\u2019OR<\/b> ambas empresas del Alt Camp, renuevan como patrocinadores oficiales de la <b>Gran Festa de la Cal\u00e7otada de Valls<\/b> \u2013 la manifestaci\u00f3n gastron\u00f3mica m\u00e1s importante de Catalu\u00f1a\u2013 un d\u00eda festivo, popular, tradicional y promocional en torno al cal\u00e7ot y los ingredientes que acompa\u00f1an a una buena cal\u00e7otada. <\/span><\/li>\n<li class=\"li3\"><span class=\"s1\">La <b>Gran Festa de la Cal\u00e7otada de Valls<\/b>, que tendr\u00e1 lugar este domingo 29 de enero, <b>marca el inicio de la temporada de las cal\u00e7otades<\/b>.<\/span><\/li>\n<li class=\"li3\"><span class=\"s1\"><b>SALSES FRUITS <\/b>y<b> CASTELL D'OR<\/b> son dos empresas de la comarca que elaboran productos que forman parte de una buena cal\u00e7otada: <b>las salsas y vinos y cavas respectivamente.<\/b><\/span><\/li>\n<li class=\"li3\"><span class=\"s1\">Entre los productos m\u00e1s populares de <b>SALSES FRUITS<\/b> se encuentra la <b>SALSA CAL\u00c7OTADA<\/b>. La empresa, arraigada en Figuerola del Camp (Alt Camp), donde trabajan m\u00e1s de 50 personas, est\u00e1 especializada en productos frescos de alimentaci\u00f3n casera.<\/span><\/li>\n<li class=\"li3\"><span class=\"s1\"><b>CASTELL D'OR <\/b>elabora vinos y cavas en el Alt Camp, concretamente en <b>Vila-rodona, <\/b>y est\u00e1 formado por 16 cooperativas que han apostado por unir sus esfuerzos y conocimientos en los procesos de producci\u00f3n, elaboraci\u00f3n, envasado y distribuci\u00f3n de vinos y cavas. Es una de las mayores empresas elaboradoras de cava del pa\u00eds.<\/span><\/li>\n<li class=\"li3\"><span class=\"s1\">Por estas razones, tanto <b>SALSES FRUITS,<\/b> c\u00f3mo <b>CASTELL D'OR<\/b> por cuarto a\u00f1o y por segundo a\u00f1o consecutivo, respectivamente, se ponen junto a la Cal\u00e7otada de Valls, haciendo de embajadores y <b>difundiendo la imagen de la cal\u00e7otada entre todos sus clientes<\/b>, con la voluntad firme de continuar ofreciendo productos de calidad que dejen buen recuerdo de la cal\u00e7otada.<\/span><\/li>\n<\/ul>\n<p class=\"p5\"><span class=\"s1\"><i>Nada mejor que una buena salsa, buen vino y un buen cava para acompa\u00f1ar una buena cal\u00e7otada; en eso todos estamos de acuerdo.<\/i><\/span><\/p>\n<p class=\"p1\"><span class=\"s1\"><b>Novedades de la <\/b><\/span><span class=\"s1\"><b>Gran Fiesta de la Cal\u00e7otada de Valls 2023<\/b><\/span><\/p>\n<p class=\"p10\"><span class=\"s1\">La <b>Gran Festa de la Cal\u00e7otada de Valls<\/b> estrena un recorrido urbano que conecta las plazas del Blat, del Oli y el Pati con la nueva zona de degustaci\u00f3n ubicada en el parquing de la Sociedad Agr\u00edcola de Valls, junto a la iglesia del Carme.<\/span><\/p>\n<p class=\"p10\"><span class=\"s1\">La gran novedad para esta edici\u00f3n es <b>la nueva zona de degustaci\u00f3n situada en el parking de la Sociedad Agr\u00edcola de Valls<\/b>, donde los visitantes tendr\u00e1n que ir a recoger las degustaciones. El espacio se adaptar\u00e1 a la fiesta con mesas y sillas para degustar m\u00e1s c\u00f3modamente la cal\u00e7otada, brasa para cocer carne y salchich\u00f3n, m\u00fasica ambiente y concierto de sobremesa, con la actuaci\u00f3n del grupo Alatristre a las 14 horas y de la cantante vallenca Maria Jacobs a partir de las 16 h. Numerosos carteles direccionales facilitar\u00e1n a los visitantes moverse entre las zonas de los concursos y la zona de degustaci\u00f3n. <\/span><\/p>\n<p class=\"p3\"><span class=\"s1\">En el Pati habr\u00e1 un stand de <b>SALSES FRUITS <\/b>y uno de <b>CASTELL D'OR, <\/b>donde se podr\u00e1n comprar sus productos, a precios especiales para la <b>Gran Festa de la Cal\u00e7otada de Valls<\/b>.<\/span><\/p>\n<p class=\"p3\"><span class=\"s1\">La colaboraci\u00f3n de los patrocinadores <b>SALSES FRUITS <\/b>y <b>CASTELL D'OR<\/b> en la <b>Gran Festa de la Cal\u00e7otada de Valls<\/b> incluye todos los elementos de comunicaci\u00f3n y publicidad de la fiesta y promoci\u00f3n exterior. El patrocinio tambi\u00e9n se ha hecho cargo del cambio<b> hacia bolsas de papel reciclado<\/b> que contienen las degustaciones de cal\u00e7ots y salsa Cal\u00e7otada Valls; tambi\u00e9n del <b>BABERO OFICIAL<\/b> de la GRAN FIESTA DE LA CAL\u00c7OTADA que se regala con la bolsa degustaci\u00f3n. <\/span><\/p>\n<p class=\"p3\"><span class=\"s1\"><b>SALSES FRUITS <\/b>y <b>CASTELL D'OR<\/b> tambi\u00e9n aportan a la fiesta la salsa y el vino de los porrones del concurso de comida cal\u00e7ots, los <b>baberos gigantes<\/b> del concurso de comida cal\u00e7ots y los <b>delantales<\/b> del concurso de la elaboraci\u00f3n de la Salsa de la Cal\u00e7otada de Valls.<\/span><\/p>\n<p class=\"p3\"><span class=\"s1\"><b>SALSES FRUITS <\/b>y <b>CASTELL D'OR<\/b> patrocinan todos los concursos de la Gran Fiesta de la Cal\u00e7otada de Valls de 2023 con premios para los ganadores de:<\/span><\/p>\n<p class=\"p13\"><span class=\"s1\">37\u00ba concurso de COMIDA CALZOTES<br \/>\n<\/span><span class=\"s1\">35\u00ba concurso de CULTIVADORES DE CAL\u00c7OTS IGP \u201cCal\u00e7ot de Valls\u201d, incluido el premio especial a la mota con mayor n\u00famero de cal\u00e7ots.<br \/>\n<\/span><span class=\"s1\">31\u00ba concurso de SALSA DE LA CAL\u00c7OTADA DE VALLS<\/span><\/p>\n<p class=\"p13\"><span class=\"s1\"><b>Para m\u00e1s informaci\u00f3n sobre la Gran Fiesta de la Cal\u00e7otada entra en la web: <\/b><\/span><\/p>\n<p class=\"p13\"><span class=\"s1\"><b>fiestacalcotadavalls.cat<\/b><\/span><\/p>\n<p><a href=\"https:\/\/festacalcotadavalls.cat\/\" target=\"_blank\" rel=\"noopener\"><strong>Puede encontrar m\u00e1s fotos de la Fiesta de la Cal\u00e7otada en la web oficial.<\/strong><\/a><\/p>\n<p><a href=\"https:\/\/festacalcotadavalls.cat\/wp-content\/uploads\/2019\/11\/11453-PROGRAMA-CALCOT23_compressed.pdf\">Enlace al programa de la Gran Fiesta de la Cal\u00e7otada:\u00a0<\/a><\/p>\n<p>&nbsp;<\/p>\n<style>\n.w-blogpost-preview{background-image:none!important;background-color: transparent!important;}.w-blogpost{padding: 0!important;}.w-blogpost::after{background:none!important;}.w-blogpost h1{color: #29b28f!important;}.w-blogpost-meta *{color:#000000!important;}<\/style>\n<div style=\"display: none;\">\n<h2>Finaliza la 15\u00aa<\/h2>\n<h3>Finaliza la 15\u00aa<\/h3>\n<p>En primer lugar,. En primer lugar,. En primer lugar,. En primer lugar,. En primer lugar,. En primer lugar,. En primer lugar,. En primer lugar,. En primer lugar,. En primer lugar,. En primer lugar,. En primer lugar,. En primer lugar,. En primer lugar,. En primer lugar,. En primer lugar,. En primer lugar,. En primer lugar,. En primer lugar,. En primer lugar,. En primer lugar,. En primer lugar,. En primer lugar,. En primer lugar,. En primer lugar,. En primer lugar,. En primer lugar,. En primer lugar,. En primer lugar,. En primer lugar,. En primer lugar,. En primer lugar,. En primer lugar,. En primer lugar,. En primer lugar,. En primer lugar,. En primer lugar,. En primer lugar,. En primer lugar,. En primer lugar,.<\/p>\n<p>En primer lugar, oramos ipsum dolor sit amet, consectetur adipiscing \u00e9lite. In vestibulum pretium nisi vehicula congue. Curabitur lobortis tristique neque, quis puerta nisi tempus quis. Donec ultrices posuere \u00e9lite, sit amet tincidunt Orci consectetur quis. Mauris rhoncus tristique facil\u00edsimo. Por un lado, t congue v\u00e9lites velita, te faucibus l\u00edgulas volutpat te. A\u00fan as\u00ed, urabitur VENENATA ante quis elementum pellentesque. In a pretium sapien. Empiezan las cal\u00e7otades. Aliquam erat volutpat. Donec Viverra cursus Gravida. Fusce accumsan sed leo vitae tempus. Las picaduras m\u00e1s frescas <a href=\"https:\/\/tgd.cat\">TGDigital<\/a><a href=\"\/es\/\">frutos<\/a><\/p>\n<h3>Finaliza la 15\u00aa<\/h3>\n<p>Cabe decir que am CONVALLARIA libero non Turpin bibendum, vitae porttitor ex Orna. Por ejemplo, Raes consecuente Interdum ante, quis pellentesque sapien aliquet eu. Por un lado, ed commodo rhoncus magna velo aliquet. En tercer lugar, n hac habitasse platea dictumst. Phasellus ARCU leo, aliquet quis consecuente id, temporarias velo ARCU. Duis vulputate dign\u00edsimo placeres. Nulamente varices ARCU eu lorem rutrum scelerisque a vitae lectus. Sin ir m\u00e1s lejos, n vulputate at Turpin ac porttitor. Morbi aliquet bibendum odio, te rutrum tellus dapibus sit amet. Por \u00faltimo, Ruis sed m\u00ed quis ARCU.<\/p>\n<h3>cal\u00e7ots cocidos<\/h3>\n<p>Aunque no valencianos, ntegro sit amet placeres risus. A pesar de ello, ulla facil\u00edsimo. En segundo lugar, Oneca nec ipsum augue. Por otra parte, ivamus eros ex, ultrices mollis bibendum at, elementum sed lectus. Sin embargo, urabitur quis augue ac tellus tincidunt hendrerit. Donec erat purus, solicitud vitae v\u00e9lites vitae, feugiat dapibus diam. Cabe decir que Maecenas faucibus demasiado vitae erat elementum consectetur. Quisque finibus, purus velo Interdum vulputate, neque leo ultrices nisi, sed facil\u00edsimo nibh purus eget quam. Nunc nec libero eros. Las picaduras m\u00e1s frescas, por ejemplo. Sin ir m\u00e1s lejos, la picadura es buen\u00edsima. Nos encantar\u00eda que la orzata fuera probada por todos los comensales y, por supuesto, para todos los gourmands. Quisi\u00e9ramos, claro, hacerla conocida. Es por ello que la hacemos tan buena.<\/p>\n<h3>cal\u00e7ots cocidos<\/h3>\n<p>En primer lugar,. En primer lugar,. En primer lugar,. En primer lugar,. En primer lugar,. En primer lugar,. En primer lugar,. En primer lugar,. En primer lugar,. En primer lugar,. En primer lugar,. En primer lugar,. En primer lugar,. En primer lugar,. En primer lugar,. En primer lugar,. En primer lugar,. En primer lugar,. En primer lugar,. En primer lugar,. En primer lugar,. En primer lugar,.<\/p>\n<\/div>","protected":false},"excerpt":{"rendered":"<p>SALSAS FRUTOS y CASTILLO DE ORO patrocinadores oficial de la Gran Fiesta de la Cal\u00e7otada de Valls. SALSAS FRUTOS y CASTILLO DE ORO ambas empresas del Alt Camp, renuevan como patrocinadores oficiales de la Gran Fiesta de la Cal\u00e7otada de Valls \u2013 la manifestaci\u00f3n gastron\u00f3mica m\u00e1s importante de Catalu\u00f1a\u2013 un d\u00eda festivo, popular, tradicional y promocional\u2026<\/p>","protected":false},"author":1,"featured_media":14455,"comment_status":"closed","ping_status":"closed","sticky":false,"template":"","format":"standard","meta":{"inline_featured_image":false,"footnotes":""},"categories":[1],"tags":[208,210,221],"class_list":["post-14454","post","type-post","status-publish","format-standard","has-post-thumbnail","hentry","category-noticies","tag-festa-calcotada-valls","tag-salsa-calcot","tag-salsa-calcotada"],"yoast_head":"<!-- This site is optimized with the Yoast SEO plugin v26.7 - https:\/\/yoast.com\/wordpress\/plugins\/seo\/ -->\n<title>Salses Fruits patrocina la Gran Festa de la Cal\u00e7otada 2023 - Salses Fruits<\/title>\n<meta name=\"robots\" content=\"index, follow, max-snippet:-1, max-image-preview:large, max-video-preview:-1\" \/>\n<link rel=\"canonical\" href=\"https:\/\/fruitssp.com\/es\/noticies\/salses-fruits-patrocina-la-gran-festa-de-la-calcotada-2023\/\" \/>\n<meta property=\"og:locale\" content=\"es_ES\" \/>\n<meta property=\"og:type\" content=\"article\" \/>\n<meta property=\"og:title\" content=\"Salses Fruits patrocina la Gran Festa de la Cal\u00e7otada 2023 - Salses Fruits\" \/>\n<meta property=\"og:description\" content=\"SALSES FRUITS i CASTELL D\u2019OR patrocinadors oficial de la Gran Festa de la Cal\u00e7otada de Valls. SALSES FRUITS i CASTELL D&#8217;OR ambdues empreses de l\u2019Alt Camp, renoven com a patrocinadors oficials de la Gran Festa de la Cal\u00e7otada de Valls \u2013 la manifestaci\u00f3 gastron\u00f2mica m\u00e9s important de Catalunya\u2013 una diada festiva, popular, tradicional i promocional...\" \/>\n<meta property=\"og:url\" content=\"https:\/\/fruitssp.com\/es\/noticies\/salses-fruits-patrocina-la-gran-festa-de-la-calcotada-2023\/\" \/>\n<meta property=\"og:site_name\" content=\"Salses Fruits\" \/>\n<meta property=\"article:publisher\" content=\"https:\/\/www.facebook.com\/Salses-Fruits-SP-1137777022906379\/\" \/>\n<meta property=\"article:published_time\" content=\"2023-01-09T17:37:46+00:00\" \/>\n<meta property=\"article:modified_time\" content=\"2023-07-26T17:44:52+00:00\" \/>\n<meta property=\"og:image\" content=\"https:\/\/fruitssp.com\/wp-content\/uploads\/2023\/07\/garnfestacalcotada2023.jpg\" \/>\n\t<meta property=\"og:image:width\" content=\"1200\" \/>\n\t<meta property=\"og:image:height\" content=\"1687\" \/>\n\t<meta property=\"og:image:type\" content=\"image\/jpeg\" \/>\n<meta name=\"author\" content=\"fruitssp\" \/>\n<meta name=\"twitter:card\" content=\"summary_large_image\" \/>\n<meta name=\"twitter:label1\" content=\"Escrito por\" \/>\n\t<meta name=\"twitter:data1\" content=\"fruitssp\" \/>\n\t<meta name=\"twitter:label2\" content=\"Tiempo de lectura\" \/>\n\t<meta name=\"twitter:data2\" content=\"7 minutos\" \/>\n<!-- \/ Yoast SEO plugin. -->","yoast_head_json":{"title":"Salses Fruits patrocina la Gran Festa de la Cal\u00e7otada 2023 - Salses Fruits","robots":{"index":"index","follow":"follow","max-snippet":"max-snippet:-1","max-image-preview":"max-image-preview:large","max-video-preview":"max-video-preview:-1"},"canonical":"https:\/\/fruitssp.com\/es\/noticies\/salses-fruits-patrocina-la-gran-festa-de-la-calcotada-2023\/","og_locale":"es_ES","og_type":"article","og_title":"Salses Fruits patrocina la Gran Festa de la Cal\u00e7otada 2023 - Salses Fruits","og_description":"SALSES FRUITS i CASTELL D\u2019OR patrocinadors oficial de la Gran Festa de la Cal\u00e7otada de Valls. SALSES FRUITS i CASTELL D&#8217;OR ambdues empreses de l\u2019Alt Camp, renoven com a patrocinadors oficials de la Gran Festa de la Cal\u00e7otada de Valls \u2013 la manifestaci\u00f3 gastron\u00f2mica m\u00e9s important de Catalunya\u2013 una diada festiva, popular, tradicional i promocional...","og_url":"https:\/\/fruitssp.com\/es\/noticies\/salses-fruits-patrocina-la-gran-festa-de-la-calcotada-2023\/","og_site_name":"Salses Fruits","article_publisher":"https:\/\/www.facebook.com\/Salses-Fruits-SP-1137777022906379\/","article_published_time":"2023-01-09T17:37:46+00:00","article_modified_time":"2023-07-26T17:44:52+00:00","og_image":[{"width":1200,"height":1687,"url":"https:\/\/fruitssp.com\/wp-content\/uploads\/2023\/07\/garnfestacalcotada2023.jpg","type":"image\/jpeg"}],"author":"fruitssp","twitter_card":"summary_large_image","twitter_misc":{"Escrito por":"fruitssp","Tiempo de lectura":"7 minutos"},"schema":{"@context":"https:\/\/schema.org","@graph":[{"@type":"Article","@id":"https:\/\/fruitssp.com\/noticies\/salses-fruits-patrocina-la-gran-festa-de-la-calcotada-2023\/#article","isPartOf":{"@id":"https:\/\/fruitssp.com\/noticies\/salses-fruits-patrocina-la-gran-festa-de-la-calcotada-2023\/"},"author":{"name":"fruitssp","@id":"https:\/\/fruitssp.com\/#\/schema\/person\/74f4a70f480644ed06e5945c13b509c8"},"headline":"Salses Fruits patrocina la Gran Festa de la Cal\u00e7otada 2023","datePublished":"2023-01-09T17:37:46+00:00","dateModified":"2023-07-26T17:44:52+00:00","mainEntityOfPage":{"@id":"https:\/\/fruitssp.com\/noticies\/salses-fruits-patrocina-la-gran-festa-de-la-calcotada-2023\/"},"wordCount":1278,"publisher":{"@id":"https:\/\/fruitssp.com\/#organization"},"image":{"@id":"https:\/\/fruitssp.com\/noticies\/salses-fruits-patrocina-la-gran-festa-de-la-calcotada-2023\/#primaryimage"},"thumbnailUrl":"https:\/\/fruitssp.com\/wp-content\/uploads\/2023\/07\/garnfestacalcotada2023.jpg","keywords":["festa cal\u00e7otada valls","salsa cal\u00e7ot","salsa cal\u00e7otada"],"articleSection":["Noticies"],"inLanguage":"es"},{"@type":"WebPage","@id":"https:\/\/fruitssp.com\/noticies\/salses-fruits-patrocina-la-gran-festa-de-la-calcotada-2023\/","url":"https:\/\/fruitssp.com\/noticies\/salses-fruits-patrocina-la-gran-festa-de-la-calcotada-2023\/","name":"Salses Fruits patrocina la Gran Festa de la Cal\u00e7otada 2023 - Salses Fruits","isPartOf":{"@id":"https:\/\/fruitssp.com\/#website"},"primaryImageOfPage":{"@id":"https:\/\/fruitssp.com\/noticies\/salses-fruits-patrocina-la-gran-festa-de-la-calcotada-2023\/#primaryimage"},"image":{"@id":"https:\/\/fruitssp.com\/noticies\/salses-fruits-patrocina-la-gran-festa-de-la-calcotada-2023\/#primaryimage"},"thumbnailUrl":"https:\/\/fruitssp.com\/wp-content\/uploads\/2023\/07\/garnfestacalcotada2023.jpg","datePublished":"2023-01-09T17:37:46+00:00","dateModified":"2023-07-26T17:44:52+00:00","breadcrumb":{"@id":"https:\/\/fruitssp.com\/noticies\/salses-fruits-patrocina-la-gran-festa-de-la-calcotada-2023\/#breadcrumb"},"inLanguage":"es","potentialAction":[{"@type":"ReadAction","target":["https:\/\/fruitssp.com\/noticies\/salses-fruits-patrocina-la-gran-festa-de-la-calcotada-2023\/"]}]},{"@type":"ImageObject","inLanguage":"es","@id":"https:\/\/fruitssp.com\/noticies\/salses-fruits-patrocina-la-gran-festa-de-la-calcotada-2023\/#primaryimage","url":"https:\/\/fruitssp.com\/wp-content\/uploads\/2023\/07\/garnfestacalcotada2023.jpg","contentUrl":"https:\/\/fruitssp.com\/wp-content\/uploads\/2023\/07\/garnfestacalcotada2023.jpg","width":1200,"height":1687},{"@type":"BreadcrumbList","@id":"https:\/\/fruitssp.com\/noticies\/salses-fruits-patrocina-la-gran-festa-de-la-calcotada-2023\/#breadcrumb","itemListElement":[{"@type":"ListItem","position":1,"name":"Inici","item":"https:\/\/fruitssp.com\/"},{"@type":"ListItem","position":2,"name":"Salses Fruits patrocina la Gran Festa de la Cal\u00e7otada 2023"}]},{"@type":"WebSite","@id":"https:\/\/fruitssp.com\/#website","url":"https:\/\/fruitssp.com\/","name":"FruitsSP","description":"Salsas y productos frescos y naturales, de la tierra del cal\u00e7ot","publisher":{"@id":"https:\/\/fruitssp.com\/#organization"},"potentialAction":[{"@type":"SearchAction","target":{"@type":"EntryPoint","urlTemplate":"https:\/\/fruitssp.com\/?s={search_term_string}"},"query-input":{"@type":"PropertyValueSpecification","valueRequired":true,"valueName":"search_term_string"}}],"inLanguage":"es"},{"@type":"Organization","@id":"https:\/\/fruitssp.com\/#organization","name":"Salsas Frutos S &amp; P","url":"https:\/\/fruitssp.com\/","logo":{"@type":"ImageObject","inLanguage":"es","@id":"https:\/\/fruitssp.com\/#\/schema\/logo\/image\/","url":"https:\/\/fruitssp.com\/wp-content\/uploads\/2022\/12\/logoFruits_472x406.png","contentUrl":"https:\/\/fruitssp.com\/wp-content\/uploads\/2022\/12\/logoFruits_472x406.png","width":472,"height":406,"caption":"Salses Fruits S&P"},"image":{"@id":"https:\/\/fruitssp.com\/#\/schema\/logo\/image\/"},"sameAs":["https:\/\/www.facebook.com\/Salses-Fruits-SP-1137777022906379\/","https:\/\/www.instagram.com\/salsesfruitssp\/","https:\/\/www.linkedin.com\/company\/salses-fruits-s-i-p-sl\/"]},{"@type":"Person","@id":"https:\/\/fruitssp.com\/#\/schema\/person\/74f4a70f480644ed06e5945c13b509c8","name":"fruitssp"}]}},"_links":{"self":[{"href":"https:\/\/fruitssp.com\/es\/wp-json\/wp\/v2\/posts\/14454","targetHints":{"allow":["GET"]}}],"collection":[{"href":"https:\/\/fruitssp.com\/es\/wp-json\/wp\/v2\/posts"}],"about":[{"href":"https:\/\/fruitssp.com\/es\/wp-json\/wp\/v2\/types\/post"}],"author":[{"embeddable":true,"href":"https:\/\/fruitssp.com\/es\/wp-json\/wp\/v2\/users\/1"}],"replies":[{"embeddable":true,"href":"https:\/\/fruitssp.com\/es\/wp-json\/wp\/v2\/comments?post=14454"}],"version-history":[{"count":0,"href":"https:\/\/fruitssp.com\/es\/wp-json\/wp\/v2\/posts\/14454\/revisions"}],"wp:featuredmedia":[{"embeddable":true,"href":"https:\/\/fruitssp.com\/es\/wp-json\/wp\/v2\/media\/14455"}],"wp:attachment":[{"href":"https:\/\/fruitssp.com\/es\/wp-json\/wp\/v2\/media?parent=14454"}],"wp:term":[{"taxonomy":"category","embeddable":true,"href":"https:\/\/fruitssp.com\/es\/wp-json\/wp\/v2\/categories?post=14454"},{"taxonomy":"post_tag","embeddable":true,"href":"https:\/\/fruitssp.com\/es\/wp-json\/wp\/v2\/tags?post=14454"}],"curies":[{"name":"wp","href":"https:\/\/api.w.org\/{rel}","templated":true}]}}