{"id":14640,"date":"2023-09-05T14:39:45","date_gmt":"2023-09-05T14:39:45","guid":{"rendered":"https:\/\/fruitssp.com\/?p=14640"},"modified":"2023-09-05T14:46:04","modified_gmt":"2023-09-05T14:46:04","slug":"salses-fruits-collabora-en-el-sopar-de-la-fam-dalcover","status":"publish","type":"post","link":"https:\/\/fruitssp.com\/es\/noticies\/salses-fruits-collabora-en-el-sopar-de-la-fam-dalcover\/","title":{"rendered":"Salses Fruits colabora en la cena del hambre de Alcover"},"content":{"rendered":"<section class=\"l-section wpb_row height_medium\"><div class=\"l-section-h i-cf\"><div class=\"g-cols vc_row via_grid cols_1 laptops-cols_inherit tablets-cols_inherit mobiles-cols_1 valign_top type_default stacking_default\"><div class=\"wpb_column vc_column_container\"><div class=\"vc_column-inner\"><div class=\"wpb_text_column\"><div class=\"wpb_wrapper\"><figure id=\"attachment_14641\" aria-describedby=\"caption-attachment-14641\" style=\"width: 1417px\" class=\"wp-caption alignright\"><img loading=\"lazy\" decoding=\"async\" class=\"wp-image-14641 size-full\" src=\"https:\/\/fruitssp.com\/wp-content\/uploads\/2023\/09\/Alcover-pavello-escoles-sopar-de-la-fam-26-8-23.JPG_web.jpg\" alt=\"Sopar de la Fam 2023 Alcover\" width=\"1417\" height=\"945\" srcset=\"https:\/\/fruitssp.com\/wp-content\/uploads\/2023\/09\/Alcover-pavello-escoles-sopar-de-la-fam-26-8-23.JPG_web.jpg 1417w, https:\/\/fruitssp.com\/wp-content\/uploads\/2023\/09\/Alcover-pavello-escoles-sopar-de-la-fam-26-8-23.JPG_web-300x200.jpg 300w, https:\/\/fruitssp.com\/wp-content\/uploads\/2023\/09\/Alcover-pavello-escoles-sopar-de-la-fam-26-8-23.JPG_web-1024x683.jpg 1024w, https:\/\/fruitssp.com\/wp-content\/uploads\/2023\/09\/Alcover-pavello-escoles-sopar-de-la-fam-26-8-23.JPG_web-18x12.jpg 18w, https:\/\/fruitssp.com\/wp-content\/uploads\/2023\/09\/Alcover-pavello-escoles-sopar-de-la-fam-26-8-23.JPG_web-600x400.jpg 600w, https:\/\/fruitssp.com\/wp-content\/uploads\/2023\/09\/Alcover-pavello-escoles-sopar-de-la-fam-26-8-23.JPG_web-768x512.jpg 768w, https:\/\/fruitssp.com\/wp-content\/uploads\/2023\/09\/Alcover-pavello-escoles-sopar-de-la-fam-26-8-23.JPG_web-900x600.jpg 900w\" sizes=\"auto, (max-width: 1417px) 100vw, 1417px\" \/><figcaption id=\"caption-attachment-14641\" class=\"wp-caption-text\">Fotograf\u00eda: \u00a9 El Vallenc<\/figcaption><\/figure>\n<blockquote>\n<p class=\"p1\"><strong><span class=\"s1\">El evento solidario recaud\u00f3 1609<\/span><span class=\"s2\">\u202f <\/span><span class=\"s1\">\u20ac para Manos Unidas<\/span><\/strong><\/p>\n<\/blockquote>\n<p class=\"p1\"><span class=\"s1\"><b>Salses Fruits<\/b> fue una de las empresas colaboradoras que aport\u00f3 producto a la cena del hambre que organiz\u00f3 la parroquia de Alcover, junto a Manos Unidas y con la colaboraci\u00f3n del Ayuntamiento de Alcover. El evento que se llev\u00f3 a cabo el pasado s\u00e1bado, d\u00eda 26 de agosto, en el Pabell\u00f3n, se consiguieron 1.609 \u20ac, entre la presencia de 100 personas en la cena, las aportaciones \u201cmesa 0\u201d y la venta de merchandising.<\/span><\/p>\n<p class=\"p1\"><span class=\"s1\">El 100% de los productos de la cena estuvieron dados por diferentes empresas y tiendas: La cantidad conseguida ser\u00e1 destinada al acompa\u00f1amiento del proyecto de desarrollo de dicha ONG: Acceso al h\u00e1bitat seguro y medios de vida para familias tribales en Goalpara ( India).<\/span><\/p>\n<p>&nbsp;<\/p>\n<p class=\"p1\"><span class=\"s1\">Lee la noticia entera en <a href=\"https:\/\/www.elvallenc.cat\/noticia\/53558\/alcover-recapta-diners-per-a-families-tribals-al-sopar-de-la-fam\" target=\"_blank\" rel=\"noopener\">www.elvallenc.cat<\/a><\/span><\/p>\n<p class=\"p1\"><span class=\"s1\">M\u00e1s informaci\u00f3n en <a href=\"https:\/\/www.alcover.cat\/index.php?option=com_content&amp;view=article&amp;id=5066:soparfam2023&amp;catid=44:destacades\" target=\"_blank\" rel=\"noopener\">www.alcover.cat<\/a> y <a style=\"text-decoration: none!important;\" href=\"https:\/\/www.mansunides.org\/delegacion\/tarragona\/actividad\/cena-hambre-alcover\" target=\"_blank\" rel=\"noopener\">www.mansunides.org<\/a><\/span><\/p>\n<p>&nbsp;<\/p>\n<p class=\"p1\"><span class=\"s1\"><img loading=\"lazy\" decoding=\"async\" class=\"wp-image-14643 aligncenter\" src=\"https:\/\/fruitssp.com\/wp-content\/uploads\/2023\/09\/mans-unides-cartell.jpg\" alt=\"\" width=\"699\" height=\"759\" srcset=\"https:\/\/fruitssp.com\/wp-content\/uploads\/2023\/09\/mans-unides-cartell.jpg 774w, https:\/\/fruitssp.com\/wp-content\/uploads\/2023\/09\/mans-unides-cartell-276x300.jpg 276w, https:\/\/fruitssp.com\/wp-content\/uploads\/2023\/09\/mans-unides-cartell-11x12.jpg 11w, https:\/\/fruitssp.com\/wp-content\/uploads\/2023\/09\/mans-unides-cartell-600x651.jpg 600w, https:\/\/fruitssp.com\/wp-content\/uploads\/2023\/09\/mans-unides-cartell-768x833.jpg 768w, https:\/\/fruitssp.com\/wp-content\/uploads\/2023\/09\/mans-unides-cartell-300x326.jpg 300w\" sizes=\"auto, (max-width: 699px) 100vw, 699px\" \/><\/span><\/p>\n<\/div><\/div><\/div><\/div><\/div><\/div><\/section>","protected":false},"excerpt":{"rendered":"Foto: \u00a9 El Vallenc El evento solidario recaud\u00f3 1609 \u20ac por Manos Unidas Salsas Fruits fue una de las empresas colaboradoras que aport\u00f3 producto a la cena del hambre que organiz\u00f3 la parroquia de Alcover, junto con Manos Unidas y con la colaboraci\u00f3n del Ayuntamiento de Alcover. El evento que se llev\u00f3 a cabo...","protected":false},"author":1,"featured_media":14641,"comment_status":"closed","ping_status":"closed","sticky":false,"template":"","format":"standard","meta":{"inline_featured_image":false,"footnotes":""},"categories":[1],"tags":[],"class_list":["post-14640","post","type-post","status-publish","format-standard","has-post-thumbnail","hentry","category-noticies"],"yoast_head":"<!-- This site is optimized with the Yoast SEO plugin v26.7 - https:\/\/yoast.com\/wordpress\/plugins\/seo\/ -->\n<title>Salses Fruits col\u00b7labora en el sopar de la fam d&#039;Alcover - Salses Fruits<\/title>\n<meta name=\"robots\" content=\"index, follow, max-snippet:-1, max-image-preview:large, max-video-preview:-1\" \/>\n<link rel=\"canonical\" href=\"https:\/\/fruitssp.com\/es\/noticies\/salses-fruits-collabora-en-el-sopar-de-la-fam-dalcover\/\" \/>\n<meta property=\"og:locale\" content=\"es_ES\" \/>\n<meta property=\"og:type\" content=\"article\" \/>\n<meta property=\"og:title\" content=\"Salses Fruits col\u00b7labora en el sopar de la fam d&#039;Alcover - Salses Fruits\" \/>\n<meta property=\"og:url\" content=\"https:\/\/fruitssp.com\/es\/noticies\/salses-fruits-collabora-en-el-sopar-de-la-fam-dalcover\/\" \/>\n<meta property=\"og:site_name\" content=\"Salses Fruits\" \/>\n<meta property=\"article:publisher\" content=\"https:\/\/www.facebook.com\/Salses-Fruits-SP-1137777022906379\/\" \/>\n<meta property=\"article:published_time\" content=\"2023-09-05T14:39:45+00:00\" \/>\n<meta property=\"article:modified_time\" content=\"2023-09-05T14:46:04+00:00\" \/>\n<meta property=\"og:image\" content=\"https:\/\/fruitssp.com\/wp-content\/uploads\/2023\/09\/Alcover-pavello-escoles-sopar-de-la-fam-26-8-23.JPG_web.jpg\" \/>\n\t<meta property=\"og:image:width\" content=\"1417\" \/>\n\t<meta property=\"og:image:height\" content=\"945\" \/>\n\t<meta property=\"og:image:type\" content=\"image\/jpeg\" \/>\n<meta name=\"author\" content=\"fruitssp\" \/>\n<meta name=\"twitter:card\" content=\"summary_large_image\" \/>\n<meta name=\"twitter:label1\" content=\"Escrito por\" \/>\n\t<meta name=\"twitter:data1\" content=\"fruitssp\" \/>\n\t<meta name=\"twitter:label2\" content=\"Tiempo de lectura\" \/>\n\t<meta name=\"twitter:data2\" content=\"2 minutos\" \/>\n<!-- \/ Yoast SEO plugin. -->","yoast_head_json":{"title":"Salses Fruits col\u00b7labora en el sopar de la fam d'Alcover - Salses Fruits","robots":{"index":"index","follow":"follow","max-snippet":"max-snippet:-1","max-image-preview":"max-image-preview:large","max-video-preview":"max-video-preview:-1"},"canonical":"https:\/\/fruitssp.com\/es\/noticies\/salses-fruits-collabora-en-el-sopar-de-la-fam-dalcover\/","og_locale":"es_ES","og_type":"article","og_title":"Salses Fruits col\u00b7labora en el sopar de la fam d'Alcover - Salses Fruits","og_url":"https:\/\/fruitssp.com\/es\/noticies\/salses-fruits-collabora-en-el-sopar-de-la-fam-dalcover\/","og_site_name":"Salses Fruits","article_publisher":"https:\/\/www.facebook.com\/Salses-Fruits-SP-1137777022906379\/","article_published_time":"2023-09-05T14:39:45+00:00","article_modified_time":"2023-09-05T14:46:04+00:00","og_image":[{"width":1417,"height":945,"url":"https:\/\/fruitssp.com\/wp-content\/uploads\/2023\/09\/Alcover-pavello-escoles-sopar-de-la-fam-26-8-23.JPG_web.jpg","type":"image\/jpeg"}],"author":"fruitssp","twitter_card":"summary_large_image","twitter_misc":{"Escrito por":"fruitssp","Tiempo de lectura":"2 minutos"},"schema":{"@context":"https:\/\/schema.org","@graph":[{"@type":"Article","@id":"https:\/\/fruitssp.com\/noticies\/salses-fruits-collabora-en-el-sopar-de-la-fam-dalcover\/#article","isPartOf":{"@id":"https:\/\/fruitssp.com\/noticies\/salses-fruits-collabora-en-el-sopar-de-la-fam-dalcover\/"},"author":{"name":"fruitssp","@id":"https:\/\/fruitssp.com\/#\/schema\/person\/74f4a70f480644ed06e5945c13b509c8"},"headline":"Salses Fruits col\u00b7labora en el sopar de la fam d&#8217;Alcover","datePublished":"2023-09-05T14:39:45+00:00","dateModified":"2023-09-05T14:46:04+00:00","mainEntityOfPage":{"@id":"https:\/\/fruitssp.com\/noticies\/salses-fruits-collabora-en-el-sopar-de-la-fam-dalcover\/"},"wordCount":181,"publisher":{"@id":"https:\/\/fruitssp.com\/#organization"},"image":{"@id":"https:\/\/fruitssp.com\/noticies\/salses-fruits-collabora-en-el-sopar-de-la-fam-dalcover\/#primaryimage"},"thumbnailUrl":"https:\/\/fruitssp.com\/wp-content\/uploads\/2023\/09\/Alcover-pavello-escoles-sopar-de-la-fam-26-8-23.JPG_web.jpg","articleSection":["Noticies"],"inLanguage":"es"},{"@type":"WebPage","@id":"https:\/\/fruitssp.com\/noticies\/salses-fruits-collabora-en-el-sopar-de-la-fam-dalcover\/","url":"https:\/\/fruitssp.com\/noticies\/salses-fruits-collabora-en-el-sopar-de-la-fam-dalcover\/","name":"Salses Fruits col\u00b7labora en el sopar de la fam d'Alcover - Salses Fruits","isPartOf":{"@id":"https:\/\/fruitssp.com\/#website"},"primaryImageOfPage":{"@id":"https:\/\/fruitssp.com\/noticies\/salses-fruits-collabora-en-el-sopar-de-la-fam-dalcover\/#primaryimage"},"image":{"@id":"https:\/\/fruitssp.com\/noticies\/salses-fruits-collabora-en-el-sopar-de-la-fam-dalcover\/#primaryimage"},"thumbnailUrl":"https:\/\/fruitssp.com\/wp-content\/uploads\/2023\/09\/Alcover-pavello-escoles-sopar-de-la-fam-26-8-23.JPG_web.jpg","datePublished":"2023-09-05T14:39:45+00:00","dateModified":"2023-09-05T14:46:04+00:00","breadcrumb":{"@id":"https:\/\/fruitssp.com\/noticies\/salses-fruits-collabora-en-el-sopar-de-la-fam-dalcover\/#breadcrumb"},"inLanguage":"es","potentialAction":[{"@type":"ReadAction","target":["https:\/\/fruitssp.com\/noticies\/salses-fruits-collabora-en-el-sopar-de-la-fam-dalcover\/"]}]},{"@type":"ImageObject","inLanguage":"es","@id":"https:\/\/fruitssp.com\/noticies\/salses-fruits-collabora-en-el-sopar-de-la-fam-dalcover\/#primaryimage","url":"https:\/\/fruitssp.com\/wp-content\/uploads\/2023\/09\/Alcover-pavello-escoles-sopar-de-la-fam-26-8-23.JPG_web.jpg","contentUrl":"https:\/\/fruitssp.com\/wp-content\/uploads\/2023\/09\/Alcover-pavello-escoles-sopar-de-la-fam-26-8-23.JPG_web.jpg","width":1417,"height":945},{"@type":"BreadcrumbList","@id":"https:\/\/fruitssp.com\/noticies\/salses-fruits-collabora-en-el-sopar-de-la-fam-dalcover\/#breadcrumb","itemListElement":[{"@type":"ListItem","position":1,"name":"Inici","item":"https:\/\/fruitssp.com\/"},{"@type":"ListItem","position":2,"name":"Salses Fruits col\u00b7labora en el sopar de la fam d&#8217;Alcover"}]},{"@type":"WebSite","@id":"https:\/\/fruitssp.com\/#website","url":"https:\/\/fruitssp.com\/","name":"FruitsSP","description":"Salsas y productos frescos y naturales, de la tierra del cal\u00e7ot","publisher":{"@id":"https:\/\/fruitssp.com\/#organization"},"potentialAction":[{"@type":"SearchAction","target":{"@type":"EntryPoint","urlTemplate":"https:\/\/fruitssp.com\/?s={search_term_string}"},"query-input":{"@type":"PropertyValueSpecification","valueRequired":true,"valueName":"search_term_string"}}],"inLanguage":"es"},{"@type":"Organization","@id":"https:\/\/fruitssp.com\/#organization","name":"Salsas Frutos S &amp; P","url":"https:\/\/fruitssp.com\/","logo":{"@type":"ImageObject","inLanguage":"es","@id":"https:\/\/fruitssp.com\/#\/schema\/logo\/image\/","url":"https:\/\/fruitssp.com\/wp-content\/uploads\/2022\/12\/logoFruits_472x406.png","contentUrl":"https:\/\/fruitssp.com\/wp-content\/uploads\/2022\/12\/logoFruits_472x406.png","width":472,"height":406,"caption":"Salses Fruits S&P"},"image":{"@id":"https:\/\/fruitssp.com\/#\/schema\/logo\/image\/"},"sameAs":["https:\/\/www.facebook.com\/Salses-Fruits-SP-1137777022906379\/","https:\/\/www.instagram.com\/salsesfruitssp\/","https:\/\/www.linkedin.com\/company\/salses-fruits-s-i-p-sl\/"]},{"@type":"Person","@id":"https:\/\/fruitssp.com\/#\/schema\/person\/74f4a70f480644ed06e5945c13b509c8","name":"fruitssp"}]}},"_links":{"self":[{"href":"https:\/\/fruitssp.com\/es\/wp-json\/wp\/v2\/posts\/14640","targetHints":{"allow":["GET"]}}],"collection":[{"href":"https:\/\/fruitssp.com\/es\/wp-json\/wp\/v2\/posts"}],"about":[{"href":"https:\/\/fruitssp.com\/es\/wp-json\/wp\/v2\/types\/post"}],"author":[{"embeddable":true,"href":"https:\/\/fruitssp.com\/es\/wp-json\/wp\/v2\/users\/1"}],"replies":[{"embeddable":true,"href":"https:\/\/fruitssp.com\/es\/wp-json\/wp\/v2\/comments?post=14640"}],"version-history":[{"count":0,"href":"https:\/\/fruitssp.com\/es\/wp-json\/wp\/v2\/posts\/14640\/revisions"}],"wp:featuredmedia":[{"embeddable":true,"href":"https:\/\/fruitssp.com\/es\/wp-json\/wp\/v2\/media\/14641"}],"wp:attachment":[{"href":"https:\/\/fruitssp.com\/es\/wp-json\/wp\/v2\/media?parent=14640"}],"wp:term":[{"taxonomy":"category","embeddable":true,"href":"https:\/\/fruitssp.com\/es\/wp-json\/wp\/v2\/categories?post=14640"},{"taxonomy":"post_tag","embeddable":true,"href":"https:\/\/fruitssp.com\/es\/wp-json\/wp\/v2\/tags?post=14640"}],"curies":[{"name":"wp","href":"https:\/\/api.w.org\/{rel}","templated":true}]}}