{"id":14722,"date":"2023-01-18T14:15:25","date_gmt":"2023-01-18T14:15:25","guid":{"rendered":"https:\/\/fruitssp.com\/?p=14722"},"modified":"2023-10-19T14:21:26","modified_gmt":"2023-10-19T14:21:26","slug":"concurs-de-salsa-calcotada-de-valls","status":"publish","type":"post","link":"https:\/\/fruitssp.com\/es\/noticies\/concurs-de-salsa-calcotada-de-valls\/","title":{"rendered":"Un nuevo mortero de Verd\u00fa por el 31 Concurso de Salsa Cal\u00e7otada de Valls 2023"},"content":{"rendered":"<p><img loading=\"lazy\" decoding=\"async\" class=\"alignnone wp-image-14720 size-full\" src=\"https:\/\/fruitssp.com\/wp-content\/uploads\/2023\/10\/Morter2023.jpg\" alt=\"\" width=\"1200\" height=\"900\" srcset=\"https:\/\/fruitssp.com\/wp-content\/uploads\/2023\/10\/Morter2023.jpg 1200w, https:\/\/fruitssp.com\/wp-content\/uploads\/2023\/10\/Morter2023-300x225.jpg 300w, https:\/\/fruitssp.com\/wp-content\/uploads\/2023\/10\/Morter2023-1024x768.jpg 1024w, https:\/\/fruitssp.com\/wp-content\/uploads\/2023\/10\/Morter2023-16x12.jpg 16w, https:\/\/fruitssp.com\/wp-content\/uploads\/2023\/10\/Morter2023-600x450.jpg 600w, https:\/\/fruitssp.com\/wp-content\/uploads\/2023\/10\/Morter2023-768x576.jpg 768w, https:\/\/fruitssp.com\/wp-content\/uploads\/2023\/10\/Morter2023-900x675.jpg 900w\" sizes=\"auto, (max-width: 1200px) 100vw, 1200px\" \/><\/p>\n<p>&nbsp;<\/p>\n<p>Figuerola del Camp, 18 de enero de 2023 \u2013 SALSES FRUITS, ser\u00e1 un a\u00f1o m\u00e1s, patrocinador oficial de la <a href=\"https:\/\/festacalcotadavalls.cat\/calcotada\/\"><strong>Gran Festa de la Cal\u00e7otada de Valls<\/strong><\/a>, junto con cavas Castell d&#039;Or.<\/p>\n<p>Salses Fruits continuar\u00e1 con su tradici\u00f3n, iniciada en 2017, obsequiando con un mortero exclusivo de barro a las tres personas ganadoras del <a href=\"https:\/\/festacalcotadavalls.cat\/concurs-de-menjar-calcots-pagina-4\/\"><strong>31\u00ba Concurso de Salsa de la Cal\u00e7otada de Valls<\/strong><\/a>.<\/p>\n<p>El <strong>concurso de Salsa Cal\u00e7otada de Valls<\/strong> tendr\u00e1 lugar el mismo domingo 29 de enero en la plaza del Blat de Valls, con demostraciones de c\u00f3mo se hace la t\u00edpica salsa.<\/p>\n<p>El mortero de esta edici\u00f3n lo ha realizado la alfarer\u00eda<strong> Cer\u00e1mica Font de Verd\u00fa<\/strong>. En otras ediciones lo hab\u00eda llevado a cabo el ceramista <strong>Antoni Maj\u00f3 de Breda<\/strong> (La Selva), <span class=\"s1\">la salsera de Santes Creus, <strong>del artista Jaume Satorra<\/strong>; el mortero de cer\u00e1mica <strong>Sambola de Verd\u00fa<\/strong>; el mortero alto o de la\u00fad de Miravet, del artesano <strong>Josep Papasseit<\/strong>; el mortero bajo de Miravet, hecho expresamente tambi\u00e9n por Papasseit y en 2022 fue el mortero verde de Miravet hecho por los alfareros <strong>Ventura de Miravet.<\/strong><\/span><\/p>\n<style>\n.w-blogpost-preview{background-image:none!important;background-color: transparent!important;}.w-blogpost{padding: 0!important;}.w-blogpost::after{background:none!important;}.w-blogpost h1{color: #29b28f!important;}.w-blogpost-meta *{color:#000000!important;}<\/style>\n<div style=\"display: none;\">\n<h2>Finaliza la 15\u00aa<\/h2>\n<h3>Finaliza la 15\u00aa<\/h3>\n<p>En primer lugar,. En primer lugar,. En primer lugar,. En primer lugar,. En primer lugar,. En primer lugar,. En primer lugar,. En primer lugar,. En primer lugar,. En primer lugar,. En primer lugar,. En primer lugar,. En primer lugar,. En primer lugar,. En primer lugar,. En primer lugar,. En primer lugar,. En primer lugar,. En primer lugar,. En primer lugar,. En primer lugar,. En primer lugar,. En primer lugar,. En primer lugar,. En primer lugar,. En primer lugar,. En primer lugar,. En primer lugar,. En primer lugar,. En primer lugar,. En primer lugar,. En primer lugar,. En primer lugar,. En primer lugar,. En primer lugar,. En primer lugar,. En primer lugar,. En primer lugar,. En primer lugar,. En primer lugar,.<\/p>\n<p>En primer lugar, oramos ipsum dolor sit amet, consectetur adipiscing \u00e9lite. In vestibulum pretium nisi vehicula congue. Curabitur lobortis tristique neque, quis puerta nisi tempus quis. Donec ultrices posuere \u00e9lite, sit amet tincidunt Orci consectetur quis. Mauris rhoncus tristique facil\u00edsimo. Por un lado, t congue v\u00e9lites velita, te faucibus l\u00edgulas volutpat te. A\u00fan as\u00ed, urabitur VENENATA ante quis elementum pellentesque. In a pretium sapien. Empiezan las cal\u00e7otades. Aliquam erat volutpat. Donec Viverra cursus Gravida. Fusce accumsan sed leo vitae tempus. Las picaduras m\u00e1s frescas <a href=\"https:\/\/tgd.cat\">TGDigital<\/a><a href=\"\/es\/\">frutos<\/a><\/p>\n<h3>Finaliza la 15\u00aa<\/h3>\n<p>Cabe decir que am CONVALLARIA libero non Turpin bibendum, vitae porttitor ex Orna. Por ejemplo, Raes consecuente Interdum ante, quis pellentesque sapien aliquet eu. Por un lado, ed commodo rhoncus magna velo aliquet. En tercer lugar, n hac habitasse platea dictumst. Phasellus ARCU leo, aliquet quis consecuente id, temporarias velo ARCU. Duis vulputate dign\u00edsimo placeres. Nulamente varices ARCU eu lorem rutrum scelerisque a vitae lectus. Sin ir m\u00e1s lejos, n vulputate at Turpin ac porttitor. Morbi aliquet bibendum odio, te rutrum tellus dapibus sit amet. Por \u00faltimo, Ruis sed m\u00ed quis ARCU.<\/p>\n<h3>cal\u00e7ots cocidos<\/h3>\n<p>Aunque no valencianos, ntegro sit amet placeres risus. A pesar de ello, ulla facil\u00edsimo. En segundo lugar, Oneca nec ipsum augue. Por otra parte, ivamus eros ex, ultrices mollis bibendum at, elementum sed lectus. Sin embargo, urabitur quis augue ac tellus tincidunt hendrerit. Donec erat purus, solicitud vitae v\u00e9lites vitae, feugiat dapibus diam. Cabe decir que Maecenas faucibus demasiado vitae erat elementum consectetur. Quisque finibus, purus velo Interdum vulputate, neque leo ultrices nisi, sed facil\u00edsimo nibh purus eget quam. Nunc nec libero eros. Las picaduras m\u00e1s frescas, por ejemplo. Sin ir m\u00e1s lejos, la picadura es buen\u00edsima. Nos encantar\u00eda que la orzata fuera probada por todos los comensales y, por supuesto, para todos los gourmands. Quisi\u00e9ramos, claro, hacerla conocida. Es por ello que la hacemos tan buena.<\/p>\n<h3>cal\u00e7ots cocidos<\/h3>\n<p>En primer lugar,. En primer lugar,. En primer lugar,. En primer lugar,. En primer lugar,. En primer lugar,. En primer lugar,. En primer lugar,. En primer lugar,. En primer lugar,. En primer lugar,. En primer lugar,. En primer lugar,. En primer lugar,. En primer lugar,. En primer lugar,. En primer lugar,. En primer lugar,. En primer lugar,. En primer lugar,. En primer lugar,. En primer lugar,.<\/p>\n<\/div>","protected":false},"excerpt":{"rendered":"<p>&nbsp; Figuerola del Camp, 18 de enero de 2023 \u2013 SALSES FRUITS, ser\u00e1 un a\u00f1o m\u00e1s, patrocinador oficial de la Gran Fiesta de la Cal\u00e7otada de Valls, junto con cavas Castell d&#039;Or. Salses Fruits continuar\u00e1 con su tradici\u00f3n, iniciada en 2017, obsequiando con un mortero exclusivo de barro a las tres personas ganadoras del\u2026<\/p>","protected":false},"author":1,"featured_media":14720,"comment_status":"closed","ping_status":"closed","sticky":false,"template":"","format":"standard","meta":{"inline_featured_image":false,"footnotes":""},"categories":[1],"tags":[],"class_list":["post-14722","post","type-post","status-publish","format-standard","has-post-thumbnail","hentry","category-noticies"],"yoast_head":"<!-- This site is optimized with the Yoast SEO plugin v26.7 - https:\/\/yoast.com\/wordpress\/plugins\/seo\/ -->\n<title>Un nou morter de Verd\u00fa pel 31\u00e8 Concurs de Salsa Cal\u00e7otada de Valls 2023 - Salses Fruits<\/title>\n<meta name=\"robots\" content=\"index, follow, max-snippet:-1, max-image-preview:large, max-video-preview:-1\" \/>\n<link rel=\"canonical\" href=\"https:\/\/fruitssp.com\/es\/noticies\/concurs-de-salsa-calcotada-de-valls\/\" \/>\n<meta property=\"og:locale\" content=\"es_ES\" \/>\n<meta property=\"og:type\" content=\"article\" \/>\n<meta property=\"og:title\" content=\"Un nou morter de Verd\u00fa pel 31\u00e8 Concurs de Salsa Cal\u00e7otada de Valls 2023 - Salses Fruits\" \/>\n<meta property=\"og:description\" content=\"&nbsp; Figuerola del Camp, 18 de gener de 2023 &#8211; SALSES FRUITS, ser\u00e0 un any m\u00e9s, patrocinador oficial de la Gran Festa de la Cal\u00e7otada de Valls, juntament amb caves Castell d&#8217;Or. Salses Fruits continuar\u00e0 amb la seva tradici\u00f3, iniciada el 2017, obsequiant amb un morter exclusiu de terrissa a les tres persones guanyadores del...\" \/>\n<meta property=\"og:url\" content=\"https:\/\/fruitssp.com\/es\/noticies\/concurs-de-salsa-calcotada-de-valls\/\" \/>\n<meta property=\"og:site_name\" content=\"Salses Fruits\" \/>\n<meta property=\"article:publisher\" content=\"https:\/\/www.facebook.com\/Salses-Fruits-SP-1137777022906379\/\" \/>\n<meta property=\"article:published_time\" content=\"2023-01-18T14:15:25+00:00\" \/>\n<meta property=\"article:modified_time\" content=\"2023-10-19T14:21:26+00:00\" \/>\n<meta property=\"og:image\" content=\"https:\/\/fruitssp.com\/wp-content\/uploads\/2023\/10\/Morter2023.jpg\" \/>\n\t<meta property=\"og:image:width\" content=\"1200\" \/>\n\t<meta property=\"og:image:height\" content=\"900\" \/>\n\t<meta property=\"og:image:type\" content=\"image\/jpeg\" \/>\n<meta name=\"author\" content=\"fruitssp\" \/>\n<meta name=\"twitter:card\" content=\"summary_large_image\" \/>\n<meta name=\"twitter:label1\" content=\"Escrito por\" \/>\n\t<meta name=\"twitter:data1\" content=\"fruitssp\" \/>\n\t<meta name=\"twitter:label2\" content=\"Tiempo de lectura\" \/>\n\t<meta name=\"twitter:data2\" content=\"4 minutos\" \/>\n<!-- \/ Yoast SEO plugin. -->","yoast_head_json":{"title":"Un nou morter de Verd\u00fa pel 31\u00e8 Concurs de Salsa Cal\u00e7otada de Valls 2023 - Salses Fruits","robots":{"index":"index","follow":"follow","max-snippet":"max-snippet:-1","max-image-preview":"max-image-preview:large","max-video-preview":"max-video-preview:-1"},"canonical":"https:\/\/fruitssp.com\/es\/noticies\/concurs-de-salsa-calcotada-de-valls\/","og_locale":"es_ES","og_type":"article","og_title":"Un nou morter de Verd\u00fa pel 31\u00e8 Concurs de Salsa Cal\u00e7otada de Valls 2023 - Salses Fruits","og_description":"&nbsp; Figuerola del Camp, 18 de gener de 2023 &#8211; SALSES FRUITS, ser\u00e0 un any m\u00e9s, patrocinador oficial de la Gran Festa de la Cal\u00e7otada de Valls, juntament amb caves Castell d&#8217;Or. Salses Fruits continuar\u00e0 amb la seva tradici\u00f3, iniciada el 2017, obsequiant amb un morter exclusiu de terrissa a les tres persones guanyadores del...","og_url":"https:\/\/fruitssp.com\/es\/noticies\/concurs-de-salsa-calcotada-de-valls\/","og_site_name":"Salses Fruits","article_publisher":"https:\/\/www.facebook.com\/Salses-Fruits-SP-1137777022906379\/","article_published_time":"2023-01-18T14:15:25+00:00","article_modified_time":"2023-10-19T14:21:26+00:00","og_image":[{"width":1200,"height":900,"url":"https:\/\/fruitssp.com\/wp-content\/uploads\/2023\/10\/Morter2023.jpg","type":"image\/jpeg"}],"author":"fruitssp","twitter_card":"summary_large_image","twitter_misc":{"Escrito por":"fruitssp","Tiempo de lectura":"4 minutos"},"schema":{"@context":"https:\/\/schema.org","@graph":[{"@type":"Article","@id":"https:\/\/fruitssp.com\/noticies\/concurs-de-salsa-calcotada-de-valls\/#article","isPartOf":{"@id":"https:\/\/fruitssp.com\/noticies\/concurs-de-salsa-calcotada-de-valls\/"},"author":{"name":"fruitssp","@id":"https:\/\/fruitssp.com\/#\/schema\/person\/74f4a70f480644ed06e5945c13b509c8"},"headline":"Un nou morter de Verd\u00fa pel 31\u00e8 Concurs de Salsa Cal\u00e7otada de Valls 2023","datePublished":"2023-01-18T14:15:25+00:00","dateModified":"2023-10-19T14:21:26+00:00","mainEntityOfPage":{"@id":"https:\/\/fruitssp.com\/noticies\/concurs-de-salsa-calcotada-de-valls\/"},"wordCount":711,"publisher":{"@id":"https:\/\/fruitssp.com\/#organization"},"image":{"@id":"https:\/\/fruitssp.com\/noticies\/concurs-de-salsa-calcotada-de-valls\/#primaryimage"},"thumbnailUrl":"https:\/\/fruitssp.com\/wp-content\/uploads\/2023\/10\/Morter2023.jpg","articleSection":["Noticies"],"inLanguage":"es"},{"@type":"WebPage","@id":"https:\/\/fruitssp.com\/noticies\/concurs-de-salsa-calcotada-de-valls\/","url":"https:\/\/fruitssp.com\/noticies\/concurs-de-salsa-calcotada-de-valls\/","name":"Un nou morter de Verd\u00fa pel 31\u00e8 Concurs de Salsa Cal\u00e7otada de Valls 2023 - Salses Fruits","isPartOf":{"@id":"https:\/\/fruitssp.com\/#website"},"primaryImageOfPage":{"@id":"https:\/\/fruitssp.com\/noticies\/concurs-de-salsa-calcotada-de-valls\/#primaryimage"},"image":{"@id":"https:\/\/fruitssp.com\/noticies\/concurs-de-salsa-calcotada-de-valls\/#primaryimage"},"thumbnailUrl":"https:\/\/fruitssp.com\/wp-content\/uploads\/2023\/10\/Morter2023.jpg","datePublished":"2023-01-18T14:15:25+00:00","dateModified":"2023-10-19T14:21:26+00:00","breadcrumb":{"@id":"https:\/\/fruitssp.com\/noticies\/concurs-de-salsa-calcotada-de-valls\/#breadcrumb"},"inLanguage":"es","potentialAction":[{"@type":"ReadAction","target":["https:\/\/fruitssp.com\/noticies\/concurs-de-salsa-calcotada-de-valls\/"]}]},{"@type":"ImageObject","inLanguage":"es","@id":"https:\/\/fruitssp.com\/noticies\/concurs-de-salsa-calcotada-de-valls\/#primaryimage","url":"https:\/\/fruitssp.com\/wp-content\/uploads\/2023\/10\/Morter2023.jpg","contentUrl":"https:\/\/fruitssp.com\/wp-content\/uploads\/2023\/10\/Morter2023.jpg","width":1200,"height":900},{"@type":"BreadcrumbList","@id":"https:\/\/fruitssp.com\/noticies\/concurs-de-salsa-calcotada-de-valls\/#breadcrumb","itemListElement":[{"@type":"ListItem","position":1,"name":"Inici","item":"https:\/\/fruitssp.com\/"},{"@type":"ListItem","position":2,"name":"Un nou morter de Verd\u00fa pel 31\u00e8 Concurs de Salsa Cal\u00e7otada de Valls 2023"}]},{"@type":"WebSite","@id":"https:\/\/fruitssp.com\/#website","url":"https:\/\/fruitssp.com\/","name":"FruitsSP","description":"Salsas y productos frescos y naturales, de la tierra del cal\u00e7ot","publisher":{"@id":"https:\/\/fruitssp.com\/#organization"},"potentialAction":[{"@type":"SearchAction","target":{"@type":"EntryPoint","urlTemplate":"https:\/\/fruitssp.com\/?s={search_term_string}"},"query-input":{"@type":"PropertyValueSpecification","valueRequired":true,"valueName":"search_term_string"}}],"inLanguage":"es"},{"@type":"Organization","@id":"https:\/\/fruitssp.com\/#organization","name":"Salsas Frutos S &amp; P","url":"https:\/\/fruitssp.com\/","logo":{"@type":"ImageObject","inLanguage":"es","@id":"https:\/\/fruitssp.com\/#\/schema\/logo\/image\/","url":"https:\/\/fruitssp.com\/wp-content\/uploads\/2022\/12\/logoFruits_472x406.png","contentUrl":"https:\/\/fruitssp.com\/wp-content\/uploads\/2022\/12\/logoFruits_472x406.png","width":472,"height":406,"caption":"Salses Fruits S&P"},"image":{"@id":"https:\/\/fruitssp.com\/#\/schema\/logo\/image\/"},"sameAs":["https:\/\/www.facebook.com\/Salses-Fruits-SP-1137777022906379\/","https:\/\/www.instagram.com\/salsesfruitssp\/","https:\/\/www.linkedin.com\/company\/salses-fruits-s-i-p-sl\/"]},{"@type":"Person","@id":"https:\/\/fruitssp.com\/#\/schema\/person\/74f4a70f480644ed06e5945c13b509c8","name":"fruitssp"}]}},"_links":{"self":[{"href":"https:\/\/fruitssp.com\/es\/wp-json\/wp\/v2\/posts\/14722","targetHints":{"allow":["GET"]}}],"collection":[{"href":"https:\/\/fruitssp.com\/es\/wp-json\/wp\/v2\/posts"}],"about":[{"href":"https:\/\/fruitssp.com\/es\/wp-json\/wp\/v2\/types\/post"}],"author":[{"embeddable":true,"href":"https:\/\/fruitssp.com\/es\/wp-json\/wp\/v2\/users\/1"}],"replies":[{"embeddable":true,"href":"https:\/\/fruitssp.com\/es\/wp-json\/wp\/v2\/comments?post=14722"}],"version-history":[{"count":0,"href":"https:\/\/fruitssp.com\/es\/wp-json\/wp\/v2\/posts\/14722\/revisions"}],"wp:featuredmedia":[{"embeddable":true,"href":"https:\/\/fruitssp.com\/es\/wp-json\/wp\/v2\/media\/14720"}],"wp:attachment":[{"href":"https:\/\/fruitssp.com\/es\/wp-json\/wp\/v2\/media?parent=14722"}],"wp:term":[{"taxonomy":"category","embeddable":true,"href":"https:\/\/fruitssp.com\/es\/wp-json\/wp\/v2\/categories?post=14722"},{"taxonomy":"post_tag","embeddable":true,"href":"https:\/\/fruitssp.com\/es\/wp-json\/wp\/v2\/tags?post=14722"}],"curies":[{"name":"wp","href":"https:\/\/api.w.org\/{rel}","templated":true}]}}