{"id":14838,"date":"2023-11-13T11:10:30","date_gmt":"2023-11-13T11:10:30","guid":{"rendered":"https:\/\/fruitssp.com\/?p=14838"},"modified":"2023-11-13T11:29:17","modified_gmt":"2023-11-13T11:29:17","slug":"comenca-la-temporada-de-calcotades","status":"publish","type":"post","link":"https:\/\/fruitssp.com\/es\/noticies\/comenca-la-temporada-de-calcotades\/","title":{"rendered":"Empieza la Temporada de Cal\u00e7otades"},"content":{"rendered":"<section class=\"l-section wpb_row height_medium\"><div class=\"l-section-h i-cf\"><div class=\"g-cols vc_row via_grid cols_1 laptops-cols_inherit tablets-cols_inherit mobiles-cols_1 valign_top type_default stacking_default\"><div class=\"wpb_column vc_column_container\"><div class=\"vc_column-inner\"><div class=\"wpb_text_column\"><div class=\"wpb_wrapper\"><p><img loading=\"lazy\" decoding=\"async\" class=\"alignnone wp-image-14739 size-full\" src=\"https:\/\/fruitssp.com\/wp-content\/uploads\/2023\/10\/Festa_Calcotada23_281w.jpg\" alt=\"\" width=\"1200\" height=\"800\" srcset=\"https:\/\/fruitssp.com\/wp-content\/uploads\/2023\/10\/Festa_Calcotada23_281w.jpg 1200w, https:\/\/fruitssp.com\/wp-content\/uploads\/2023\/10\/Festa_Calcotada23_281w-300x200.jpg 300w, https:\/\/fruitssp.com\/wp-content\/uploads\/2023\/10\/Festa_Calcotada23_281w-1024x683.jpg 1024w, https:\/\/fruitssp.com\/wp-content\/uploads\/2023\/10\/Festa_Calcotada23_281w-18x12.jpg 18w, https:\/\/fruitssp.com\/wp-content\/uploads\/2023\/10\/Festa_Calcotada23_281w-600x400.jpg 600w, https:\/\/fruitssp.com\/wp-content\/uploads\/2023\/10\/Festa_Calcotada23_281w-768x512.jpg 768w, https:\/\/fruitssp.com\/wp-content\/uploads\/2023\/10\/Festa_Calcotada23_281w-900x600.jpg 900w\" sizes=\"auto, (max-width: 1200px) 100vw, 1200px\" \/><\/p>\n<div class=\"page\" title=\"Page 1\">\n<div class=\"section\">\n<div class=\"layoutArea\">\n<div class=\"column\">\n<p class=\"p1\">Figuerola del Camp, 13 de noviembre de 2023<\/p>\n<p class=\"p3\">Con la llegada del fr\u00edo y la esperada ca\u00edda de las primeras lluvias, ha comenzado la temporada de cal\u00e7otades en Valls y en el Camp de Tarragona. Al igual que cal\u00e7otada simboliza la llegada del invierno, los cal\u00e7ots son el motor que hace trabajar duro a los campesinos y restaurantes de la zona.<\/p>\n<p class=\"p3\">Esta temporada, los productores locales de la IGP Cal\u00e7ot de Valls han anunciado una cosecha excepcional de cal\u00e7ots, asegurando una excelente calidad y sabor.<\/p>\n<p class=\"p3\">Los restaurantes de Valls y sus alrededores han empezado ya a prepararse para la gran afluencia de comensales que se espera en esta temporada. Los chefs locales han creado nuevos platos innovadores con cal\u00e7ots como ingrediente principal, demostrando la versatilidad de esta cebolla \u00fanica. Desde tapas hasta platos principales, los cal\u00e7ots son la estrella indiscutible de los men\u00fas.<\/p>\n<p class=\"p3\">La C\u00e1mara de Comercio de Valls y el Ayuntamiento de Valls presentan la Gran Festa de la Cal\u00e7otada y las actividades para celebrar el inicio de la temporada de cal\u00e7otades. La ciudad est\u00e1 impregnada de un ambiente festivo que atrae a visitantes locales y turistas para disfrutar de esta tradici\u00f3n culinaria tan arraigada en la cultura del Camp. Este a\u00f1o, con la novedad del Museo Casteller de Catalunya, Valls espera a\u00fan m\u00e1s visitantes que aprovechar\u00e1n la cal\u00e7otada para visitar el nuevo equipamiento.<\/p>\n<p class=\"p3\">Las bodegas locales tambi\u00e9n se han unido a la celebraci\u00f3n, ofreciendo maridajes especiales para acompa\u00f1ar a la cal\u00e7otada. Los vinos de la zona complementan a la perfecci\u00f3n los sabores intensos y suaves de los cal\u00e7ots, creando una experiencia gastron\u00f3mica \u00fanica para los paladares m\u00e1s exigentes.<\/p>\n<p class=\"p3\"><a href=\"https:\/\/fruitssp.com\/es\/producto\/salsa-calcot\/\"><img loading=\"lazy\" decoding=\"async\" class=\"aligncenter wp-image-12864 size-medium\" src=\"https:\/\/fruitssp.com\/wp-content\/uploads\/2022\/12\/NOUCALCOTADA300-300x300.png\" alt=\"\" width=\"300\" height=\"300\" srcset=\"https:\/\/fruitssp.com\/wp-content\/uploads\/2022\/12\/NOUCALCOTADA300-300x300.png 300w, https:\/\/fruitssp.com\/wp-content\/uploads\/2022\/12\/NOUCALCOTADA300-150x150.png 150w, https:\/\/fruitssp.com\/wp-content\/uploads\/2022\/12\/NOUCALCOTADA300-12x12.png 12w, https:\/\/fruitssp.com\/wp-content\/uploads\/2022\/12\/NOUCALCOTADA300-350x350.png 350w, https:\/\/fruitssp.com\/wp-content\/uploads\/2022\/12\/NOUCALCOTADA300.png 600w\" sizes=\"auto, (max-width: 300px) 100vw, 300px\" \/><\/a><\/p>\n<p class=\"p3\">Y, naturalmente, la salsa cal\u00e7otada Valls. <b>Salses Fruits<\/b> ya est\u00e1 listo para suministrar a los puntos de venta habituales y a los restaurantes su famosa SALSA CAL\u00c7OTADA DE SALSES FRUITS, una salsa FRESCA y RECI\u00c9N HECHA elaborada a partir de la receta familiar, hecha con ingredientes de nuestra tierra, la salsa que hacemos aqu\u00ed: la SALSA CAL\u00c7OTADA DE LA TIERRA DE LOS CAL\u00c7OTS.<\/p>\n<p class=\"p3\">Disfrute de una buena cal\u00e7otada.<\/p>\n<div class=\"page\" title=\"Page 2\">\n<div class=\"section\">\n<div class=\"layoutArea\">\n<div class=\"page\" title=\"Page 2\">\n<div class=\"section\">\n<div class=\"layoutArea\">\n<div class=\"column\">\n<p>&nbsp;<\/p>\n<\/div>\n<p>&nbsp;<\/p>\n<\/div>\n<\/div>\n<\/div>\n<\/div>\n<\/div>\n<\/div>\n<\/div>\n<\/div>\n<\/div>\n<\/div>\n<\/div><\/div><\/div><\/div><\/div><\/div><\/section>","protected":false},"excerpt":{"rendered":"Figuerola del Camp, 13 de noviembre de 2023 Con la llegada del fr\u00edo y la esperada ca\u00edda de las primeras lluvias, ha comenzado la temporada de cal\u00e7otadas en Valls y en el Camp de Tarragona. De la misma manera que cal\u00e7otada simboliza la llegada del invierno, los cal\u00e7ots son el motor que hace trabajar duro a los campesinos y...","protected":false},"author":1,"featured_media":14739,"comment_status":"closed","ping_status":"closed","sticky":false,"template":"","format":"standard","meta":{"inline_featured_image":false,"footnotes":""},"categories":[1],"tags":[],"class_list":["post-14838","post","type-post","status-publish","format-standard","has-post-thumbnail","hentry","category-noticies"],"yoast_head":"<!-- This site is optimized with the Yoast SEO plugin v26.7 - https:\/\/yoast.com\/wordpress\/plugins\/seo\/ -->\n<title>Comen\u00e7a la Temporada de Cal\u00e7otades - Salses Fruits<\/title>\n<meta name=\"robots\" content=\"index, follow, max-snippet:-1, max-image-preview:large, max-video-preview:-1\" \/>\n<link rel=\"canonical\" href=\"https:\/\/fruitssp.com\/es\/noticies\/comenca-la-temporada-de-calcotades\/\" \/>\n<meta property=\"og:locale\" content=\"es_ES\" \/>\n<meta property=\"og:type\" content=\"article\" \/>\n<meta property=\"og:title\" content=\"Comen\u00e7a la Temporada de Cal\u00e7otades - Salses Fruits\" \/>\n<meta property=\"og:url\" content=\"https:\/\/fruitssp.com\/es\/noticies\/comenca-la-temporada-de-calcotades\/\" \/>\n<meta property=\"og:site_name\" content=\"Salses Fruits\" \/>\n<meta property=\"article:publisher\" content=\"https:\/\/www.facebook.com\/Salses-Fruits-SP-1137777022906379\/\" \/>\n<meta property=\"article:published_time\" content=\"2023-11-13T11:10:30+00:00\" \/>\n<meta property=\"article:modified_time\" content=\"2023-11-13T11:29:17+00:00\" \/>\n<meta property=\"og:image\" content=\"https:\/\/fruitssp.com\/wp-content\/uploads\/2023\/10\/Festa_Calcotada23_281w.jpg\" \/>\n\t<meta property=\"og:image:width\" content=\"1200\" \/>\n\t<meta property=\"og:image:height\" content=\"800\" \/>\n\t<meta property=\"og:image:type\" content=\"image\/jpeg\" \/>\n<meta name=\"author\" content=\"fruitssp\" \/>\n<meta name=\"twitter:card\" content=\"summary_large_image\" \/>\n<meta name=\"twitter:label1\" content=\"Escrito por\" \/>\n\t<meta name=\"twitter:data1\" content=\"fruitssp\" \/>\n\t<meta name=\"twitter:label2\" content=\"Tiempo de lectura\" \/>\n\t<meta name=\"twitter:data2\" content=\"3 minutos\" \/>\n<!-- \/ Yoast SEO plugin. -->","yoast_head_json":{"title":"Comen\u00e7a la Temporada de Cal\u00e7otades - Salses Fruits","robots":{"index":"index","follow":"follow","max-snippet":"max-snippet:-1","max-image-preview":"max-image-preview:large","max-video-preview":"max-video-preview:-1"},"canonical":"https:\/\/fruitssp.com\/es\/noticies\/comenca-la-temporada-de-calcotades\/","og_locale":"es_ES","og_type":"article","og_title":"Comen\u00e7a la Temporada de Cal\u00e7otades - Salses Fruits","og_url":"https:\/\/fruitssp.com\/es\/noticies\/comenca-la-temporada-de-calcotades\/","og_site_name":"Salses Fruits","article_publisher":"https:\/\/www.facebook.com\/Salses-Fruits-SP-1137777022906379\/","article_published_time":"2023-11-13T11:10:30+00:00","article_modified_time":"2023-11-13T11:29:17+00:00","og_image":[{"width":1200,"height":800,"url":"https:\/\/fruitssp.com\/wp-content\/uploads\/2023\/10\/Festa_Calcotada23_281w.jpg","type":"image\/jpeg"}],"author":"fruitssp","twitter_card":"summary_large_image","twitter_misc":{"Escrito por":"fruitssp","Tiempo de lectura":"3 minutos"},"schema":{"@context":"https:\/\/schema.org","@graph":[{"@type":"Article","@id":"https:\/\/fruitssp.com\/noticies\/comenca-la-temporada-de-calcotades\/#article","isPartOf":{"@id":"https:\/\/fruitssp.com\/noticies\/comenca-la-temporada-de-calcotades\/"},"author":{"name":"fruitssp","@id":"https:\/\/fruitssp.com\/#\/schema\/person\/74f4a70f480644ed06e5945c13b509c8"},"headline":"Comen\u00e7a la Temporada de Cal\u00e7otades","datePublished":"2023-11-13T11:10:30+00:00","dateModified":"2023-11-13T11:29:17+00:00","mainEntityOfPage":{"@id":"https:\/\/fruitssp.com\/noticies\/comenca-la-temporada-de-calcotades\/"},"wordCount":380,"publisher":{"@id":"https:\/\/fruitssp.com\/#organization"},"image":{"@id":"https:\/\/fruitssp.com\/noticies\/comenca-la-temporada-de-calcotades\/#primaryimage"},"thumbnailUrl":"https:\/\/fruitssp.com\/wp-content\/uploads\/2023\/10\/Festa_Calcotada23_281w.jpg","articleSection":["Noticies"],"inLanguage":"es"},{"@type":"WebPage","@id":"https:\/\/fruitssp.com\/noticies\/comenca-la-temporada-de-calcotades\/","url":"https:\/\/fruitssp.com\/noticies\/comenca-la-temporada-de-calcotades\/","name":"Comen\u00e7a la Temporada de Cal\u00e7otades - Salses Fruits","isPartOf":{"@id":"https:\/\/fruitssp.com\/#website"},"primaryImageOfPage":{"@id":"https:\/\/fruitssp.com\/noticies\/comenca-la-temporada-de-calcotades\/#primaryimage"},"image":{"@id":"https:\/\/fruitssp.com\/noticies\/comenca-la-temporada-de-calcotades\/#primaryimage"},"thumbnailUrl":"https:\/\/fruitssp.com\/wp-content\/uploads\/2023\/10\/Festa_Calcotada23_281w.jpg","datePublished":"2023-11-13T11:10:30+00:00","dateModified":"2023-11-13T11:29:17+00:00","breadcrumb":{"@id":"https:\/\/fruitssp.com\/noticies\/comenca-la-temporada-de-calcotades\/#breadcrumb"},"inLanguage":"es","potentialAction":[{"@type":"ReadAction","target":["https:\/\/fruitssp.com\/noticies\/comenca-la-temporada-de-calcotades\/"]}]},{"@type":"ImageObject","inLanguage":"es","@id":"https:\/\/fruitssp.com\/noticies\/comenca-la-temporada-de-calcotades\/#primaryimage","url":"https:\/\/fruitssp.com\/wp-content\/uploads\/2023\/10\/Festa_Calcotada23_281w.jpg","contentUrl":"https:\/\/fruitssp.com\/wp-content\/uploads\/2023\/10\/Festa_Calcotada23_281w.jpg","width":1200,"height":800},{"@type":"BreadcrumbList","@id":"https:\/\/fruitssp.com\/noticies\/comenca-la-temporada-de-calcotades\/#breadcrumb","itemListElement":[{"@type":"ListItem","position":1,"name":"Inici","item":"https:\/\/fruitssp.com\/"},{"@type":"ListItem","position":2,"name":"Comen\u00e7a la Temporada de Cal\u00e7otades"}]},{"@type":"WebSite","@id":"https:\/\/fruitssp.com\/#website","url":"https:\/\/fruitssp.com\/","name":"FruitsSP","description":"Salsas y productos frescos y naturales, de la tierra del cal\u00e7ot","publisher":{"@id":"https:\/\/fruitssp.com\/#organization"},"potentialAction":[{"@type":"SearchAction","target":{"@type":"EntryPoint","urlTemplate":"https:\/\/fruitssp.com\/?s={search_term_string}"},"query-input":{"@type":"PropertyValueSpecification","valueRequired":true,"valueName":"search_term_string"}}],"inLanguage":"es"},{"@type":"Organization","@id":"https:\/\/fruitssp.com\/#organization","name":"Salsas Frutos S &amp; P","url":"https:\/\/fruitssp.com\/","logo":{"@type":"ImageObject","inLanguage":"es","@id":"https:\/\/fruitssp.com\/#\/schema\/logo\/image\/","url":"https:\/\/fruitssp.com\/wp-content\/uploads\/2022\/12\/logoFruits_472x406.png","contentUrl":"https:\/\/fruitssp.com\/wp-content\/uploads\/2022\/12\/logoFruits_472x406.png","width":472,"height":406,"caption":"Salses Fruits S&P"},"image":{"@id":"https:\/\/fruitssp.com\/#\/schema\/logo\/image\/"},"sameAs":["https:\/\/www.facebook.com\/Salses-Fruits-SP-1137777022906379\/","https:\/\/www.instagram.com\/salsesfruitssp\/","https:\/\/www.linkedin.com\/company\/salses-fruits-s-i-p-sl\/"]},{"@type":"Person","@id":"https:\/\/fruitssp.com\/#\/schema\/person\/74f4a70f480644ed06e5945c13b509c8","name":"fruitssp"}]}},"_links":{"self":[{"href":"https:\/\/fruitssp.com\/es\/wp-json\/wp\/v2\/posts\/14838","targetHints":{"allow":["GET"]}}],"collection":[{"href":"https:\/\/fruitssp.com\/es\/wp-json\/wp\/v2\/posts"}],"about":[{"href":"https:\/\/fruitssp.com\/es\/wp-json\/wp\/v2\/types\/post"}],"author":[{"embeddable":true,"href":"https:\/\/fruitssp.com\/es\/wp-json\/wp\/v2\/users\/1"}],"replies":[{"embeddable":true,"href":"https:\/\/fruitssp.com\/es\/wp-json\/wp\/v2\/comments?post=14838"}],"version-history":[{"count":0,"href":"https:\/\/fruitssp.com\/es\/wp-json\/wp\/v2\/posts\/14838\/revisions"}],"wp:featuredmedia":[{"embeddable":true,"href":"https:\/\/fruitssp.com\/es\/wp-json\/wp\/v2\/media\/14739"}],"wp:attachment":[{"href":"https:\/\/fruitssp.com\/es\/wp-json\/wp\/v2\/media?parent=14838"}],"wp:term":[{"taxonomy":"category","embeddable":true,"href":"https:\/\/fruitssp.com\/es\/wp-json\/wp\/v2\/categories?post=14838"},{"taxonomy":"post_tag","embeddable":true,"href":"https:\/\/fruitssp.com\/es\/wp-json\/wp\/v2\/tags?post=14838"}],"curies":[{"name":"wp","href":"https:\/\/api.w.org\/{rel}","templated":true}]}}