{"id":14910,"date":"2023-11-28T16:21:51","date_gmt":"2023-11-28T16:21:51","guid":{"rendered":"https:\/\/fruitssp.com\/?p=14910"},"modified":"2023-11-30T08:40:28","modified_gmt":"2023-11-30T08:40:28","slug":"salses-fruits-patrocina-cabra-pedala-per-la-marato-de-tv3","status":"publish","type":"post","link":"https:\/\/fruitssp.com\/es\/noticies\/salses-fruits-patrocina-cabra-pedala-per-la-marato-de-tv3\/","title":{"rendered":"Salses Fruits patrocina CABRA Pedala per la Marat\u00f3 de TV3"},"content":{"rendered":"<section class=\"l-section wpb_row height_medium\"><div class=\"l-section-h i-cf\"><div class=\"g-cols vc_row via_grid cols_1 laptops-cols_inherit tablets-cols_inherit mobiles-cols_1 valign_top type_default stacking_default\"><div class=\"wpb_column vc_column_container\"><div class=\"vc_column-inner\"><div class=\"wpb_text_column\"><div class=\"wpb_wrapper\"><p><img loading=\"lazy\" decoding=\"async\" class=\"alignnone wp-image-14911 size-full\" src=\"https:\/\/fruitssp.com\/wp-content\/uploads\/2023\/11\/11629_cartell_marato23_cabra.jpg\" alt=\"\" width=\"842\" height=\"1191\" srcset=\"https:\/\/fruitssp.com\/wp-content\/uploads\/2023\/11\/11629_cartell_marato23_cabra.jpg 842w, https:\/\/fruitssp.com\/wp-content\/uploads\/2023\/11\/11629_cartell_marato23_cabra-212x300.jpg 212w, https:\/\/fruitssp.com\/wp-content\/uploads\/2023\/11\/11629_cartell_marato23_cabra-724x1024.jpg 724w, https:\/\/fruitssp.com\/wp-content\/uploads\/2023\/11\/11629_cartell_marato23_cabra-8x12.jpg 8w, https:\/\/fruitssp.com\/wp-content\/uploads\/2023\/11\/11629_cartell_marato23_cabra-600x849.jpg 600w, https:\/\/fruitssp.com\/wp-content\/uploads\/2023\/11\/11629_cartell_marato23_cabra-768x1086.jpg 768w, https:\/\/fruitssp.com\/wp-content\/uploads\/2023\/11\/11629_cartell_marato23_cabra-300x424.jpg 300w\" sizes=\"auto, (max-width: 842px) 100vw, 842px\" \/><\/p>\n<div class=\"page\" title=\"Page 1\">\n<div class=\"section\">\n<div class=\"layoutArea\">\n<div class=\"column\">\n<p class=\"p1\">Figuerola del Camp, 28 de noviembre de 2023<\/p>\n<p class=\"p1\"><em><strong><span class=\"s1\">El domingo 17 de diciembre de 2023 se celebrar\u00e1 la 18\u00aa edici\u00f3n de la carrera popular de BTT CABRA Pedala per la Marat\u00f3 de TV3 - Memorial Xavi Tondo y Volpini, con el patrocinio de Salses Fruits S&amp;P.<\/span><\/strong><\/em><\/p>\n<p class=\"p1\"><span class=\"s1\">La carrera es una prueba ciclista de car\u00e1cter no competitivo cuyos beneficios van \u00edntegramente a la <strong>Marat\u00f3 de TV3<\/strong>. Os recordamos que en la edici\u00f3n de 2022 participaron m\u00e1s de 400 deportistas; entre todos logramos, <\/span><span class=\"s2\">7.495,99 <\/span><span class=\"s1\">\u20ac para la\u00a0<a href=\"https:\/\/www.ccma.cat\/tv3\/marato\/\"><b>Marat\u00f3 de TV3<\/b><\/a>, dedicada a las enfermedades cardiovasculares. Este a\u00f1o 2023 est\u00e1 <strong>dedicada a la<\/strong> <strong>salud sexual y reproductiva<\/strong>.<\/span><\/p>\n<p class=\"p1\"><span class=\"s1\">Los que componemos SALSES FRUITS somos una empresa familiar comprometida con su territorio y sus gentes, por este motivo nuestros trabajadores son de la comarca. Y por eso apoyamos iniciativas orientadas a fortalecer los valores del deporte, de la naturaleza, de la vida sana y saludable como la Marat\u00f3 de TV3 y la Carrera Popular de BTT de Cabra. \u00a1Salud y pedales!<\/span><\/p>\n<p class=\"p1\"><span class=\"s1\"><i>Cursa popular de BTT CABRA Pedala per la Marat\u00f3 de TV3 \u2013 Memorial Xavi Tondo i Volpini<\/i><\/span><\/p>\n<p class=\"p1\"><span class=\"s1\">Este a\u00f1o la carrera vuelve con su formato acostumbrado con dos distancias y desniveles para que cada uno pueda disfrutar al m\u00e1ximo de una jornada de deportividad y solidaridad.<\/span><\/p>\n<p class=\"p1\"><span class=\"s1\">Los participantes podr\u00e1n elegir entre 2 circuitos. Ambos discurren por los t\u00e9rminos de Cabra del Camp, Barber\u00e0 de la Conca y Figuerola del Camp:<\/span><\/p>\n<p class=\"p1\"><span class=\"s1\"><strong>El recorrido largo tiene una distancia total de 35 km con un desnivel positivo acumulado de 1.000 metros<\/strong>, requiere un nivel f\u00edsico y t\u00e9cnico medio-alto, ya que pasa por distintos senderos que necesitan un m\u00ednimo de t\u00e9cnica para afrontarlos.<\/span><\/p>\n<p class=\"p1\"><span class=\"s1\"><strong>El recorrido corto tiene una distancia de 23 km con un desnivel positivo acumulado de 500 metros<\/strong>, la dificultad del circuito es media-baja. Este circuito est\u00e1 dise\u00f1ado para todos los p\u00fablicos, aunque tiene alg\u00fan peque\u00f1o tramo t\u00e9cnico.<\/span><\/p>\n<p class=\"p1\"><strong><span class=\"s1\">Las inscripciones ya est\u00e1n abiertas a todo el mundo a trav\u00e9s de la web <a href=\"https:\/\/inscripcions.cat\/inscripcions\/benvinguda\">inscripcions.cat<\/a>.<\/span><\/strong><\/p>\n<p class=\"p1\"><span class=\"s1\">Puede inscribirse en la modalidad que desee e incluso inscribirse para colaborar con la\u00a0<a href=\"https:\/\/www.ccma.cat\/tv3\/marato\/\"><b>Marat\u00f3 de TV3<\/b><\/a>, el domingo 17 de diciembre, dedicar\u00e1 la 32a edici\u00f3n a la salud sexual y reproductiva.<\/span><\/p>\n<div class=\"page\" title=\"Page 2\">\n<div class=\"section\">\n<div class=\"layoutArea\">\n<div class=\"page\" title=\"Page 2\">\n<div class=\"section\">\n<div class=\"layoutArea\">\n<div class=\"column\">\n<p>&nbsp;<\/p>\n<\/div>\n<p>&nbsp;<\/p>\n<\/div>\n<\/div>\n<\/div>\n<\/div>\n<\/div>\n<\/div>\n<\/div>\n<\/div>\n<\/div>\n<\/div>\n<\/div><\/div><\/div><\/div><\/div><\/div><\/section>","protected":false},"excerpt":{"rendered":"Figuerola del Camp, 28 de noviembre de 2023 El domingo 17 de diciembre de 2023 se celebrar\u00e1 la 18\u00aa edici\u00f3n de la carrera popular de BTT CABRA Pedal por el Marat\u00f3n de TV3 - Memorial Xavi Tondo y Volpini, con el patrocinio de Salsas Fruits S&amp;P. La carrera es una prueba ciclista de car\u00e1cter...","protected":false},"author":1,"featured_media":14930,"comment_status":"closed","ping_status":"closed","sticky":false,"template":"","format":"standard","meta":{"inline_featured_image":false,"footnotes":""},"categories":[1],"tags":[],"class_list":["post-14910","post","type-post","status-publish","format-standard","has-post-thumbnail","hentry","category-noticies"],"yoast_head":"<!-- This site is optimized with the Yoast SEO plugin v26.7 - https:\/\/yoast.com\/wordpress\/plugins\/seo\/ -->\n<title>Salses Fruits patrocina CABRA Pedala per la Marat\u00f3 de TV3 - Salses Fruits<\/title>\n<meta name=\"robots\" content=\"index, follow, max-snippet:-1, max-image-preview:large, max-video-preview:-1\" \/>\n<link rel=\"canonical\" href=\"https:\/\/fruitssp.com\/es\/noticies\/salses-fruits-patrocina-cabra-pedala-per-la-marato-de-tv3\/\" \/>\n<meta property=\"og:locale\" content=\"es_ES\" \/>\n<meta property=\"og:type\" content=\"article\" \/>\n<meta property=\"og:title\" content=\"Salses Fruits patrocina CABRA Pedala per la Marat\u00f3 de TV3 - Salses Fruits\" \/>\n<meta property=\"og:url\" content=\"https:\/\/fruitssp.com\/es\/noticies\/salses-fruits-patrocina-cabra-pedala-per-la-marato-de-tv3\/\" \/>\n<meta property=\"og:site_name\" content=\"Salses Fruits\" \/>\n<meta property=\"article:publisher\" content=\"https:\/\/www.facebook.com\/Salses-Fruits-SP-1137777022906379\/\" \/>\n<meta property=\"article:published_time\" content=\"2023-11-28T16:21:51+00:00\" \/>\n<meta property=\"article:modified_time\" content=\"2023-11-30T08:40:28+00:00\" \/>\n<meta property=\"og:image\" content=\"https:\/\/fruitssp.com\/wp-content\/uploads\/2023\/11\/11629_marato_cabra231080x1080.jpg\" \/>\n\t<meta property=\"og:image:width\" content=\"1080\" \/>\n\t<meta property=\"og:image:height\" content=\"1080\" \/>\n\t<meta property=\"og:image:type\" content=\"image\/jpeg\" \/>\n<meta name=\"author\" content=\"fruitssp\" \/>\n<meta name=\"twitter:card\" content=\"summary_large_image\" \/>\n<meta name=\"twitter:label1\" content=\"Escrito por\" \/>\n\t<meta name=\"twitter:data1\" content=\"fruitssp\" \/>\n\t<meta name=\"twitter:label2\" content=\"Tiempo de lectura\" \/>\n\t<meta name=\"twitter:data2\" content=\"3 minutos\" \/>\n<!-- \/ Yoast SEO plugin. -->","yoast_head_json":{"title":"Salses Fruits patrocina CABRA Pedala per la Marat\u00f3 de TV3 - Salses Fruits","robots":{"index":"index","follow":"follow","max-snippet":"max-snippet:-1","max-image-preview":"max-image-preview:large","max-video-preview":"max-video-preview:-1"},"canonical":"https:\/\/fruitssp.com\/es\/noticies\/salses-fruits-patrocina-cabra-pedala-per-la-marato-de-tv3\/","og_locale":"es_ES","og_type":"article","og_title":"Salses Fruits patrocina CABRA Pedala per la Marat\u00f3 de TV3 - Salses Fruits","og_url":"https:\/\/fruitssp.com\/es\/noticies\/salses-fruits-patrocina-cabra-pedala-per-la-marato-de-tv3\/","og_site_name":"Salses Fruits","article_publisher":"https:\/\/www.facebook.com\/Salses-Fruits-SP-1137777022906379\/","article_published_time":"2023-11-28T16:21:51+00:00","article_modified_time":"2023-11-30T08:40:28+00:00","og_image":[{"width":1080,"height":1080,"url":"https:\/\/fruitssp.com\/wp-content\/uploads\/2023\/11\/11629_marato_cabra231080x1080.jpg","type":"image\/jpeg"}],"author":"fruitssp","twitter_card":"summary_large_image","twitter_misc":{"Escrito por":"fruitssp","Tiempo de lectura":"3 minutos"},"schema":{"@context":"https:\/\/schema.org","@graph":[{"@type":"Article","@id":"https:\/\/fruitssp.com\/noticies\/salses-fruits-patrocina-cabra-pedala-per-la-marato-de-tv3\/#article","isPartOf":{"@id":"https:\/\/fruitssp.com\/noticies\/salses-fruits-patrocina-cabra-pedala-per-la-marato-de-tv3\/"},"author":{"name":"fruitssp","@id":"https:\/\/fruitssp.com\/#\/schema\/person\/74f4a70f480644ed06e5945c13b509c8"},"headline":"Salses Fruits patrocina CABRA Pedala per la Marat\u00f3 de TV3","datePublished":"2023-11-28T16:21:51+00:00","dateModified":"2023-11-30T08:40:28+00:00","mainEntityOfPage":{"@id":"https:\/\/fruitssp.com\/noticies\/salses-fruits-patrocina-cabra-pedala-per-la-marato-de-tv3\/"},"wordCount":402,"publisher":{"@id":"https:\/\/fruitssp.com\/#organization"},"image":{"@id":"https:\/\/fruitssp.com\/noticies\/salses-fruits-patrocina-cabra-pedala-per-la-marato-de-tv3\/#primaryimage"},"thumbnailUrl":"https:\/\/fruitssp.com\/wp-content\/uploads\/2023\/11\/11629_marato_cabra231080x1080.jpg","articleSection":["Noticies"],"inLanguage":"es"},{"@type":"WebPage","@id":"https:\/\/fruitssp.com\/noticies\/salses-fruits-patrocina-cabra-pedala-per-la-marato-de-tv3\/","url":"https:\/\/fruitssp.com\/noticies\/salses-fruits-patrocina-cabra-pedala-per-la-marato-de-tv3\/","name":"Salses Fruits patrocina CABRA Pedala per la Marat\u00f3 de TV3 - Salses Fruits","isPartOf":{"@id":"https:\/\/fruitssp.com\/#website"},"primaryImageOfPage":{"@id":"https:\/\/fruitssp.com\/noticies\/salses-fruits-patrocina-cabra-pedala-per-la-marato-de-tv3\/#primaryimage"},"image":{"@id":"https:\/\/fruitssp.com\/noticies\/salses-fruits-patrocina-cabra-pedala-per-la-marato-de-tv3\/#primaryimage"},"thumbnailUrl":"https:\/\/fruitssp.com\/wp-content\/uploads\/2023\/11\/11629_marato_cabra231080x1080.jpg","datePublished":"2023-11-28T16:21:51+00:00","dateModified":"2023-11-30T08:40:28+00:00","breadcrumb":{"@id":"https:\/\/fruitssp.com\/noticies\/salses-fruits-patrocina-cabra-pedala-per-la-marato-de-tv3\/#breadcrumb"},"inLanguage":"es","potentialAction":[{"@type":"ReadAction","target":["https:\/\/fruitssp.com\/noticies\/salses-fruits-patrocina-cabra-pedala-per-la-marato-de-tv3\/"]}]},{"@type":"ImageObject","inLanguage":"es","@id":"https:\/\/fruitssp.com\/noticies\/salses-fruits-patrocina-cabra-pedala-per-la-marato-de-tv3\/#primaryimage","url":"https:\/\/fruitssp.com\/wp-content\/uploads\/2023\/11\/11629_marato_cabra231080x1080.jpg","contentUrl":"https:\/\/fruitssp.com\/wp-content\/uploads\/2023\/11\/11629_marato_cabra231080x1080.jpg","width":1080,"height":1080},{"@type":"BreadcrumbList","@id":"https:\/\/fruitssp.com\/noticies\/salses-fruits-patrocina-cabra-pedala-per-la-marato-de-tv3\/#breadcrumb","itemListElement":[{"@type":"ListItem","position":1,"name":"Inici","item":"https:\/\/fruitssp.com\/"},{"@type":"ListItem","position":2,"name":"Salses Fruits patrocina CABRA Pedala per la Marat\u00f3 de TV3"}]},{"@type":"WebSite","@id":"https:\/\/fruitssp.com\/#website","url":"https:\/\/fruitssp.com\/","name":"FruitsSP","description":"Salsas y productos frescos y naturales, de la tierra del cal\u00e7ot","publisher":{"@id":"https:\/\/fruitssp.com\/#organization"},"potentialAction":[{"@type":"SearchAction","target":{"@type":"EntryPoint","urlTemplate":"https:\/\/fruitssp.com\/?s={search_term_string}"},"query-input":{"@type":"PropertyValueSpecification","valueRequired":true,"valueName":"search_term_string"}}],"inLanguage":"es"},{"@type":"Organization","@id":"https:\/\/fruitssp.com\/#organization","name":"Salsas Frutos S &amp; P","url":"https:\/\/fruitssp.com\/","logo":{"@type":"ImageObject","inLanguage":"es","@id":"https:\/\/fruitssp.com\/#\/schema\/logo\/image\/","url":"https:\/\/fruitssp.com\/wp-content\/uploads\/2022\/12\/logoFruits_472x406.png","contentUrl":"https:\/\/fruitssp.com\/wp-content\/uploads\/2022\/12\/logoFruits_472x406.png","width":472,"height":406,"caption":"Salses Fruits S&P"},"image":{"@id":"https:\/\/fruitssp.com\/#\/schema\/logo\/image\/"},"sameAs":["https:\/\/www.facebook.com\/Salses-Fruits-SP-1137777022906379\/","https:\/\/www.instagram.com\/salsesfruitssp\/","https:\/\/www.linkedin.com\/company\/salses-fruits-s-i-p-sl\/"]},{"@type":"Person","@id":"https:\/\/fruitssp.com\/#\/schema\/person\/74f4a70f480644ed06e5945c13b509c8","name":"fruitssp"}]}},"_links":{"self":[{"href":"https:\/\/fruitssp.com\/es\/wp-json\/wp\/v2\/posts\/14910","targetHints":{"allow":["GET"]}}],"collection":[{"href":"https:\/\/fruitssp.com\/es\/wp-json\/wp\/v2\/posts"}],"about":[{"href":"https:\/\/fruitssp.com\/es\/wp-json\/wp\/v2\/types\/post"}],"author":[{"embeddable":true,"href":"https:\/\/fruitssp.com\/es\/wp-json\/wp\/v2\/users\/1"}],"replies":[{"embeddable":true,"href":"https:\/\/fruitssp.com\/es\/wp-json\/wp\/v2\/comments?post=14910"}],"version-history":[{"count":0,"href":"https:\/\/fruitssp.com\/es\/wp-json\/wp\/v2\/posts\/14910\/revisions"}],"wp:featuredmedia":[{"embeddable":true,"href":"https:\/\/fruitssp.com\/es\/wp-json\/wp\/v2\/media\/14930"}],"wp:attachment":[{"href":"https:\/\/fruitssp.com\/es\/wp-json\/wp\/v2\/media?parent=14910"}],"wp:term":[{"taxonomy":"category","embeddable":true,"href":"https:\/\/fruitssp.com\/es\/wp-json\/wp\/v2\/categories?post=14910"},{"taxonomy":"post_tag","embeddable":true,"href":"https:\/\/fruitssp.com\/es\/wp-json\/wp\/v2\/tags?post=14910"}],"curies":[{"name":"wp","href":"https:\/\/api.w.org\/{rel}","templated":true}]}}