{"id":14920,"date":"2023-11-16T08:17:36","date_gmt":"2023-11-16T08:17:36","guid":{"rendered":"https:\/\/fruitssp.com\/?p=14920"},"modified":"2023-11-30T08:38:56","modified_gmt":"2023-11-30T08:38:56","slug":"salses-fruits-patrocinador-oficial-de-la-gran-festa-de-la-calcotada-de-valls-2024","status":"publish","type":"post","link":"https:\/\/fruitssp.com\/es\/noticies\/salses-fruits-patrocinador-oficial-de-la-gran-festa-de-la-calcotada-de-valls-2024\/","title":{"rendered":"SALSES FRUITS, patrocinador oficial de la Gran Festa de la Cal\u00e7otada de Valls, 2024"},"content":{"rendered":"<section class=\"l-section wpb_row height_medium\"><div class=\"l-section-h i-cf\"><div class=\"g-cols vc_row via_grid cols_1 laptops-cols_inherit tablets-cols_inherit mobiles-cols_1 valign_top type_default stacking_default\"><div class=\"wpb_column vc_column_container\"><div class=\"vc_column-inner\"><div class=\"wpb_text_column\"><div class=\"wpb_wrapper\"><p><img loading=\"lazy\" decoding=\"async\" class=\"alignnone wp-image-14926 size-full\" src=\"https:\/\/fruitssp.com\/wp-content\/uploads\/2023\/11\/Presentacio-cartell-calcotada2023.jpg\" alt=\"\" width=\"1440\" height=\"1080\" srcset=\"https:\/\/fruitssp.com\/wp-content\/uploads\/2023\/11\/Presentacio-cartell-calcotada2023.jpg 1440w, https:\/\/fruitssp.com\/wp-content\/uploads\/2023\/11\/Presentacio-cartell-calcotada2023-300x225.jpg 300w, https:\/\/fruitssp.com\/wp-content\/uploads\/2023\/11\/Presentacio-cartell-calcotada2023-1024x768.jpg 1024w, https:\/\/fruitssp.com\/wp-content\/uploads\/2023\/11\/Presentacio-cartell-calcotada2023-16x12.jpg 16w, https:\/\/fruitssp.com\/wp-content\/uploads\/2023\/11\/Presentacio-cartell-calcotada2023-600x450.jpg 600w, https:\/\/fruitssp.com\/wp-content\/uploads\/2023\/11\/Presentacio-cartell-calcotada2023-768x576.jpg 768w, https:\/\/fruitssp.com\/wp-content\/uploads\/2023\/11\/Presentacio-cartell-calcotada2023-900x675.jpg 900w\" sizes=\"auto, (max-width: 1440px) 100vw, 1440px\" \/><\/p>\n<div class=\"page\" title=\"Page 1\">\n<div class=\"section\">\n<div class=\"layoutArea\">\n<div class=\"column\">\n<p class=\"p1\"><strong><span class=\"s1\">La Gran Fiesta tendr\u00e1 lugar el domingo 28 de enero del 2024 y en los pr\u00f3ximos d\u00edas se desvelar\u00e1n algunas novedades. Europastry se suma a Castell d&#039;Or y Salses Fruits, patrocinadores oficiales de la Fiesta. La Cooperativa Agr\u00edcola de Valls volver\u00e1 a ser este a\u00f1o el punto de recogida de bolsas degustaci\u00f3n, donde tambi\u00e9n habr\u00e1 un espacio habilitado con parrillas, mesas para degustar la cal\u00e7otada y m\u00fasica ambiente.<\/span><\/strong><\/p>\n<p class=\"p1\">Figuerola del Camp, 16 de noviembre de 2023<\/p>\n<p class=\"p1\"><span class=\"s1\">La\u00a0<b>C\u00e1mara de Comercio, Industria y Servicios de Valls,\u00a0<\/b>junto con\u00a0<b>el Ayuntamiento de Valls<\/b>, los\u00a0<b>patrocinadores de la Fiesta, Salsas Frutos, Castell D&#039;Or y Europastry<\/b>, la\u00a0<b>IGP Cal\u00e7ot de Valls<\/b>\u00a0y la\u00a0<b>Cooperativa Agr\u00edcola de Valls,\u00a0<\/b>ha dado inicio a la temporada de cal\u00e7otadas ya la campa\u00f1a promocional de la Gran Festa de la Cal\u00e7otada 2024.<\/span><\/p>\n<p class=\"p1\"><span class=\"s1\">El acto ha servido para presentar la nueva imagen gr\u00e1fica, fresca, llena de color e intensidad, y en la que los patrocinadores tienen una gran presencia. \u00a0<b>Salses Fruits,\u00a0<\/b>lleva cinco a\u00f1os siendo patrocinador oficial de la Gran Festa.\u00a0<b>Castell d\u2019Or,\u00a0<\/b>que este es su tercer a\u00f1o. Este a\u00f1o la fiesta cuenta con\u00a0<b>Europastry,\u00a0<\/b>una empresa muy potente en el territorio, que se suma a los patrocinadores oficiales. De este modo, las tres empresas del territorio tendr\u00e1n presencia destacada como sponsors oficiales en las campa\u00f1as de promoci\u00f3n de la Cal\u00e7otada, apoyando la manifestaci\u00f3n gastron\u00f3mica m\u00e1s importante y popular de Catalu\u00f1a que este a\u00f1o se celebrar\u00e1 el domingo 28 de enero de 2024.<\/span><\/p>\n<p class=\"p1\"><span class=\"s1\"><img loading=\"lazy\" decoding=\"async\" class=\"size-full wp-image-14921 alignnone\" src=\"https:\/\/fruitssp.com\/wp-content\/uploads\/2023\/11\/11625-CARTELL-CALCOTADA24-6.jpg\" alt=\"\" width=\"842\" height=\"1191\" srcset=\"https:\/\/fruitssp.com\/wp-content\/uploads\/2023\/11\/11625-CARTELL-CALCOTADA24-6.jpg 842w, https:\/\/fruitssp.com\/wp-content\/uploads\/2023\/11\/11625-CARTELL-CALCOTADA24-6-212x300.jpg 212w, https:\/\/fruitssp.com\/wp-content\/uploads\/2023\/11\/11625-CARTELL-CALCOTADA24-6-724x1024.jpg 724w, https:\/\/fruitssp.com\/wp-content\/uploads\/2023\/11\/11625-CARTELL-CALCOTADA24-6-8x12.jpg 8w, https:\/\/fruitssp.com\/wp-content\/uploads\/2023\/11\/11625-CARTELL-CALCOTADA24-6-600x849.jpg 600w, https:\/\/fruitssp.com\/wp-content\/uploads\/2023\/11\/11625-CARTELL-CALCOTADA24-6-768x1086.jpg 768w, https:\/\/fruitssp.com\/wp-content\/uploads\/2023\/11\/11625-CARTELL-CALCOTADA24-6-300x424.jpg 300w\" sizes=\"auto, (max-width: 842px) 100vw, 842px\" \/><\/span><\/p>\n<p class=\"p1\"><span class=\"s1\">En los pr\u00f3ximos d\u00edas se desvelar\u00e1n algunas novedades de la Fiesta y se llevar\u00e1n a cabo una serie de acciones vinculadas a la Fiesta y se dar\u00e1 a conocer el programa de actos tradicionales, festivos y con concursos relacionados con el mundo del cal\u00e7ot: pasacalles ; demostraciones de cocer cal\u00e7ots en la parrilla; mercado de la cal\u00e7otada; concursos de cultivadores de cal\u00e7ots, de elaboraci\u00f3n de salsa de la cal\u00e7otada y de comer cal\u00e7ots; degustaci\u00f3n popular, entre otras actividades.<\/span><\/p>\n<p class=\"p2\"><span class=\"s2\">Cabe destacar que como el a\u00f1o pasado, los tickets para la degustaci\u00f3n popular, se vender\u00e1n en el Ayuntamiento de Valls, en la plaza del Pati en el Instituto de Estudios Vallencs y en las cabinas de la ONCE (situadas bajo la plaza de los Quarters y la Font de la Manxa). Este a\u00f1o se prev\u00e9n repartir hasta 4.000 bolsas de degustaci\u00f3n que, como el a\u00f1o pasado, se recoger\u00e1n en la Cooperativa Agr\u00edcola de Valls. Un nuevo espacio que en la edici\u00f3n anterior a la fiesta funcion\u00f3 muy bien y que tambi\u00e9n contar\u00e1 con parrillas para hornear los cal\u00e7ots y la carne, con mesas para degustar la aut\u00e9ntica cal\u00e7otada, y con m\u00fasica ambiente.<\/span><\/p>\n<p class=\"p2\"><span class=\"s2\">El acto se ha realizado en la C\u00e1mara y ha contado con el presidente de la C\u00e1mara de Comercio de Valls,\u00a0<b>Josep M. Rovira<\/b>, la concejala de Comercio del Ayuntamiento de Valls,\u00a0<b>Rocio Mart\u00ednez;\u00a0<\/b>los patrocinadores de la fiesta, el gerente de Salses Fruits,\u00a0<b>Francesc Sans\u00a0<\/b>y la responsable de comunicaci\u00f3n de Castell d&#039;Or,\u00a0<b>Cristina Garcia<\/b>; el presidente de la IGP Cal\u00e7ot de Valls,\u00a0<b>Dalmaci Clofent;<\/b>\u00a0y el presidente de la Cooperativa Agr\u00edcola de Valls,\u00a0<b>Josep M. Aubareda<\/b>.<\/span><\/p>\n<p class=\"p1\"><span class=\"s1\">En Valls se hacen cal\u00e7otadas de noviembre a abril, pero la Fiesta de la Cal\u00e7otada representa la entrada \nfuerte de la temporada de cal\u00e7otadas. En los pr\u00f3ximos d\u00edas se llevar\u00e1n a cabo una serie de acciones vinculadas a la Fiesta y se dar\u00e1 a conocer el programa de actos tradicionales, festivos y con concursos relacionados con el mundo del cal\u00e7ot: pasacalles; demostraciones de cocer cal\u00e7ots en la parrilla; mercado de la cal\u00e7otada; concursos de cultivadores de cal\u00e7ots, de elaboraci\u00f3n de salsa de la cal\u00e7otada y de comer cal\u00e7ots; degustaci\u00f3n popular, entre otras actividades.<\/span><\/p>\n<p class=\"p2\"><span class=\"s2\">Para m\u00e1s informaci\u00f3n: <b><a href=\"https:\/\/cambravalls.com\/noticies\/14545\/\" target=\"_blank\" rel=\"noopener\">cambravalls.cat<\/a><\/b><\/span><\/p>\n<div class=\"page\" title=\"Page 2\">\n<div class=\"section\">\n<div class=\"layoutArea\">\n<div class=\"page\" title=\"Page 2\">\n<div class=\"section\">\n<div class=\"layoutArea\">\n<div class=\"column\">\n<p>&nbsp;<\/p>\n<\/div>\n<p>&nbsp;<\/p>\n<\/div>\n<\/div>\n<\/div>\n<\/div>\n<\/div>\n<\/div>\n<\/div>\n<\/div>\n<\/div>\n<\/div>\n<\/div><\/div><\/div><\/div><\/div><\/div><\/section>","protected":false},"excerpt":{"rendered":"La Gran Fiesta tendr\u00e1 lugar el domingo 28 de enero del 2024 y en los pr\u00f3ximos d\u00edas se desvelar\u00e1n algunas novedades. Europastry se suma a Castell d&#039;Or y Salses Fruits, patrocinadores oficiales de la Fiesta. La Cooperativa Agr\u00edcola de Valls volver\u00e1 a ser este a\u00f1o el punto de recogida de las bolsas degustaci\u00f3n,...","protected":false},"author":1,"featured_media":14926,"comment_status":"closed","ping_status":"closed","sticky":false,"template":"","format":"standard","meta":{"inline_featured_image":false,"footnotes":""},"categories":[1],"tags":[],"class_list":["post-14920","post","type-post","status-publish","format-standard","has-post-thumbnail","hentry","category-noticies"],"yoast_head":"<!-- This site is optimized with the Yoast SEO plugin v26.7 - https:\/\/yoast.com\/wordpress\/plugins\/seo\/ -->\n<title>SALSES FRUITS, patrocinador oficial de la Gran Festa de la Cal\u00e7otada de Valls, 2024 - Salses Fruits<\/title>\n<meta name=\"robots\" content=\"index, follow, max-snippet:-1, max-image-preview:large, max-video-preview:-1\" \/>\n<link rel=\"canonical\" href=\"https:\/\/fruitssp.com\/es\/noticies\/salses-fruits-patrocinador-oficial-de-la-gran-festa-de-la-calcotada-de-valls-2024\/\" \/>\n<meta property=\"og:locale\" content=\"es_ES\" \/>\n<meta property=\"og:type\" content=\"article\" \/>\n<meta property=\"og:title\" content=\"SALSES FRUITS, patrocinador oficial de la Gran Festa de la Cal\u00e7otada de Valls, 2024 - Salses Fruits\" \/>\n<meta property=\"og:url\" content=\"https:\/\/fruitssp.com\/es\/noticies\/salses-fruits-patrocinador-oficial-de-la-gran-festa-de-la-calcotada-de-valls-2024\/\" \/>\n<meta property=\"og:site_name\" content=\"Salses Fruits\" \/>\n<meta property=\"article:publisher\" content=\"https:\/\/www.facebook.com\/Salses-Fruits-SP-1137777022906379\/\" \/>\n<meta property=\"article:published_time\" content=\"2023-11-16T08:17:36+00:00\" \/>\n<meta property=\"article:modified_time\" content=\"2023-11-30T08:38:56+00:00\" \/>\n<meta property=\"og:image\" content=\"https:\/\/fruitssp.com\/wp-content\/uploads\/2023\/11\/Presentacio-cartell-calcotada2023.jpg\" \/>\n\t<meta property=\"og:image:width\" content=\"1440\" \/>\n\t<meta property=\"og:image:height\" content=\"1080\" \/>\n\t<meta property=\"og:image:type\" content=\"image\/jpeg\" \/>\n<meta name=\"author\" content=\"fruitssp\" \/>\n<meta name=\"twitter:card\" content=\"summary_large_image\" \/>\n<meta name=\"twitter:label1\" content=\"Escrito por\" \/>\n\t<meta name=\"twitter:data1\" content=\"fruitssp\" \/>\n\t<meta name=\"twitter:label2\" content=\"Tiempo de lectura\" \/>\n\t<meta name=\"twitter:data2\" content=\"4 minutos\" \/>\n<!-- \/ Yoast SEO plugin. -->","yoast_head_json":{"title":"SALSES FRUITS, patrocinador oficial de la Gran Festa de la Cal\u00e7otada de Valls, 2024 - Salses Fruits","robots":{"index":"index","follow":"follow","max-snippet":"max-snippet:-1","max-image-preview":"max-image-preview:large","max-video-preview":"max-video-preview:-1"},"canonical":"https:\/\/fruitssp.com\/es\/noticies\/salses-fruits-patrocinador-oficial-de-la-gran-festa-de-la-calcotada-de-valls-2024\/","og_locale":"es_ES","og_type":"article","og_title":"SALSES FRUITS, patrocinador oficial de la Gran Festa de la Cal\u00e7otada de Valls, 2024 - Salses Fruits","og_url":"https:\/\/fruitssp.com\/es\/noticies\/salses-fruits-patrocinador-oficial-de-la-gran-festa-de-la-calcotada-de-valls-2024\/","og_site_name":"Salses Fruits","article_publisher":"https:\/\/www.facebook.com\/Salses-Fruits-SP-1137777022906379\/","article_published_time":"2023-11-16T08:17:36+00:00","article_modified_time":"2023-11-30T08:38:56+00:00","og_image":[{"width":1440,"height":1080,"url":"https:\/\/fruitssp.com\/wp-content\/uploads\/2023\/11\/Presentacio-cartell-calcotada2023.jpg","type":"image\/jpeg"}],"author":"fruitssp","twitter_card":"summary_large_image","twitter_misc":{"Escrito por":"fruitssp","Tiempo de lectura":"4 minutos"},"schema":{"@context":"https:\/\/schema.org","@graph":[{"@type":"Article","@id":"https:\/\/fruitssp.com\/noticies\/salses-fruits-patrocinador-oficial-de-la-gran-festa-de-la-calcotada-de-valls-2024\/#article","isPartOf":{"@id":"https:\/\/fruitssp.com\/noticies\/salses-fruits-patrocinador-oficial-de-la-gran-festa-de-la-calcotada-de-valls-2024\/"},"author":{"name":"fruitssp","@id":"https:\/\/fruitssp.com\/#\/schema\/person\/74f4a70f480644ed06e5945c13b509c8"},"headline":"SALSES FRUITS, patrocinador oficial de la Gran Festa de la Cal\u00e7otada de Valls, 2024","datePublished":"2023-11-16T08:17:36+00:00","dateModified":"2023-11-30T08:38:56+00:00","mainEntityOfPage":{"@id":"https:\/\/fruitssp.com\/noticies\/salses-fruits-patrocinador-oficial-de-la-gran-festa-de-la-calcotada-de-valls-2024\/"},"wordCount":689,"publisher":{"@id":"https:\/\/fruitssp.com\/#organization"},"image":{"@id":"https:\/\/fruitssp.com\/noticies\/salses-fruits-patrocinador-oficial-de-la-gran-festa-de-la-calcotada-de-valls-2024\/#primaryimage"},"thumbnailUrl":"https:\/\/fruitssp.com\/wp-content\/uploads\/2023\/11\/Presentacio-cartell-calcotada2023.jpg","articleSection":["Noticies"],"inLanguage":"es"},{"@type":"WebPage","@id":"https:\/\/fruitssp.com\/noticies\/salses-fruits-patrocinador-oficial-de-la-gran-festa-de-la-calcotada-de-valls-2024\/","url":"https:\/\/fruitssp.com\/noticies\/salses-fruits-patrocinador-oficial-de-la-gran-festa-de-la-calcotada-de-valls-2024\/","name":"SALSES FRUITS, patrocinador oficial de la Gran Festa de la Cal\u00e7otada de Valls, 2024 - Salses Fruits","isPartOf":{"@id":"https:\/\/fruitssp.com\/#website"},"primaryImageOfPage":{"@id":"https:\/\/fruitssp.com\/noticies\/salses-fruits-patrocinador-oficial-de-la-gran-festa-de-la-calcotada-de-valls-2024\/#primaryimage"},"image":{"@id":"https:\/\/fruitssp.com\/noticies\/salses-fruits-patrocinador-oficial-de-la-gran-festa-de-la-calcotada-de-valls-2024\/#primaryimage"},"thumbnailUrl":"https:\/\/fruitssp.com\/wp-content\/uploads\/2023\/11\/Presentacio-cartell-calcotada2023.jpg","datePublished":"2023-11-16T08:17:36+00:00","dateModified":"2023-11-30T08:38:56+00:00","breadcrumb":{"@id":"https:\/\/fruitssp.com\/noticies\/salses-fruits-patrocinador-oficial-de-la-gran-festa-de-la-calcotada-de-valls-2024\/#breadcrumb"},"inLanguage":"es","potentialAction":[{"@type":"ReadAction","target":["https:\/\/fruitssp.com\/noticies\/salses-fruits-patrocinador-oficial-de-la-gran-festa-de-la-calcotada-de-valls-2024\/"]}]},{"@type":"ImageObject","inLanguage":"es","@id":"https:\/\/fruitssp.com\/noticies\/salses-fruits-patrocinador-oficial-de-la-gran-festa-de-la-calcotada-de-valls-2024\/#primaryimage","url":"https:\/\/fruitssp.com\/wp-content\/uploads\/2023\/11\/Presentacio-cartell-calcotada2023.jpg","contentUrl":"https:\/\/fruitssp.com\/wp-content\/uploads\/2023\/11\/Presentacio-cartell-calcotada2023.jpg","width":1440,"height":1080},{"@type":"BreadcrumbList","@id":"https:\/\/fruitssp.com\/noticies\/salses-fruits-patrocinador-oficial-de-la-gran-festa-de-la-calcotada-de-valls-2024\/#breadcrumb","itemListElement":[{"@type":"ListItem","position":1,"name":"Inici","item":"https:\/\/fruitssp.com\/"},{"@type":"ListItem","position":2,"name":"SALSES FRUITS, patrocinador oficial de la Gran Festa de la Cal\u00e7otada de Valls, 2024"}]},{"@type":"WebSite","@id":"https:\/\/fruitssp.com\/#website","url":"https:\/\/fruitssp.com\/","name":"FruitsSP","description":"Salsas y productos frescos y naturales, de la tierra del cal\u00e7ot","publisher":{"@id":"https:\/\/fruitssp.com\/#organization"},"potentialAction":[{"@type":"SearchAction","target":{"@type":"EntryPoint","urlTemplate":"https:\/\/fruitssp.com\/?s={search_term_string}"},"query-input":{"@type":"PropertyValueSpecification","valueRequired":true,"valueName":"search_term_string"}}],"inLanguage":"es"},{"@type":"Organization","@id":"https:\/\/fruitssp.com\/#organization","name":"Salsas Frutos S &amp; P","url":"https:\/\/fruitssp.com\/","logo":{"@type":"ImageObject","inLanguage":"es","@id":"https:\/\/fruitssp.com\/#\/schema\/logo\/image\/","url":"https:\/\/fruitssp.com\/wp-content\/uploads\/2022\/12\/logoFruits_472x406.png","contentUrl":"https:\/\/fruitssp.com\/wp-content\/uploads\/2022\/12\/logoFruits_472x406.png","width":472,"height":406,"caption":"Salses Fruits S&P"},"image":{"@id":"https:\/\/fruitssp.com\/#\/schema\/logo\/image\/"},"sameAs":["https:\/\/www.facebook.com\/Salses-Fruits-SP-1137777022906379\/","https:\/\/www.instagram.com\/salsesfruitssp\/","https:\/\/www.linkedin.com\/company\/salses-fruits-s-i-p-sl\/"]},{"@type":"Person","@id":"https:\/\/fruitssp.com\/#\/schema\/person\/74f4a70f480644ed06e5945c13b509c8","name":"fruitssp"}]}},"_links":{"self":[{"href":"https:\/\/fruitssp.com\/es\/wp-json\/wp\/v2\/posts\/14920","targetHints":{"allow":["GET"]}}],"collection":[{"href":"https:\/\/fruitssp.com\/es\/wp-json\/wp\/v2\/posts"}],"about":[{"href":"https:\/\/fruitssp.com\/es\/wp-json\/wp\/v2\/types\/post"}],"author":[{"embeddable":true,"href":"https:\/\/fruitssp.com\/es\/wp-json\/wp\/v2\/users\/1"}],"replies":[{"embeddable":true,"href":"https:\/\/fruitssp.com\/es\/wp-json\/wp\/v2\/comments?post=14920"}],"version-history":[{"count":0,"href":"https:\/\/fruitssp.com\/es\/wp-json\/wp\/v2\/posts\/14920\/revisions"}],"wp:featuredmedia":[{"embeddable":true,"href":"https:\/\/fruitssp.com\/es\/wp-json\/wp\/v2\/media\/14926"}],"wp:attachment":[{"href":"https:\/\/fruitssp.com\/es\/wp-json\/wp\/v2\/media?parent=14920"}],"wp:term":[{"taxonomy":"category","embeddable":true,"href":"https:\/\/fruitssp.com\/es\/wp-json\/wp\/v2\/categories?post=14920"},{"taxonomy":"post_tag","embeddable":true,"href":"https:\/\/fruitssp.com\/es\/wp-json\/wp\/v2\/tags?post=14920"}],"curies":[{"name":"wp","href":"https:\/\/api.w.org\/{rel}","templated":true}]}}