{"id":14946,"date":"2023-12-19T08:57:10","date_gmt":"2023-12-19T08:57:10","guid":{"rendered":"https:\/\/fruitssp.com\/?p=14946"},"modified":"2024-03-22T10:00:37","modified_gmt":"2024-03-22T10:00:37","slug":"cabra-pedala-per-la-marato-de-tv3","status":"publish","type":"post","link":"https:\/\/fruitssp.com\/es\/noticies\/cabra-pedala-per-la-marato-de-tv3\/","title":{"rendered":"CABRA Pedal por la Marat\u00f3n de TV3, patrocinada por Salses Fruits, ha recaudado 10.033,36 \u20ac"},"content":{"rendered":"<section class=\"l-section wpb_row height_medium\"><div class=\"l-section-h i-cf\"><div class=\"g-cols vc_row via_grid cols_1 laptops-cols_inherit tablets-cols_inherit mobiles-cols_1 valign_top type_default stacking_default\"><div class=\"wpb_column vc_column_container\"><div class=\"vc_column-inner\"><div class=\"wpb_text_column\"><div class=\"wpb_wrapper\"><div class=\"page\" title=\"Page 1\">\n<div class=\"section\">\n<div class=\"layoutArea\">\n<div class=\"column\">\n<p><img loading=\"lazy\" decoding=\"async\" class=\"alignnone size-full wp-image-14951\" src=\"https:\/\/fruitssp.com\/wp-content\/uploads\/2023\/12\/MCabra2023a.jpg\" alt=\"\" width=\"1200\" height=\"900\" srcset=\"https:\/\/fruitssp.com\/wp-content\/uploads\/2023\/12\/MCabra2023a.jpg 1200w, https:\/\/fruitssp.com\/wp-content\/uploads\/2023\/12\/MCabra2023a-300x225.jpg 300w, https:\/\/fruitssp.com\/wp-content\/uploads\/2023\/12\/MCabra2023a-1024x768.jpg 1024w, https:\/\/fruitssp.com\/wp-content\/uploads\/2023\/12\/MCabra2023a-16x12.jpg 16w, https:\/\/fruitssp.com\/wp-content\/uploads\/2023\/12\/MCabra2023a-600x450.jpg 600w, https:\/\/fruitssp.com\/wp-content\/uploads\/2023\/12\/MCabra2023a-768x576.jpg 768w, https:\/\/fruitssp.com\/wp-content\/uploads\/2023\/12\/MCabra2023a-900x675.jpg 900w\" sizes=\"auto, (max-width: 1200px) 100vw, 1200px\" \/><\/p>\n<p class=\"p1\">Figuerola del Camp, 18 de diciembre de 2023<\/p>\n<p class=\"p1\"><b>La 18\u00aa CARRERA DE BTT \u201cCABRA PEDALA PER LA MARAT\u00d3N DE TV3\u201d-MEMORIAL XAVI TONDO VOLPINI, patrocinada por SALSES FRUITS, ha concentrado a m\u00e1s de 600 personas, entre participantes y voluntarios, este 17 de diciembre en el pabell\u00f3n polideportivo de Cabra del Camp.<\/b><\/p>\n<p class=\"p1\"><strong>M\u00e1s de 560 participantes de todas las edades, han participado y disfrutado de una gran jornada solidaria que ha logrado recaudar 10.033,36 \u20ac. La totalidad de este importe est\u00e1 destinado a la Marat\u00f3n de TV3, que en esta edici\u00f3n de 2023 estaba orientada a la salud sexual y reproductiva.<\/strong><\/p>\n<p class=\"p1\">SALSES FRUITS como patrocinador oficial, aparte de editar todo el material de comunicaci\u00f3n y los dorsales y los chips de los corredores, ofreci\u00f3 CALDO DE POLLO de SALSES FRUITS caliente, a todos los participantes durante toda la ma\u00f1ana; colabor\u00f3 en la bolsa de obsequios a los corredores y corredoras; y reparti\u00f3 un total de 28 premios, seg\u00fan las distintas categor\u00edas y distancias; 23 km y 35 km.<\/p>\n<p class=\"p1\">La organizaci\u00f3n quiere agradecer la participaci\u00f3n de todos, y los donativos hechos en el Marat\u00f3n de TV3, y emplaza por el pr\u00f3ximo diciembre de 2024 a la 19\u00aa edici\u00f3n de la marcha en BTT \u201cPEDALA PER LA MARAT\u00d3N DE TV3\u201d \u2013 Memorial Xavi Tondo Volpini.<\/p>\n<p><img loading=\"lazy\" decoding=\"async\" class=\"alignnone size-full wp-image-14952\" src=\"https:\/\/fruitssp.com\/wp-content\/uploads\/2023\/12\/MCabra2023b.jpg\" alt=\"\" width=\"1200\" height=\"900\" srcset=\"https:\/\/fruitssp.com\/wp-content\/uploads\/2023\/12\/MCabra2023b.jpg 1200w, https:\/\/fruitssp.com\/wp-content\/uploads\/2023\/12\/MCabra2023b-300x225.jpg 300w, https:\/\/fruitssp.com\/wp-content\/uploads\/2023\/12\/MCabra2023b-1024x768.jpg 1024w, https:\/\/fruitssp.com\/wp-content\/uploads\/2023\/12\/MCabra2023b-16x12.jpg 16w, https:\/\/fruitssp.com\/wp-content\/uploads\/2023\/12\/MCabra2023b-600x450.jpg 600w, https:\/\/fruitssp.com\/wp-content\/uploads\/2023\/12\/MCabra2023b-768x576.jpg 768w, https:\/\/fruitssp.com\/wp-content\/uploads\/2023\/12\/MCabra2023b-900x675.jpg 900w\" sizes=\"auto, (max-width: 1200px) 100vw, 1200px\" \/><img loading=\"lazy\" decoding=\"async\" class=\"alignnone size-full wp-image-14950\" src=\"https:\/\/fruitssp.com\/wp-content\/uploads\/2023\/12\/MCabra2023d.jpg\" alt=\"\" width=\"1200\" height=\"900\" srcset=\"https:\/\/fruitssp.com\/wp-content\/uploads\/2023\/12\/MCabra2023d.jpg 1200w, https:\/\/fruitssp.com\/wp-content\/uploads\/2023\/12\/MCabra2023d-300x225.jpg 300w, https:\/\/fruitssp.com\/wp-content\/uploads\/2023\/12\/MCabra2023d-1024x768.jpg 1024w, https:\/\/fruitssp.com\/wp-content\/uploads\/2023\/12\/MCabra2023d-16x12.jpg 16w, https:\/\/fruitssp.com\/wp-content\/uploads\/2023\/12\/MCabra2023d-600x450.jpg 600w, https:\/\/fruitssp.com\/wp-content\/uploads\/2023\/12\/MCabra2023d-768x576.jpg 768w, https:\/\/fruitssp.com\/wp-content\/uploads\/2023\/12\/MCabra2023d-900x675.jpg 900w\" sizes=\"auto, (max-width: 1200px) 100vw, 1200px\" \/><img loading=\"lazy\" decoding=\"async\" class=\"alignnone size-full wp-image-14949\" src=\"https:\/\/fruitssp.com\/wp-content\/uploads\/2023\/12\/MCabra2023e.jpg\" alt=\"\" width=\"1200\" height=\"900\" srcset=\"https:\/\/fruitssp.com\/wp-content\/uploads\/2023\/12\/MCabra2023e.jpg 1200w, https:\/\/fruitssp.com\/wp-content\/uploads\/2023\/12\/MCabra2023e-300x225.jpg 300w, https:\/\/fruitssp.com\/wp-content\/uploads\/2023\/12\/MCabra2023e-1024x768.jpg 1024w, https:\/\/fruitssp.com\/wp-content\/uploads\/2023\/12\/MCabra2023e-16x12.jpg 16w, https:\/\/fruitssp.com\/wp-content\/uploads\/2023\/12\/MCabra2023e-600x450.jpg 600w, https:\/\/fruitssp.com\/wp-content\/uploads\/2023\/12\/MCabra2023e-768x576.jpg 768w, https:\/\/fruitssp.com\/wp-content\/uploads\/2023\/12\/MCabra2023e-900x675.jpg 900w\" sizes=\"auto, (max-width: 1200px) 100vw, 1200px\" \/><img loading=\"lazy\" decoding=\"async\" class=\"alignnone size-full wp-image-14948\" src=\"https:\/\/fruitssp.com\/wp-content\/uploads\/2023\/12\/MCabra2023f.jpg\" alt=\"\" width=\"1200\" height=\"900\" srcset=\"https:\/\/fruitssp.com\/wp-content\/uploads\/2023\/12\/MCabra2023f.jpg 1200w, https:\/\/fruitssp.com\/wp-content\/uploads\/2023\/12\/MCabra2023f-300x225.jpg 300w, https:\/\/fruitssp.com\/wp-content\/uploads\/2023\/12\/MCabra2023f-1024x768.jpg 1024w, https:\/\/fruitssp.com\/wp-content\/uploads\/2023\/12\/MCabra2023f-16x12.jpg 16w, https:\/\/fruitssp.com\/wp-content\/uploads\/2023\/12\/MCabra2023f-600x450.jpg 600w, https:\/\/fruitssp.com\/wp-content\/uploads\/2023\/12\/MCabra2023f-768x576.jpg 768w, https:\/\/fruitssp.com\/wp-content\/uploads\/2023\/12\/MCabra2023f-900x675.jpg 900w\" sizes=\"auto, (max-width: 1200px) 100vw, 1200px\" \/><img loading=\"lazy\" decoding=\"async\" class=\"alignnone size-full wp-image-14947\" src=\"https:\/\/fruitssp.com\/wp-content\/uploads\/2023\/12\/MCabra2023c.jpg\" alt=\"\" width=\"900\" height=\"1200\" srcset=\"https:\/\/fruitssp.com\/wp-content\/uploads\/2023\/12\/MCabra2023c.jpg 900w, https:\/\/fruitssp.com\/wp-content\/uploads\/2023\/12\/MCabra2023c-225x300.jpg 225w, https:\/\/fruitssp.com\/wp-content\/uploads\/2023\/12\/MCabra2023c-768x1024.jpg 768w, https:\/\/fruitssp.com\/wp-content\/uploads\/2023\/12\/MCabra2023c-9x12.jpg 9w, https:\/\/fruitssp.com\/wp-content\/uploads\/2023\/12\/MCabra2023c-600x800.jpg 600w, https:\/\/fruitssp.com\/wp-content\/uploads\/2023\/12\/MCabra2023c-300x400.jpg 300w\" sizes=\"auto, (max-width: 900px) 100vw, 900px\" \/><\/p>\n<\/div>\n<\/div>\n<\/div>\n<\/div>\n<\/div><\/div><\/div><\/div><\/div><\/div><\/section>","protected":false},"excerpt":{"rendered":"Figuerola del Camp, 18 de diciembre de 2023 La 18\u00aa CARRERA DE BTT \u201cCABRA PEDALA POR LA MARAT\u00d3N DE TV3\u201d-MEMORIAL XAVI TONDO Y VOLPINI, patrocinada por SALSES FRUITS, ha concentrado a m\u00e1s de 600 personas, entre participantes y voluntarios, este 17 de diciembre en el pabell\u00f3n polideportivo de Cabra del Camp. M\u00e1s de 560 participantes de todas...","protected":false},"author":1,"featured_media":14952,"comment_status":"closed","ping_status":"closed","sticky":false,"template":"","format":"standard","meta":{"inline_featured_image":false,"footnotes":""},"categories":[1],"tags":[],"class_list":["post-14946","post","type-post","status-publish","format-standard","has-post-thumbnail","hentry","category-noticies"],"yoast_head":"<!-- This site is optimized with the Yoast SEO plugin v26.7 - https:\/\/yoast.com\/wordpress\/plugins\/seo\/ -->\n<title>CABRA Pedala per la Marat\u00f3 de TV3, patrocinada per Salses Fruits, ha recaptat 10.033,36 \u20ac - Salses Fruits<\/title>\n<meta name=\"description\" content=\"CABRA Pedala per la Marat\u00f3 de TV3 ha aplegat m\u00e9s de 560 participants, ha aconseguit recaptar 10.033,36 \u20ac. La totalitat d\u2019aquest import est\u00e0 destinat a la Marat\u00f3 de TV3.\" \/>\n<meta name=\"robots\" content=\"index, follow, max-snippet:-1, max-image-preview:large, max-video-preview:-1\" \/>\n<link rel=\"canonical\" href=\"https:\/\/fruitssp.com\/es\/noticies\/cabra-pedala-per-la-marato-de-tv3\/\" \/>\n<meta property=\"og:locale\" content=\"es_ES\" \/>\n<meta property=\"og:type\" content=\"article\" \/>\n<meta property=\"og:title\" content=\"CABRA Pedala per la Marat\u00f3 de TV3, patrocinada per Salses Fruits, ha recaptat 10.033,36 \u20ac - Salses Fruits\" \/>\n<meta property=\"og:description\" content=\"CABRA Pedala per la Marat\u00f3 de TV3 ha aplegat m\u00e9s de 560 participants, ha aconseguit recaptar 10.033,36 \u20ac. La totalitat d\u2019aquest import est\u00e0 destinat a la Marat\u00f3 de TV3.\" \/>\n<meta property=\"og:url\" content=\"https:\/\/fruitssp.com\/es\/noticies\/cabra-pedala-per-la-marato-de-tv3\/\" \/>\n<meta property=\"og:site_name\" content=\"Salses Fruits\" \/>\n<meta property=\"article:publisher\" content=\"https:\/\/www.facebook.com\/Salses-Fruits-SP-1137777022906379\/\" \/>\n<meta property=\"article:published_time\" content=\"2023-12-19T08:57:10+00:00\" \/>\n<meta property=\"article:modified_time\" content=\"2024-03-22T10:00:37+00:00\" \/>\n<meta property=\"og:image\" content=\"https:\/\/fruitssp.com\/wp-content\/uploads\/2023\/12\/MCabra2023b.jpg\" \/>\n\t<meta property=\"og:image:width\" content=\"1200\" \/>\n\t<meta property=\"og:image:height\" content=\"900\" \/>\n\t<meta property=\"og:image:type\" content=\"image\/jpeg\" \/>\n<meta name=\"author\" content=\"fruitssp\" \/>\n<meta name=\"twitter:card\" content=\"summary_large_image\" \/>\n<meta name=\"twitter:label1\" content=\"Escrito por\" \/>\n\t<meta name=\"twitter:data1\" content=\"fruitssp\" \/>\n\t<meta name=\"twitter:label2\" content=\"Tiempo de lectura\" \/>\n\t<meta name=\"twitter:data2\" content=\"3 minutos\" \/>\n<!-- \/ Yoast SEO plugin. -->","yoast_head_json":{"title":"CABRA Pedala per la Marat\u00f3 de TV3, patrocinada per Salses Fruits, ha recaptat 10.033,36 \u20ac - Salses Fruits","description":"CABRA Pedala per la Marat\u00f3 de TV3 ha aplegat m\u00e9s de 560 participants, ha aconseguit recaptar 10.033,36 \u20ac. La totalitat d\u2019aquest import est\u00e0 destinat a la Marat\u00f3 de TV3.","robots":{"index":"index","follow":"follow","max-snippet":"max-snippet:-1","max-image-preview":"max-image-preview:large","max-video-preview":"max-video-preview:-1"},"canonical":"https:\/\/fruitssp.com\/es\/noticies\/cabra-pedala-per-la-marato-de-tv3\/","og_locale":"es_ES","og_type":"article","og_title":"CABRA Pedala per la Marat\u00f3 de TV3, patrocinada per Salses Fruits, ha recaptat 10.033,36 \u20ac - Salses Fruits","og_description":"CABRA Pedala per la Marat\u00f3 de TV3 ha aplegat m\u00e9s de 560 participants, ha aconseguit recaptar 10.033,36 \u20ac. La totalitat d\u2019aquest import est\u00e0 destinat a la Marat\u00f3 de TV3.","og_url":"https:\/\/fruitssp.com\/es\/noticies\/cabra-pedala-per-la-marato-de-tv3\/","og_site_name":"Salses Fruits","article_publisher":"https:\/\/www.facebook.com\/Salses-Fruits-SP-1137777022906379\/","article_published_time":"2023-12-19T08:57:10+00:00","article_modified_time":"2024-03-22T10:00:37+00:00","og_image":[{"width":1200,"height":900,"url":"https:\/\/fruitssp.com\/wp-content\/uploads\/2023\/12\/MCabra2023b.jpg","type":"image\/jpeg"}],"author":"fruitssp","twitter_card":"summary_large_image","twitter_misc":{"Escrito por":"fruitssp","Tiempo de lectura":"3 minutos"},"schema":{"@context":"https:\/\/schema.org","@graph":[{"@type":"Article","@id":"https:\/\/fruitssp.com\/noticies\/cabra-pedala-per-la-marato-de-tv3\/#article","isPartOf":{"@id":"https:\/\/fruitssp.com\/noticies\/cabra-pedala-per-la-marato-de-tv3\/"},"author":{"name":"fruitssp","@id":"https:\/\/fruitssp.com\/#\/schema\/person\/74f4a70f480644ed06e5945c13b509c8"},"headline":"CABRA Pedala per la Marat\u00f3 de TV3, patrocinada per Salses Fruits, ha recaptat 10.033,36 \u20ac","datePublished":"2023-12-19T08:57:10+00:00","dateModified":"2024-03-22T10:00:37+00:00","mainEntityOfPage":{"@id":"https:\/\/fruitssp.com\/noticies\/cabra-pedala-per-la-marato-de-tv3\/"},"wordCount":236,"publisher":{"@id":"https:\/\/fruitssp.com\/#organization"},"image":{"@id":"https:\/\/fruitssp.com\/noticies\/cabra-pedala-per-la-marato-de-tv3\/#primaryimage"},"thumbnailUrl":"https:\/\/fruitssp.com\/wp-content\/uploads\/2023\/12\/MCabra2023b.jpg","articleSection":["Noticies"],"inLanguage":"es"},{"@type":"WebPage","@id":"https:\/\/fruitssp.com\/noticies\/cabra-pedala-per-la-marato-de-tv3\/","url":"https:\/\/fruitssp.com\/noticies\/cabra-pedala-per-la-marato-de-tv3\/","name":"CABRA Pedala per la Marat\u00f3 de TV3, patrocinada per Salses Fruits, ha recaptat 10.033,36 \u20ac - Salses Fruits","isPartOf":{"@id":"https:\/\/fruitssp.com\/#website"},"primaryImageOfPage":{"@id":"https:\/\/fruitssp.com\/noticies\/cabra-pedala-per-la-marato-de-tv3\/#primaryimage"},"image":{"@id":"https:\/\/fruitssp.com\/noticies\/cabra-pedala-per-la-marato-de-tv3\/#primaryimage"},"thumbnailUrl":"https:\/\/fruitssp.com\/wp-content\/uploads\/2023\/12\/MCabra2023b.jpg","datePublished":"2023-12-19T08:57:10+00:00","dateModified":"2024-03-22T10:00:37+00:00","description":"CABRA Pedala per la Marat\u00f3 de TV3 ha aplegat m\u00e9s de 560 participants, ha aconseguit recaptar 10.033,36 \u20ac. La totalitat d\u2019aquest import est\u00e0 destinat a la Marat\u00f3 de TV3.","breadcrumb":{"@id":"https:\/\/fruitssp.com\/noticies\/cabra-pedala-per-la-marato-de-tv3\/#breadcrumb"},"inLanguage":"es","potentialAction":[{"@type":"ReadAction","target":["https:\/\/fruitssp.com\/noticies\/cabra-pedala-per-la-marato-de-tv3\/"]}]},{"@type":"ImageObject","inLanguage":"es","@id":"https:\/\/fruitssp.com\/noticies\/cabra-pedala-per-la-marato-de-tv3\/#primaryimage","url":"https:\/\/fruitssp.com\/wp-content\/uploads\/2023\/12\/MCabra2023b.jpg","contentUrl":"https:\/\/fruitssp.com\/wp-content\/uploads\/2023\/12\/MCabra2023b.jpg","width":1200,"height":900,"caption":"Salses Fruits, patrocinador de la Cabra Pedala per la Marat\u00f3 de TV3 2023"},{"@type":"BreadcrumbList","@id":"https:\/\/fruitssp.com\/noticies\/cabra-pedala-per-la-marato-de-tv3\/#breadcrumb","itemListElement":[{"@type":"ListItem","position":1,"name":"Inici","item":"https:\/\/fruitssp.com\/"},{"@type":"ListItem","position":2,"name":"CABRA Pedala per la Marat\u00f3 de TV3, patrocinada per Salses Fruits, ha recaptat 10.033,36 \u20ac"}]},{"@type":"WebSite","@id":"https:\/\/fruitssp.com\/#website","url":"https:\/\/fruitssp.com\/","name":"FruitsSP","description":"Salsas y productos frescos y naturales, de la tierra del cal\u00e7ot","publisher":{"@id":"https:\/\/fruitssp.com\/#organization"},"potentialAction":[{"@type":"SearchAction","target":{"@type":"EntryPoint","urlTemplate":"https:\/\/fruitssp.com\/?s={search_term_string}"},"query-input":{"@type":"PropertyValueSpecification","valueRequired":true,"valueName":"search_term_string"}}],"inLanguage":"es"},{"@type":"Organization","@id":"https:\/\/fruitssp.com\/#organization","name":"Salsas Frutos S &amp; P","url":"https:\/\/fruitssp.com\/","logo":{"@type":"ImageObject","inLanguage":"es","@id":"https:\/\/fruitssp.com\/#\/schema\/logo\/image\/","url":"https:\/\/fruitssp.com\/wp-content\/uploads\/2022\/12\/logoFruits_472x406.png","contentUrl":"https:\/\/fruitssp.com\/wp-content\/uploads\/2022\/12\/logoFruits_472x406.png","width":472,"height":406,"caption":"Salses Fruits S&P"},"image":{"@id":"https:\/\/fruitssp.com\/#\/schema\/logo\/image\/"},"sameAs":["https:\/\/www.facebook.com\/Salses-Fruits-SP-1137777022906379\/","https:\/\/www.instagram.com\/salsesfruitssp\/","https:\/\/www.linkedin.com\/company\/salses-fruits-s-i-p-sl\/"]},{"@type":"Person","@id":"https:\/\/fruitssp.com\/#\/schema\/person\/74f4a70f480644ed06e5945c13b509c8","name":"fruitssp"}]}},"_links":{"self":[{"href":"https:\/\/fruitssp.com\/es\/wp-json\/wp\/v2\/posts\/14946","targetHints":{"allow":["GET"]}}],"collection":[{"href":"https:\/\/fruitssp.com\/es\/wp-json\/wp\/v2\/posts"}],"about":[{"href":"https:\/\/fruitssp.com\/es\/wp-json\/wp\/v2\/types\/post"}],"author":[{"embeddable":true,"href":"https:\/\/fruitssp.com\/es\/wp-json\/wp\/v2\/users\/1"}],"replies":[{"embeddable":true,"href":"https:\/\/fruitssp.com\/es\/wp-json\/wp\/v2\/comments?post=14946"}],"version-history":[{"count":0,"href":"https:\/\/fruitssp.com\/es\/wp-json\/wp\/v2\/posts\/14946\/revisions"}],"wp:featuredmedia":[{"embeddable":true,"href":"https:\/\/fruitssp.com\/es\/wp-json\/wp\/v2\/media\/14952"}],"wp:attachment":[{"href":"https:\/\/fruitssp.com\/es\/wp-json\/wp\/v2\/media?parent=14946"}],"wp:term":[{"taxonomy":"category","embeddable":true,"href":"https:\/\/fruitssp.com\/es\/wp-json\/wp\/v2\/categories?post=14946"},{"taxonomy":"post_tag","embeddable":true,"href":"https:\/\/fruitssp.com\/es\/wp-json\/wp\/v2\/tags?post=14946"}],"curies":[{"name":"wp","href":"https:\/\/api.w.org\/{rel}","templated":true}]}}