{"id":15103,"date":"2024-01-31T15:37:57","date_gmt":"2024-01-31T15:37:57","guid":{"rendered":"https:\/\/fruitssp.com\/?p=15103"},"modified":"2024-02-05T12:33:16","modified_gmt":"2024-02-05T12:33:16","slug":"gran-festa-de-la-calcotada-2024","status":"publish","type":"post","link":"https:\/\/fruitssp.com\/es\/noticies\/gran-festa-de-la-calcotada-2024\/","title":{"rendered":"Gran Fiesta de la Cal\u00e7otada 2024"},"content":{"rendered":"<section class=\"l-section wpb_row height_medium\"><div class=\"l-section-h i-cf\"><div class=\"g-cols vc_row via_grid cols_1 laptops-cols_inherit tablets-cols_inherit mobiles-cols_1 valign_top type_default stacking_default\"><div class=\"wpb_column vc_column_container\"><div class=\"vc_column-inner\"><div class=\"w-image align_none\"><div class=\"w-image-h\"><img loading=\"lazy\" decoding=\"async\" width=\"1200\" height=\"800\" src=\"https:\/\/fruitssp.com\/wp-content\/uploads\/2024\/01\/SF-Festa-de-la-Calcotada-2024-402.jpg\" class=\"attachment-full size-full\" alt=\"\" srcset=\"https:\/\/fruitssp.com\/wp-content\/uploads\/2024\/01\/SF-Festa-de-la-Calcotada-2024-402.jpg 1200w, https:\/\/fruitssp.com\/wp-content\/uploads\/2024\/01\/SF-Festa-de-la-Calcotada-2024-402-300x200.jpg 300w, https:\/\/fruitssp.com\/wp-content\/uploads\/2024\/01\/SF-Festa-de-la-Calcotada-2024-402-1024x683.jpg 1024w, https:\/\/fruitssp.com\/wp-content\/uploads\/2024\/01\/SF-Festa-de-la-Calcotada-2024-402-18x12.jpg 18w, https:\/\/fruitssp.com\/wp-content\/uploads\/2024\/01\/SF-Festa-de-la-Calcotada-2024-402-600x400.jpg 600w, https:\/\/fruitssp.com\/wp-content\/uploads\/2024\/01\/SF-Festa-de-la-Calcotada-2024-402-768x512.jpg 768w, https:\/\/fruitssp.com\/wp-content\/uploads\/2024\/01\/SF-Festa-de-la-Calcotada-2024-402-900x600.jpg 900w\" sizes=\"auto, (max-width: 1200px) 100vw, 1200px\" \/><\/div><\/div><div class=\"w-separator size_medium\"><\/div><div class=\"wpb_text_column\"><div class=\"wpb_wrapper\"><blockquote>\n<p class=\"p1\"><b>Per cinqu\u00e8 any consecutiu, Salses Fruits ha estat patrocinador oficial de la Gran Festa de la Cal\u00e7otada, conjuntament amb Castell d&#8217;Or i Europastry.<\/b><\/p>\n<\/blockquote>\n<p class=\"p1\">La cita anual va acollir 35.000 visitants que van omplir els carrers i places de Valls posicionant la ciutat, la comarca i la cal\u00e7otada arreu. El guanyador del Concurs de Menjar Cal\u00e7ots va ser Antonio Hern\u00e1ndez, de Santa Perp\u00e8tua de Mogoda, menjant-se 240 cal\u00e7ots en tres quarts d&#8217;hora. Durant el mat\u00ed es van realitzar demostracions de coure cal\u00e7ots, concursos i lliurament de premis, cercavila, mercat de la cal\u00e7otada, venda i degustaci\u00f3 de productes t\u00edpics de la comarca i tastets de la cal\u00e7otada. La degustaci\u00f3 popular es consolida un any m\u00e9s com un dels grans actes de la Gran Festa. El Museu Casteller de Catalunya va aprofitar la Festa per obrir al p\u00fablic. Els vallencs Figa Flawas van vendre en prim\u00edcia el seu nou disc &#8220;La Cal\u00e7otada&#8221;.<\/p>\n<p class=\"p1\">Pel que fa al <b>Concurs de Salsa de la Cal\u00e7otada<\/b>, patrocinat per Salses Fruits, la guanyadora va ser la reusenca Emilia Llort. \u00c0ngeles Garcia i Jordi Rovira, ambd\u00f3s de Valls, van obtenir el segon i tercer premi, respectivament.<\/p>\n<p class=\"p1\">El Concurs de Menjar Cal\u00e7ots \u00e9s el que aixeca m\u00e9s expectaci\u00f3 de la Festa. Enguany hi han participat 20 homes. Antonio Hern\u00e1ndez, de Santa Perp\u00e8tua de Mogoda, va ser el guanyador del concurs de menjar cal\u00e7ots, despr\u00e9s de cruspir-se, en tres quarts d&#8217;hora, 240 cal\u00e7ots d&#8217;un pes de 3,06 quilos. La segona posici\u00f3 va ser per Ramon Caballero, de Barcelona, amb 2196 cal\u00e7ots i 2.260 grams, i la tercera posici\u00f3 va ser per Ramon For\u00e8s, de Valls, que va ingerir 190 cal\u00e7ots amb un total de 2.140 grams. Els guanyadors van ser obsequiats amb premis patrocinats per <b>Castell d&#8217;Or<\/b>, <b>Salses Fruits i Europastry<\/b>, un per a cadascun dels tres primers classificats, juntament amb un lot de vins de la DO Tarragona, un Joc del Cal\u00e7ot de l&#8217;IGP Cal\u00e7ot de Valls i un davantal, i un 2\u00d71 per visitar el Museu Casteller de Catalunya.<\/p>\n<p class=\"p1\">El primer premi del Concurs de Cultivadors va ser per Horta Blanch, d&#8217;Altafulla.. Quico Amill de Valls i Pau Llaurador de Perafort van quedar en segona i tercera posici\u00f3 respectivament. El premi a la mota amb m\u00e9s cal\u00e7ots va ser compartit per Fernando Serra, de Vila-seca, i Jaume Papi\u00f3, de Reus. La mota en q\u00fcesti\u00f3 presentava 15 cal\u00e7ots uniformes comercialitzables segons la normativa de la IGP.<\/p>\n<p class=\"p1\">La Comissi\u00f3 Organitzadora de la Festa fa una valoraci\u00f3 positiva i exitosa de la Gran Festa. Pel que fa a les degustacions, enguany s&#8217;han superat totes les expectatives, venent 3600 lots de degustaci\u00f3, 1500 dels quals es van vendre, per primera vegada, de manera anticipada. L&#8217;espai habilitat a l&#8217;aparcament de la Cooperativa Agr\u00edcola de Valls ha tingut molt bona acollida per part del p\u00fablic, amb taules i cadires, brasa i graelles, servei de bar i m\u00fasica de sobretaula amb les actuacions de Miquel del Roig i El Artriste.<\/p>\n<p class=\"p1\">Per a m\u00e9s informaci\u00f3 podeu consultar el web de la <a href=\"https:\/\/festacalcotadavalls.cat\/\" target=\"_blank\" rel=\"noopener\">Gran Festa de la Cal\u00e7otada<\/a>.<\/p>\n<\/div><\/div><div class=\"w-separator size_medium\"><\/div><div class=\"w-grid type_masonry layout_gallery_default cols_2 popup_page with_isotope with_css_animation\" id=\"us_grid_1\" style=\"--gap:0.5rem;\" data-filterable=\"true\"><style>@media (max-width:600px){#us_grid_1 .w-grid-list{margin:0}#us_grid_1 .w-grid-item{width:100%;padding:0;margin-bottom:var(--gap,0px)}}.layout_gallery_default .w-grid-item-h{}<\/style><div class=\"w-grid-list\">\t<article class=\"w-grid-item us_animate_fade off_autostart post-15107 attachment type-attachment status-inherit hentry\" data-id=\"15107\" style=\"animation-delay:0s\">\r\n\t\t<div class=\"w-grid-item-h\">\r\n\t\t\t\t\t\t\t<a class=\"w-grid-item-anchor\" href=\"https:\/\/fruitssp.com\/es\/noticies\/gran-festa-de-la-calcotada-2024\/attachment\/festa-de-la-calc\u0327otada-2024-126\/\" rel=\"bookmark\" aria-label=\"Festa-de-la-Calc\u0327otada-2024-126\"><\/a>\r\n\t\t\t\t\t\t<div class=\"w-post-elm post_image usg_post_image_1 stretched\"><img loading=\"lazy\" decoding=\"async\" width=\"1200\" height=\"800\" src=\"https:\/\/fruitssp.com\/wp-content\/uploads\/2024\/01\/Festa-de-la-Calcotada-2024-126.jpg\" class=\"attachment-full size-full\" alt=\"\" srcset=\"https:\/\/fruitssp.com\/wp-content\/uploads\/2024\/01\/Festa-de-la-Calcotada-2024-126.jpg 1200w, https:\/\/fruitssp.com\/wp-content\/uploads\/2024\/01\/Festa-de-la-Calcotada-2024-126-300x200.jpg 300w, https:\/\/fruitssp.com\/wp-content\/uploads\/2024\/01\/Festa-de-la-Calcotada-2024-126-1024x683.jpg 1024w, https:\/\/fruitssp.com\/wp-content\/uploads\/2024\/01\/Festa-de-la-Calcotada-2024-126-18x12.jpg 18w, https:\/\/fruitssp.com\/wp-content\/uploads\/2024\/01\/Festa-de-la-Calcotada-2024-126-600x400.jpg 600w, https:\/\/fruitssp.com\/wp-content\/uploads\/2024\/01\/Festa-de-la-Calcotada-2024-126-768x512.jpg 768w, https:\/\/fruitssp.com\/wp-content\/uploads\/2024\/01\/Festa-de-la-Calcotada-2024-126-900x600.jpg 900w\" sizes=\"auto, (max-width: 1200px) 100vw, 1200px\" \/><\/div>\t\t<\/div>\r\n\t<\/article>\r\n\t<article class=\"w-grid-item us_animate_fade off_autostart post-15106 attachment type-attachment status-inherit hentry\" data-id=\"15106\" style=\"animation-delay:0.1s\">\r\n\t\t<div class=\"w-grid-item-h\">\r\n\t\t\t\t\t\t\t<a class=\"w-grid-item-anchor\" href=\"https:\/\/fruitssp.com\/es\/noticies\/gran-festa-de-la-calcotada-2024\/attachment\/festa-de-la-calc\u0327otada-2024-123\/\" rel=\"bookmark\" aria-label=\"Festa-de-la-Calc\u0327otada-2024-123\"><\/a>\r\n\t\t\t\t\t\t<div class=\"w-post-elm post_image usg_post_image_1 stretched\"><img loading=\"lazy\" decoding=\"async\" width=\"1200\" height=\"800\" src=\"https:\/\/fruitssp.com\/wp-content\/uploads\/2024\/01\/Festa-de-la-Calcotada-2024-123.jpg\" class=\"attachment-full size-full\" alt=\"\" srcset=\"https:\/\/fruitssp.com\/wp-content\/uploads\/2024\/01\/Festa-de-la-Calcotada-2024-123.jpg 1200w, https:\/\/fruitssp.com\/wp-content\/uploads\/2024\/01\/Festa-de-la-Calcotada-2024-123-300x200.jpg 300w, https:\/\/fruitssp.com\/wp-content\/uploads\/2024\/01\/Festa-de-la-Calcotada-2024-123-1024x683.jpg 1024w, https:\/\/fruitssp.com\/wp-content\/uploads\/2024\/01\/Festa-de-la-Calcotada-2024-123-18x12.jpg 18w, https:\/\/fruitssp.com\/wp-content\/uploads\/2024\/01\/Festa-de-la-Calcotada-2024-123-600x400.jpg 600w, https:\/\/fruitssp.com\/wp-content\/uploads\/2024\/01\/Festa-de-la-Calcotada-2024-123-768x512.jpg 768w, https:\/\/fruitssp.com\/wp-content\/uploads\/2024\/01\/Festa-de-la-Calcotada-2024-123-900x600.jpg 900w\" sizes=\"auto, (max-width: 1200px) 100vw, 1200px\" \/><\/div>\t\t<\/div>\r\n\t<\/article>\r\n\t<article class=\"w-grid-item us_animate_fade off_autostart post-15105 attachment type-attachment status-inherit hentry\" data-id=\"15105\" style=\"animation-delay:0.2s\">\r\n\t\t<div class=\"w-grid-item-h\">\r\n\t\t\t\t\t\t\t<a class=\"w-grid-item-anchor\" href=\"https:\/\/fruitssp.com\/es\/noticies\/gran-festa-de-la-calcotada-2024\/attachment\/festa-de-la-calc\u0327otada-2024-117\/\" rel=\"bookmark\" aria-label=\"Festa-de-la-Calc\u0327otada-2024-117\"><\/a>\r\n\t\t\t\t\t\t<div class=\"w-post-elm post_image usg_post_image_1 stretched\"><img loading=\"lazy\" decoding=\"async\" width=\"1200\" height=\"649\" src=\"https:\/\/fruitssp.com\/wp-content\/uploads\/2024\/01\/Festa-de-la-Calcotada-2024-117.jpg\" class=\"attachment-full size-full\" alt=\"\" srcset=\"https:\/\/fruitssp.com\/wp-content\/uploads\/2024\/01\/Festa-de-la-Calcotada-2024-117.jpg 1200w, https:\/\/fruitssp.com\/wp-content\/uploads\/2024\/01\/Festa-de-la-Calcotada-2024-117-300x162.jpg 300w, https:\/\/fruitssp.com\/wp-content\/uploads\/2024\/01\/Festa-de-la-Calcotada-2024-117-1024x554.jpg 1024w, https:\/\/fruitssp.com\/wp-content\/uploads\/2024\/01\/Festa-de-la-Calcotada-2024-117-18x10.jpg 18w, https:\/\/fruitssp.com\/wp-content\/uploads\/2024\/01\/Festa-de-la-Calcotada-2024-117-600x325.jpg 600w, https:\/\/fruitssp.com\/wp-content\/uploads\/2024\/01\/Festa-de-la-Calcotada-2024-117-768x415.jpg 768w, https:\/\/fruitssp.com\/wp-content\/uploads\/2024\/01\/Festa-de-la-Calcotada-2024-117-900x487.jpg 900w\" sizes=\"auto, (max-width: 1200px) 100vw, 1200px\" \/><\/div>\t\t<\/div>\r\n\t<\/article>\r\n\t<article class=\"w-grid-item us_animate_fade off_autostart post-15117 attachment type-attachment status-inherit hentry\" data-id=\"15117\" style=\"animation-delay:0.3s\">\r\n\t\t<div class=\"w-grid-item-h\">\r\n\t\t\t\t\t\t\t<a class=\"w-grid-item-anchor\" href=\"https:\/\/fruitssp.com\/es\/noticies\/gran-festa-de-la-calcotada-2024\/attachment\/sf-festa-de-la-calc\u0327otada-2024-10\/\" rel=\"bookmark\" aria-label=\"SF-Festa-de-la-Calc\u0327otada-2024-10\"><\/a>\r\n\t\t\t\t\t\t<div class=\"w-post-elm post_image usg_post_image_1 stretched\"><img loading=\"lazy\" decoding=\"async\" width=\"1200\" height=\"800\" src=\"https:\/\/fruitssp.com\/wp-content\/uploads\/2024\/01\/SF-Festa-de-la-Calcotada-2024-10.jpg\" class=\"attachment-full size-full\" alt=\"\" srcset=\"https:\/\/fruitssp.com\/wp-content\/uploads\/2024\/01\/SF-Festa-de-la-Calcotada-2024-10.jpg 1200w, https:\/\/fruitssp.com\/wp-content\/uploads\/2024\/01\/SF-Festa-de-la-Calcotada-2024-10-300x200.jpg 300w, https:\/\/fruitssp.com\/wp-content\/uploads\/2024\/01\/SF-Festa-de-la-Calcotada-2024-10-1024x683.jpg 1024w, https:\/\/fruitssp.com\/wp-content\/uploads\/2024\/01\/SF-Festa-de-la-Calcotada-2024-10-18x12.jpg 18w, https:\/\/fruitssp.com\/wp-content\/uploads\/2024\/01\/SF-Festa-de-la-Calcotada-2024-10-600x400.jpg 600w, https:\/\/fruitssp.com\/wp-content\/uploads\/2024\/01\/SF-Festa-de-la-Calcotada-2024-10-768x512.jpg 768w, https:\/\/fruitssp.com\/wp-content\/uploads\/2024\/01\/SF-Festa-de-la-Calcotada-2024-10-900x600.jpg 900w\" sizes=\"auto, (max-width: 1200px) 100vw, 1200px\" \/><\/div>\t\t<\/div>\r\n\t<\/article>\r\n\t<article class=\"w-grid-item us_animate_fade off_autostart post-15116 attachment type-attachment status-inherit hentry\" data-id=\"15116\" style=\"animation-delay:0s\">\r\n\t\t<div class=\"w-grid-item-h\">\r\n\t\t\t\t\t\t\t<a class=\"w-grid-item-anchor\" href=\"https:\/\/fruitssp.com\/es\/noticies\/gran-festa-de-la-calcotada-2024\/attachment\/sf-festa-de-la-calc\u0327otada-2024-7\/\" rel=\"bookmark\" aria-label=\"SF-Festa-de-la-Calc\u0327otada-2024-7\"><\/a>\r\n\t\t\t\t\t\t<div class=\"w-post-elm post_image usg_post_image_1 stretched\"><img loading=\"lazy\" decoding=\"async\" width=\"1200\" height=\"800\" src=\"https:\/\/fruitssp.com\/wp-content\/uploads\/2024\/01\/SF-Festa-de-la-Calcotada-2024-7.jpg\" class=\"attachment-full size-full\" alt=\"\" srcset=\"https:\/\/fruitssp.com\/wp-content\/uploads\/2024\/01\/SF-Festa-de-la-Calcotada-2024-7.jpg 1200w, https:\/\/fruitssp.com\/wp-content\/uploads\/2024\/01\/SF-Festa-de-la-Calcotada-2024-7-300x200.jpg 300w, https:\/\/fruitssp.com\/wp-content\/uploads\/2024\/01\/SF-Festa-de-la-Calcotada-2024-7-1024x683.jpg 1024w, https:\/\/fruitssp.com\/wp-content\/uploads\/2024\/01\/SF-Festa-de-la-Calcotada-2024-7-18x12.jpg 18w, https:\/\/fruitssp.com\/wp-content\/uploads\/2024\/01\/SF-Festa-de-la-Calcotada-2024-7-600x400.jpg 600w, https:\/\/fruitssp.com\/wp-content\/uploads\/2024\/01\/SF-Festa-de-la-Calcotada-2024-7-768x512.jpg 768w, https:\/\/fruitssp.com\/wp-content\/uploads\/2024\/01\/SF-Festa-de-la-Calcotada-2024-7-900x600.jpg 900w\" sizes=\"auto, (max-width: 1200px) 100vw, 1200px\" \/><\/div>\t\t<\/div>\r\n\t<\/article>\r\n\t<article class=\"w-grid-item us_animate_fade off_autostart post-15115 attachment type-attachment status-inherit hentry\" data-id=\"15115\" style=\"animation-delay:0.1s\">\r\n\t\t<div class=\"w-grid-item-h\">\r\n\t\t\t\t\t\t\t<a class=\"w-grid-item-anchor\" href=\"https:\/\/fruitssp.com\/es\/noticies\/gran-festa-de-la-calcotada-2024\/attachment\/sf-festa-de-la-calc\u0327otada-2024-2\/\" rel=\"bookmark\" aria-label=\"SF-Festa-de-la-Calc\u0327otada-2024-2\"><\/a>\r\n\t\t\t\t\t\t<div class=\"w-post-elm post_image usg_post_image_1 stretched\"><img loading=\"lazy\" decoding=\"async\" width=\"1200\" height=\"800\" src=\"https:\/\/fruitssp.com\/wp-content\/uploads\/2024\/01\/SF-Festa-de-la-Calcotada-2024-2.jpg\" class=\"attachment-full size-full\" alt=\"Estand de Salses Fruits patrocinador de la Gran Festa de la Cal\u00e7otada de Valls. 2024\" srcset=\"https:\/\/fruitssp.com\/wp-content\/uploads\/2024\/01\/SF-Festa-de-la-Calcotada-2024-2.jpg 1200w, https:\/\/fruitssp.com\/wp-content\/uploads\/2024\/01\/SF-Festa-de-la-Calcotada-2024-2-300x200.jpg 300w, https:\/\/fruitssp.com\/wp-content\/uploads\/2024\/01\/SF-Festa-de-la-Calcotada-2024-2-1024x683.jpg 1024w, https:\/\/fruitssp.com\/wp-content\/uploads\/2024\/01\/SF-Festa-de-la-Calcotada-2024-2-18x12.jpg 18w, https:\/\/fruitssp.com\/wp-content\/uploads\/2024\/01\/SF-Festa-de-la-Calcotada-2024-2-600x400.jpg 600w, https:\/\/fruitssp.com\/wp-content\/uploads\/2024\/01\/SF-Festa-de-la-Calcotada-2024-2-768x512.jpg 768w, https:\/\/fruitssp.com\/wp-content\/uploads\/2024\/01\/SF-Festa-de-la-Calcotada-2024-2-900x600.jpg 900w\" sizes=\"auto, (max-width: 1200px) 100vw, 1200px\" \/><\/div>\t\t<\/div>\r\n\t<\/article>\r\n\t<article class=\"w-grid-item us_animate_fade off_autostart post-15114 attachment type-attachment status-inherit hentry\" data-id=\"15114\" style=\"animation-delay:0.2s\">\r\n\t\t<div class=\"w-grid-item-h\">\r\n\t\t\t\t\t\t\t<a class=\"w-grid-item-anchor\" href=\"https:\/\/fruitssp.com\/es\/noticies\/gran-festa-de-la-calcotada-2024\/attachment\/sf-festa-de-la-calc\u0327otada-2024-1\/\" rel=\"bookmark\" aria-label=\"SF-Festa-de-la-Calc\u0327otada-2024-1\"><\/a>\r\n\t\t\t\t\t\t<div class=\"w-post-elm post_image usg_post_image_1 stretched\"><img loading=\"lazy\" decoding=\"async\" width=\"1200\" height=\"800\" src=\"https:\/\/fruitssp.com\/wp-content\/uploads\/2024\/01\/SF-Festa-de-la-Calcotada-2024-1.jpg\" class=\"attachment-full size-full\" alt=\"Estand de Salses Fruits patrocinador de la Gran Festa de la Cal\u00e7otada de Valls. 2024\" srcset=\"https:\/\/fruitssp.com\/wp-content\/uploads\/2024\/01\/SF-Festa-de-la-Calcotada-2024-1.jpg 1200w, https:\/\/fruitssp.com\/wp-content\/uploads\/2024\/01\/SF-Festa-de-la-Calcotada-2024-1-300x200.jpg 300w, https:\/\/fruitssp.com\/wp-content\/uploads\/2024\/01\/SF-Festa-de-la-Calcotada-2024-1-1024x683.jpg 1024w, https:\/\/fruitssp.com\/wp-content\/uploads\/2024\/01\/SF-Festa-de-la-Calcotada-2024-1-18x12.jpg 18w, https:\/\/fruitssp.com\/wp-content\/uploads\/2024\/01\/SF-Festa-de-la-Calcotada-2024-1-600x400.jpg 600w, https:\/\/fruitssp.com\/wp-content\/uploads\/2024\/01\/SF-Festa-de-la-Calcotada-2024-1-768x512.jpg 768w, https:\/\/fruitssp.com\/wp-content\/uploads\/2024\/01\/SF-Festa-de-la-Calcotada-2024-1-900x600.jpg 900w\" sizes=\"auto, (max-width: 1200px) 100vw, 1200px\" \/><\/div>\t\t<\/div>\r\n\t<\/article>\r\n\t<article class=\"w-grid-item us_animate_fade off_autostart post-15127 attachment type-attachment status-inherit hentry\" data-id=\"15127\" style=\"animation-delay:0.3s\">\r\n\t\t<div class=\"w-grid-item-h\">\r\n\t\t\t\t\t\t\t<a class=\"w-grid-item-anchor\" href=\"https:\/\/fruitssp.com\/es\/noticies\/gran-festa-de-la-calcotada-2024\/attachment\/sf-festa-de-la-calc\u0327otada-2024-223\/\" rel=\"bookmark\" aria-label=\"SF-Festa-de-la-Calc\u0327otada-2024-223\"><\/a>\r\n\t\t\t\t\t\t<div class=\"w-post-elm post_image usg_post_image_1 stretched\"><img loading=\"lazy\" decoding=\"async\" width=\"1200\" height=\"800\" src=\"https:\/\/fruitssp.com\/wp-content\/uploads\/2024\/01\/SF-Festa-de-la-Calcotada-2024-223.jpg\" class=\"attachment-full size-full\" alt=\"Estand de Salses Fruits patrocinador de la Gran Festa de la Cal\u00e7otada de Valls. 2024\" srcset=\"https:\/\/fruitssp.com\/wp-content\/uploads\/2024\/01\/SF-Festa-de-la-Calcotada-2024-223.jpg 1200w, https:\/\/fruitssp.com\/wp-content\/uploads\/2024\/01\/SF-Festa-de-la-Calcotada-2024-223-300x200.jpg 300w, https:\/\/fruitssp.com\/wp-content\/uploads\/2024\/01\/SF-Festa-de-la-Calcotada-2024-223-1024x683.jpg 1024w, https:\/\/fruitssp.com\/wp-content\/uploads\/2024\/01\/SF-Festa-de-la-Calcotada-2024-223-18x12.jpg 18w, https:\/\/fruitssp.com\/wp-content\/uploads\/2024\/01\/SF-Festa-de-la-Calcotada-2024-223-600x400.jpg 600w, https:\/\/fruitssp.com\/wp-content\/uploads\/2024\/01\/SF-Festa-de-la-Calcotada-2024-223-768x512.jpg 768w, https:\/\/fruitssp.com\/wp-content\/uploads\/2024\/01\/SF-Festa-de-la-Calcotada-2024-223-900x600.jpg 900w\" sizes=\"auto, (max-width: 1200px) 100vw, 1200px\" \/><\/div>\t\t<\/div>\r\n\t<\/article>\r\n\t<article class=\"w-grid-item us_animate_fade off_autostart post-15128 attachment type-attachment status-inherit hentry\" data-id=\"15128\" style=\"animation-delay:0s\">\r\n\t\t<div class=\"w-grid-item-h\">\r\n\t\t\t\t\t\t\t<a class=\"w-grid-item-anchor\" href=\"https:\/\/fruitssp.com\/es\/noticies\/gran-festa-de-la-calcotada-2024\/attachment\/sf-festa-de-la-calc\u0327otada-2024-249\/\" rel=\"bookmark\" aria-label=\"SF-Festa-de-la-Calc\u0327otada-2024-249\"><\/a>\r\n\t\t\t\t\t\t<div class=\"w-post-elm post_image usg_post_image_1 stretched\"><img loading=\"lazy\" decoding=\"async\" width=\"1200\" height=\"627\" src=\"https:\/\/fruitssp.com\/wp-content\/uploads\/2024\/01\/SF-Festa-de-la-Calcotada-2024-249.jpg\" class=\"attachment-full size-full\" alt=\"\" srcset=\"https:\/\/fruitssp.com\/wp-content\/uploads\/2024\/01\/SF-Festa-de-la-Calcotada-2024-249.jpg 1200w, https:\/\/fruitssp.com\/wp-content\/uploads\/2024\/01\/SF-Festa-de-la-Calcotada-2024-249-300x157.jpg 300w, https:\/\/fruitssp.com\/wp-content\/uploads\/2024\/01\/SF-Festa-de-la-Calcotada-2024-249-1024x535.jpg 1024w, https:\/\/fruitssp.com\/wp-content\/uploads\/2024\/01\/SF-Festa-de-la-Calcotada-2024-249-18x9.jpg 18w, https:\/\/fruitssp.com\/wp-content\/uploads\/2024\/01\/SF-Festa-de-la-Calcotada-2024-249-600x314.jpg 600w, https:\/\/fruitssp.com\/wp-content\/uploads\/2024\/01\/SF-Festa-de-la-Calcotada-2024-249-768x401.jpg 768w, https:\/\/fruitssp.com\/wp-content\/uploads\/2024\/01\/SF-Festa-de-la-Calcotada-2024-249-900x470.jpg 900w\" sizes=\"auto, (max-width: 1200px) 100vw, 1200px\" \/><\/div>\t\t<\/div>\r\n\t<\/article>\r\n\t<article class=\"w-grid-item us_animate_fade off_autostart post-15125 attachment type-attachment status-inherit hentry\" data-id=\"15125\" style=\"animation-delay:0.1s\">\r\n\t\t<div class=\"w-grid-item-h\">\r\n\t\t\t\t\t\t\t<a class=\"w-grid-item-anchor\" href=\"https:\/\/fruitssp.com\/es\/noticies\/gran-festa-de-la-calcotada-2024\/attachment\/sf-festa-de-la-calc\u0327otada-2024-218\/\" rel=\"bookmark\" aria-label=\"SF-Festa-de-la-Calc\u0327otada-2024-218\"><\/a>\r\n\t\t\t\t\t\t<div class=\"w-post-elm post_image usg_post_image_1 stretched\"><img loading=\"lazy\" decoding=\"async\" width=\"1200\" height=\"800\" src=\"https:\/\/fruitssp.com\/wp-content\/uploads\/2024\/01\/SF-Festa-de-la-Calcotada-2024-218.jpg\" class=\"attachment-full size-full\" alt=\"Estand de Salses Fruits patrocinador de la Gran Festa de la Cal\u00e7otada de Valls. 2024\" srcset=\"https:\/\/fruitssp.com\/wp-content\/uploads\/2024\/01\/SF-Festa-de-la-Calcotada-2024-218.jpg 1200w, https:\/\/fruitssp.com\/wp-content\/uploads\/2024\/01\/SF-Festa-de-la-Calcotada-2024-218-300x200.jpg 300w, https:\/\/fruitssp.com\/wp-content\/uploads\/2024\/01\/SF-Festa-de-la-Calcotada-2024-218-1024x683.jpg 1024w, https:\/\/fruitssp.com\/wp-content\/uploads\/2024\/01\/SF-Festa-de-la-Calcotada-2024-218-18x12.jpg 18w, https:\/\/fruitssp.com\/wp-content\/uploads\/2024\/01\/SF-Festa-de-la-Calcotada-2024-218-600x400.jpg 600w, https:\/\/fruitssp.com\/wp-content\/uploads\/2024\/01\/SF-Festa-de-la-Calcotada-2024-218-768x512.jpg 768w, https:\/\/fruitssp.com\/wp-content\/uploads\/2024\/01\/SF-Festa-de-la-Calcotada-2024-218-900x600.jpg 900w\" sizes=\"auto, (max-width: 1200px) 100vw, 1200px\" \/><\/div>\t\t<\/div>\r\n\t<\/article>\r\n\t<article class=\"w-grid-item us_animate_fade off_autostart post-15124 attachment type-attachment status-inherit hentry\" data-id=\"15124\" style=\"animation-delay:0.2s\">\r\n\t\t<div class=\"w-grid-item-h\">\r\n\t\t\t\t\t\t\t<a class=\"w-grid-item-anchor\" href=\"https:\/\/fruitssp.com\/es\/noticies\/gran-festa-de-la-calcotada-2024\/attachment\/sf-festa-de-la-calc\u0327otada-2024-216\/\" rel=\"bookmark\" aria-label=\"SF-Festa-de-la-Calc\u0327otada-2024-216\"><\/a>\r\n\t\t\t\t\t\t<div class=\"w-post-elm post_image usg_post_image_1 stretched\"><img loading=\"lazy\" decoding=\"async\" width=\"1200\" height=\"800\" src=\"https:\/\/fruitssp.com\/wp-content\/uploads\/2024\/01\/SF-Festa-de-la-Calcotada-2024-216.jpg\" class=\"attachment-full size-full\" alt=\"Estand de Salses Fruits patrocinador de la Gran Festa de la Cal\u00e7otada de Valls. 2024\" srcset=\"https:\/\/fruitssp.com\/wp-content\/uploads\/2024\/01\/SF-Festa-de-la-Calcotada-2024-216.jpg 1200w, https:\/\/fruitssp.com\/wp-content\/uploads\/2024\/01\/SF-Festa-de-la-Calcotada-2024-216-300x200.jpg 300w, https:\/\/fruitssp.com\/wp-content\/uploads\/2024\/01\/SF-Festa-de-la-Calcotada-2024-216-1024x683.jpg 1024w, https:\/\/fruitssp.com\/wp-content\/uploads\/2024\/01\/SF-Festa-de-la-Calcotada-2024-216-18x12.jpg 18w, https:\/\/fruitssp.com\/wp-content\/uploads\/2024\/01\/SF-Festa-de-la-Calcotada-2024-216-600x400.jpg 600w, https:\/\/fruitssp.com\/wp-content\/uploads\/2024\/01\/SF-Festa-de-la-Calcotada-2024-216-768x512.jpg 768w, https:\/\/fruitssp.com\/wp-content\/uploads\/2024\/01\/SF-Festa-de-la-Calcotada-2024-216-900x600.jpg 900w\" sizes=\"auto, (max-width: 1200px) 100vw, 1200px\" \/><\/div>\t\t<\/div>\r\n\t<\/article>\r\n\t<article class=\"w-grid-item us_animate_fade off_autostart post-15126 attachment type-attachment status-inherit hentry\" data-id=\"15126\" style=\"animation-delay:0.3s\">\r\n\t\t<div class=\"w-grid-item-h\">\r\n\t\t\t\t\t\t\t<a class=\"w-grid-item-anchor\" href=\"https:\/\/fruitssp.com\/es\/noticies\/gran-festa-de-la-calcotada-2024\/attachment\/sf-festa-de-la-calc\u0327otada-2024-221\/\" rel=\"bookmark\" aria-label=\"SF-Festa-de-la-Calc\u0327otada-2024-221\"><\/a>\r\n\t\t\t\t\t\t<div class=\"w-post-elm post_image usg_post_image_1 stretched\"><img loading=\"lazy\" decoding=\"async\" width=\"1200\" height=\"800\" src=\"https:\/\/fruitssp.com\/wp-content\/uploads\/2024\/01\/SF-Festa-de-la-Calcotada-2024-221.jpg\" class=\"attachment-full size-full\" alt=\"Estand de Salses Fruits patrocinador de la Gran Festa de la Cal\u00e7otada de Valls. 2024\" srcset=\"https:\/\/fruitssp.com\/wp-content\/uploads\/2024\/01\/SF-Festa-de-la-Calcotada-2024-221.jpg 1200w, https:\/\/fruitssp.com\/wp-content\/uploads\/2024\/01\/SF-Festa-de-la-Calcotada-2024-221-300x200.jpg 300w, https:\/\/fruitssp.com\/wp-content\/uploads\/2024\/01\/SF-Festa-de-la-Calcotada-2024-221-1024x683.jpg 1024w, https:\/\/fruitssp.com\/wp-content\/uploads\/2024\/01\/SF-Festa-de-la-Calcotada-2024-221-18x12.jpg 18w, https:\/\/fruitssp.com\/wp-content\/uploads\/2024\/01\/SF-Festa-de-la-Calcotada-2024-221-600x400.jpg 600w, https:\/\/fruitssp.com\/wp-content\/uploads\/2024\/01\/SF-Festa-de-la-Calcotada-2024-221-768x512.jpg 768w, https:\/\/fruitssp.com\/wp-content\/uploads\/2024\/01\/SF-Festa-de-la-Calcotada-2024-221-900x600.jpg 900w\" sizes=\"auto, (max-width: 1200px) 100vw, 1200px\" \/><\/div>\t\t<\/div>\r\n\t<\/article>\r\n\t<article class=\"w-grid-item us_animate_fade off_autostart post-15118 attachment type-attachment status-inherit hentry\" data-id=\"15118\" style=\"animation-delay:0s\">\r\n\t\t<div class=\"w-grid-item-h\">\r\n\t\t\t\t\t\t\t<a class=\"w-grid-item-anchor\" href=\"https:\/\/fruitssp.com\/es\/noticies\/gran-festa-de-la-calcotada-2024\/attachment\/sf-festa-de-la-calc\u0327otada-2024-73\/\" rel=\"bookmark\" aria-label=\"SF-Festa-de-la-Calc\u0327otada-2024-73\"><\/a>\r\n\t\t\t\t\t\t<div class=\"w-post-elm post_image usg_post_image_1 stretched\"><img loading=\"lazy\" decoding=\"async\" width=\"1200\" height=\"700\" src=\"https:\/\/fruitssp.com\/wp-content\/uploads\/2024\/01\/SF-Festa-de-la-Calcotada-2024-73.jpg\" class=\"attachment-full size-full\" alt=\"\" srcset=\"https:\/\/fruitssp.com\/wp-content\/uploads\/2024\/01\/SF-Festa-de-la-Calcotada-2024-73.jpg 1200w, https:\/\/fruitssp.com\/wp-content\/uploads\/2024\/01\/SF-Festa-de-la-Calcotada-2024-73-300x175.jpg 300w, https:\/\/fruitssp.com\/wp-content\/uploads\/2024\/01\/SF-Festa-de-la-Calcotada-2024-73-1024x597.jpg 1024w, https:\/\/fruitssp.com\/wp-content\/uploads\/2024\/01\/SF-Festa-de-la-Calcotada-2024-73-18x12.jpg 18w, https:\/\/fruitssp.com\/wp-content\/uploads\/2024\/01\/SF-Festa-de-la-Calcotada-2024-73-600x350.jpg 600w, https:\/\/fruitssp.com\/wp-content\/uploads\/2024\/01\/SF-Festa-de-la-Calcotada-2024-73-768x448.jpg 768w, https:\/\/fruitssp.com\/wp-content\/uploads\/2024\/01\/SF-Festa-de-la-Calcotada-2024-73-900x525.jpg 900w\" sizes=\"auto, (max-width: 1200px) 100vw, 1200px\" \/><\/div>\t\t<\/div>\r\n\t<\/article>\r\n\t<article class=\"w-grid-item us_animate_fade off_autostart post-15119 attachment type-attachment status-inherit hentry\" data-id=\"15119\" style=\"animation-delay:0.1s\">\r\n\t\t<div class=\"w-grid-item-h\">\r\n\t\t\t\t\t\t\t<a class=\"w-grid-item-anchor\" href=\"https:\/\/fruitssp.com\/es\/noticies\/gran-festa-de-la-calcotada-2024\/attachment\/sf-festa-de-la-calc\u0327otada-2024-77\/\" rel=\"bookmark\" aria-label=\"SF-Festa-de-la-Calc\u0327otada-2024-77\"><\/a>\r\n\t\t\t\t\t\t<div class=\"w-post-elm post_image usg_post_image_1 stretched\"><img loading=\"lazy\" decoding=\"async\" width=\"1200\" height=\"800\" src=\"https:\/\/fruitssp.com\/wp-content\/uploads\/2024\/01\/SF-Festa-de-la-Calcotada-2024-77.jpg\" class=\"attachment-full size-full\" alt=\"\" srcset=\"https:\/\/fruitssp.com\/wp-content\/uploads\/2024\/01\/SF-Festa-de-la-Calcotada-2024-77.jpg 1200w, https:\/\/fruitssp.com\/wp-content\/uploads\/2024\/01\/SF-Festa-de-la-Calcotada-2024-77-300x200.jpg 300w, https:\/\/fruitssp.com\/wp-content\/uploads\/2024\/01\/SF-Festa-de-la-Calcotada-2024-77-1024x683.jpg 1024w, https:\/\/fruitssp.com\/wp-content\/uploads\/2024\/01\/SF-Festa-de-la-Calcotada-2024-77-18x12.jpg 18w, https:\/\/fruitssp.com\/wp-content\/uploads\/2024\/01\/SF-Festa-de-la-Calcotada-2024-77-600x400.jpg 600w, https:\/\/fruitssp.com\/wp-content\/uploads\/2024\/01\/SF-Festa-de-la-Calcotada-2024-77-768x512.jpg 768w, https:\/\/fruitssp.com\/wp-content\/uploads\/2024\/01\/SF-Festa-de-la-Calcotada-2024-77-900x600.jpg 900w\" sizes=\"auto, (max-width: 1200px) 100vw, 1200px\" \/><\/div>\t\t<\/div>\r\n\t<\/article>\r\n\t<article class=\"w-grid-item us_animate_fade off_autostart post-15123 attachment type-attachment status-inherit hentry\" data-id=\"15123\" style=\"animation-delay:0.2s\">\r\n\t\t<div class=\"w-grid-item-h\">\r\n\t\t\t\t\t\t\t<a class=\"w-grid-item-anchor\" href=\"https:\/\/fruitssp.com\/es\/noticies\/gran-festa-de-la-calcotada-2024\/attachment\/sf-festa-de-la-calc\u0327otada-2024-87\/\" rel=\"bookmark\" aria-label=\"SF-Festa-de-la-Calc\u0327otada-2024-87\"><\/a>\r\n\t\t\t\t\t\t<div class=\"w-post-elm post_image usg_post_image_1 stretched\"><img loading=\"lazy\" decoding=\"async\" width=\"1200\" height=\"800\" src=\"https:\/\/fruitssp.com\/wp-content\/uploads\/2024\/01\/SF-Festa-de-la-Calcotada-2024-87.jpg\" class=\"attachment-full size-full\" alt=\"\" srcset=\"https:\/\/fruitssp.com\/wp-content\/uploads\/2024\/01\/SF-Festa-de-la-Calcotada-2024-87.jpg 1200w, https:\/\/fruitssp.com\/wp-content\/uploads\/2024\/01\/SF-Festa-de-la-Calcotada-2024-87-300x200.jpg 300w, https:\/\/fruitssp.com\/wp-content\/uploads\/2024\/01\/SF-Festa-de-la-Calcotada-2024-87-1024x683.jpg 1024w, https:\/\/fruitssp.com\/wp-content\/uploads\/2024\/01\/SF-Festa-de-la-Calcotada-2024-87-18x12.jpg 18w, https:\/\/fruitssp.com\/wp-content\/uploads\/2024\/01\/SF-Festa-de-la-Calcotada-2024-87-600x400.jpg 600w, https:\/\/fruitssp.com\/wp-content\/uploads\/2024\/01\/SF-Festa-de-la-Calcotada-2024-87-768x512.jpg 768w, https:\/\/fruitssp.com\/wp-content\/uploads\/2024\/01\/SF-Festa-de-la-Calcotada-2024-87-900x600.jpg 900w\" sizes=\"auto, (max-width: 1200px) 100vw, 1200px\" \/><\/div>\t\t<\/div>\r\n\t<\/article>\r\n\t<article class=\"w-grid-item us_animate_fade off_autostart post-15120 attachment type-attachment status-inherit hentry\" data-id=\"15120\" style=\"animation-delay:0.3s\">\r\n\t\t<div class=\"w-grid-item-h\">\r\n\t\t\t\t\t\t\t<a class=\"w-grid-item-anchor\" href=\"https:\/\/fruitssp.com\/es\/noticies\/gran-festa-de-la-calcotada-2024\/attachment\/sf-festa-de-la-calc\u0327otada-2024-78\/\" rel=\"bookmark\" aria-label=\"SF-Festa-de-la-Calc\u0327otada-2024-78\"><\/a>\r\n\t\t\t\t\t\t<div class=\"w-post-elm post_image usg_post_image_1 stretched\"><img loading=\"lazy\" decoding=\"async\" width=\"1200\" height=\"800\" src=\"https:\/\/fruitssp.com\/wp-content\/uploads\/2024\/01\/SF-Festa-de-la-Calcotada-2024-78.jpg\" class=\"attachment-full size-full\" alt=\"Salses Fruits patrocinador de la Gran Festa de la Cal\u00e7otada de Valls.\" srcset=\"https:\/\/fruitssp.com\/wp-content\/uploads\/2024\/01\/SF-Festa-de-la-Calcotada-2024-78.jpg 1200w, https:\/\/fruitssp.com\/wp-content\/uploads\/2024\/01\/SF-Festa-de-la-Calcotada-2024-78-300x200.jpg 300w, https:\/\/fruitssp.com\/wp-content\/uploads\/2024\/01\/SF-Festa-de-la-Calcotada-2024-78-1024x683.jpg 1024w, https:\/\/fruitssp.com\/wp-content\/uploads\/2024\/01\/SF-Festa-de-la-Calcotada-2024-78-18x12.jpg 18w, https:\/\/fruitssp.com\/wp-content\/uploads\/2024\/01\/SF-Festa-de-la-Calcotada-2024-78-600x400.jpg 600w, https:\/\/fruitssp.com\/wp-content\/uploads\/2024\/01\/SF-Festa-de-la-Calcotada-2024-78-768x512.jpg 768w, https:\/\/fruitssp.com\/wp-content\/uploads\/2024\/01\/SF-Festa-de-la-Calcotada-2024-78-900x600.jpg 900w\" sizes=\"auto, (max-width: 1200px) 100vw, 1200px\" \/><\/div>\t\t<\/div>\r\n\t<\/article>\r\n\t<article class=\"w-grid-item us_animate_fade off_autostart post-15121 attachment type-attachment status-inherit hentry\" data-id=\"15121\" style=\"animation-delay:0s\">\r\n\t\t<div class=\"w-grid-item-h\">\r\n\t\t\t\t\t\t\t<a class=\"w-grid-item-anchor\" href=\"https:\/\/fruitssp.com\/es\/noticies\/gran-festa-de-la-calcotada-2024\/attachment\/sf-festa-de-la-calc\u0327otada-2024-82\/\" rel=\"bookmark\" aria-label=\"SF-Festa-de-la-Calc\u0327otada-2024-82\"><\/a>\r\n\t\t\t\t\t\t<div class=\"w-post-elm post_image usg_post_image_1 stretched\"><img loading=\"lazy\" decoding=\"async\" width=\"1200\" height=\"800\" src=\"https:\/\/fruitssp.com\/wp-content\/uploads\/2024\/01\/SF-Festa-de-la-Calcotada-2024-82.jpg\" class=\"attachment-full size-full\" alt=\"\" srcset=\"https:\/\/fruitssp.com\/wp-content\/uploads\/2024\/01\/SF-Festa-de-la-Calcotada-2024-82.jpg 1200w, https:\/\/fruitssp.com\/wp-content\/uploads\/2024\/01\/SF-Festa-de-la-Calcotada-2024-82-300x200.jpg 300w, https:\/\/fruitssp.com\/wp-content\/uploads\/2024\/01\/SF-Festa-de-la-Calcotada-2024-82-1024x683.jpg 1024w, https:\/\/fruitssp.com\/wp-content\/uploads\/2024\/01\/SF-Festa-de-la-Calcotada-2024-82-18x12.jpg 18w, https:\/\/fruitssp.com\/wp-content\/uploads\/2024\/01\/SF-Festa-de-la-Calcotada-2024-82-600x400.jpg 600w, https:\/\/fruitssp.com\/wp-content\/uploads\/2024\/01\/SF-Festa-de-la-Calcotada-2024-82-768x512.jpg 768w, https:\/\/fruitssp.com\/wp-content\/uploads\/2024\/01\/SF-Festa-de-la-Calcotada-2024-82-900x600.jpg 900w\" sizes=\"auto, (max-width: 1200px) 100vw, 1200px\" \/><\/div>\t\t<\/div>\r\n\t<\/article>\r\n\t<article class=\"w-grid-item us_animate_fade off_autostart post-15122 attachment type-attachment status-inherit hentry\" data-id=\"15122\" style=\"animation-delay:0.1s\">\r\n\t\t<div class=\"w-grid-item-h\">\r\n\t\t\t\t\t\t\t<a class=\"w-grid-item-anchor\" href=\"https:\/\/fruitssp.com\/es\/noticies\/gran-festa-de-la-calcotada-2024\/attachment\/sf-festa-de-la-calc\u0327otada-2024-84\/\" rel=\"bookmark\" aria-label=\"SF-Festa-de-la-Calc\u0327otada-2024-84\"><\/a>\r\n\t\t\t\t\t\t<div class=\"w-post-elm post_image usg_post_image_1 stretched\"><img loading=\"lazy\" decoding=\"async\" width=\"1200\" height=\"800\" src=\"https:\/\/fruitssp.com\/wp-content\/uploads\/2024\/01\/SF-Festa-de-la-Calcotada-2024-84.jpg\" class=\"attachment-full size-full\" alt=\"\" srcset=\"https:\/\/fruitssp.com\/wp-content\/uploads\/2024\/01\/SF-Festa-de-la-Calcotada-2024-84.jpg 1200w, https:\/\/fruitssp.com\/wp-content\/uploads\/2024\/01\/SF-Festa-de-la-Calcotada-2024-84-300x200.jpg 300w, https:\/\/fruitssp.com\/wp-content\/uploads\/2024\/01\/SF-Festa-de-la-Calcotada-2024-84-1024x683.jpg 1024w, https:\/\/fruitssp.com\/wp-content\/uploads\/2024\/01\/SF-Festa-de-la-Calcotada-2024-84-18x12.jpg 18w, https:\/\/fruitssp.com\/wp-content\/uploads\/2024\/01\/SF-Festa-de-la-Calcotada-2024-84-600x400.jpg 600w, https:\/\/fruitssp.com\/wp-content\/uploads\/2024\/01\/SF-Festa-de-la-Calcotada-2024-84-768x512.jpg 768w, https:\/\/fruitssp.com\/wp-content\/uploads\/2024\/01\/SF-Festa-de-la-Calcotada-2024-84-900x600.jpg 900w\" sizes=\"auto, (max-width: 1200px) 100vw, 1200px\" \/><\/div>\t\t<\/div>\r\n\t<\/article>\r\n\t<article class=\"w-grid-item us_animate_fade off_autostart post-15129 attachment type-attachment status-inherit hentry\" data-id=\"15129\" style=\"animation-delay:0.2s\">\r\n\t\t<div class=\"w-grid-item-h\">\r\n\t\t\t\t\t\t\t<a class=\"w-grid-item-anchor\" href=\"https:\/\/fruitssp.com\/es\/noticies\/gran-festa-de-la-calcotada-2024\/attachment\/sf-festa-de-la-calc\u0327otada-2024-257\/\" rel=\"bookmark\" aria-label=\"SF-Festa-de-la-Calc\u0327otada-2024-257\"><\/a>\r\n\t\t\t\t\t\t<div class=\"w-post-elm post_image usg_post_image_1 stretched\"><img loading=\"lazy\" decoding=\"async\" width=\"1200\" height=\"742\" src=\"https:\/\/fruitssp.com\/wp-content\/uploads\/2024\/01\/SF-Festa-de-la-Calcotada-2024-257.jpg\" class=\"attachment-full size-full\" alt=\"\" srcset=\"https:\/\/fruitssp.com\/wp-content\/uploads\/2024\/01\/SF-Festa-de-la-Calcotada-2024-257.jpg 1200w, https:\/\/fruitssp.com\/wp-content\/uploads\/2024\/01\/SF-Festa-de-la-Calcotada-2024-257-300x186.jpg 300w, https:\/\/fruitssp.com\/wp-content\/uploads\/2024\/01\/SF-Festa-de-la-Calcotada-2024-257-1024x633.jpg 1024w, https:\/\/fruitssp.com\/wp-content\/uploads\/2024\/01\/SF-Festa-de-la-Calcotada-2024-257-18x12.jpg 18w, https:\/\/fruitssp.com\/wp-content\/uploads\/2024\/01\/SF-Festa-de-la-Calcotada-2024-257-600x371.jpg 600w, https:\/\/fruitssp.com\/wp-content\/uploads\/2024\/01\/SF-Festa-de-la-Calcotada-2024-257-768x475.jpg 768w, https:\/\/fruitssp.com\/wp-content\/uploads\/2024\/01\/SF-Festa-de-la-Calcotada-2024-257-900x557.jpg 900w\" sizes=\"auto, (max-width: 1200px) 100vw, 1200px\" \/><\/div>\t\t<\/div>\r\n\t<\/article>\r\n\t<article class=\"w-grid-item us_animate_fade off_autostart post-15138 attachment type-attachment status-inherit hentry\" data-id=\"15138\" style=\"animation-delay:0.3s\">\r\n\t\t<div class=\"w-grid-item-h\">\r\n\t\t\t\t\t\t\t<a class=\"w-grid-item-anchor\" href=\"https:\/\/fruitssp.com\/es\/noticies\/gran-festa-de-la-calcotada-2024\/attachment\/sf-festa-de-la-calc\u0327otada-2024-436\/\" rel=\"bookmark\" aria-label=\"SF-Festa-de-la-Calc\u0327otada-2024-436\"><\/a>\r\n\t\t\t\t\t\t<div class=\"w-post-elm post_image usg_post_image_1 stretched\"><img loading=\"lazy\" decoding=\"async\" width=\"1200\" height=\"800\" src=\"https:\/\/fruitssp.com\/wp-content\/uploads\/2024\/01\/SF-Festa-de-la-Calcotada-2024-436.jpg\" class=\"attachment-full size-full\" alt=\"Salses Fruits patrocinador de la Gran Festa de la Cal\u00e7otada de Valls.\" srcset=\"https:\/\/fruitssp.com\/wp-content\/uploads\/2024\/01\/SF-Festa-de-la-Calcotada-2024-436.jpg 1200w, https:\/\/fruitssp.com\/wp-content\/uploads\/2024\/01\/SF-Festa-de-la-Calcotada-2024-436-300x200.jpg 300w, https:\/\/fruitssp.com\/wp-content\/uploads\/2024\/01\/SF-Festa-de-la-Calcotada-2024-436-1024x683.jpg 1024w, https:\/\/fruitssp.com\/wp-content\/uploads\/2024\/01\/SF-Festa-de-la-Calcotada-2024-436-18x12.jpg 18w, https:\/\/fruitssp.com\/wp-content\/uploads\/2024\/01\/SF-Festa-de-la-Calcotada-2024-436-600x400.jpg 600w, https:\/\/fruitssp.com\/wp-content\/uploads\/2024\/01\/SF-Festa-de-la-Calcotada-2024-436-768x512.jpg 768w, https:\/\/fruitssp.com\/wp-content\/uploads\/2024\/01\/SF-Festa-de-la-Calcotada-2024-436-900x600.jpg 900w\" sizes=\"auto, (max-width: 1200px) 100vw, 1200px\" \/><\/div>\t\t<\/div>\r\n\t<\/article>\r\n\t<article class=\"w-grid-item us_animate_fade off_autostart post-15130 attachment type-attachment status-inherit hentry\" data-id=\"15130\" style=\"animation-delay:0s\">\r\n\t\t<div class=\"w-grid-item-h\">\r\n\t\t\t\t\t\t\t<a class=\"w-grid-item-anchor\" href=\"https:\/\/fruitssp.com\/es\/noticies\/gran-festa-de-la-calcotada-2024\/attachment\/sf-festa-de-la-calc\u0327otada-2024-385\/\" rel=\"bookmark\" aria-label=\"SF-Festa-de-la-Calc\u0327otada-2024-385\"><\/a>\r\n\t\t\t\t\t\t<div class=\"w-post-elm post_image usg_post_image_1 stretched\"><img loading=\"lazy\" decoding=\"async\" width=\"1200\" height=\"800\" src=\"https:\/\/fruitssp.com\/wp-content\/uploads\/2024\/01\/SF-Festa-de-la-Calcotada-2024-385.jpg\" class=\"attachment-full size-full\" alt=\"\" srcset=\"https:\/\/fruitssp.com\/wp-content\/uploads\/2024\/01\/SF-Festa-de-la-Calcotada-2024-385.jpg 1200w, https:\/\/fruitssp.com\/wp-content\/uploads\/2024\/01\/SF-Festa-de-la-Calcotada-2024-385-300x200.jpg 300w, https:\/\/fruitssp.com\/wp-content\/uploads\/2024\/01\/SF-Festa-de-la-Calcotada-2024-385-1024x683.jpg 1024w, https:\/\/fruitssp.com\/wp-content\/uploads\/2024\/01\/SF-Festa-de-la-Calcotada-2024-385-18x12.jpg 18w, https:\/\/fruitssp.com\/wp-content\/uploads\/2024\/01\/SF-Festa-de-la-Calcotada-2024-385-600x400.jpg 600w, https:\/\/fruitssp.com\/wp-content\/uploads\/2024\/01\/SF-Festa-de-la-Calcotada-2024-385-768x512.jpg 768w, https:\/\/fruitssp.com\/wp-content\/uploads\/2024\/01\/SF-Festa-de-la-Calcotada-2024-385-900x600.jpg 900w\" sizes=\"auto, (max-width: 1200px) 100vw, 1200px\" \/><\/div>\t\t<\/div>\r\n\t<\/article>\r\n\t<article class=\"w-grid-item us_animate_fade off_autostart post-15131 attachment type-attachment status-inherit hentry\" data-id=\"15131\" style=\"animation-delay:0.1s\">\r\n\t\t<div class=\"w-grid-item-h\">\r\n\t\t\t\t\t\t\t<a class=\"w-grid-item-anchor\" href=\"https:\/\/fruitssp.com\/es\/noticies\/gran-festa-de-la-calcotada-2024\/attachment\/sf-festa-de-la-calc\u0327otada-2024-394\/\" rel=\"bookmark\" aria-label=\"SF-Festa-de-la-Calc\u0327otada-2024-394\"><\/a>\r\n\t\t\t\t\t\t<div class=\"w-post-elm post_image usg_post_image_1 stretched\"><img loading=\"lazy\" decoding=\"async\" width=\"1200\" height=\"800\" src=\"https:\/\/fruitssp.com\/wp-content\/uploads\/2024\/01\/SF-Festa-de-la-Calcotada-2024-394.jpg\" class=\"attachment-full size-full\" alt=\"\" srcset=\"https:\/\/fruitssp.com\/wp-content\/uploads\/2024\/01\/SF-Festa-de-la-Calcotada-2024-394.jpg 1200w, https:\/\/fruitssp.com\/wp-content\/uploads\/2024\/01\/SF-Festa-de-la-Calcotada-2024-394-300x200.jpg 300w, https:\/\/fruitssp.com\/wp-content\/uploads\/2024\/01\/SF-Festa-de-la-Calcotada-2024-394-1024x683.jpg 1024w, https:\/\/fruitssp.com\/wp-content\/uploads\/2024\/01\/SF-Festa-de-la-Calcotada-2024-394-18x12.jpg 18w, https:\/\/fruitssp.com\/wp-content\/uploads\/2024\/01\/SF-Festa-de-la-Calcotada-2024-394-600x400.jpg 600w, https:\/\/fruitssp.com\/wp-content\/uploads\/2024\/01\/SF-Festa-de-la-Calcotada-2024-394-768x512.jpg 768w, https:\/\/fruitssp.com\/wp-content\/uploads\/2024\/01\/SF-Festa-de-la-Calcotada-2024-394-900x600.jpg 900w\" sizes=\"auto, (max-width: 1200px) 100vw, 1200px\" \/><\/div>\t\t<\/div>\r\n\t<\/article>\r\n\t<article class=\"w-grid-item us_animate_fade off_autostart post-15132 attachment type-attachment status-inherit hentry\" data-id=\"15132\" style=\"animation-delay:0.2s\">\r\n\t\t<div class=\"w-grid-item-h\">\r\n\t\t\t\t\t\t\t<a class=\"w-grid-item-anchor\" href=\"https:\/\/fruitssp.com\/es\/noticies\/gran-festa-de-la-calcotada-2024\/attachment\/sf-festa-de-la-calc\u0327otada-2024-397\/\" rel=\"bookmark\" aria-label=\"SF-Festa-de-la-Calc\u0327otada-2024-397\"><\/a>\r\n\t\t\t\t\t\t<div class=\"w-post-elm post_image usg_post_image_1 stretched\"><img loading=\"lazy\" decoding=\"async\" width=\"1200\" height=\"800\" src=\"https:\/\/fruitssp.com\/wp-content\/uploads\/2024\/01\/SF-Festa-de-la-Calcotada-2024-397.jpg\" class=\"attachment-full size-full\" alt=\"\" srcset=\"https:\/\/fruitssp.com\/wp-content\/uploads\/2024\/01\/SF-Festa-de-la-Calcotada-2024-397.jpg 1200w, https:\/\/fruitssp.com\/wp-content\/uploads\/2024\/01\/SF-Festa-de-la-Calcotada-2024-397-300x200.jpg 300w, https:\/\/fruitssp.com\/wp-content\/uploads\/2024\/01\/SF-Festa-de-la-Calcotada-2024-397-1024x683.jpg 1024w, https:\/\/fruitssp.com\/wp-content\/uploads\/2024\/01\/SF-Festa-de-la-Calcotada-2024-397-18x12.jpg 18w, https:\/\/fruitssp.com\/wp-content\/uploads\/2024\/01\/SF-Festa-de-la-Calcotada-2024-397-600x400.jpg 600w, https:\/\/fruitssp.com\/wp-content\/uploads\/2024\/01\/SF-Festa-de-la-Calcotada-2024-397-768x512.jpg 768w, https:\/\/fruitssp.com\/wp-content\/uploads\/2024\/01\/SF-Festa-de-la-Calcotada-2024-397-900x600.jpg 900w\" sizes=\"auto, (max-width: 1200px) 100vw, 1200px\" \/><\/div>\t\t<\/div>\r\n\t<\/article>\r\n\t<article class=\"w-grid-item us_animate_fade off_autostart post-15133 attachment type-attachment status-inherit hentry\" data-id=\"15133\" style=\"animation-delay:0.3s\">\r\n\t\t<div class=\"w-grid-item-h\">\r\n\t\t\t\t\t\t\t<a class=\"w-grid-item-anchor\" href=\"https:\/\/fruitssp.com\/es\/noticies\/gran-festa-de-la-calcotada-2024\/attachment\/sf-festa-de-la-calc\u0327otada-2024-407\/\" rel=\"bookmark\" aria-label=\"SF-Festa-de-la-Calc\u0327otada-2024-407\"><\/a>\r\n\t\t\t\t\t\t<div class=\"w-post-elm post_image usg_post_image_1 stretched\"><img loading=\"lazy\" decoding=\"async\" width=\"1200\" height=\"800\" src=\"https:\/\/fruitssp.com\/wp-content\/uploads\/2024\/01\/SF-Festa-de-la-Calcotada-2024-407.jpg\" class=\"attachment-full size-full\" alt=\"Salses Fruits patrocinador de la Gran Festa de la Cal\u00e7otada de Valls.\" srcset=\"https:\/\/fruitssp.com\/wp-content\/uploads\/2024\/01\/SF-Festa-de-la-Calcotada-2024-407.jpg 1200w, https:\/\/fruitssp.com\/wp-content\/uploads\/2024\/01\/SF-Festa-de-la-Calcotada-2024-407-300x200.jpg 300w, https:\/\/fruitssp.com\/wp-content\/uploads\/2024\/01\/SF-Festa-de-la-Calcotada-2024-407-1024x683.jpg 1024w, https:\/\/fruitssp.com\/wp-content\/uploads\/2024\/01\/SF-Festa-de-la-Calcotada-2024-407-18x12.jpg 18w, https:\/\/fruitssp.com\/wp-content\/uploads\/2024\/01\/SF-Festa-de-la-Calcotada-2024-407-600x400.jpg 600w, https:\/\/fruitssp.com\/wp-content\/uploads\/2024\/01\/SF-Festa-de-la-Calcotada-2024-407-768x512.jpg 768w, https:\/\/fruitssp.com\/wp-content\/uploads\/2024\/01\/SF-Festa-de-la-Calcotada-2024-407-900x600.jpg 900w\" sizes=\"auto, (max-width: 1200px) 100vw, 1200px\" \/><\/div>\t\t<\/div>\r\n\t<\/article>\r\n\t<article class=\"w-grid-item us_animate_fade off_autostart post-15134 attachment type-attachment status-inherit hentry\" data-id=\"15134\" style=\"animation-delay:0s\">\r\n\t\t<div class=\"w-grid-item-h\">\r\n\t\t\t\t\t\t\t<a class=\"w-grid-item-anchor\" href=\"https:\/\/fruitssp.com\/es\/noticies\/gran-festa-de-la-calcotada-2024\/attachment\/sf-festa-de-la-calc\u0327otada-2024-414\/\" rel=\"bookmark\" aria-label=\"SF-Festa-de-la-Calc\u0327otada-2024-414\"><\/a>\r\n\t\t\t\t\t\t<div class=\"w-post-elm post_image usg_post_image_1 stretched\"><img loading=\"lazy\" decoding=\"async\" width=\"1200\" height=\"800\" src=\"https:\/\/fruitssp.com\/wp-content\/uploads\/2024\/01\/SF-Festa-de-la-Calcotada-2024-414.jpg\" class=\"attachment-full size-full\" alt=\"Salses Fruits patrocinador de la Gran Festa de la Cal\u00e7otada de Valls.\" srcset=\"https:\/\/fruitssp.com\/wp-content\/uploads\/2024\/01\/SF-Festa-de-la-Calcotada-2024-414.jpg 1200w, https:\/\/fruitssp.com\/wp-content\/uploads\/2024\/01\/SF-Festa-de-la-Calcotada-2024-414-300x200.jpg 300w, https:\/\/fruitssp.com\/wp-content\/uploads\/2024\/01\/SF-Festa-de-la-Calcotada-2024-414-1024x683.jpg 1024w, https:\/\/fruitssp.com\/wp-content\/uploads\/2024\/01\/SF-Festa-de-la-Calcotada-2024-414-18x12.jpg 18w, https:\/\/fruitssp.com\/wp-content\/uploads\/2024\/01\/SF-Festa-de-la-Calcotada-2024-414-600x400.jpg 600w, https:\/\/fruitssp.com\/wp-content\/uploads\/2024\/01\/SF-Festa-de-la-Calcotada-2024-414-768x512.jpg 768w, https:\/\/fruitssp.com\/wp-content\/uploads\/2024\/01\/SF-Festa-de-la-Calcotada-2024-414-900x600.jpg 900w\" sizes=\"auto, (max-width: 1200px) 100vw, 1200px\" \/><\/div>\t\t<\/div>\r\n\t<\/article>\r\n\t<article class=\"w-grid-item us_animate_fade off_autostart post-15135 attachment type-attachment status-inherit hentry\" data-id=\"15135\" style=\"animation-delay:0.1s\">\r\n\t\t<div class=\"w-grid-item-h\">\r\n\t\t\t\t\t\t\t<a class=\"w-grid-item-anchor\" href=\"https:\/\/fruitssp.com\/es\/noticies\/gran-festa-de-la-calcotada-2024\/attachment\/sf-festa-de-la-calc\u0327otada-2024-417\/\" rel=\"bookmark\" aria-label=\"SF-Festa-de-la-Calc\u0327otada-2024-417\"><\/a>\r\n\t\t\t\t\t\t<div class=\"w-post-elm post_image usg_post_image_1 stretched\"><img loading=\"lazy\" decoding=\"async\" width=\"1200\" height=\"800\" src=\"https:\/\/fruitssp.com\/wp-content\/uploads\/2024\/01\/SF-Festa-de-la-Calcotada-2024-417.jpg\" class=\"attachment-full size-full\" alt=\"Salses Fruits patrocinador de la Gran Festa de la Cal\u00e7otada de Valls.\" srcset=\"https:\/\/fruitssp.com\/wp-content\/uploads\/2024\/01\/SF-Festa-de-la-Calcotada-2024-417.jpg 1200w, https:\/\/fruitssp.com\/wp-content\/uploads\/2024\/01\/SF-Festa-de-la-Calcotada-2024-417-300x200.jpg 300w, https:\/\/fruitssp.com\/wp-content\/uploads\/2024\/01\/SF-Festa-de-la-Calcotada-2024-417-1024x683.jpg 1024w, https:\/\/fruitssp.com\/wp-content\/uploads\/2024\/01\/SF-Festa-de-la-Calcotada-2024-417-18x12.jpg 18w, https:\/\/fruitssp.com\/wp-content\/uploads\/2024\/01\/SF-Festa-de-la-Calcotada-2024-417-600x400.jpg 600w, https:\/\/fruitssp.com\/wp-content\/uploads\/2024\/01\/SF-Festa-de-la-Calcotada-2024-417-768x512.jpg 768w, https:\/\/fruitssp.com\/wp-content\/uploads\/2024\/01\/SF-Festa-de-la-Calcotada-2024-417-900x600.jpg 900w\" sizes=\"auto, (max-width: 1200px) 100vw, 1200px\" \/><\/div>\t\t<\/div>\r\n\t<\/article>\r\n\t<article class=\"w-grid-item us_animate_fade off_autostart post-15136 attachment type-attachment status-inherit hentry\" data-id=\"15136\" style=\"animation-delay:0.2s\">\r\n\t\t<div class=\"w-grid-item-h\">\r\n\t\t\t\t\t\t\t<a class=\"w-grid-item-anchor\" href=\"https:\/\/fruitssp.com\/es\/noticies\/gran-festa-de-la-calcotada-2024\/attachment\/sf-festa-de-la-calc\u0327otada-2024-423\/\" rel=\"bookmark\" aria-label=\"SF-Festa-de-la-Calc\u0327otada-2024-423\"><\/a>\r\n\t\t\t\t\t\t<div class=\"w-post-elm post_image usg_post_image_1 stretched\"><img loading=\"lazy\" decoding=\"async\" width=\"1200\" height=\"800\" src=\"https:\/\/fruitssp.com\/wp-content\/uploads\/2024\/01\/SF-Festa-de-la-Calcotada-2024-423.jpg\" class=\"attachment-full size-full\" alt=\"\" srcset=\"https:\/\/fruitssp.com\/wp-content\/uploads\/2024\/01\/SF-Festa-de-la-Calcotada-2024-423.jpg 1200w, https:\/\/fruitssp.com\/wp-content\/uploads\/2024\/01\/SF-Festa-de-la-Calcotada-2024-423-300x200.jpg 300w, https:\/\/fruitssp.com\/wp-content\/uploads\/2024\/01\/SF-Festa-de-la-Calcotada-2024-423-1024x683.jpg 1024w, https:\/\/fruitssp.com\/wp-content\/uploads\/2024\/01\/SF-Festa-de-la-Calcotada-2024-423-18x12.jpg 18w, https:\/\/fruitssp.com\/wp-content\/uploads\/2024\/01\/SF-Festa-de-la-Calcotada-2024-423-600x400.jpg 600w, https:\/\/fruitssp.com\/wp-content\/uploads\/2024\/01\/SF-Festa-de-la-Calcotada-2024-423-768x512.jpg 768w, https:\/\/fruitssp.com\/wp-content\/uploads\/2024\/01\/SF-Festa-de-la-Calcotada-2024-423-900x600.jpg 900w\" sizes=\"auto, (max-width: 1200px) 100vw, 1200px\" \/><\/div>\t\t<\/div>\r\n\t<\/article>\r\n\t<article class=\"w-grid-item us_animate_fade off_autostart post-15137 attachment type-attachment status-inherit hentry\" data-id=\"15137\" style=\"animation-delay:0.3s\">\r\n\t\t<div class=\"w-grid-item-h\">\r\n\t\t\t\t\t\t\t<a class=\"w-grid-item-anchor\" href=\"https:\/\/fruitssp.com\/es\/noticies\/gran-festa-de-la-calcotada-2024\/attachment\/sf-festa-de-la-calc\u0327otada-2024-427\/\" rel=\"bookmark\" aria-label=\"SF-Festa-de-la-Calc\u0327otada-2024-427\"><\/a>\r\n\t\t\t\t\t\t<div class=\"w-post-elm post_image usg_post_image_1 stretched\"><img loading=\"lazy\" decoding=\"async\" width=\"1200\" height=\"800\" src=\"https:\/\/fruitssp.com\/wp-content\/uploads\/2024\/01\/SF-Festa-de-la-Calcotada-2024-427.jpg\" class=\"attachment-full size-full\" alt=\"Salses Fruits patrocinador de la Gran Festa de la Cal\u00e7otada de Valls.\" srcset=\"https:\/\/fruitssp.com\/wp-content\/uploads\/2024\/01\/SF-Festa-de-la-Calcotada-2024-427.jpg 1200w, https:\/\/fruitssp.com\/wp-content\/uploads\/2024\/01\/SF-Festa-de-la-Calcotada-2024-427-300x200.jpg 300w, https:\/\/fruitssp.com\/wp-content\/uploads\/2024\/01\/SF-Festa-de-la-Calcotada-2024-427-1024x683.jpg 1024w, https:\/\/fruitssp.com\/wp-content\/uploads\/2024\/01\/SF-Festa-de-la-Calcotada-2024-427-18x12.jpg 18w, https:\/\/fruitssp.com\/wp-content\/uploads\/2024\/01\/SF-Festa-de-la-Calcotada-2024-427-600x400.jpg 600w, https:\/\/fruitssp.com\/wp-content\/uploads\/2024\/01\/SF-Festa-de-la-Calcotada-2024-427-768x512.jpg 768w, https:\/\/fruitssp.com\/wp-content\/uploads\/2024\/01\/SF-Festa-de-la-Calcotada-2024-427-900x600.jpg 900w\" sizes=\"auto, (max-width: 1200px) 100vw, 1200px\" \/><\/div>\t\t<\/div>\r\n\t<\/article>\r\n\t<article class=\"w-grid-item us_animate_fade off_autostart post-15139 attachment type-attachment status-inherit hentry\" data-id=\"15139\" style=\"animation-delay:0s\">\r\n\t\t<div class=\"w-grid-item-h\">\r\n\t\t\t\t\t\t\t<a class=\"w-grid-item-anchor\" href=\"https:\/\/fruitssp.com\/es\/noticies\/gran-festa-de-la-calcotada-2024\/attachment\/sf-festa-de-la-calc\u0327otada-2024-466\/\" rel=\"bookmark\" aria-label=\"SF-Festa-de-la-Calc\u0327otada-2024-466\"><\/a>\r\n\t\t\t\t\t\t<div class=\"w-post-elm post_image usg_post_image_1 stretched\"><img loading=\"lazy\" decoding=\"async\" width=\"1200\" height=\"800\" src=\"https:\/\/fruitssp.com\/wp-content\/uploads\/2024\/01\/SF-Festa-de-la-Calcotada-2024-466.jpg\" class=\"attachment-full size-full\" alt=\"Salses Fruits patrocinador de la Gran Festa de la Cal\u00e7otada de Valls.\" srcset=\"https:\/\/fruitssp.com\/wp-content\/uploads\/2024\/01\/SF-Festa-de-la-Calcotada-2024-466.jpg 1200w, https:\/\/fruitssp.com\/wp-content\/uploads\/2024\/01\/SF-Festa-de-la-Calcotada-2024-466-300x200.jpg 300w, https:\/\/fruitssp.com\/wp-content\/uploads\/2024\/01\/SF-Festa-de-la-Calcotada-2024-466-1024x683.jpg 1024w, https:\/\/fruitssp.com\/wp-content\/uploads\/2024\/01\/SF-Festa-de-la-Calcotada-2024-466-18x12.jpg 18w, https:\/\/fruitssp.com\/wp-content\/uploads\/2024\/01\/SF-Festa-de-la-Calcotada-2024-466-600x400.jpg 600w, https:\/\/fruitssp.com\/wp-content\/uploads\/2024\/01\/SF-Festa-de-la-Calcotada-2024-466-768x512.jpg 768w, https:\/\/fruitssp.com\/wp-content\/uploads\/2024\/01\/SF-Festa-de-la-Calcotada-2024-466-900x600.jpg 900w\" sizes=\"auto, (max-width: 1200px) 100vw, 1200px\" \/><\/div>\t\t<\/div>\r\n\t<\/article>\r\n\t<article class=\"w-grid-item us_animate_fade off_autostart post-15140 attachment type-attachment status-inherit hentry\" data-id=\"15140\" style=\"animation-delay:0.1s\">\r\n\t\t<div class=\"w-grid-item-h\">\r\n\t\t\t\t\t\t\t<a class=\"w-grid-item-anchor\" href=\"https:\/\/fruitssp.com\/es\/noticies\/gran-festa-de-la-calcotada-2024\/attachment\/sf-festa-de-la-calc\u0327otada-2024-474\/\" rel=\"bookmark\" aria-label=\"SF-Festa-de-la-Calc\u0327otada-2024-474\"><\/a>\r\n\t\t\t\t\t\t<div class=\"w-post-elm post_image usg_post_image_1 stretched\"><img loading=\"lazy\" decoding=\"async\" width=\"1200\" height=\"800\" src=\"https:\/\/fruitssp.com\/wp-content\/uploads\/2024\/01\/SF-Festa-de-la-Calcotada-2024-474.jpg\" class=\"attachment-full size-full\" alt=\"Salses Fruits patrocinador de la Gran Festa de la Cal\u00e7otada de Valls.\" srcset=\"https:\/\/fruitssp.com\/wp-content\/uploads\/2024\/01\/SF-Festa-de-la-Calcotada-2024-474.jpg 1200w, https:\/\/fruitssp.com\/wp-content\/uploads\/2024\/01\/SF-Festa-de-la-Calcotada-2024-474-300x200.jpg 300w, https:\/\/fruitssp.com\/wp-content\/uploads\/2024\/01\/SF-Festa-de-la-Calcotada-2024-474-1024x683.jpg 1024w, https:\/\/fruitssp.com\/wp-content\/uploads\/2024\/01\/SF-Festa-de-la-Calcotada-2024-474-18x12.jpg 18w, https:\/\/fruitssp.com\/wp-content\/uploads\/2024\/01\/SF-Festa-de-la-Calcotada-2024-474-600x400.jpg 600w, https:\/\/fruitssp.com\/wp-content\/uploads\/2024\/01\/SF-Festa-de-la-Calcotada-2024-474-768x512.jpg 768w, https:\/\/fruitssp.com\/wp-content\/uploads\/2024\/01\/SF-Festa-de-la-Calcotada-2024-474-900x600.jpg 900w\" sizes=\"auto, (max-width: 1200px) 100vw, 1200px\" \/><\/div>\t\t<\/div>\r\n\t<\/article>\r\n\t<article class=\"w-grid-item us_animate_fade off_autostart post-15141 attachment type-attachment status-inherit hentry\" data-id=\"15141\" style=\"animation-delay:0.2s\">\r\n\t\t<div class=\"w-grid-item-h\">\r\n\t\t\t\t\t\t\t<a class=\"w-grid-item-anchor\" href=\"https:\/\/fruitssp.com\/es\/noticies\/gran-festa-de-la-calcotada-2024\/attachment\/sf-festa-de-la-calc\u0327otada-2024-489\/\" rel=\"bookmark\" aria-label=\"SF-Festa-de-la-Calc\u0327otada-2024-489\"><\/a>\r\n\t\t\t\t\t\t<div class=\"w-post-elm post_image usg_post_image_1 stretched\"><img loading=\"lazy\" decoding=\"async\" width=\"1200\" height=\"800\" src=\"https:\/\/fruitssp.com\/wp-content\/uploads\/2024\/01\/SF-Festa-de-la-Calcotada-2024-489.jpg\" class=\"attachment-full size-full\" alt=\"Salses Fruits patrocinador de la Gran Festa de la Cal\u00e7otada de Valls.\" srcset=\"https:\/\/fruitssp.com\/wp-content\/uploads\/2024\/01\/SF-Festa-de-la-Calcotada-2024-489.jpg 1200w, https:\/\/fruitssp.com\/wp-content\/uploads\/2024\/01\/SF-Festa-de-la-Calcotada-2024-489-300x200.jpg 300w, https:\/\/fruitssp.com\/wp-content\/uploads\/2024\/01\/SF-Festa-de-la-Calcotada-2024-489-1024x683.jpg 1024w, https:\/\/fruitssp.com\/wp-content\/uploads\/2024\/01\/SF-Festa-de-la-Calcotada-2024-489-18x12.jpg 18w, https:\/\/fruitssp.com\/wp-content\/uploads\/2024\/01\/SF-Festa-de-la-Calcotada-2024-489-600x400.jpg 600w, https:\/\/fruitssp.com\/wp-content\/uploads\/2024\/01\/SF-Festa-de-la-Calcotada-2024-489-768x512.jpg 768w, https:\/\/fruitssp.com\/wp-content\/uploads\/2024\/01\/SF-Festa-de-la-Calcotada-2024-489-900x600.jpg 900w\" sizes=\"auto, (max-width: 1200px) 100vw, 1200px\" \/><\/div>\t\t<\/div>\r\n\t<\/article>\r\n\t<article class=\"w-grid-item us_animate_fade off_autostart post-15142 attachment type-attachment status-inherit hentry\" data-id=\"15142\" style=\"animation-delay:0.3s\">\r\n\t\t<div class=\"w-grid-item-h\">\r\n\t\t\t\t\t\t\t<a class=\"w-grid-item-anchor\" href=\"https:\/\/fruitssp.com\/es\/noticies\/gran-festa-de-la-calcotada-2024\/attachment\/sf-festa-de-la-calc\u0327otada-2024-493\/\" rel=\"bookmark\" aria-label=\"SF-Festa-de-la-Calc\u0327otada-2024-493\"><\/a>\r\n\t\t\t\t\t\t<div class=\"w-post-elm post_image usg_post_image_1 stretched\"><img loading=\"lazy\" decoding=\"async\" width=\"1200\" height=\"800\" src=\"https:\/\/fruitssp.com\/wp-content\/uploads\/2024\/01\/SF-Festa-de-la-Calcotada-2024-493.jpg\" class=\"attachment-full size-full\" alt=\"Salses Fruits patrocinador de la Gran Festa de la Cal\u00e7otada de Valls.\" srcset=\"https:\/\/fruitssp.com\/wp-content\/uploads\/2024\/01\/SF-Festa-de-la-Calcotada-2024-493.jpg 1200w, https:\/\/fruitssp.com\/wp-content\/uploads\/2024\/01\/SF-Festa-de-la-Calcotada-2024-493-300x200.jpg 300w, https:\/\/fruitssp.com\/wp-content\/uploads\/2024\/01\/SF-Festa-de-la-Calcotada-2024-493-1024x683.jpg 1024w, https:\/\/fruitssp.com\/wp-content\/uploads\/2024\/01\/SF-Festa-de-la-Calcotada-2024-493-18x12.jpg 18w, https:\/\/fruitssp.com\/wp-content\/uploads\/2024\/01\/SF-Festa-de-la-Calcotada-2024-493-600x400.jpg 600w, https:\/\/fruitssp.com\/wp-content\/uploads\/2024\/01\/SF-Festa-de-la-Calcotada-2024-493-768x512.jpg 768w, https:\/\/fruitssp.com\/wp-content\/uploads\/2024\/01\/SF-Festa-de-la-Calcotada-2024-493-900x600.jpg 900w\" sizes=\"auto, (max-width: 1200px) 100vw, 1200px\" \/><\/div>\t\t<\/div>\r\n\t<\/article>\r\n\t<article class=\"w-grid-item us_animate_fade off_autostart post-15108 attachment type-attachment status-inherit hentry\" data-id=\"15108\" style=\"animation-delay:0s\">\r\n\t\t<div class=\"w-grid-item-h\">\r\n\t\t\t\t\t\t\t<a class=\"w-grid-item-anchor\" href=\"https:\/\/fruitssp.com\/es\/noticies\/gran-festa-de-la-calcotada-2024\/attachment\/festa-de-la-calc\u0327otada-2024-149\/\" rel=\"bookmark\" aria-label=\"Festa-de-la-Calc\u0327otada-2024-149\"><\/a>\r\n\t\t\t\t\t\t<div class=\"w-post-elm post_image usg_post_image_1 stretched\"><img loading=\"lazy\" decoding=\"async\" width=\"1200\" height=\"800\" src=\"https:\/\/fruitssp.com\/wp-content\/uploads\/2024\/01\/Festa-de-la-Calcotada-2024-149.jpg\" class=\"attachment-full size-full\" alt=\"\" srcset=\"https:\/\/fruitssp.com\/wp-content\/uploads\/2024\/01\/Festa-de-la-Calcotada-2024-149.jpg 1200w, https:\/\/fruitssp.com\/wp-content\/uploads\/2024\/01\/Festa-de-la-Calcotada-2024-149-300x200.jpg 300w, https:\/\/fruitssp.com\/wp-content\/uploads\/2024\/01\/Festa-de-la-Calcotada-2024-149-1024x683.jpg 1024w, https:\/\/fruitssp.com\/wp-content\/uploads\/2024\/01\/Festa-de-la-Calcotada-2024-149-18x12.jpg 18w, https:\/\/fruitssp.com\/wp-content\/uploads\/2024\/01\/Festa-de-la-Calcotada-2024-149-600x400.jpg 600w, https:\/\/fruitssp.com\/wp-content\/uploads\/2024\/01\/Festa-de-la-Calcotada-2024-149-768x512.jpg 768w, https:\/\/fruitssp.com\/wp-content\/uploads\/2024\/01\/Festa-de-la-Calcotada-2024-149-900x600.jpg 900w\" sizes=\"auto, (max-width: 1200px) 100vw, 1200px\" \/><\/div>\t\t<\/div>\r\n\t<\/article>\r\n\t<article class=\"w-grid-item us_animate_fade off_autostart post-15110 attachment type-attachment status-inherit hentry\" data-id=\"15110\" style=\"animation-delay:0.1s\">\r\n\t\t<div class=\"w-grid-item-h\">\r\n\t\t\t\t\t\t\t<a class=\"w-grid-item-anchor\" href=\"https:\/\/fruitssp.com\/es\/noticies\/gran-festa-de-la-calcotada-2024\/attachment\/festa-de-la-calc\u0327otada-2024-164\/\" rel=\"bookmark\" aria-label=\"Festa-de-la-Calc\u0327otada-2024-164\"><\/a>\r\n\t\t\t\t\t\t<div class=\"w-post-elm post_image usg_post_image_1 stretched\"><img loading=\"lazy\" decoding=\"async\" width=\"1200\" height=\"800\" src=\"https:\/\/fruitssp.com\/wp-content\/uploads\/2024\/01\/Festa-de-la-Calcotada-2024-164.jpg\" class=\"attachment-full size-full\" alt=\"\" srcset=\"https:\/\/fruitssp.com\/wp-content\/uploads\/2024\/01\/Festa-de-la-Calcotada-2024-164.jpg 1200w, https:\/\/fruitssp.com\/wp-content\/uploads\/2024\/01\/Festa-de-la-Calcotada-2024-164-300x200.jpg 300w, https:\/\/fruitssp.com\/wp-content\/uploads\/2024\/01\/Festa-de-la-Calcotada-2024-164-1024x683.jpg 1024w, https:\/\/fruitssp.com\/wp-content\/uploads\/2024\/01\/Festa-de-la-Calcotada-2024-164-18x12.jpg 18w, https:\/\/fruitssp.com\/wp-content\/uploads\/2024\/01\/Festa-de-la-Calcotada-2024-164-600x400.jpg 600w, https:\/\/fruitssp.com\/wp-content\/uploads\/2024\/01\/Festa-de-la-Calcotada-2024-164-768x512.jpg 768w, https:\/\/fruitssp.com\/wp-content\/uploads\/2024\/01\/Festa-de-la-Calcotada-2024-164-900x600.jpg 900w\" sizes=\"auto, (max-width: 1200px) 100vw, 1200px\" \/><\/div>\t\t<\/div>\r\n\t<\/article>\r\n\t<article class=\"w-grid-item us_animate_fade off_autostart post-15111 attachment type-attachment status-inherit hentry\" data-id=\"15111\" style=\"animation-delay:0.2s\">\r\n\t\t<div class=\"w-grid-item-h\">\r\n\t\t\t\t\t\t\t<a class=\"w-grid-item-anchor\" href=\"https:\/\/fruitssp.com\/es\/noticies\/gran-festa-de-la-calcotada-2024\/attachment\/festa-de-la-calc\u0327otada-2024-174\/\" rel=\"bookmark\" aria-label=\"Festa-de-la-Calc\u0327otada-2024-174\"><\/a>\r\n\t\t\t\t\t\t<div class=\"w-post-elm post_image usg_post_image_1 stretched\"><img loading=\"lazy\" decoding=\"async\" width=\"1200\" height=\"800\" src=\"https:\/\/fruitssp.com\/wp-content\/uploads\/2024\/01\/Festa-de-la-Calcotada-2024-174.jpg\" class=\"attachment-full size-full\" alt=\"\" srcset=\"https:\/\/fruitssp.com\/wp-content\/uploads\/2024\/01\/Festa-de-la-Calcotada-2024-174.jpg 1200w, https:\/\/fruitssp.com\/wp-content\/uploads\/2024\/01\/Festa-de-la-Calcotada-2024-174-300x200.jpg 300w, https:\/\/fruitssp.com\/wp-content\/uploads\/2024\/01\/Festa-de-la-Calcotada-2024-174-1024x683.jpg 1024w, https:\/\/fruitssp.com\/wp-content\/uploads\/2024\/01\/Festa-de-la-Calcotada-2024-174-18x12.jpg 18w, https:\/\/fruitssp.com\/wp-content\/uploads\/2024\/01\/Festa-de-la-Calcotada-2024-174-600x400.jpg 600w, https:\/\/fruitssp.com\/wp-content\/uploads\/2024\/01\/Festa-de-la-Calcotada-2024-174-768x512.jpg 768w, https:\/\/fruitssp.com\/wp-content\/uploads\/2024\/01\/Festa-de-la-Calcotada-2024-174-900x600.jpg 900w\" sizes=\"auto, (max-width: 1200px) 100vw, 1200px\" \/><\/div>\t\t<\/div>\r\n\t<\/article>\r\n\t<article class=\"w-grid-item us_animate_fade off_autostart post-15112 attachment type-attachment status-inherit hentry\" data-id=\"15112\" style=\"animation-delay:0.3s\">\r\n\t\t<div class=\"w-grid-item-h\">\r\n\t\t\t\t\t\t\t<a class=\"w-grid-item-anchor\" href=\"https:\/\/fruitssp.com\/es\/noticies\/gran-festa-de-la-calcotada-2024\/attachment\/festa-de-la-calc\u0327otada-2024-300\/\" rel=\"bookmark\" aria-label=\"Festa-de-la-Calc\u0327otada-2024-300\"><\/a>\r\n\t\t\t\t\t\t<div class=\"w-post-elm post_image usg_post_image_1 stretched\"><img loading=\"lazy\" decoding=\"async\" width=\"1200\" height=\"800\" src=\"https:\/\/fruitssp.com\/wp-content\/uploads\/2024\/01\/Festa-de-la-Calcotada-2024-300.jpg\" class=\"attachment-full size-full\" alt=\"Salses Fruits patrocinador de la Gran Festa de la Cal\u00e7otada de Valls.\" srcset=\"https:\/\/fruitssp.com\/wp-content\/uploads\/2024\/01\/Festa-de-la-Calcotada-2024-300.jpg 1200w, https:\/\/fruitssp.com\/wp-content\/uploads\/2024\/01\/Festa-de-la-Calcotada-2024-300-300x200.jpg 300w, https:\/\/fruitssp.com\/wp-content\/uploads\/2024\/01\/Festa-de-la-Calcotada-2024-300-1024x683.jpg 1024w, https:\/\/fruitssp.com\/wp-content\/uploads\/2024\/01\/Festa-de-la-Calcotada-2024-300-18x12.jpg 18w, https:\/\/fruitssp.com\/wp-content\/uploads\/2024\/01\/Festa-de-la-Calcotada-2024-300-600x400.jpg 600w, https:\/\/fruitssp.com\/wp-content\/uploads\/2024\/01\/Festa-de-la-Calcotada-2024-300-768x512.jpg 768w, https:\/\/fruitssp.com\/wp-content\/uploads\/2024\/01\/Festa-de-la-Calcotada-2024-300-900x600.jpg 900w\" sizes=\"auto, (max-width: 1200px) 100vw, 1200px\" \/><\/div>\t\t<\/div>\r\n\t<\/article>\r\n\t<article class=\"w-grid-item us_animate_fade off_autostart post-15113 attachment type-attachment status-inherit hentry\" data-id=\"15113\" style=\"animation-delay:0s\">\r\n\t\t<div class=\"w-grid-item-h\">\r\n\t\t\t\t\t\t\t<a class=\"w-grid-item-anchor\" href=\"https:\/\/fruitssp.com\/es\/noticies\/gran-festa-de-la-calcotada-2024\/attachment\/festa-de-la-calc\u0327otada-2024-509\/\" rel=\"bookmark\" aria-label=\"Festa-de-la-Calc\u0327otada-2024-509\"><\/a>\r\n\t\t\t\t\t\t<div class=\"w-post-elm post_image usg_post_image_1 stretched\"><img loading=\"lazy\" decoding=\"async\" width=\"1200\" height=\"675\" src=\"https:\/\/fruitssp.com\/wp-content\/uploads\/2024\/01\/Festa-de-la-Calcotada-2024-509.jpg\" class=\"attachment-full size-full\" alt=\"\" srcset=\"https:\/\/fruitssp.com\/wp-content\/uploads\/2024\/01\/Festa-de-la-Calcotada-2024-509.jpg 1200w, https:\/\/fruitssp.com\/wp-content\/uploads\/2024\/01\/Festa-de-la-Calcotada-2024-509-300x169.jpg 300w, https:\/\/fruitssp.com\/wp-content\/uploads\/2024\/01\/Festa-de-la-Calcotada-2024-509-1024x576.jpg 1024w, https:\/\/fruitssp.com\/wp-content\/uploads\/2024\/01\/Festa-de-la-Calcotada-2024-509-18x10.jpg 18w, https:\/\/fruitssp.com\/wp-content\/uploads\/2024\/01\/Festa-de-la-Calcotada-2024-509-600x338.jpg 600w, https:\/\/fruitssp.com\/wp-content\/uploads\/2024\/01\/Festa-de-la-Calcotada-2024-509-768x432.jpg 768w, https:\/\/fruitssp.com\/wp-content\/uploads\/2024\/01\/Festa-de-la-Calcotada-2024-509-900x506.jpg 900w\" sizes=\"auto, (max-width: 1200px) 100vw, 1200px\" \/><\/div>\t\t<\/div>\r\n\t<\/article>\r\n\t<article class=\"w-grid-item us_animate_fade off_autostart post-15109 attachment type-attachment status-inherit hentry\" data-id=\"15109\" style=\"animation-delay:0.1s\">\r\n\t\t<div class=\"w-grid-item-h\">\r\n\t\t\t\t\t\t\t<a class=\"w-grid-item-anchor\" href=\"https:\/\/fruitssp.com\/es\/noticies\/gran-festa-de-la-calcotada-2024\/attachment\/festa-de-la-calc\u0327otada-2024-161\/\" rel=\"bookmark\" aria-label=\"Festa-de-la-Calc\u0327otada-2024-161\"><\/a>\r\n\t\t\t\t\t\t<div class=\"w-post-elm post_image usg_post_image_1 stretched\"><img loading=\"lazy\" decoding=\"async\" width=\"1200\" height=\"800\" src=\"https:\/\/fruitssp.com\/wp-content\/uploads\/2024\/01\/Festa-de-la-Calcotada-2024-161.jpg\" class=\"attachment-full size-full\" alt=\"\" srcset=\"https:\/\/fruitssp.com\/wp-content\/uploads\/2024\/01\/Festa-de-la-Calcotada-2024-161.jpg 1200w, https:\/\/fruitssp.com\/wp-content\/uploads\/2024\/01\/Festa-de-la-Calcotada-2024-161-300x200.jpg 300w, https:\/\/fruitssp.com\/wp-content\/uploads\/2024\/01\/Festa-de-la-Calcotada-2024-161-1024x683.jpg 1024w, https:\/\/fruitssp.com\/wp-content\/uploads\/2024\/01\/Festa-de-la-Calcotada-2024-161-18x12.jpg 18w, https:\/\/fruitssp.com\/wp-content\/uploads\/2024\/01\/Festa-de-la-Calcotada-2024-161-600x400.jpg 600w, https:\/\/fruitssp.com\/wp-content\/uploads\/2024\/01\/Festa-de-la-Calcotada-2024-161-768x512.jpg 768w, https:\/\/fruitssp.com\/wp-content\/uploads\/2024\/01\/Festa-de-la-Calcotada-2024-161-900x600.jpg 900w\" sizes=\"auto, (max-width: 1200px) 100vw, 1200px\" \/><\/div>\t\t<\/div>\r\n\t<\/article>\r\n\t<article class=\"w-grid-item us_animate_fade off_autostart post-15164 attachment type-attachment status-inherit hentry\" data-id=\"15164\" style=\"animation-delay:0.2s\">\r\n\t\t<div class=\"w-grid-item-h\">\r\n\t\t\t\t\t\t\t<a class=\"w-grid-item-anchor\" href=\"https:\/\/fruitssp.com\/es\/noticies\/gran-festa-de-la-calcotada-2024\/attachment\/whatsapp-image-2024-01-28-at-18-29-50\/\" rel=\"bookmark\" aria-label=\"WhatsApp Image 2024-01-28 at 18.29.50\"><\/a>\r\n\t\t\t\t\t\t<div class=\"w-post-elm post_image usg_post_image_1 stretched\"><img loading=\"lazy\" decoding=\"async\" width=\"2048\" height=\"1536\" src=\"https:\/\/fruitssp.com\/wp-content\/uploads\/2024\/01\/WhatsApp-Image-2024-01-28-at-18.29.50.jpg\" class=\"attachment-full size-full\" alt=\"Estand de Salses Fruits patrocinador de la Gran Festa de la Cal\u00e7otada de Valls.\" srcset=\"https:\/\/fruitssp.com\/wp-content\/uploads\/2024\/01\/WhatsApp-Image-2024-01-28-at-18.29.50.jpg 2048w, https:\/\/fruitssp.com\/wp-content\/uploads\/2024\/01\/WhatsApp-Image-2024-01-28-at-18.29.50-300x225.jpg 300w, https:\/\/fruitssp.com\/wp-content\/uploads\/2024\/01\/WhatsApp-Image-2024-01-28-at-18.29.50-1024x768.jpg 1024w, https:\/\/fruitssp.com\/wp-content\/uploads\/2024\/01\/WhatsApp-Image-2024-01-28-at-18.29.50-16x12.jpg 16w, https:\/\/fruitssp.com\/wp-content\/uploads\/2024\/01\/WhatsApp-Image-2024-01-28-at-18.29.50-600x450.jpg 600w, https:\/\/fruitssp.com\/wp-content\/uploads\/2024\/01\/WhatsApp-Image-2024-01-28-at-18.29.50-768x576.jpg 768w, https:\/\/fruitssp.com\/wp-content\/uploads\/2024\/01\/WhatsApp-Image-2024-01-28-at-18.29.50-900x675.jpg 900w\" sizes=\"auto, (max-width: 2048px) 100vw, 2048px\" \/><\/div>\t\t<\/div>\r\n\t<\/article>\r\n\t<article class=\"w-grid-item us_animate_fade off_autostart post-15165 attachment type-attachment status-inherit hentry\" data-id=\"15165\" style=\"animation-delay:0.3s\">\r\n\t\t<div class=\"w-grid-item-h\">\r\n\t\t\t\t\t\t\t<a class=\"w-grid-item-anchor\" href=\"https:\/\/fruitssp.com\/es\/noticies\/gran-festa-de-la-calcotada-2024\/attachment\/whatsapp-image-2024-01-29-at-19-28-44-1\/\" rel=\"bookmark\" aria-label=\"WhatsApp Image 2024-01-29 at 19.28.44 (1)\"><\/a>\r\n\t\t\t\t\t\t<div class=\"w-post-elm post_image usg_post_image_1 stretched\"><img loading=\"lazy\" decoding=\"async\" width=\"1024\" height=\"576\" src=\"https:\/\/fruitssp.com\/wp-content\/uploads\/2024\/01\/WhatsApp-Image-2024-01-29-at-19.28.44-1.jpeg\" class=\"attachment-full size-full\" alt=\"Estand de Salses Fruits patrocinador de la Gran Festa de la Cal\u00e7otada de Valls.\" srcset=\"https:\/\/fruitssp.com\/wp-content\/uploads\/2024\/01\/WhatsApp-Image-2024-01-29-at-19.28.44-1.jpeg 1024w, https:\/\/fruitssp.com\/wp-content\/uploads\/2024\/01\/WhatsApp-Image-2024-01-29-at-19.28.44-1-300x169.jpeg 300w, https:\/\/fruitssp.com\/wp-content\/uploads\/2024\/01\/WhatsApp-Image-2024-01-29-at-19.28.44-1-18x10.jpeg 18w, https:\/\/fruitssp.com\/wp-content\/uploads\/2024\/01\/WhatsApp-Image-2024-01-29-at-19.28.44-1-600x338.jpeg 600w, https:\/\/fruitssp.com\/wp-content\/uploads\/2024\/01\/WhatsApp-Image-2024-01-29-at-19.28.44-1-768x432.jpeg 768w, https:\/\/fruitssp.com\/wp-content\/uploads\/2024\/01\/WhatsApp-Image-2024-01-29-at-19.28.44-1-900x506.jpeg 900w\" sizes=\"auto, (max-width: 1024px) 100vw, 1024px\" \/><\/div>\t\t<\/div>\r\n\t<\/article>\r\n\t<article class=\"w-grid-item us_animate_fade off_autostart post-15166 attachment type-attachment status-inherit hentry\" data-id=\"15166\" style=\"animation-delay:0s\">\r\n\t\t<div class=\"w-grid-item-h\">\r\n\t\t\t\t\t\t\t<a class=\"w-grid-item-anchor\" href=\"https:\/\/fruitssp.com\/es\/noticies\/gran-festa-de-la-calcotada-2024\/attachment\/whatsapp-image-2024-01-29-at-19-28-44\/\" rel=\"bookmark\" aria-label=\"WhatsApp Image 2024-01-29 at 19.28.44\"><\/a>\r\n\t\t\t\t\t\t<div class=\"w-post-elm post_image usg_post_image_1 stretched\"><img loading=\"lazy\" decoding=\"async\" width=\"1024\" height=\"768\" src=\"https:\/\/fruitssp.com\/wp-content\/uploads\/2024\/01\/WhatsApp-Image-2024-01-29-at-19.28.44.jpeg\" class=\"attachment-full size-full\" alt=\"Estand de Salses Fruits patrocinador de la Gran Festa de la Cal\u00e7otada de Valls.\" srcset=\"https:\/\/fruitssp.com\/wp-content\/uploads\/2024\/01\/WhatsApp-Image-2024-01-29-at-19.28.44.jpeg 1024w, https:\/\/fruitssp.com\/wp-content\/uploads\/2024\/01\/WhatsApp-Image-2024-01-29-at-19.28.44-300x225.jpeg 300w, https:\/\/fruitssp.com\/wp-content\/uploads\/2024\/01\/WhatsApp-Image-2024-01-29-at-19.28.44-16x12.jpeg 16w, https:\/\/fruitssp.com\/wp-content\/uploads\/2024\/01\/WhatsApp-Image-2024-01-29-at-19.28.44-600x450.jpeg 600w, https:\/\/fruitssp.com\/wp-content\/uploads\/2024\/01\/WhatsApp-Image-2024-01-29-at-19.28.44-768x576.jpeg 768w, https:\/\/fruitssp.com\/wp-content\/uploads\/2024\/01\/WhatsApp-Image-2024-01-29-at-19.28.44-900x675.jpeg 900w\" sizes=\"auto, (max-width: 1024px) 100vw, 1024px\" \/><\/div>\t\t<\/div>\r\n\t<\/article>\r\n<\/div><div class=\"w-grid-preloader\"><div class=\"g-preloader type_1\">\r\n\t<div><\/div>\r\n<\/div>\r\n<\/div>\t<div class=\"w-grid-json hidden\" onclick='return {&quot;action&quot;:&quot;us_ajax_grid&quot;,&quot;ajax_url&quot;:&quot;https:\\\/\\\/fruitssp.com\\\/wp-admin\\\/admin-ajax.php&quot;,&quot;infinite_scroll&quot;:0,&quot;max_num_pages&quot;:1,&quot;pagination&quot;:&quot;infinite&quot;,&quot;permalink_url&quot;:&quot;https:\\\/\\\/fruitssp.com\\\/es\\\/wp-json\\\/wp\\\/v2\\\/posts\\\/15103&quot;,&quot;template_vars&quot;:{&quot;columns&quot;:&quot;2&quot;,&quot;exclude_items&quot;:&quot;none&quot;,&quot;img_size&quot;:&quot;full&quot;,&quot;ignore_items_size&quot;:0,&quot;items_layout&quot;:&quot;gallery_default&quot;,&quot;items_offset&quot;:&quot;1&quot;,&quot;load_animation&quot;:&quot;fade&quot;,&quot;overriding_link&quot;:&quot;popup_post&quot;,&quot;post_id&quot;:0,&quot;query_args&quot;:{&quot;post_type&quot;:[&quot;attachment&quot;],&quot;post__in&quot;:[&quot;15107&quot;,&quot;15106&quot;,&quot;15105&quot;,&quot;15117&quot;,&quot;15116&quot;,&quot;15115&quot;,&quot;15114&quot;,&quot;15127&quot;,&quot;15128&quot;,&quot;15125&quot;,&quot;15124&quot;,&quot;15126&quot;,&quot;15118&quot;,&quot;15119&quot;,&quot;15123&quot;,&quot;15120&quot;,&quot;15121&quot;,&quot;15122&quot;,&quot;15129&quot;,&quot;15138&quot;,&quot;15130&quot;,&quot;15131&quot;,&quot;15132&quot;,&quot;15133&quot;,&quot;15134&quot;,&quot;15135&quot;,&quot;15136&quot;,&quot;15137&quot;,&quot;15139&quot;,&quot;15140&quot;,&quot;15141&quot;,&quot;15142&quot;,&quot;15108&quot;,&quot;15110&quot;,&quot;15111&quot;,&quot;15112&quot;,&quot;15113&quot;,&quot;15109&quot;,&quot;15164&quot;,&quot;15165&quot;,&quot;15166&quot;],&quot;post_status&quot;:&quot;inherit&quot;,&quot;post_mime_type&quot;:&quot;image&quot;,&quot;posts_per_page&quot;:&quot;50&quot;},&quot;orderby_query_args&quot;:{&quot;orderby&quot;:{&quot;post__in&quot;:&quot;ASC&quot;},&quot;order&quot;:&quot;ASC&quot;},&quot;type&quot;:&quot;masonry&quot;,&quot;us_grid_ajax_index&quot;:1,&quot;us_grid_filter_params&quot;:null,&quot;us_grid_index&quot;:1,&quot;_us_grid_post_type&quot;:&quot;attachment&quot;,&quot;page_args&quot;:[]}}'><\/div>\r\n\t\t<div class=\"l-popup\">\r\n\t\t<div class=\"l-popup-overlay\"><\/div>\r\n\t\t<div class=\"l-popup-wrap\">\r\n\t\t\t<div class=\"l-popup-box\">\r\n\t\t\t\t<div class=\"l-popup-box-content\" style=\"max-width:80vw;\">\r\n\t\t\t\t\t<div class=\"g-preloader type_1\">\r\n\t\t\t\t\t\t<div><\/div>\r\n\t\t\t\t\t<\/div>\r\n\t\t\t\t\t<iframe class=\"l-popup-box-content-frame\" allowfullscreen><\/iframe>\r\n\t\t\t\t<\/div>\r\n\t\t\t<\/div>\r\n\t\t\t\t\t\t\t<div class=\"l-popup-arrow to_next\" title=\"Siguiente\"><\/div>\r\n\t\t\t\t<div class=\"l-popup-arrow to_prev\" title=\"Anterior\"><\/div>\r\n\t\t\t\t\t\t<div class=\"l-popup-closer\"><\/div>\r\n\t\t<\/div>\r\n\t<\/div>\r\n\t<\/div><\/div><\/div><\/div><\/div><\/section>\n","protected":false},"excerpt":{"rendered":"","protected":false},"author":1,"featured_media":15104,"comment_status":"closed","ping_status":"closed","sticky":false,"template":"","format":"standard","meta":{"inline_featured_image":false,"footnotes":""},"categories":[1],"tags":[],"class_list":["post-15103","post","type-post","status-publish","format-standard","has-post-thumbnail","hentry","category-noticies"],"yoast_head":"<!-- This site is optimized with the Yoast SEO plugin v26.7 - https:\/\/yoast.com\/wordpress\/plugins\/seo\/ -->\n<title>Gran Festa de la Cal\u00e7otada 2024 - Salses Fruits<\/title>\n<meta name=\"robots\" content=\"index, follow, max-snippet:-1, max-image-preview:large, max-video-preview:-1\" \/>\n<link rel=\"canonical\" href=\"https:\/\/fruitssp.com\/es\/noticies\/gran-festa-de-la-calcotada-2024\/\" \/>\n<meta property=\"og:locale\" content=\"es_ES\" \/>\n<meta property=\"og:type\" content=\"article\" \/>\n<meta property=\"og:title\" content=\"Gran Festa de la Cal\u00e7otada 2024 - Salses Fruits\" \/>\n<meta property=\"og:url\" content=\"https:\/\/fruitssp.com\/es\/noticies\/gran-festa-de-la-calcotada-2024\/\" \/>\n<meta property=\"og:site_name\" content=\"Salses Fruits\" \/>\n<meta property=\"article:publisher\" content=\"https:\/\/www.facebook.com\/Salses-Fruits-SP-1137777022906379\/\" \/>\n<meta property=\"article:published_time\" content=\"2024-01-31T15:37:57+00:00\" \/>\n<meta property=\"article:modified_time\" content=\"2024-02-05T12:33:16+00:00\" \/>\n<meta property=\"og:image\" content=\"https:\/\/fruitssp.com\/wp-content\/uploads\/2024\/01\/SF-Festa-de-la-Calcotada-2024-402.jpg\" \/>\n\t<meta property=\"og:image:width\" content=\"1200\" \/>\n\t<meta property=\"og:image:height\" content=\"800\" \/>\n\t<meta property=\"og:image:type\" content=\"image\/jpeg\" \/>\n<meta name=\"author\" content=\"fruitssp\" \/>\n<meta name=\"twitter:card\" content=\"summary_large_image\" \/>\n<meta name=\"twitter:label1\" content=\"Escrito por\" \/>\n\t<meta name=\"twitter:data1\" content=\"fruitssp\" \/>\n\t<meta name=\"twitter:label2\" content=\"Tiempo de lectura\" \/>\n\t<meta name=\"twitter:data2\" content=\"3 minutos\" \/>\n<!-- \/ Yoast SEO plugin. -->","yoast_head_json":{"title":"Gran Festa de la Cal\u00e7otada 2024 - Salses Fruits","robots":{"index":"index","follow":"follow","max-snippet":"max-snippet:-1","max-image-preview":"max-image-preview:large","max-video-preview":"max-video-preview:-1"},"canonical":"https:\/\/fruitssp.com\/es\/noticies\/gran-festa-de-la-calcotada-2024\/","og_locale":"es_ES","og_type":"article","og_title":"Gran Festa de la Cal\u00e7otada 2024 - Salses Fruits","og_url":"https:\/\/fruitssp.com\/es\/noticies\/gran-festa-de-la-calcotada-2024\/","og_site_name":"Salses Fruits","article_publisher":"https:\/\/www.facebook.com\/Salses-Fruits-SP-1137777022906379\/","article_published_time":"2024-01-31T15:37:57+00:00","article_modified_time":"2024-02-05T12:33:16+00:00","og_image":[{"width":1200,"height":800,"url":"https:\/\/fruitssp.com\/wp-content\/uploads\/2024\/01\/SF-Festa-de-la-Calcotada-2024-402.jpg","type":"image\/jpeg"}],"author":"fruitssp","twitter_card":"summary_large_image","twitter_misc":{"Escrito por":"fruitssp","Tiempo de lectura":"3 minutos"},"schema":{"@context":"https:\/\/schema.org","@graph":[{"@type":"Article","@id":"https:\/\/fruitssp.com\/noticies\/gran-festa-de-la-calcotada-2024\/#article","isPartOf":{"@id":"https:\/\/fruitssp.com\/noticies\/gran-festa-de-la-calcotada-2024\/"},"author":{"name":"fruitssp","@id":"https:\/\/fruitssp.com\/#\/schema\/person\/74f4a70f480644ed06e5945c13b509c8"},"headline":"Gran Festa de la Cal\u00e7otada 2024","datePublished":"2024-01-31T15:37:57+00:00","dateModified":"2024-02-05T12:33:16+00:00","mainEntityOfPage":{"@id":"https:\/\/fruitssp.com\/noticies\/gran-festa-de-la-calcotada-2024\/"},"wordCount":588,"publisher":{"@id":"https:\/\/fruitssp.com\/#organization"},"image":{"@id":"https:\/\/fruitssp.com\/noticies\/gran-festa-de-la-calcotada-2024\/#primaryimage"},"thumbnailUrl":"https:\/\/fruitssp.com\/wp-content\/uploads\/2024\/01\/SF-Festa-de-la-Calcotada-2024-402.jpg","articleSection":["Noticies"],"inLanguage":"es"},{"@type":"WebPage","@id":"https:\/\/fruitssp.com\/noticies\/gran-festa-de-la-calcotada-2024\/","url":"https:\/\/fruitssp.com\/noticies\/gran-festa-de-la-calcotada-2024\/","name":"Gran Festa de la Cal\u00e7otada 2024 - Salses Fruits","isPartOf":{"@id":"https:\/\/fruitssp.com\/#website"},"primaryImageOfPage":{"@id":"https:\/\/fruitssp.com\/noticies\/gran-festa-de-la-calcotada-2024\/#primaryimage"},"image":{"@id":"https:\/\/fruitssp.com\/noticies\/gran-festa-de-la-calcotada-2024\/#primaryimage"},"thumbnailUrl":"https:\/\/fruitssp.com\/wp-content\/uploads\/2024\/01\/SF-Festa-de-la-Calcotada-2024-402.jpg","datePublished":"2024-01-31T15:37:57+00:00","dateModified":"2024-02-05T12:33:16+00:00","breadcrumb":{"@id":"https:\/\/fruitssp.com\/noticies\/gran-festa-de-la-calcotada-2024\/#breadcrumb"},"inLanguage":"es","potentialAction":[{"@type":"ReadAction","target":["https:\/\/fruitssp.com\/noticies\/gran-festa-de-la-calcotada-2024\/"]}]},{"@type":"ImageObject","inLanguage":"es","@id":"https:\/\/fruitssp.com\/noticies\/gran-festa-de-la-calcotada-2024\/#primaryimage","url":"https:\/\/fruitssp.com\/wp-content\/uploads\/2024\/01\/SF-Festa-de-la-Calcotada-2024-402.jpg","contentUrl":"https:\/\/fruitssp.com\/wp-content\/uploads\/2024\/01\/SF-Festa-de-la-Calcotada-2024-402.jpg","width":1200,"height":800},{"@type":"BreadcrumbList","@id":"https:\/\/fruitssp.com\/noticies\/gran-festa-de-la-calcotada-2024\/#breadcrumb","itemListElement":[{"@type":"ListItem","position":1,"name":"Inici","item":"https:\/\/fruitssp.com\/"},{"@type":"ListItem","position":2,"name":"Gran Festa de la Cal\u00e7otada 2024"}]},{"@type":"WebSite","@id":"https:\/\/fruitssp.com\/#website","url":"https:\/\/fruitssp.com\/","name":"FruitsSP","description":"Salsas y productos frescos y naturales, de la tierra del cal\u00e7ot","publisher":{"@id":"https:\/\/fruitssp.com\/#organization"},"potentialAction":[{"@type":"SearchAction","target":{"@type":"EntryPoint","urlTemplate":"https:\/\/fruitssp.com\/?s={search_term_string}"},"query-input":{"@type":"PropertyValueSpecification","valueRequired":true,"valueName":"search_term_string"}}],"inLanguage":"es"},{"@type":"Organization","@id":"https:\/\/fruitssp.com\/#organization","name":"Salsas Frutos S &amp; P","url":"https:\/\/fruitssp.com\/","logo":{"@type":"ImageObject","inLanguage":"es","@id":"https:\/\/fruitssp.com\/#\/schema\/logo\/image\/","url":"https:\/\/fruitssp.com\/wp-content\/uploads\/2022\/12\/logoFruits_472x406.png","contentUrl":"https:\/\/fruitssp.com\/wp-content\/uploads\/2022\/12\/logoFruits_472x406.png","width":472,"height":406,"caption":"Salses Fruits S&P"},"image":{"@id":"https:\/\/fruitssp.com\/#\/schema\/logo\/image\/"},"sameAs":["https:\/\/www.facebook.com\/Salses-Fruits-SP-1137777022906379\/","https:\/\/www.instagram.com\/salsesfruitssp\/","https:\/\/www.linkedin.com\/company\/salses-fruits-s-i-p-sl\/"]},{"@type":"Person","@id":"https:\/\/fruitssp.com\/#\/schema\/person\/74f4a70f480644ed06e5945c13b509c8","name":"fruitssp"}]}},"_links":{"self":[{"href":"https:\/\/fruitssp.com\/es\/wp-json\/wp\/v2\/posts\/15103","targetHints":{"allow":["GET"]}}],"collection":[{"href":"https:\/\/fruitssp.com\/es\/wp-json\/wp\/v2\/posts"}],"about":[{"href":"https:\/\/fruitssp.com\/es\/wp-json\/wp\/v2\/types\/post"}],"author":[{"embeddable":true,"href":"https:\/\/fruitssp.com\/es\/wp-json\/wp\/v2\/users\/1"}],"replies":[{"embeddable":true,"href":"https:\/\/fruitssp.com\/es\/wp-json\/wp\/v2\/comments?post=15103"}],"version-history":[{"count":0,"href":"https:\/\/fruitssp.com\/es\/wp-json\/wp\/v2\/posts\/15103\/revisions"}],"wp:featuredmedia":[{"embeddable":true,"href":"https:\/\/fruitssp.com\/es\/wp-json\/wp\/v2\/media\/15104"}],"wp:attachment":[{"href":"https:\/\/fruitssp.com\/es\/wp-json\/wp\/v2\/media?parent=15103"}],"wp:term":[{"taxonomy":"category","embeddable":true,"href":"https:\/\/fruitssp.com\/es\/wp-json\/wp\/v2\/categories?post=15103"},{"taxonomy":"post_tag","embeddable":true,"href":"https:\/\/fruitssp.com\/es\/wp-json\/wp\/v2\/tags?post=15103"}],"curies":[{"name":"wp","href":"https:\/\/api.w.org\/{rel}","templated":true}]}}