{"id":15156,"date":"2024-01-24T16:43:34","date_gmt":"2024-01-24T16:43:34","guid":{"rendered":"https:\/\/fruitssp.com\/?p=15156"},"modified":"2024-01-31T16:50:00","modified_gmt":"2024-01-31T16:50:00","slug":"salses-fruits-al-fot-li-de-canal-reus-tv","status":"publish","type":"post","link":"https:\/\/fruitssp.com\/es\/noticies\/salses-fruits-al-fot-li-de-canal-reus-tv\/","title":{"rendered":"Salses Fruits en el \u201cFot-li\u201d de Canal Reus TV"},"content":{"rendered":"<p class=\"p1\"><img loading=\"lazy\" decoding=\"async\" class=\"alignnone size-full wp-image-15158\" src=\"https:\/\/fruitssp.com\/wp-content\/uploads\/2024\/01\/CanalReus002.jpg\" alt=\"\" width=\"1200\" height=\"900\" srcset=\"https:\/\/fruitssp.com\/wp-content\/uploads\/2024\/01\/CanalReus002.jpg 1200w, https:\/\/fruitssp.com\/wp-content\/uploads\/2024\/01\/CanalReus002-300x225.jpg 300w, https:\/\/fruitssp.com\/wp-content\/uploads\/2024\/01\/CanalReus002-1024x768.jpg 1024w, https:\/\/fruitssp.com\/wp-content\/uploads\/2024\/01\/CanalReus002-16x12.jpg 16w, https:\/\/fruitssp.com\/wp-content\/uploads\/2024\/01\/CanalReus002-600x450.jpg 600w, https:\/\/fruitssp.com\/wp-content\/uploads\/2024\/01\/CanalReus002-768x576.jpg 768w, https:\/\/fruitssp.com\/wp-content\/uploads\/2024\/01\/CanalReus002-900x675.jpg 900w\" sizes=\"auto, (max-width: 1200px) 100vw, 1200px\" \/><\/p>\n<p class=\"p1\">En plena temporada de la Cal\u00e7otada, el martes 23 de enero, en el programa \u201cFOT-LI\u201d de Canal Reus TV entrevistaron a Francesc Sans, gerente de Salses Fruits y, en la entrevista, presentaron el espot \u201cLa espera siempre vale la pena\u201d novedad de este a\u00f1o que tambi\u00e9n se emite por Canat Reus TV. El presentador, Jordi Cartany\u00e0 y la productora del programa Paula <span class=\"hiddenSpellError\">Jans\u00e0<\/span> hicieron una aut\u00e9ntica glosa de la Salsa Cal\u00e7otada de Salses Fruits. Un rato hermoso, simp\u00e1tico y entra\u00f1able. Como nuestra salsa, pero en la <span class=\"hiddenSpellError\">TeleReus<\/span>.<\/p>\n<p>\u00bfLa experiencia? Un 10 por Canal Reus TV, por Paula y por Jordi.<\/p>\n<p>\u00a1Muchas gracias, colla! (la salsa para vuestra pr\u00f3xima cal\u00e7otada, la ponemos nosotros!)<\/p>\n<p class=\"p1\"><a href=\"https:\/\/www.youtube.com\/watch?v=q1o405U_oAA\">\u00bfQuieres verlo? Haz clic aqu\u00ed!<\/a><\/p>\n<p class=\"p1\"><img loading=\"lazy\" decoding=\"async\" class=\"alignnone size-full wp-image-15160\" src=\"https:\/\/fruitssp.com\/wp-content\/uploads\/2024\/01\/CanalReus004.jpg\" alt=\"\" width=\"1200\" height=\"900\" srcset=\"https:\/\/fruitssp.com\/wp-content\/uploads\/2024\/01\/CanalReus004.jpg 1200w, https:\/\/fruitssp.com\/wp-content\/uploads\/2024\/01\/CanalReus004-300x225.jpg 300w, https:\/\/fruitssp.com\/wp-content\/uploads\/2024\/01\/CanalReus004-1024x768.jpg 1024w, https:\/\/fruitssp.com\/wp-content\/uploads\/2024\/01\/CanalReus004-16x12.jpg 16w, https:\/\/fruitssp.com\/wp-content\/uploads\/2024\/01\/CanalReus004-600x450.jpg 600w, https:\/\/fruitssp.com\/wp-content\/uploads\/2024\/01\/CanalReus004-768x576.jpg 768w, https:\/\/fruitssp.com\/wp-content\/uploads\/2024\/01\/CanalReus004-900x675.jpg 900w\" sizes=\"auto, (max-width: 1200px) 100vw, 1200px\" \/><\/p>","protected":false},"excerpt":{"rendered":"<p>En plena temporada de la Cal\u00e7otada, el martes 23 de enero, en el programa \u201cFOT-LI\u201d de Canal Reus TV entrevistaron a Francesc Sans, gerente de Salses Fruits y, en la entrevista, presentaron el espot \u201cLa espera siempre vale la pena\u201d novedad de este a\u00f1o que tambi\u00e9n se emite por Canat Reus TV. El presentador, Jordi Cartany\u00e0 y la productora del programa\u2026<\/p>","protected":false},"author":1,"featured_media":15159,"comment_status":"closed","ping_status":"closed","sticky":false,"template":"","format":"standard","meta":{"inline_featured_image":false,"footnotes":""},"categories":[1],"tags":[],"class_list":["post-15156","post","type-post","status-publish","format-standard","has-post-thumbnail","hentry","category-noticies"],"yoast_head":"<!-- This site is optimized with the Yoast SEO plugin v26.7 - https:\/\/yoast.com\/wordpress\/plugins\/seo\/ -->\n<title>Salses Fruits al &quot;Fot-li&quot; de Canal Reus TV - Salses Fruits<\/title>\n<meta name=\"robots\" content=\"index, follow, max-snippet:-1, max-image-preview:large, max-video-preview:-1\" \/>\n<link rel=\"canonical\" href=\"https:\/\/fruitssp.com\/es\/noticies\/salses-fruits-al-fot-li-de-canal-reus-tv\/\" \/>\n<meta property=\"og:locale\" content=\"es_ES\" \/>\n<meta property=\"og:type\" content=\"article\" \/>\n<meta property=\"og:title\" content=\"Salses Fruits al &quot;Fot-li&quot; de Canal Reus TV - Salses Fruits\" \/>\n<meta property=\"og:description\" content=\"En plena temporada de la Cal\u00e7otada, dimarts 23 de gener, al programa &#8220;FOT-LI&#8221; de Canal Reus TV van entrevistar Francesc Sans, gerent de Salses Fruits i, en l&#8217;entrevista, van presentar l&#8217;espot &#8220;L&#8217;espera sempre val la pena&#8221; novetat d&#8217;aquest any que tamb\u00e9 s&#8217;emet per Canat Reus TV. El presentador, Jordi Cartany\u00e0 i la productora del programa...\" \/>\n<meta property=\"og:url\" content=\"https:\/\/fruitssp.com\/es\/noticies\/salses-fruits-al-fot-li-de-canal-reus-tv\/\" \/>\n<meta property=\"og:site_name\" content=\"Salses Fruits\" \/>\n<meta property=\"article:publisher\" content=\"https:\/\/www.facebook.com\/Salses-Fruits-SP-1137777022906379\/\" \/>\n<meta property=\"article:published_time\" content=\"2024-01-24T16:43:34+00:00\" \/>\n<meta property=\"article:modified_time\" content=\"2024-01-31T16:50:00+00:00\" \/>\n<meta property=\"og:image\" content=\"https:\/\/fruitssp.com\/wp-content\/uploads\/2024\/01\/CanalReus003.jpg\" \/>\n\t<meta property=\"og:image:width\" content=\"1200\" \/>\n\t<meta property=\"og:image:height\" content=\"900\" \/>\n\t<meta property=\"og:image:type\" content=\"image\/jpeg\" \/>\n<meta name=\"author\" content=\"fruitssp\" \/>\n<meta name=\"twitter:card\" content=\"summary_large_image\" \/>\n<meta name=\"twitter:label1\" content=\"Escrito por\" \/>\n\t<meta name=\"twitter:data1\" content=\"fruitssp\" \/>\n\t<meta name=\"twitter:label2\" content=\"Tiempo de lectura\" \/>\n\t<meta name=\"twitter:data2\" content=\"2 minutos\" \/>\n<!-- \/ Yoast SEO plugin. -->","yoast_head_json":{"title":"Salses Fruits al \"Fot-li\" de Canal Reus TV - Salses Fruits","robots":{"index":"index","follow":"follow","max-snippet":"max-snippet:-1","max-image-preview":"max-image-preview:large","max-video-preview":"max-video-preview:-1"},"canonical":"https:\/\/fruitssp.com\/es\/noticies\/salses-fruits-al-fot-li-de-canal-reus-tv\/","og_locale":"es_ES","og_type":"article","og_title":"Salses Fruits al \"Fot-li\" de Canal Reus TV - Salses Fruits","og_description":"En plena temporada de la Cal\u00e7otada, dimarts 23 de gener, al programa &#8220;FOT-LI&#8221; de Canal Reus TV van entrevistar Francesc Sans, gerent de Salses Fruits i, en l&#8217;entrevista, van presentar l&#8217;espot &#8220;L&#8217;espera sempre val la pena&#8221; novetat d&#8217;aquest any que tamb\u00e9 s&#8217;emet per Canat Reus TV. El presentador, Jordi Cartany\u00e0 i la productora del programa...","og_url":"https:\/\/fruitssp.com\/es\/noticies\/salses-fruits-al-fot-li-de-canal-reus-tv\/","og_site_name":"Salses Fruits","article_publisher":"https:\/\/www.facebook.com\/Salses-Fruits-SP-1137777022906379\/","article_published_time":"2024-01-24T16:43:34+00:00","article_modified_time":"2024-01-31T16:50:00+00:00","og_image":[{"width":1200,"height":900,"url":"https:\/\/fruitssp.com\/wp-content\/uploads\/2024\/01\/CanalReus003.jpg","type":"image\/jpeg"}],"author":"fruitssp","twitter_card":"summary_large_image","twitter_misc":{"Escrito por":"fruitssp","Tiempo de lectura":"2 minutos"},"schema":{"@context":"https:\/\/schema.org","@graph":[{"@type":"Article","@id":"https:\/\/fruitssp.com\/noticies\/salses-fruits-al-fot-li-de-canal-reus-tv\/#article","isPartOf":{"@id":"https:\/\/fruitssp.com\/noticies\/salses-fruits-al-fot-li-de-canal-reus-tv\/"},"author":{"name":"fruitssp","@id":"https:\/\/fruitssp.com\/#\/schema\/person\/74f4a70f480644ed06e5945c13b509c8"},"headline":"Salses Fruits al &#8220;Fot-li&#8221; de Canal Reus TV","datePublished":"2024-01-24T16:43:34+00:00","dateModified":"2024-01-31T16:50:00+00:00","mainEntityOfPage":{"@id":"https:\/\/fruitssp.com\/noticies\/salses-fruits-al-fot-li-de-canal-reus-tv\/"},"wordCount":130,"publisher":{"@id":"https:\/\/fruitssp.com\/#organization"},"image":{"@id":"https:\/\/fruitssp.com\/noticies\/salses-fruits-al-fot-li-de-canal-reus-tv\/#primaryimage"},"thumbnailUrl":"https:\/\/fruitssp.com\/wp-content\/uploads\/2024\/01\/CanalReus003.jpg","articleSection":["Noticies"],"inLanguage":"es"},{"@type":"WebPage","@id":"https:\/\/fruitssp.com\/noticies\/salses-fruits-al-fot-li-de-canal-reus-tv\/","url":"https:\/\/fruitssp.com\/noticies\/salses-fruits-al-fot-li-de-canal-reus-tv\/","name":"Salses Fruits al \"Fot-li\" de Canal Reus TV - Salses Fruits","isPartOf":{"@id":"https:\/\/fruitssp.com\/#website"},"primaryImageOfPage":{"@id":"https:\/\/fruitssp.com\/noticies\/salses-fruits-al-fot-li-de-canal-reus-tv\/#primaryimage"},"image":{"@id":"https:\/\/fruitssp.com\/noticies\/salses-fruits-al-fot-li-de-canal-reus-tv\/#primaryimage"},"thumbnailUrl":"https:\/\/fruitssp.com\/wp-content\/uploads\/2024\/01\/CanalReus003.jpg","datePublished":"2024-01-24T16:43:34+00:00","dateModified":"2024-01-31T16:50:00+00:00","breadcrumb":{"@id":"https:\/\/fruitssp.com\/noticies\/salses-fruits-al-fot-li-de-canal-reus-tv\/#breadcrumb"},"inLanguage":"es","potentialAction":[{"@type":"ReadAction","target":["https:\/\/fruitssp.com\/noticies\/salses-fruits-al-fot-li-de-canal-reus-tv\/"]}]},{"@type":"ImageObject","inLanguage":"es","@id":"https:\/\/fruitssp.com\/noticies\/salses-fruits-al-fot-li-de-canal-reus-tv\/#primaryimage","url":"https:\/\/fruitssp.com\/wp-content\/uploads\/2024\/01\/CanalReus003.jpg","contentUrl":"https:\/\/fruitssp.com\/wp-content\/uploads\/2024\/01\/CanalReus003.jpg","width":1200,"height":900,"caption":"Francesc Sans De Salses Fruits al programa Fot-li de Canal Reus TV. 2024"},{"@type":"BreadcrumbList","@id":"https:\/\/fruitssp.com\/noticies\/salses-fruits-al-fot-li-de-canal-reus-tv\/#breadcrumb","itemListElement":[{"@type":"ListItem","position":1,"name":"Inici","item":"https:\/\/fruitssp.com\/"},{"@type":"ListItem","position":2,"name":"Salses Fruits al &#8220;Fot-li&#8221; de Canal Reus TV"}]},{"@type":"WebSite","@id":"https:\/\/fruitssp.com\/#website","url":"https:\/\/fruitssp.com\/","name":"FruitsSP","description":"Salsas y productos frescos y naturales, de la tierra del cal\u00e7ot","publisher":{"@id":"https:\/\/fruitssp.com\/#organization"},"potentialAction":[{"@type":"SearchAction","target":{"@type":"EntryPoint","urlTemplate":"https:\/\/fruitssp.com\/?s={search_term_string}"},"query-input":{"@type":"PropertyValueSpecification","valueRequired":true,"valueName":"search_term_string"}}],"inLanguage":"es"},{"@type":"Organization","@id":"https:\/\/fruitssp.com\/#organization","name":"Salsas Frutos S &amp; P","url":"https:\/\/fruitssp.com\/","logo":{"@type":"ImageObject","inLanguage":"es","@id":"https:\/\/fruitssp.com\/#\/schema\/logo\/image\/","url":"https:\/\/fruitssp.com\/wp-content\/uploads\/2022\/12\/logoFruits_472x406.png","contentUrl":"https:\/\/fruitssp.com\/wp-content\/uploads\/2022\/12\/logoFruits_472x406.png","width":472,"height":406,"caption":"Salses Fruits S&P"},"image":{"@id":"https:\/\/fruitssp.com\/#\/schema\/logo\/image\/"},"sameAs":["https:\/\/www.facebook.com\/Salses-Fruits-SP-1137777022906379\/","https:\/\/www.instagram.com\/salsesfruitssp\/","https:\/\/www.linkedin.com\/company\/salses-fruits-s-i-p-sl\/"]},{"@type":"Person","@id":"https:\/\/fruitssp.com\/#\/schema\/person\/74f4a70f480644ed06e5945c13b509c8","name":"fruitssp"}]}},"_links":{"self":[{"href":"https:\/\/fruitssp.com\/es\/wp-json\/wp\/v2\/posts\/15156","targetHints":{"allow":["GET"]}}],"collection":[{"href":"https:\/\/fruitssp.com\/es\/wp-json\/wp\/v2\/posts"}],"about":[{"href":"https:\/\/fruitssp.com\/es\/wp-json\/wp\/v2\/types\/post"}],"author":[{"embeddable":true,"href":"https:\/\/fruitssp.com\/es\/wp-json\/wp\/v2\/users\/1"}],"replies":[{"embeddable":true,"href":"https:\/\/fruitssp.com\/es\/wp-json\/wp\/v2\/comments?post=15156"}],"version-history":[{"count":0,"href":"https:\/\/fruitssp.com\/es\/wp-json\/wp\/v2\/posts\/15156\/revisions"}],"wp:featuredmedia":[{"embeddable":true,"href":"https:\/\/fruitssp.com\/es\/wp-json\/wp\/v2\/media\/15159"}],"wp:attachment":[{"href":"https:\/\/fruitssp.com\/es\/wp-json\/wp\/v2\/media?parent=15156"}],"wp:term":[{"taxonomy":"category","embeddable":true,"href":"https:\/\/fruitssp.com\/es\/wp-json\/wp\/v2\/categories?post=15156"},{"taxonomy":"post_tag","embeddable":true,"href":"https:\/\/fruitssp.com\/es\/wp-json\/wp\/v2\/tags?post=15156"}],"curies":[{"name":"wp","href":"https:\/\/api.w.org\/{rel}","templated":true}]}}