{"id":15208,"date":"2024-03-06T10:45:48","date_gmt":"2024-03-06T10:45:48","guid":{"rendered":"https:\/\/fruitssp.com\/?p=15208"},"modified":"2024-03-06T11:46:12","modified_gmt":"2024-03-06T11:46:12","slug":"salses-fruits-presenta-els-seus-ultims-productes-a-la-fira-alimentaria-2024","status":"publish","type":"post","link":"https:\/\/fruitssp.com\/es\/noticies\/salses-fruits-presenta-els-seus-ultims-productes-a-la-fira-alimentaria-2024\/","title":{"rendered":"Salses Fruits presenta sus \u00faltimos productos en la Feria Alimentaria 2024"},"content":{"rendered":"<section class=\"l-section wpb_row height_medium\"><div class=\"l-section-h i-cf\"><div class=\"g-cols vc_row via_grid cols_1 laptops-cols_inherit tablets-cols_inherit mobiles-cols_1 valign_top type_default stacking_default\"><div class=\"wpb_column vc_column_container\"><div class=\"vc_column-inner\"><div class=\"w-image align_none\"><div class=\"w-image-h\"><img loading=\"lazy\" decoding=\"async\" width=\"1080\" height=\"1080\" src=\"https:\/\/fruitssp.com\/wp-content\/uploads\/2024\/03\/Alimentaria_1080x1080.jpg\" class=\"attachment-full size-full\" alt=\"\" srcset=\"https:\/\/fruitssp.com\/wp-content\/uploads\/2024\/03\/Alimentaria_1080x1080.jpg 1080w, https:\/\/fruitssp.com\/wp-content\/uploads\/2024\/03\/Alimentaria_1080x1080-300x300.jpg 300w, https:\/\/fruitssp.com\/wp-content\/uploads\/2024\/03\/Alimentaria_1080x1080-1024x1024.jpg 1024w, https:\/\/fruitssp.com\/wp-content\/uploads\/2024\/03\/Alimentaria_1080x1080-150x150.jpg 150w, https:\/\/fruitssp.com\/wp-content\/uploads\/2024\/03\/Alimentaria_1080x1080-12x12.jpg 12w, https:\/\/fruitssp.com\/wp-content\/uploads\/2024\/03\/Alimentaria_1080x1080-350x350.jpg 350w, https:\/\/fruitssp.com\/wp-content\/uploads\/2024\/03\/Alimentaria_1080x1080-600x600.jpg 600w, https:\/\/fruitssp.com\/wp-content\/uploads\/2024\/03\/Alimentaria_1080x1080-768x768.jpg 768w, https:\/\/fruitssp.com\/wp-content\/uploads\/2024\/03\/Alimentaria_1080x1080-900x900.jpg 900w\" sizes=\"auto, (max-width: 1080px) 100vw, 1080px\" \/><\/div><\/div><div class=\"w-separator size_medium\"><\/div><div class=\"wpb_text_column\"><div class=\"wpb_wrapper\"><p class=\"p1\"><i>Figuerola del Camp, 6 de marzo de 2024<\/i> \u2013 <b>Salses Fruits<\/b>, empresa pionera en la innovaci\u00f3n de productos alimenticios, anuncia a clientes profesionales ya los consumidores su participaci\u00f3n en la prestigiosa <b>Feria Alimentaria 2024<\/b>, que se celebrar\u00e1 <b>del 18 al 21 de marzo en el recinto Gran Via de Fira Barcelona<\/b>.<\/p>\n<p class=\"p1\"><b>Salses Fruits<\/b>, conocida por su <b>salsa Cal\u00e7otada<\/b> y por su <b>Gazpacho<\/b>, presentar\u00e1 una gama de nuevos productos de calidad premium, entre los que destacan: el<b>alioli intenso<\/b>, la <b>salsa pesto<\/b>, la <b>salsa bolo\u00f1esa<\/b> y las nuevas <b>cremas de verduras<\/b>, <b>calabaza, calabac\u00edn, vichyssoise<\/b>, y la innovadora <b>crema de cal\u00e7ot<\/b>.<\/p>\n<p class=\"p1\">Su stand, situado en el <b>Pabell\u00f3n 1, stand C151-5<\/b>, ser\u00e1 el punto de encuentro para los profesionales que deseen experimentar la perfecta fusi\u00f3n entre tradici\u00f3n e innovaci\u00f3n en la cocina catalana.<\/p>\n<\/div><\/div><div class=\"w-separator size_medium\"><\/div><div class=\"w-image align_left\"><div class=\"w-image-h\"><img loading=\"lazy\" decoding=\"async\" width=\"824\" height=\"642\" src=\"https:\/\/fruitssp.com\/wp-content\/uploads\/2024\/03\/Alimentaria001.jpg\" class=\"attachment-full size-full\" alt=\"\" srcset=\"https:\/\/fruitssp.com\/wp-content\/uploads\/2024\/03\/Alimentaria001.jpg 824w, https:\/\/fruitssp.com\/wp-content\/uploads\/2024\/03\/Alimentaria001-300x234.jpg 300w, https:\/\/fruitssp.com\/wp-content\/uploads\/2024\/03\/Alimentaria001-15x12.jpg 15w, https:\/\/fruitssp.com\/wp-content\/uploads\/2024\/03\/Alimentaria001-600x467.jpg 600w, https:\/\/fruitssp.com\/wp-content\/uploads\/2024\/03\/Alimentaria001-768x598.jpg 768w\" sizes=\"auto, (max-width: 824px) 100vw, 824px\" \/><\/div><\/div><div class=\"w-separator size_medium\"><\/div><div class=\"w-image align_left\"><div class=\"w-image-h\"><img loading=\"lazy\" decoding=\"async\" width=\"824\" height=\"484\" src=\"https:\/\/fruitssp.com\/wp-content\/uploads\/2024\/03\/alimentaria002.jpg\" class=\"attachment-full size-full\" alt=\"\" srcset=\"https:\/\/fruitssp.com\/wp-content\/uploads\/2024\/03\/alimentaria002.jpg 824w, https:\/\/fruitssp.com\/wp-content\/uploads\/2024\/03\/alimentaria002-300x176.jpg 300w, https:\/\/fruitssp.com\/wp-content\/uploads\/2024\/03\/alimentaria002-18x12.jpg 18w, https:\/\/fruitssp.com\/wp-content\/uploads\/2024\/03\/alimentaria002-600x352.jpg 600w, https:\/\/fruitssp.com\/wp-content\/uploads\/2024\/03\/alimentaria002-768x451.jpg 768w\" sizes=\"auto, (max-width: 824px) 100vw, 824px\" \/><\/div><\/div><div class=\"w-separator size_medium\"><\/div><div class=\"w-image align_left\"><div class=\"w-image-h\"><img loading=\"lazy\" decoding=\"async\" width=\"824\" height=\"569\" src=\"https:\/\/fruitssp.com\/wp-content\/uploads\/2024\/03\/Alimentaria003.jpg\" class=\"attachment-full size-full\" alt=\"\" srcset=\"https:\/\/fruitssp.com\/wp-content\/uploads\/2024\/03\/Alimentaria003.jpg 824w, https:\/\/fruitssp.com\/wp-content\/uploads\/2024\/03\/Alimentaria003-300x207.jpg 300w, https:\/\/fruitssp.com\/wp-content\/uploads\/2024\/03\/Alimentaria003-18x12.jpg 18w, https:\/\/fruitssp.com\/wp-content\/uploads\/2024\/03\/Alimentaria003-600x414.jpg 600w, https:\/\/fruitssp.com\/wp-content\/uploads\/2024\/03\/Alimentaria003-768x530.jpg 768w\" sizes=\"auto, (max-width: 824px) 100vw, 824px\" \/><\/div><\/div><div class=\"w-separator size_medium\"><\/div><div class=\"wpb_text_column\"><div class=\"wpb_wrapper\"><p class=\"p1\">La <b>crema de cal\u00e7ot<\/b>, de <b>Salses Fruits<\/b> elaborada con cal\u00e7ots cocidos, de la tierra del cal\u00e7ot y con una textura sedosa y un sabor intenso, promete transportar los paladares a los paisajes del Camp de Tarragona durante la temporada de la cal\u00e7otada. Adem\u00e1s, <b>el alioli intenso<\/b> de <b>Salses Fruits <\/b>cautiva con su combinaci\u00f3n \u00fanica de ajo y aceite de oliva, perfecta para acompa\u00f1ar las carnes, los platos de pescado y marisco o simplemente para mojar pan.<\/p>\n<\/div><\/div><div class=\"w-separator size_medium\"><\/div><div class=\"w-image align_left\"><div class=\"w-image-h\"><img loading=\"lazy\" decoding=\"async\" width=\"900\" height=\"674\" src=\"https:\/\/fruitssp.com\/wp-content\/uploads\/2024\/03\/ALLILOI-INTENS-900px.jpg\" class=\"attachment-full size-full\" alt=\"Allioli intensa de Salses Fruits. De la terra dels cal\u00e7ots\" srcset=\"https:\/\/fruitssp.com\/wp-content\/uploads\/2024\/03\/ALLILOI-INTENS-900px.jpg 900w, https:\/\/fruitssp.com\/wp-content\/uploads\/2024\/03\/ALLILOI-INTENS-900px-300x225.jpg 300w, https:\/\/fruitssp.com\/wp-content\/uploads\/2024\/03\/ALLILOI-INTENS-900px-16x12.jpg 16w, https:\/\/fruitssp.com\/wp-content\/uploads\/2024\/03\/ALLILOI-INTENS-900px-600x449.jpg 600w, https:\/\/fruitssp.com\/wp-content\/uploads\/2024\/03\/ALLILOI-INTENS-900px-768x575.jpg 768w\" sizes=\"auto, (max-width: 900px) 100vw, 900px\" \/><\/div><\/div><div class=\"w-separator size_medium\"><\/div><div class=\"wpb_text_column\"><div class=\"wpb_wrapper\"><p class=\"p1\"><b>La salsa bolo\u00f1esa y la salsa pesto,<\/b> de <b>Salses Fruits, <\/b>son dos nuevas salsas exquisitas y aut\u00e9nticas para ali\u00f1ar los platos de pasta; representan una combinaci\u00f3n perfecta de sabidur\u00eda culinaria y calidad superior, creadas a partir de recetas tradicionales que enaltecen la experiencia gastron\u00f3mica.<\/p>\n<p class=\"p1\"><b>Francesc Sans<\/b>, director general de <b>Salses Fruits<\/b>, expresa su ilusi\u00f3n por este evento: <i>\u201cAlimentaria nos brinda una plataforma excepcional para conectar con nuestros clientes, abrir nuevos mercados en todo el mundo y compartir nuestra pasi\u00f3n <\/i><i>por la calidad y la tradici\u00f3n. Estamos encantados de presentar nuestros \u00faltimos productos, que reflejan el compromiso continuo de Salses Fruits con la excelencia y la innovaci\u00f3n\u201d<\/i>.<\/p>\n<p class=\"p1\">Si est\u00e1 interesado en conocer m\u00e1s sobre <b>Salses Fruits<\/b> ya degustar sus deliciosos productos son invitados a visitar el stand de la Feria Alimentaria, que tendr\u00e1 lugar del 18 al 21 de marzo de 2024 en Barcelona.<\/p>\n<p>&nbsp;<\/p>\n<p>Descarga la nota de prensa en PDF <a href=\"https:\/\/fruitssp.com\/wp-content\/uploads\/2024\/03\/Salses-Fruits-NdP-Alimentaria2024.pdf\" target=\"_blank\" rel=\"noopener\">aqu\u00ed<\/a>.<\/p>\n<\/div><\/div><div class=\"w-separator size_medium\"><\/div><div class=\"w-btn-wrapper align_center\"><a class=\"w-btn us-btn-style_1\" href=\"https:\/\/fruitssp.com\/es\/productes\/\"><span class=\"w-btn-label\">Descubre todos nuestros productos<\/span><\/a><\/div><\/div><\/div><\/div><\/div><\/section>","protected":false},"excerpt":{"rendered":"Figuerola del Camp, 6 de marzo de 2024 \u2013 Salses Fruits, empresa pionera en la innovaci\u00f3n de productos alimenticios, anuncia a clientes profesionales ya los consumidores su participaci\u00f3n en la prestigiosa Feria Alimentaria 2024, que se celebrar\u00e1 del 18 al 21 de marzo en el recinto Gran V\u00eda de Fira Barcelona. Salsas Frutos, conocida por...","protected":false},"author":1,"featured_media":15209,"comment_status":"closed","ping_status":"closed","sticky":false,"template":"","format":"standard","meta":{"inline_featured_image":false,"footnotes":""},"categories":[1],"tags":[],"class_list":["post-15208","post","type-post","status-publish","format-standard","has-post-thumbnail","hentry","category-noticies"],"yoast_head":"<!-- This site is optimized with the Yoast SEO plugin v26.7 - https:\/\/yoast.com\/wordpress\/plugins\/seo\/ -->\n<title>Salses Fruits presenta els seus \u00faltims productes a la Fira Alimentaria 2024 - Salses Fruits<\/title>\n<meta name=\"robots\" content=\"index, follow, max-snippet:-1, max-image-preview:large, max-video-preview:-1\" \/>\n<link rel=\"canonical\" href=\"https:\/\/fruitssp.com\/es\/noticies\/salses-fruits-presenta-els-seus-ultims-productes-a-la-fira-alimentaria-2024\/\" \/>\n<meta property=\"og:locale\" content=\"es_ES\" \/>\n<meta property=\"og:type\" content=\"article\" \/>\n<meta property=\"og:title\" content=\"Salses Fruits presenta els seus \u00faltims productes a la Fira Alimentaria 2024 - Salses Fruits\" \/>\n<meta property=\"og:url\" content=\"https:\/\/fruitssp.com\/es\/noticies\/salses-fruits-presenta-els-seus-ultims-productes-a-la-fira-alimentaria-2024\/\" \/>\n<meta property=\"og:site_name\" content=\"Salses Fruits\" \/>\n<meta property=\"article:publisher\" content=\"https:\/\/www.facebook.com\/Salses-Fruits-SP-1137777022906379\/\" \/>\n<meta property=\"article:published_time\" content=\"2024-03-06T10:45:48+00:00\" \/>\n<meta property=\"article:modified_time\" content=\"2024-03-06T11:46:12+00:00\" \/>\n<meta property=\"og:image\" content=\"https:\/\/fruitssp.com\/wp-content\/uploads\/2024\/03\/Alimentaria_1080x1080.jpg\" \/>\n\t<meta property=\"og:image:width\" content=\"1080\" \/>\n\t<meta property=\"og:image:height\" content=\"1080\" \/>\n\t<meta property=\"og:image:type\" content=\"image\/jpeg\" \/>\n<meta name=\"author\" content=\"fruitssp\" \/>\n<meta name=\"twitter:card\" content=\"summary_large_image\" \/>\n<meta name=\"twitter:label1\" content=\"Escrito por\" \/>\n\t<meta name=\"twitter:data1\" content=\"fruitssp\" \/>\n\t<meta name=\"twitter:label2\" content=\"Tiempo de lectura\" \/>\n\t<meta name=\"twitter:data2\" content=\"3 minutos\" \/>\n<!-- \/ Yoast SEO plugin. -->","yoast_head_json":{"title":"Salses Fruits presenta els seus \u00faltims productes a la Fira Alimentaria 2024 - Salses Fruits","robots":{"index":"index","follow":"follow","max-snippet":"max-snippet:-1","max-image-preview":"max-image-preview:large","max-video-preview":"max-video-preview:-1"},"canonical":"https:\/\/fruitssp.com\/es\/noticies\/salses-fruits-presenta-els-seus-ultims-productes-a-la-fira-alimentaria-2024\/","og_locale":"es_ES","og_type":"article","og_title":"Salses Fruits presenta els seus \u00faltims productes a la Fira Alimentaria 2024 - Salses Fruits","og_url":"https:\/\/fruitssp.com\/es\/noticies\/salses-fruits-presenta-els-seus-ultims-productes-a-la-fira-alimentaria-2024\/","og_site_name":"Salses Fruits","article_publisher":"https:\/\/www.facebook.com\/Salses-Fruits-SP-1137777022906379\/","article_published_time":"2024-03-06T10:45:48+00:00","article_modified_time":"2024-03-06T11:46:12+00:00","og_image":[{"width":1080,"height":1080,"url":"https:\/\/fruitssp.com\/wp-content\/uploads\/2024\/03\/Alimentaria_1080x1080.jpg","type":"image\/jpeg"}],"author":"fruitssp","twitter_card":"summary_large_image","twitter_misc":{"Escrito por":"fruitssp","Tiempo de lectura":"3 minutos"},"schema":{"@context":"https:\/\/schema.org","@graph":[{"@type":"Article","@id":"https:\/\/fruitssp.com\/noticies\/salses-fruits-presenta-els-seus-ultims-productes-a-la-fira-alimentaria-2024\/#article","isPartOf":{"@id":"https:\/\/fruitssp.com\/noticies\/salses-fruits-presenta-els-seus-ultims-productes-a-la-fira-alimentaria-2024\/"},"author":{"name":"fruitssp","@id":"https:\/\/fruitssp.com\/#\/schema\/person\/74f4a70f480644ed06e5945c13b509c8"},"headline":"Salses Fruits presenta els seus \u00faltims productes a la Fira Alimentaria 2024","datePublished":"2024-03-06T10:45:48+00:00","dateModified":"2024-03-06T11:46:12+00:00","mainEntityOfPage":{"@id":"https:\/\/fruitssp.com\/noticies\/salses-fruits-presenta-els-seus-ultims-productes-a-la-fira-alimentaria-2024\/"},"wordCount":480,"publisher":{"@id":"https:\/\/fruitssp.com\/#organization"},"image":{"@id":"https:\/\/fruitssp.com\/noticies\/salses-fruits-presenta-els-seus-ultims-productes-a-la-fira-alimentaria-2024\/#primaryimage"},"thumbnailUrl":"https:\/\/fruitssp.com\/wp-content\/uploads\/2024\/03\/Alimentaria_1080x1080.jpg","articleSection":["Noticies"],"inLanguage":"es"},{"@type":"WebPage","@id":"https:\/\/fruitssp.com\/noticies\/salses-fruits-presenta-els-seus-ultims-productes-a-la-fira-alimentaria-2024\/","url":"https:\/\/fruitssp.com\/noticies\/salses-fruits-presenta-els-seus-ultims-productes-a-la-fira-alimentaria-2024\/","name":"Salses Fruits presenta els seus \u00faltims productes a la Fira Alimentaria 2024 - Salses Fruits","isPartOf":{"@id":"https:\/\/fruitssp.com\/#website"},"primaryImageOfPage":{"@id":"https:\/\/fruitssp.com\/noticies\/salses-fruits-presenta-els-seus-ultims-productes-a-la-fira-alimentaria-2024\/#primaryimage"},"image":{"@id":"https:\/\/fruitssp.com\/noticies\/salses-fruits-presenta-els-seus-ultims-productes-a-la-fira-alimentaria-2024\/#primaryimage"},"thumbnailUrl":"https:\/\/fruitssp.com\/wp-content\/uploads\/2024\/03\/Alimentaria_1080x1080.jpg","datePublished":"2024-03-06T10:45:48+00:00","dateModified":"2024-03-06T11:46:12+00:00","breadcrumb":{"@id":"https:\/\/fruitssp.com\/noticies\/salses-fruits-presenta-els-seus-ultims-productes-a-la-fira-alimentaria-2024\/#breadcrumb"},"inLanguage":"es","potentialAction":[{"@type":"ReadAction","target":["https:\/\/fruitssp.com\/noticies\/salses-fruits-presenta-els-seus-ultims-productes-a-la-fira-alimentaria-2024\/"]}]},{"@type":"ImageObject","inLanguage":"es","@id":"https:\/\/fruitssp.com\/noticies\/salses-fruits-presenta-els-seus-ultims-productes-a-la-fira-alimentaria-2024\/#primaryimage","url":"https:\/\/fruitssp.com\/wp-content\/uploads\/2024\/03\/Alimentaria_1080x1080.jpg","contentUrl":"https:\/\/fruitssp.com\/wp-content\/uploads\/2024\/03\/Alimentaria_1080x1080.jpg","width":1080,"height":1080},{"@type":"BreadcrumbList","@id":"https:\/\/fruitssp.com\/noticies\/salses-fruits-presenta-els-seus-ultims-productes-a-la-fira-alimentaria-2024\/#breadcrumb","itemListElement":[{"@type":"ListItem","position":1,"name":"Inici","item":"https:\/\/fruitssp.com\/"},{"@type":"ListItem","position":2,"name":"Salses Fruits presenta els seus \u00faltims productes a la Fira Alimentaria 2024"}]},{"@type":"WebSite","@id":"https:\/\/fruitssp.com\/#website","url":"https:\/\/fruitssp.com\/","name":"FruitsSP","description":"Salsas y productos frescos y naturales, de la tierra del cal\u00e7ot","publisher":{"@id":"https:\/\/fruitssp.com\/#organization"},"potentialAction":[{"@type":"SearchAction","target":{"@type":"EntryPoint","urlTemplate":"https:\/\/fruitssp.com\/?s={search_term_string}"},"query-input":{"@type":"PropertyValueSpecification","valueRequired":true,"valueName":"search_term_string"}}],"inLanguage":"es"},{"@type":"Organization","@id":"https:\/\/fruitssp.com\/#organization","name":"Salsas Frutos S &amp; P","url":"https:\/\/fruitssp.com\/","logo":{"@type":"ImageObject","inLanguage":"es","@id":"https:\/\/fruitssp.com\/#\/schema\/logo\/image\/","url":"https:\/\/fruitssp.com\/wp-content\/uploads\/2022\/12\/logoFruits_472x406.png","contentUrl":"https:\/\/fruitssp.com\/wp-content\/uploads\/2022\/12\/logoFruits_472x406.png","width":472,"height":406,"caption":"Salses Fruits S&P"},"image":{"@id":"https:\/\/fruitssp.com\/#\/schema\/logo\/image\/"},"sameAs":["https:\/\/www.facebook.com\/Salses-Fruits-SP-1137777022906379\/","https:\/\/www.instagram.com\/salsesfruitssp\/","https:\/\/www.linkedin.com\/company\/salses-fruits-s-i-p-sl\/"]},{"@type":"Person","@id":"https:\/\/fruitssp.com\/#\/schema\/person\/74f4a70f480644ed06e5945c13b509c8","name":"fruitssp"}]}},"_links":{"self":[{"href":"https:\/\/fruitssp.com\/es\/wp-json\/wp\/v2\/posts\/15208","targetHints":{"allow":["GET"]}}],"collection":[{"href":"https:\/\/fruitssp.com\/es\/wp-json\/wp\/v2\/posts"}],"about":[{"href":"https:\/\/fruitssp.com\/es\/wp-json\/wp\/v2\/types\/post"}],"author":[{"embeddable":true,"href":"https:\/\/fruitssp.com\/es\/wp-json\/wp\/v2\/users\/1"}],"replies":[{"embeddable":true,"href":"https:\/\/fruitssp.com\/es\/wp-json\/wp\/v2\/comments?post=15208"}],"version-history":[{"count":0,"href":"https:\/\/fruitssp.com\/es\/wp-json\/wp\/v2\/posts\/15208\/revisions"}],"wp:featuredmedia":[{"embeddable":true,"href":"https:\/\/fruitssp.com\/es\/wp-json\/wp\/v2\/media\/15209"}],"wp:attachment":[{"href":"https:\/\/fruitssp.com\/es\/wp-json\/wp\/v2\/media?parent=15208"}],"wp:term":[{"taxonomy":"category","embeddable":true,"href":"https:\/\/fruitssp.com\/es\/wp-json\/wp\/v2\/categories?post=15208"},{"taxonomy":"post_tag","embeddable":true,"href":"https:\/\/fruitssp.com\/es\/wp-json\/wp\/v2\/tags?post=15208"}],"curies":[{"name":"wp","href":"https:\/\/api.w.org\/{rel}","templated":true}]}}