{"id":15264,"date":"2024-03-21T17:26:42","date_gmt":"2024-03-21T17:26:42","guid":{"rendered":"https:\/\/fruitssp.com\/?p=15264"},"modified":"2024-03-27T09:58:03","modified_gmt":"2024-03-27T09:58:03","slug":"exit-de-salses-fruits-a-alimentaria","status":"publish","type":"post","link":"https:\/\/fruitssp.com\/es\/noticies\/exit-de-salses-fruits-a-alimentaria\/","title":{"rendered":"\u00c9xito de Salses Fruits en Alimentaria"},"content":{"rendered":"<p><img loading=\"lazy\" decoding=\"async\" class=\"size-full wp-image-15273 aligncenter\" src=\"https:\/\/fruitssp.com\/wp-content\/uploads\/2024\/03\/fruits002.jpg\" alt=\"\" width=\"900\" height=\"1111\" srcset=\"https:\/\/fruitssp.com\/wp-content\/uploads\/2024\/03\/fruits002.jpg 900w, https:\/\/fruitssp.com\/wp-content\/uploads\/2024\/03\/fruits002-243x300.jpg 243w, https:\/\/fruitssp.com\/wp-content\/uploads\/2024\/03\/fruits002-830x1024.jpg 830w, https:\/\/fruitssp.com\/wp-content\/uploads\/2024\/03\/fruits002-10x12.jpg 10w, https:\/\/fruitssp.com\/wp-content\/uploads\/2024\/03\/fruits002-600x741.jpg 600w, https:\/\/fruitssp.com\/wp-content\/uploads\/2024\/03\/fruits002-768x948.jpg 768w, https:\/\/fruitssp.com\/wp-content\/uploads\/2024\/03\/fruits002-300x370.jpg 300w\" sizes=\"auto, (max-width: 900px) 100vw, 900px\" \/><\/p>\n<p><img loading=\"lazy\" decoding=\"async\" class=\"size-full wp-image-15274 aligncenter\" src=\"https:\/\/fruitssp.com\/wp-content\/uploads\/2024\/03\/fruits0022.jpg\" alt=\"\" width=\"900\" height=\"1055\" srcset=\"https:\/\/fruitssp.com\/wp-content\/uploads\/2024\/03\/fruits0022.jpg 900w, https:\/\/fruitssp.com\/wp-content\/uploads\/2024\/03\/fruits0022-256x300.jpg 256w, https:\/\/fruitssp.com\/wp-content\/uploads\/2024\/03\/fruits0022-874x1024.jpg 874w, https:\/\/fruitssp.com\/wp-content\/uploads\/2024\/03\/fruits0022-10x12.jpg 10w, https:\/\/fruitssp.com\/wp-content\/uploads\/2024\/03\/fruits0022-600x703.jpg 600w, https:\/\/fruitssp.com\/wp-content\/uploads\/2024\/03\/fruits0022-768x900.jpg 768w, https:\/\/fruitssp.com\/wp-content\/uploads\/2024\/03\/fruits0022-300x352.jpg 300w\" sizes=\"auto, (max-width: 900px) 100vw, 900px\" \/><\/p>\n<p>\u00c9xito de Salses Fruits en Alimentaria 2024: la empresa ha hecho un balance muy positivo de su presencia en la Fira de Barcelona.<\/p>\n<p>La edici\u00f3n\u00a0 <strong><a href=\"https:\/\/ecatalogue.firabarcelona.com\/AlimentariaHostelco2024\/exhibitor\/216571\/detail?lang=es_ES\" target=\"_blank\" rel=\"noopener\">Alimentaria-Hostelco 2024<\/a>\u00a0<\/strong>se ha celebrado en el recinto Gran V\u00eda de Fira de Barcelona del 18 al 21 de marzo de 2024.<\/p>\n<p>El producto m\u00e1s solicitado del stand de Salses Fruits en Alimentaria ha sido la <a href=\"https:\/\/fruitssp.com\/es\/espot-salses-fruits-calcotada-2024\/\"><strong>Salsa Cal\u00e7otada<\/strong><\/a>, quiz\u00e1s porque coincide en plena temporada.<\/p>\n<p class=\"p1\"><span class=\"s1\"><b>Salses Fruits<\/b>, m\u00e1s conocida por su\u00a0<b>salsa Cal\u00e7otada<\/b>\u00a0y por su\u00a0<b>Gazpacho<\/b>, ha presentado una amplia gama de nuevos productos de calidad premium, entre los que destaca: el<b>alioli intenso<\/b>, la\u00a0<b>salsa pesto<\/b>, la\u00a0<b>salsa bolo\u00f1esa<\/b>\u00a0y las nuevas\u00a0<b>cremas de verduras<\/b>,\u00a0<b>calabaza, calabac\u00edn, vichyssoise<\/b>, y la innovadora\u00a0<b>crema de cal\u00e7ot<\/b> elaborada con cal\u00e7ots cocidos, de la tierra del cal\u00e7ot y con una textura sedosa y un sabor intenso, promete transportar los paladares a los paisajes del Camp de Tarragona durante la temporada de la cal\u00e7otada. <\/span><\/p>\n<p class=\"p1\"><span class=\"s1\"><b>El nuevo alioli intenso<\/b>\u00a0de\u00a0<b>Salsas Frutos ha <\/b>cautivado Alimentaria con su combinaci\u00f3n \u00fanica de ajo y aceite de oliva, perfecta para acompa\u00f1ar las carnes, los platos de pescado y marisco o simplemente para mojar pan. \u00a1Las degustaciones han triunfado!<\/span><\/p>\n<p>Durante estos cuatro d\u00edas, se han intensificado los contactos con clientes en todos los niveles: hosteler\u00eda, restauraci\u00f3n organizada, grandes superficies.<\/p>\n<p>Tambi\u00e9n se han atendido a numerosos puntos de venta especializados en alimentaci\u00f3n y alimentaci\u00f3n natural.<\/p>\n<p>Asimismo, tiempo se han establecido contactos con proveedores que en el futuro pueden incorporarse a la empresa.<\/p>\n<p><span class=\"s1\"><b>Francesc Sans<\/b>, director general de\u00a0<b>Salses Fruits<\/b>, afirmaba que:\u00a0<i>\u201cEste a\u00f1o en Alimentaria hemos hecho muy buen papel, presentando novedades y consolidando las tradicionales de la casa y las que nos dan prestigio. Hemos sentado las bases para trabajar con nuevos clientes y abrir nuevos mercados\u201d<\/i>.<\/span><\/p>\n<p>Todo el personal de la empresa que ha participado ha destacado el \u00e9xito de Salses Fruits en Alimentaria 2024.<\/p>\n<p><img loading=\"lazy\" decoding=\"async\" class=\"wp-image-15269 size-woocommerce_single aligncenter\" src=\"https:\/\/fruitssp.com\/wp-content\/uploads\/2024\/03\/fe0d4062-1260-4f13-a997-8757e2f003ef-900x1200.jpg\" alt=\"\" width=\"900\" height=\"1200\" srcset=\"https:\/\/fruitssp.com\/wp-content\/uploads\/2024\/03\/fe0d4062-1260-4f13-a997-8757e2f003ef-900x1200.jpg 900w, https:\/\/fruitssp.com\/wp-content\/uploads\/2024\/03\/fe0d4062-1260-4f13-a997-8757e2f003ef-225x300.jpg 225w, https:\/\/fruitssp.com\/wp-content\/uploads\/2024\/03\/fe0d4062-1260-4f13-a997-8757e2f003ef-768x1024.jpg 768w, https:\/\/fruitssp.com\/wp-content\/uploads\/2024\/03\/fe0d4062-1260-4f13-a997-8757e2f003ef-9x12.jpg 9w, https:\/\/fruitssp.com\/wp-content\/uploads\/2024\/03\/fe0d4062-1260-4f13-a997-8757e2f003ef-600x800.jpg 600w, https:\/\/fruitssp.com\/wp-content\/uploads\/2024\/03\/fe0d4062-1260-4f13-a997-8757e2f003ef-300x400.jpg 300w, https:\/\/fruitssp.com\/wp-content\/uploads\/2024\/03\/fe0d4062-1260-4f13-a997-8757e2f003ef.jpg 1200w\" sizes=\"auto, (max-width: 900px) 100vw, 900px\" \/><\/p>\n<p><img loading=\"lazy\" decoding=\"async\" class=\"aligncenter wp-image-15304 size-woocommerce_single\" src=\"https:\/\/fruitssp.com\/wp-content\/uploads\/2024\/03\/141f1abb-7d34-4bbb-bc0a-37e13ca785a5_1080x960-900x800.jpg\" alt=\"Salses Fruits a Aliment\u00e0ria 2024\" width=\"900\" height=\"800\" srcset=\"https:\/\/fruitssp.com\/wp-content\/uploads\/2024\/03\/141f1abb-7d34-4bbb-bc0a-37e13ca785a5_1080x960-900x800.jpg 900w, https:\/\/fruitssp.com\/wp-content\/uploads\/2024\/03\/141f1abb-7d34-4bbb-bc0a-37e13ca785a5_1080x960-300x267.jpg 300w, https:\/\/fruitssp.com\/wp-content\/uploads\/2024\/03\/141f1abb-7d34-4bbb-bc0a-37e13ca785a5_1080x960-1024x910.jpg 1024w, https:\/\/fruitssp.com\/wp-content\/uploads\/2024\/03\/141f1abb-7d34-4bbb-bc0a-37e13ca785a5_1080x960-14x12.jpg 14w, https:\/\/fruitssp.com\/wp-content\/uploads\/2024\/03\/141f1abb-7d34-4bbb-bc0a-37e13ca785a5_1080x960-600x533.jpg 600w, https:\/\/fruitssp.com\/wp-content\/uploads\/2024\/03\/141f1abb-7d34-4bbb-bc0a-37e13ca785a5_1080x960-768x683.jpg 768w, https:\/\/fruitssp.com\/wp-content\/uploads\/2024\/03\/141f1abb-7d34-4bbb-bc0a-37e13ca785a5_1080x960.jpg 1080w\" sizes=\"auto, (max-width: 900px) 100vw, 900px\" \/><\/p>","protected":false},"excerpt":{"rendered":"<p>\u00c9xito de Salsas Frutos en Alimentaria 2024: la empresa ha hecho un balance muy positivo de su presencia en la Fira de Barcelona. La edici\u00f3n Alimentaria-Hostelco 2024 se ha celebrado en el recinto Gran V\u00eda de Fira de Barcelona del 18 al 21 de marzo de 2024. El producto m\u00e1s solicitado del stand de Salsas Frutos en Alimentaria ha\u2026<\/p>","protected":false},"author":1,"featured_media":15268,"comment_status":"closed","ping_status":"closed","sticky":false,"template":"","format":"standard","meta":{"inline_featured_image":false,"footnotes":""},"categories":[1],"tags":[284,283],"class_list":["post-15264","post","type-post","status-publish","format-standard","has-post-thumbnail","hentry","category-noticies","tag-alimentaria","tag-hostelco"],"yoast_head":"<!-- This site is optimized with the Yoast SEO plugin v26.7 - https:\/\/yoast.com\/wordpress\/plugins\/seo\/ -->\n<title>\u00c8xit de Salses Fruits a Aliment\u00e0ria - Salses Fruits<\/title>\n<meta name=\"description\" content=\"\u00c8xit de Salses Fruits a Aliment\u00e0ria 2024 on ha presentat la Salsa Cal\u00e7otada, la nova Salsa Allioli Intens i les noves cremes com la nova Crema de Cal\u00e7ot.\" \/>\n<meta name=\"robots\" content=\"index, follow, max-snippet:-1, max-image-preview:large, max-video-preview:-1\" \/>\n<link rel=\"canonical\" href=\"https:\/\/fruitssp.com\/es\/noticies\/exit-de-salses-fruits-a-alimentaria\/\" \/>\n<meta property=\"og:locale\" content=\"es_ES\" \/>\n<meta property=\"og:type\" content=\"article\" \/>\n<meta property=\"og:title\" content=\"\u00c8xit de Salses Fruits a Aliment\u00e0ria - Salses Fruits\" \/>\n<meta property=\"og:description\" content=\"\u00c8xit de Salses Fruits a Aliment\u00e0ria 2024 on ha presentat la Salsa Cal\u00e7otada, la nova Salsa Allioli Intens i les noves cremes com la nova Crema de Cal\u00e7ot.\" \/>\n<meta property=\"og:url\" content=\"https:\/\/fruitssp.com\/es\/noticies\/exit-de-salses-fruits-a-alimentaria\/\" \/>\n<meta property=\"og:site_name\" content=\"Salses Fruits\" \/>\n<meta property=\"article:publisher\" content=\"https:\/\/www.facebook.com\/Salses-Fruits-SP-1137777022906379\/\" \/>\n<meta property=\"article:published_time\" content=\"2024-03-21T17:26:42+00:00\" \/>\n<meta property=\"article:modified_time\" content=\"2024-03-27T09:58:03+00:00\" \/>\n<meta property=\"og:image\" content=\"https:\/\/fruitssp.com\/wp-content\/uploads\/2024\/03\/34ae4a56-0c9f-4a0c-b26e-c78c24f8548e.jpg\" \/>\n\t<meta property=\"og:image:width\" content=\"1024\" \/>\n\t<meta property=\"og:image:height\" content=\"768\" \/>\n\t<meta property=\"og:image:type\" content=\"image\/jpeg\" \/>\n<meta name=\"author\" content=\"fruitssp\" \/>\n<meta name=\"twitter:card\" content=\"summary_large_image\" \/>\n<meta name=\"twitter:label1\" content=\"Escrito por\" \/>\n\t<meta name=\"twitter:data1\" content=\"fruitssp\" \/>\n\t<meta name=\"twitter:label2\" content=\"Tiempo de lectura\" \/>\n\t<meta name=\"twitter:data2\" content=\"3 minutos\" \/>\n<!-- \/ Yoast SEO plugin. -->","yoast_head_json":{"title":"\u00c8xit de Salses Fruits a Aliment\u00e0ria - Salses Fruits","description":"\u00c8xit de Salses Fruits a Aliment\u00e0ria 2024 on ha presentat la Salsa Cal\u00e7otada, la nova Salsa Allioli Intens i les noves cremes com la nova Crema de Cal\u00e7ot.","robots":{"index":"index","follow":"follow","max-snippet":"max-snippet:-1","max-image-preview":"max-image-preview:large","max-video-preview":"max-video-preview:-1"},"canonical":"https:\/\/fruitssp.com\/es\/noticies\/exit-de-salses-fruits-a-alimentaria\/","og_locale":"es_ES","og_type":"article","og_title":"\u00c8xit de Salses Fruits a Aliment\u00e0ria - Salses Fruits","og_description":"\u00c8xit de Salses Fruits a Aliment\u00e0ria 2024 on ha presentat la Salsa Cal\u00e7otada, la nova Salsa Allioli Intens i les noves cremes com la nova Crema de Cal\u00e7ot.","og_url":"https:\/\/fruitssp.com\/es\/noticies\/exit-de-salses-fruits-a-alimentaria\/","og_site_name":"Salses Fruits","article_publisher":"https:\/\/www.facebook.com\/Salses-Fruits-SP-1137777022906379\/","article_published_time":"2024-03-21T17:26:42+00:00","article_modified_time":"2024-03-27T09:58:03+00:00","og_image":[{"width":1024,"height":768,"url":"https:\/\/fruitssp.com\/wp-content\/uploads\/2024\/03\/34ae4a56-0c9f-4a0c-b26e-c78c24f8548e.jpg","type":"image\/jpeg"}],"author":"fruitssp","twitter_card":"summary_large_image","twitter_misc":{"Escrito por":"fruitssp","Tiempo de lectura":"3 minutos"},"schema":{"@context":"https:\/\/schema.org","@graph":[{"@type":"Article","@id":"https:\/\/fruitssp.com\/noticies\/exit-de-salses-fruits-a-alimentaria\/#article","isPartOf":{"@id":"https:\/\/fruitssp.com\/noticies\/exit-de-salses-fruits-a-alimentaria\/"},"author":{"name":"fruitssp","@id":"https:\/\/fruitssp.com\/#\/schema\/person\/74f4a70f480644ed06e5945c13b509c8"},"headline":"\u00c8xit de Salses Fruits a Aliment\u00e0ria","datePublished":"2024-03-21T17:26:42+00:00","dateModified":"2024-03-27T09:58:03+00:00","mainEntityOfPage":{"@id":"https:\/\/fruitssp.com\/noticies\/exit-de-salses-fruits-a-alimentaria\/"},"wordCount":328,"publisher":{"@id":"https:\/\/fruitssp.com\/#organization"},"image":{"@id":"https:\/\/fruitssp.com\/noticies\/exit-de-salses-fruits-a-alimentaria\/#primaryimage"},"thumbnailUrl":"https:\/\/fruitssp.com\/wp-content\/uploads\/2024\/03\/34ae4a56-0c9f-4a0c-b26e-c78c24f8548e.jpg","keywords":["Alimentaria","Hostelco"],"articleSection":["Noticies"],"inLanguage":"es"},{"@type":"WebPage","@id":"https:\/\/fruitssp.com\/noticies\/exit-de-salses-fruits-a-alimentaria\/","url":"https:\/\/fruitssp.com\/noticies\/exit-de-salses-fruits-a-alimentaria\/","name":"\u00c8xit de Salses Fruits a Aliment\u00e0ria - Salses Fruits","isPartOf":{"@id":"https:\/\/fruitssp.com\/#website"},"primaryImageOfPage":{"@id":"https:\/\/fruitssp.com\/noticies\/exit-de-salses-fruits-a-alimentaria\/#primaryimage"},"image":{"@id":"https:\/\/fruitssp.com\/noticies\/exit-de-salses-fruits-a-alimentaria\/#primaryimage"},"thumbnailUrl":"https:\/\/fruitssp.com\/wp-content\/uploads\/2024\/03\/34ae4a56-0c9f-4a0c-b26e-c78c24f8548e.jpg","datePublished":"2024-03-21T17:26:42+00:00","dateModified":"2024-03-27T09:58:03+00:00","description":"\u00c8xit de Salses Fruits a Aliment\u00e0ria 2024 on ha presentat la Salsa Cal\u00e7otada, la nova Salsa Allioli Intens i les noves cremes com la nova Crema de Cal\u00e7ot.","breadcrumb":{"@id":"https:\/\/fruitssp.com\/noticies\/exit-de-salses-fruits-a-alimentaria\/#breadcrumb"},"inLanguage":"es","potentialAction":[{"@type":"ReadAction","target":["https:\/\/fruitssp.com\/noticies\/exit-de-salses-fruits-a-alimentaria\/"]}]},{"@type":"ImageObject","inLanguage":"es","@id":"https:\/\/fruitssp.com\/noticies\/exit-de-salses-fruits-a-alimentaria\/#primaryimage","url":"https:\/\/fruitssp.com\/wp-content\/uploads\/2024\/03\/34ae4a56-0c9f-4a0c-b26e-c78c24f8548e.jpg","contentUrl":"https:\/\/fruitssp.com\/wp-content\/uploads\/2024\/03\/34ae4a56-0c9f-4a0c-b26e-c78c24f8548e.jpg","width":1024,"height":768,"caption":"Francesc Sans de Salses Fruits a Aliment\u00e0ria 2024"},{"@type":"BreadcrumbList","@id":"https:\/\/fruitssp.com\/noticies\/exit-de-salses-fruits-a-alimentaria\/#breadcrumb","itemListElement":[{"@type":"ListItem","position":1,"name":"Inici","item":"https:\/\/fruitssp.com\/"},{"@type":"ListItem","position":2,"name":"\u00c8xit de Salses Fruits a Aliment\u00e0ria"}]},{"@type":"WebSite","@id":"https:\/\/fruitssp.com\/#website","url":"https:\/\/fruitssp.com\/","name":"FruitsSP","description":"Salsas y productos frescos y naturales, de la tierra del cal\u00e7ot","publisher":{"@id":"https:\/\/fruitssp.com\/#organization"},"potentialAction":[{"@type":"SearchAction","target":{"@type":"EntryPoint","urlTemplate":"https:\/\/fruitssp.com\/?s={search_term_string}"},"query-input":{"@type":"PropertyValueSpecification","valueRequired":true,"valueName":"search_term_string"}}],"inLanguage":"es"},{"@type":"Organization","@id":"https:\/\/fruitssp.com\/#organization","name":"Salsas Frutos S &amp; P","url":"https:\/\/fruitssp.com\/","logo":{"@type":"ImageObject","inLanguage":"es","@id":"https:\/\/fruitssp.com\/#\/schema\/logo\/image\/","url":"https:\/\/fruitssp.com\/wp-content\/uploads\/2022\/12\/logoFruits_472x406.png","contentUrl":"https:\/\/fruitssp.com\/wp-content\/uploads\/2022\/12\/logoFruits_472x406.png","width":472,"height":406,"caption":"Salses Fruits S&P"},"image":{"@id":"https:\/\/fruitssp.com\/#\/schema\/logo\/image\/"},"sameAs":["https:\/\/www.facebook.com\/Salses-Fruits-SP-1137777022906379\/","https:\/\/www.instagram.com\/salsesfruitssp\/","https:\/\/www.linkedin.com\/company\/salses-fruits-s-i-p-sl\/"]},{"@type":"Person","@id":"https:\/\/fruitssp.com\/#\/schema\/person\/74f4a70f480644ed06e5945c13b509c8","name":"fruitssp"}]}},"_links":{"self":[{"href":"https:\/\/fruitssp.com\/es\/wp-json\/wp\/v2\/posts\/15264","targetHints":{"allow":["GET"]}}],"collection":[{"href":"https:\/\/fruitssp.com\/es\/wp-json\/wp\/v2\/posts"}],"about":[{"href":"https:\/\/fruitssp.com\/es\/wp-json\/wp\/v2\/types\/post"}],"author":[{"embeddable":true,"href":"https:\/\/fruitssp.com\/es\/wp-json\/wp\/v2\/users\/1"}],"replies":[{"embeddable":true,"href":"https:\/\/fruitssp.com\/es\/wp-json\/wp\/v2\/comments?post=15264"}],"version-history":[{"count":0,"href":"https:\/\/fruitssp.com\/es\/wp-json\/wp\/v2\/posts\/15264\/revisions"}],"wp:featuredmedia":[{"embeddable":true,"href":"https:\/\/fruitssp.com\/es\/wp-json\/wp\/v2\/media\/15268"}],"wp:attachment":[{"href":"https:\/\/fruitssp.com\/es\/wp-json\/wp\/v2\/media?parent=15264"}],"wp:term":[{"taxonomy":"category","embeddable":true,"href":"https:\/\/fruitssp.com\/es\/wp-json\/wp\/v2\/categories?post=15264"},{"taxonomy":"post_tag","embeddable":true,"href":"https:\/\/fruitssp.com\/es\/wp-json\/wp\/v2\/tags?post=15264"}],"curies":[{"name":"wp","href":"https:\/\/api.w.org\/{rel}","templated":true}]}}