{"id":15635,"date":"2024-10-24T09:36:44","date_gmt":"2024-10-24T09:36:44","guid":{"rendered":"https:\/\/fruitssp.com\/?p=15635"},"modified":"2024-11-18T13:52:44","modified_gmt":"2024-11-18T13:52:44","slug":"salses-fruits-patrocinador-de-la-gran-festa-de-la-calcotada-2025","status":"publish","type":"post","link":"https:\/\/fruitssp.com\/es\/noticies\/salses-fruits-patrocinador-de-la-gran-festa-de-la-calcotada-2025\/","title":{"rendered":"Por sexto a\u00f1o consecutivo, SALSAS FRUITS, patrocinador de la Gran Fiesta de la Cal\u00e7otada 2025"},"content":{"rendered":"<section class=\"l-section wpb_row height_medium\"><div class=\"l-section-h i-cf\"><div class=\"g-cols vc_row via_grid cols_1 laptops-cols_inherit tablets-cols_inherit mobiles-cols_1 valign_top type_default stacking_default\"><div class=\"wpb_column vc_column_container\"><div class=\"vc_column-inner\"><div class=\"w-image align_none meta_simple\"><div class=\"w-image-h\"><img loading=\"lazy\" decoding=\"async\" width=\"1440\" height=\"1080\" src=\"https:\/\/fruitssp.com\/wp-content\/uploads\/2024\/10\/1729681950344.jpg\" class=\"attachment-full size-full\" alt=\"Francesc Sans, Gerent de Salses Fruits, a la presentaci\u00f3 de la Gran Festa de la Cal\u00e7otada\" srcset=\"https:\/\/fruitssp.com\/wp-content\/uploads\/2024\/10\/1729681950344.jpg 1440w, https:\/\/fruitssp.com\/wp-content\/uploads\/2024\/10\/1729681950344-300x225.jpg 300w, https:\/\/fruitssp.com\/wp-content\/uploads\/2024\/10\/1729681950344-1024x768.jpg 1024w, https:\/\/fruitssp.com\/wp-content\/uploads\/2024\/10\/1729681950344-16x12.jpg 16w, https:\/\/fruitssp.com\/wp-content\/uploads\/2024\/10\/1729681950344-600x450.jpg 600w, https:\/\/fruitssp.com\/wp-content\/uploads\/2024\/10\/1729681950344-768x576.jpg 768w, https:\/\/fruitssp.com\/wp-content\/uploads\/2024\/10\/1729681950344-900x675.jpg 900w\" sizes=\"auto, (max-width: 1440px) 100vw, 1440px\" \/><\/div><div class=\"w-image-meta\"><div class=\"w-image-title\">Francesc Sans, Gerente de Salses Fruits, en la presentaci\u00f3n de la Gran Fiesta de la Cal\u00e7otada<\/div><\/div><\/div><div class=\"w-separator size_medium\"><\/div><div class=\"wpb_text_column\"><div class=\"wpb_wrapper\"><p class=\"p1\"><span class=\"s1\"><em>Valls \u2013 24 de octubre de 2024<\/em>\u00a0\u2013 Ayer por la ma\u00f1ana la <strong>C\u00e1mara de Comercio, Industria y Servicios de Valls<\/strong>, junto con el<strong>Ayuntamiento de Valls,<\/strong> los patrocinadores de la <strong>Gran Fiesta de la Cal\u00e7otada<\/strong>, la <strong>IGP Cal\u00e7ot de Valls<\/strong> y la <strong>Cooperativa Agr\u00edcola de Valls<\/strong>, presentaron la imagen gr\u00e1fica de la <strong>Gran Festa de la Cal\u00e7otada 2025<\/strong> y su campa\u00f1a promocional.<\/span><\/p>\n<p class=\"p1\"><span class=\"s1\">Un a\u00f1o m\u00e1s <strong>Salses Fruits<\/strong>, junto con <strong>Castell d'Or<\/strong> y\u00a0<strong>Europastry<\/strong>\u00a0ser\u00e1n los tres grandes patrocinadores oficiales de uno de los eventos m\u00e1s esperados del calendario gastron\u00f3mico catal\u00e1n.<\/span><\/p>\n<p class=\"p1\"><span class=\"s1\">Este a\u00f1o la <strong>Gran Fiesta de la Cal\u00e7otada<\/strong>, tendr\u00e1 lugar el <strong>domingo 26 de enero de 2025<\/strong> y reunir\u00e1 a muchos visitantes para disfrutar de la aut\u00e9ntica cal\u00e7otada. Durante la fiesta podr\u00e1n adquirir un lote de degustaci\u00f3n para degustar el plato t\u00edpico de la regi\u00f3n; los cal\u00e7ots, cocinados a la brasa y acompa\u00f1ados de la famosa <strong>salsa cal\u00e7otada de Salses Fruits<\/strong> y otros productos de los patrocinadores.<\/span><\/p>\n<\/div><\/div><div class=\"w-separator size_medium\"><\/div><div class=\"w-image align_none meta_simple\"><div class=\"w-image-h\"><img loading=\"lazy\" decoding=\"async\" width=\"2560\" height=\"1920\" src=\"https:\/\/fruitssp.com\/wp-content\/uploads\/2024\/10\/1729677620743_web-scaled.jpg\" class=\"attachment-full size-full\" alt=\"Presentaci\u00f3 Gran Festa de la Cal\u00e7otada\" srcset=\"https:\/\/fruitssp.com\/wp-content\/uploads\/2024\/10\/1729677620743_web-scaled.jpg 2560w, https:\/\/fruitssp.com\/wp-content\/uploads\/2024\/10\/1729677620743_web-300x225.jpg 300w, https:\/\/fruitssp.com\/wp-content\/uploads\/2024\/10\/1729677620743_web-1024x768.jpg 1024w, https:\/\/fruitssp.com\/wp-content\/uploads\/2024\/10\/1729677620743_web-16x12.jpg 16w, https:\/\/fruitssp.com\/wp-content\/uploads\/2024\/10\/1729677620743_web-600x450.jpg 600w, https:\/\/fruitssp.com\/wp-content\/uploads\/2024\/10\/1729677620743_web-768x576.jpg 768w, https:\/\/fruitssp.com\/wp-content\/uploads\/2024\/10\/1729677620743_web-900x675.jpg 900w\" sizes=\"auto, (max-width: 2560px) 100vw, 2560px\" \/><\/div><div class=\"w-image-meta\"><div class=\"w-image-title\">C\u00e1mara de Comercio, Ayuntamiento de Valls, Castillo de Oro, Europastry, IGP Cal\u00e7ot de Valls y Salses Fruits.<\/div><\/div><\/div><div class=\"w-separator size_small\"><\/div><div class=\"w-image align_none\"><div class=\"w-image-h\"><img loading=\"lazy\" decoding=\"async\" width=\"2560\" height=\"1920\" src=\"https:\/\/fruitssp.com\/wp-content\/uploads\/2024\/10\/1729677639863_web-scaled.jpg\" class=\"attachment-full size-full\" alt=\"Presentaci\u00f3 Gran Festa de la Cal\u00e7otada\" srcset=\"https:\/\/fruitssp.com\/wp-content\/uploads\/2024\/10\/1729677639863_web-scaled.jpg 2560w, https:\/\/fruitssp.com\/wp-content\/uploads\/2024\/10\/1729677639863_web-300x225.jpg 300w, https:\/\/fruitssp.com\/wp-content\/uploads\/2024\/10\/1729677639863_web-1024x768.jpg 1024w, https:\/\/fruitssp.com\/wp-content\/uploads\/2024\/10\/1729677639863_web-16x12.jpg 16w, https:\/\/fruitssp.com\/wp-content\/uploads\/2024\/10\/1729677639863_web-600x450.jpg 600w, https:\/\/fruitssp.com\/wp-content\/uploads\/2024\/10\/1729677639863_web-768x576.jpg 768w, https:\/\/fruitssp.com\/wp-content\/uploads\/2024\/10\/1729677639863_web-900x675.jpg 900w\" sizes=\"auto, (max-width: 2560px) 100vw, 2560px\" \/><\/div><\/div><div class=\"w-separator size_small\"><\/div><div class=\"w-image align_none\"><div class=\"w-image-h\"><img loading=\"lazy\" decoding=\"async\" width=\"1080\" height=\"1528\" src=\"https:\/\/fruitssp.com\/wp-content\/uploads\/2024\/10\/11772_cartell_calcot25.jpg\" class=\"attachment-full size-full\" alt=\"Salses Fruits, patrocinador oficial de la Gran Festa de la Cal\u00e7otada 2025\" srcset=\"https:\/\/fruitssp.com\/wp-content\/uploads\/2024\/10\/11772_cartell_calcot25.jpg 1080w, https:\/\/fruitssp.com\/wp-content\/uploads\/2024\/10\/11772_cartell_calcot25-212x300.jpg 212w, https:\/\/fruitssp.com\/wp-content\/uploads\/2024\/10\/11772_cartell_calcot25-724x1024.jpg 724w, https:\/\/fruitssp.com\/wp-content\/uploads\/2024\/10\/11772_cartell_calcot25-8x12.jpg 8w, https:\/\/fruitssp.com\/wp-content\/uploads\/2024\/10\/11772_cartell_calcot25-600x849.jpg 600w, https:\/\/fruitssp.com\/wp-content\/uploads\/2024\/10\/11772_cartell_calcot25-768x1087.jpg 768w, https:\/\/fruitssp.com\/wp-content\/uploads\/2024\/10\/11772_cartell_calcot25-300x424.jpg 300w, https:\/\/fruitssp.com\/wp-content\/uploads\/2024\/10\/11772_cartell_calcot25-900x1273.jpg 900w\" sizes=\"auto, (max-width: 1080px) 100vw, 1080px\" \/><\/div><\/div><\/div><\/div><\/div><\/div><\/section>","protected":false},"excerpt":{"rendered":"Francesc Sans, Gerente de Salses Fruits, en la presentaci\u00f3n de la Gran Fiesta de la Cal\u00e7otadaValls \u2013 24 de octubre de 2024 \u2013 Ayer por la ma\u00f1ana la C\u00e1mara de Comercio, Industria y Servicios de Valls, junto con el Ayuntamiento de Valls, los patrocinadores de la Gran Fiesta de la Cal\u00e7otada, la IGP Cal\u00e7ot de Valls y la Cooperativa Agr\u00edcola...","protected":false},"author":1,"featured_media":15636,"comment_status":"closed","ping_status":"closed","sticky":false,"template":"","format":"standard","meta":{"inline_featured_image":false,"footnotes":""},"categories":[1],"tags":[],"class_list":["post-15635","post","type-post","status-publish","format-standard","has-post-thumbnail","hentry","category-noticies"],"yoast_head":"<!-- This site is optimized with the Yoast SEO plugin v26.7 - https:\/\/yoast.com\/wordpress\/plugins\/seo\/ -->\n<title>Per sis\u00e8 any consecutiu, SALSES FRUITS, patrocinador de la Gran Festa de la Cal\u00e7otada 2025 - Salses Fruits<\/title>\n<meta name=\"robots\" content=\"index, follow, max-snippet:-1, max-image-preview:large, max-video-preview:-1\" \/>\n<link rel=\"canonical\" href=\"https:\/\/fruitssp.com\/es\/noticies\/salses-fruits-patrocinador-de-la-gran-festa-de-la-calcotada-2025\/\" \/>\n<meta property=\"og:locale\" content=\"es_ES\" \/>\n<meta property=\"og:type\" content=\"article\" \/>\n<meta property=\"og:title\" content=\"Per sis\u00e8 any consecutiu, SALSES FRUITS, patrocinador de la Gran Festa de la Cal\u00e7otada 2025 - Salses Fruits\" \/>\n<meta property=\"og:url\" content=\"https:\/\/fruitssp.com\/es\/noticies\/salses-fruits-patrocinador-de-la-gran-festa-de-la-calcotada-2025\/\" \/>\n<meta property=\"og:site_name\" content=\"Salses Fruits\" \/>\n<meta property=\"article:publisher\" content=\"https:\/\/www.facebook.com\/Salses-Fruits-SP-1137777022906379\/\" \/>\n<meta property=\"article:published_time\" content=\"2024-10-24T09:36:44+00:00\" \/>\n<meta property=\"article:modified_time\" content=\"2024-11-18T13:52:44+00:00\" \/>\n<meta property=\"og:image\" content=\"https:\/\/fruitssp.com\/wp-content\/uploads\/2024\/10\/1729681950344.jpg\" \/>\n\t<meta property=\"og:image:width\" content=\"1440\" \/>\n\t<meta property=\"og:image:height\" content=\"1080\" \/>\n\t<meta property=\"og:image:type\" content=\"image\/jpeg\" \/>\n<meta name=\"author\" content=\"fruitssp\" \/>\n<meta name=\"twitter:card\" content=\"summary_large_image\" \/>\n<meta name=\"twitter:label1\" content=\"Escrito por\" \/>\n\t<meta name=\"twitter:data1\" content=\"fruitssp\" \/>\n\t<meta name=\"twitter:label2\" content=\"Tiempo de lectura\" \/>\n\t<meta name=\"twitter:data2\" content=\"2 minutos\" \/>\n<!-- \/ Yoast SEO plugin. -->","yoast_head_json":{"title":"Por sexto a\u00f1o consecutivo, SALSAS FRUTOS, patrocinador de la Gran Fiesta de la Cal\u00e7otada 2025 - Salsas Frutos","robots":{"index":"index","follow":"follow","max-snippet":"max-snippet:-1","max-image-preview":"max-image-preview:large","max-video-preview":"max-video-preview:-1"},"canonical":"https:\/\/fruitssp.com\/es\/noticies\/salses-fruits-patrocinador-de-la-gran-festa-de-la-calcotada-2025\/","og_locale":"es_ES","og_type":"article","og_title":"Per sis\u00e8 any consecutiu, SALSES FRUITS, patrocinador de la Gran Festa de la Cal\u00e7otada 2025 - Salses Fruits","og_url":"https:\/\/fruitssp.com\/es\/noticies\/salses-fruits-patrocinador-de-la-gran-festa-de-la-calcotada-2025\/","og_site_name":"Salses Fruits","article_publisher":"https:\/\/www.facebook.com\/Salses-Fruits-SP-1137777022906379\/","article_published_time":"2024-10-24T09:36:44+00:00","article_modified_time":"2024-11-18T13:52:44+00:00","og_image":[{"width":1440,"height":1080,"url":"https:\/\/fruitssp.com\/wp-content\/uploads\/2024\/10\/1729681950344.jpg","type":"image\/jpeg"}],"author":"fruitssp","twitter_card":"summary_large_image","twitter_misc":{"Escrito por":"fruitssp","Tiempo de lectura":"2 minutos"},"schema":{"@context":"https:\/\/schema.org","@graph":[{"@type":"Article","@id":"https:\/\/fruitssp.com\/noticies\/salses-fruits-patrocinador-de-la-gran-festa-de-la-calcotada-2025\/#article","isPartOf":{"@id":"https:\/\/fruitssp.com\/noticies\/salses-fruits-patrocinador-de-la-gran-festa-de-la-calcotada-2025\/"},"author":{"name":"fruitssp","@id":"https:\/\/fruitssp.com\/#\/schema\/person\/74f4a70f480644ed06e5945c13b509c8"},"headline":"Per sis\u00e8 any consecutiu, SALSES FRUITS, patrocinador de la Gran Festa de la Cal\u00e7otada 2025","datePublished":"2024-10-24T09:36:44+00:00","dateModified":"2024-11-18T13:52:44+00:00","mainEntityOfPage":{"@id":"https:\/\/fruitssp.com\/noticies\/salses-fruits-patrocinador-de-la-gran-festa-de-la-calcotada-2025\/"},"wordCount":225,"publisher":{"@id":"https:\/\/fruitssp.com\/#organization"},"image":{"@id":"https:\/\/fruitssp.com\/noticies\/salses-fruits-patrocinador-de-la-gran-festa-de-la-calcotada-2025\/#primaryimage"},"thumbnailUrl":"https:\/\/fruitssp.com\/wp-content\/uploads\/2024\/10\/1729681950344.jpg","articleSection":["Noticies"],"inLanguage":"es"},{"@type":"WebPage","@id":"https:\/\/fruitssp.com\/noticies\/salses-fruits-patrocinador-de-la-gran-festa-de-la-calcotada-2025\/","url":"https:\/\/fruitssp.com\/noticies\/salses-fruits-patrocinador-de-la-gran-festa-de-la-calcotada-2025\/","name":"Por sexto a\u00f1o consecutivo, SALSAS FRUTOS, patrocinador de la Gran Fiesta de la Cal\u00e7otada 2025 - Salsas Frutos","isPartOf":{"@id":"https:\/\/fruitssp.com\/#website"},"primaryImageOfPage":{"@id":"https:\/\/fruitssp.com\/noticies\/salses-fruits-patrocinador-de-la-gran-festa-de-la-calcotada-2025\/#primaryimage"},"image":{"@id":"https:\/\/fruitssp.com\/noticies\/salses-fruits-patrocinador-de-la-gran-festa-de-la-calcotada-2025\/#primaryimage"},"thumbnailUrl":"https:\/\/fruitssp.com\/wp-content\/uploads\/2024\/10\/1729681950344.jpg","datePublished":"2024-10-24T09:36:44+00:00","dateModified":"2024-11-18T13:52:44+00:00","breadcrumb":{"@id":"https:\/\/fruitssp.com\/noticies\/salses-fruits-patrocinador-de-la-gran-festa-de-la-calcotada-2025\/#breadcrumb"},"inLanguage":"es","potentialAction":[{"@type":"ReadAction","target":["https:\/\/fruitssp.com\/noticies\/salses-fruits-patrocinador-de-la-gran-festa-de-la-calcotada-2025\/"]}]},{"@type":"ImageObject","inLanguage":"es","@id":"https:\/\/fruitssp.com\/noticies\/salses-fruits-patrocinador-de-la-gran-festa-de-la-calcotada-2025\/#primaryimage","url":"https:\/\/fruitssp.com\/wp-content\/uploads\/2024\/10\/1729681950344.jpg","contentUrl":"https:\/\/fruitssp.com\/wp-content\/uploads\/2024\/10\/1729681950344.jpg","width":1440,"height":1080,"caption":"Francesc Sans, Gerent de Salses Fruits, a la presentaci\u00f3 de la Gran Festa de la Cal\u00e7otada"},{"@type":"BreadcrumbList","@id":"https:\/\/fruitssp.com\/noticies\/salses-fruits-patrocinador-de-la-gran-festa-de-la-calcotada-2025\/#breadcrumb","itemListElement":[{"@type":"ListItem","position":1,"name":"Inici","item":"https:\/\/fruitssp.com\/"},{"@type":"ListItem","position":2,"name":"Per sis\u00e8 any consecutiu, SALSES FRUITS, patrocinador de la Gran Festa de la Cal\u00e7otada 2025"}]},{"@type":"WebSite","@id":"https:\/\/fruitssp.com\/#website","url":"https:\/\/fruitssp.com\/","name":"FruitsSP","description":"Salsas y productos frescos y naturales, de la tierra del cal\u00e7ot","publisher":{"@id":"https:\/\/fruitssp.com\/#organization"},"potentialAction":[{"@type":"SearchAction","target":{"@type":"EntryPoint","urlTemplate":"https:\/\/fruitssp.com\/?s={search_term_string}"},"query-input":{"@type":"PropertyValueSpecification","valueRequired":true,"valueName":"search_term_string"}}],"inLanguage":"es"},{"@type":"Organization","@id":"https:\/\/fruitssp.com\/#organization","name":"Salsas Frutos S &amp; P","url":"https:\/\/fruitssp.com\/","logo":{"@type":"ImageObject","inLanguage":"es","@id":"https:\/\/fruitssp.com\/#\/schema\/logo\/image\/","url":"https:\/\/fruitssp.com\/wp-content\/uploads\/2022\/12\/logoFruits_472x406.png","contentUrl":"https:\/\/fruitssp.com\/wp-content\/uploads\/2022\/12\/logoFruits_472x406.png","width":472,"height":406,"caption":"Salses Fruits S&P"},"image":{"@id":"https:\/\/fruitssp.com\/#\/schema\/logo\/image\/"},"sameAs":["https:\/\/www.facebook.com\/Salses-Fruits-SP-1137777022906379\/","https:\/\/www.instagram.com\/salsesfruitssp\/","https:\/\/www.linkedin.com\/company\/salses-fruits-s-i-p-sl\/"]},{"@type":"Person","@id":"https:\/\/fruitssp.com\/#\/schema\/person\/74f4a70f480644ed06e5945c13b509c8","name":"fruitssp"}]}},"_links":{"self":[{"href":"https:\/\/fruitssp.com\/es\/wp-json\/wp\/v2\/posts\/15635","targetHints":{"allow":["GET"]}}],"collection":[{"href":"https:\/\/fruitssp.com\/es\/wp-json\/wp\/v2\/posts"}],"about":[{"href":"https:\/\/fruitssp.com\/es\/wp-json\/wp\/v2\/types\/post"}],"author":[{"embeddable":true,"href":"https:\/\/fruitssp.com\/es\/wp-json\/wp\/v2\/users\/1"}],"replies":[{"embeddable":true,"href":"https:\/\/fruitssp.com\/es\/wp-json\/wp\/v2\/comments?post=15635"}],"version-history":[{"count":0,"href":"https:\/\/fruitssp.com\/es\/wp-json\/wp\/v2\/posts\/15635\/revisions"}],"wp:featuredmedia":[{"embeddable":true,"href":"https:\/\/fruitssp.com\/es\/wp-json\/wp\/v2\/media\/15636"}],"wp:attachment":[{"href":"https:\/\/fruitssp.com\/es\/wp-json\/wp\/v2\/media?parent=15635"}],"wp:term":[{"taxonomy":"category","embeddable":true,"href":"https:\/\/fruitssp.com\/es\/wp-json\/wp\/v2\/categories?post=15635"},{"taxonomy":"post_tag","embeddable":true,"href":"https:\/\/fruitssp.com\/es\/wp-json\/wp\/v2\/tags?post=15635"}],"curies":[{"name":"wp","href":"https:\/\/api.w.org\/{rel}","templated":true}]}}