{"id":15779,"date":"2024-12-13T13:27:58","date_gmt":"2024-12-13T13:27:58","guid":{"rendered":"https:\/\/fruitssp.com\/?p=15779"},"modified":"2024-12-13T14:13:16","modified_gmt":"2024-12-13T14:13:16","slug":"els-apats-de-nadal-i-cap-dany-amb-salses-fruits","status":"publish","type":"post","link":"https:\/\/fruitssp.com\/es\/noticies\/els-apats-de-nadal-i-cap-dany-amb-salses-fruits\/","title":{"rendered":"Las comidas de Navidad y A\u00f1o Nuevo con Salses Fruits"},"content":{"rendered":"<p class=\"p2\"><em><span class=\"s1\">Figuerola del Camp, 13 de diciembre de 2024<\/span><\/em><\/p>\n<p class=\"p2\"><span class=\"s1\">Una de las costumbres m\u00e1s arraigadas de la cocina catalana es acompa\u00f1ar los platos de una buena picadura. La picadura b\u00e1sica suele hacerse con fugas secas, ajo, perejil y un ingrediente l\u00edquido que puede ser aceite de oliva, caldo de carne o fumet de pescado, entre otras combinaciones.<\/span><\/p>\n<p class=\"p2\"><span class=\"s1\"><b><img loading=\"lazy\" decoding=\"async\" class=\"alignnone size-full wp-image-14963 aligncenter\" src=\"https:\/\/fruitssp.com\/wp-content\/uploads\/2020\/09\/picada-allijulivert-FRUITS.jpg\" alt=\"\" width=\"600\" height=\"600\" srcset=\"https:\/\/fruitssp.com\/wp-content\/uploads\/2020\/09\/picada-allijulivert-FRUITS.jpg 600w, https:\/\/fruitssp.com\/wp-content\/uploads\/2020\/09\/picada-allijulivert-FRUITS-300x300.jpg 300w, https:\/\/fruitssp.com\/wp-content\/uploads\/2020\/09\/picada-allijulivert-FRUITS-150x150.jpg 150w, https:\/\/fruitssp.com\/wp-content\/uploads\/2020\/09\/picada-allijulivert-FRUITS-12x12.jpg 12w, https:\/\/fruitssp.com\/wp-content\/uploads\/2020\/09\/picada-allijulivert-FRUITS-350x350.jpg 350w\" sizes=\"auto, (max-width: 600px) 100vw, 600px\" \/>Salses Fruits <\/b>te quiere ahorrar trabajo recomend\u00e1ndote que utilices su <b>picada de perejil<\/b> y la <b>picada de ajo y perejil<\/b>. Tener siempre un envase en la nevera, o en el congelador, te puede facilitar la cocina de cualquier d\u00eda del a\u00f1o.<\/span><\/p>\n<p class=\"p2\"><span class=\"s1\">El ajo y el perejil son una delicada combinaci\u00f3n de aromas intensos y frescos que pueden ayudarte a transformar y personalizar tus recetas culinarias. Aqu\u00ed tienes algunas sugerencias para aprovechar al m\u00e1ximo esta deliciosa picadura:<\/span><\/p>\n<p class=\"p2\"><span class=\"s1\"><b>Ajo y perejil en el cocido:<\/b><\/span><\/p>\n<p class=\"p2\"><span class=\"s1\">La \"pilota i la carn d'olla\" son un plato tradicional y reconfortante de Navidad. Para potenciar su sabor, a\u00f1ade una generosa cantidad de la picada de ajo y perejil de Salses Fruits a la mezcla de carne. Esta adici\u00f3n sutil aportar\u00e1 un toque arom\u00e1tico que sorprender\u00e1 y deleitar\u00e1 a tus invitados.<\/span><\/p>\n<p>&nbsp;<\/p>\n<p class=\"p2\"><span class=\"s1\"><b><img loading=\"lazy\" decoding=\"async\" class=\"alignnone size-full wp-image-14941\" src=\"https:\/\/fruitssp.com\/wp-content\/uploads\/2023\/12\/MUSCLOS-SF.jpg\" alt=\"\" width=\"1371\" height=\"1006\" srcset=\"https:\/\/fruitssp.com\/wp-content\/uploads\/2023\/12\/MUSCLOS-SF.jpg 1371w, https:\/\/fruitssp.com\/wp-content\/uploads\/2023\/12\/MUSCLOS-SF-300x220.jpg 300w, https:\/\/fruitssp.com\/wp-content\/uploads\/2023\/12\/MUSCLOS-SF-1024x751.jpg 1024w, https:\/\/fruitssp.com\/wp-content\/uploads\/2023\/12\/MUSCLOS-SF-16x12.jpg 16w, https:\/\/fruitssp.com\/wp-content\/uploads\/2023\/12\/MUSCLOS-SF-600x440.jpg 600w, https:\/\/fruitssp.com\/wp-content\/uploads\/2023\/12\/MUSCLOS-SF-768x564.jpg 768w, https:\/\/fruitssp.com\/wp-content\/uploads\/2023\/12\/MUSCLOS-SF-900x660.jpg 900w\" sizes=\"auto, (max-width: 1371px) 100vw, 1371px\" \/><\/b><\/span><\/p>\n<p class=\"p2\"><span class=\"s1\"><b>Ajo y perejil por los platos de pescado:<\/b><\/span><\/p>\n<p class=\"p2\"><span class=\"s1\">Si el pescado o el marisco son los protagonistas de tu comida festiva, no dudes en utilizar la picada de ajo y perejil. Mezclarla con aceite de oliva, zumo de lim\u00f3n y hierbas frescas para crear una salsa marinera irresistible. Esta mezcla, antes de cocinarlo, te permite obtener exquisitos sabores mediterr\u00e1neos.<\/span><\/p>\n<p class=\"p2\"><span class=\"s1\">Una versi\u00f3n muy recomendable de la <b>salsa marinera<\/b> es mezclar la <a href=\"https:\/\/fruitssp.com\/es\/producto\/picada-dall-i-julivert\/\" target=\"_blank\" rel=\"noopener\"><b>picada de ajo y perejil<\/b><\/a> con el zumo de la cocci\u00f3n de los mejillones y remojarlos, a continuaci\u00f3n, con la emulsi\u00f3n resultante. El secreto est\u00e1 en que la picada estar\u00e1 cruda y dar\u00e1 m\u00e1s gusto a los mejillones a la marinera. \u00a1Una delicia!<\/span><\/p>\n<p class=\"p2\"><span class=\"s1\">Recuerda que<b> Salses Fruits<\/b> tambi\u00e9n te ofrece la<a href=\"https:\/\/fruitssp.com\/es\/producto\/salsa-romesco\/\" target=\"_blank\" rel=\"noopener\"><b> Salsa Romesco<\/b><\/a>, y el innovador <a href=\"https:\/\/fruitssp.com\/es\/producto\/allioli-intens\/\" target=\"_blank\" rel=\"noopener\"><b>Alioli intenso<\/b> <\/a>para acompa\u00f1ar los platos de pescado de Navidad y de A\u00f1o Nuevo: ten un bote de cada en la nevera. <\/span><\/p>\n<p class=\"p2\"><span class=\"s1\"><b>Ajo y perejil para los platos con marisco de Fin de A\u00f1o:<\/b><\/span><\/p>\n<p class=\"p2\"><span class=\"s1\">Con el A\u00f1o Nuevo a la vista, puedes preparar una salsa especial para acompa\u00f1ar a tu marisco. Sofre\u00edr la picada de ajo y perejil en una sart\u00e9n con mantequilla y a\u00f1adir gambas, mejillones u otros mariscos. El resultado ser\u00e1 una combinaci\u00f3n de sabores ricos y perfumados que har\u00e1n que esta celebraci\u00f3n sea inolvidable.<\/span><\/p>\n<p class=\"p2\"><span class=\"s1\">Recuerda, la picada de ajo y perejil de Salses Fruits es la clave para dar un toque de distinci\u00f3n a tus creaciones culinarias estas Navidades. No dejes que tu mesa festiva est\u00e9 sin ese ingrediente m\u00e1gico. <\/span><\/p>\n<p class=\"p2\"><strong><span class=\"s1\">\u00a1Buen provecho y felices fiestas!<\/span><\/strong><\/p>\n<p><img loading=\"lazy\" decoding=\"async\" class=\"alignnone size-full wp-image-15484 aligncenter\" src=\"https:\/\/fruitssp.com\/wp-content\/uploads\/2024\/09\/picada_all_i_julibertsepia.png\" alt=\"\" width=\"1080\" height=\"719\" srcset=\"https:\/\/fruitssp.com\/wp-content\/uploads\/2024\/09\/picada_all_i_julibertsepia.png 1080w, https:\/\/fruitssp.com\/wp-content\/uploads\/2024\/09\/picada_all_i_julibertsepia-300x200.png 300w, https:\/\/fruitssp.com\/wp-content\/uploads\/2024\/09\/picada_all_i_julibertsepia-1024x682.png 1024w, https:\/\/fruitssp.com\/wp-content\/uploads\/2024\/09\/picada_all_i_julibertsepia-18x12.png 18w, https:\/\/fruitssp.com\/wp-content\/uploads\/2024\/09\/picada_all_i_julibertsepia-600x400.png 600w, https:\/\/fruitssp.com\/wp-content\/uploads\/2024\/09\/picada_all_i_julibertsepia-768x511.png 768w, https:\/\/fruitssp.com\/wp-content\/uploads\/2024\/09\/picada_all_i_julibertsepia-900x599.png 900w\" sizes=\"auto, (max-width: 1080px) 100vw, 1080px\" \/><\/p>","protected":false},"excerpt":{"rendered":"<p>Figuerola del Camp, 13 de diciembre de 2024 Una de las costumbres m\u00e1s arraigadas de la cocina catalana es acompa\u00f1ar los platos de una buena picadura. La picadura b\u00e1sica suele hacerse con fugas secas, ajo, perejil y un ingrediente l\u00edquido que puede ser aceite de oliva, caldo de carne o fumet de pescado, entre otras combinaciones. Salsas\u2026<\/p>","protected":false},"author":1,"featured_media":14939,"comment_status":"closed","ping_status":"closed","sticky":false,"template":"","format":"standard","meta":{"inline_featured_image":false,"footnotes":""},"categories":[1],"tags":[286,304,305,303,301,302,291,290],"class_list":["post-15779","post","type-post","status-publish","format-standard","has-post-thumbnail","hentry","category-noticies","tag-allioli-intens","tag-cap-dany","tag-marisc","tag-muscolos-a-la-marinera","tag-nadal","tag-picada-catalana","tag-picada-dall-i-julivert","tag-salsa-romesco"],"yoast_head":"<!-- This site is optimized with the Yoast SEO plugin v26.7 - https:\/\/yoast.com\/wordpress\/plugins\/seo\/ -->\n<title>Els \u00e0pats de Nadal i Cap d\u2019Any amb Salses Fruits - Salses Fruits<\/title>\n<meta name=\"description\" content=\"Salses Fruits et vol estalviar feina amb la picada d&#039;all i julivert. Tenir-ne sempre a la nevera et pot facilitar la cuina de qualsevol dia de l\u2019any.\" \/>\n<meta name=\"robots\" content=\"index, follow, max-snippet:-1, max-image-preview:large, max-video-preview:-1\" \/>\n<link rel=\"canonical\" href=\"https:\/\/fruitssp.com\/es\/noticies\/els-apats-de-nadal-i-cap-dany-amb-salses-fruits\/\" \/>\n<meta property=\"og:locale\" content=\"es_ES\" \/>\n<meta property=\"og:type\" content=\"article\" \/>\n<meta property=\"og:title\" content=\"Els \u00e0pats de Nadal i Cap d\u2019Any amb Salses Fruits - Salses Fruits\" \/>\n<meta property=\"og:description\" content=\"Salses Fruits et vol estalviar feina amb la picada d&#039;all i julivert. Tenir-ne sempre a la nevera et pot facilitar la cuina de qualsevol dia de l\u2019any.\" \/>\n<meta property=\"og:url\" content=\"https:\/\/fruitssp.com\/es\/noticies\/els-apats-de-nadal-i-cap-dany-amb-salses-fruits\/\" \/>\n<meta property=\"og:site_name\" content=\"Salses Fruits\" \/>\n<meta property=\"article:publisher\" content=\"https:\/\/www.facebook.com\/Salses-Fruits-SP-1137777022906379\/\" \/>\n<meta property=\"article:published_time\" content=\"2024-12-13T13:27:58+00:00\" \/>\n<meta property=\"article:modified_time\" content=\"2024-12-13T14:13:16+00:00\" \/>\n<meta property=\"og:image\" content=\"https:\/\/fruitssp.com\/wp-content\/uploads\/2023\/12\/beef-2509104_1920.jpg\" \/>\n\t<meta property=\"og:image:width\" content=\"1920\" \/>\n\t<meta property=\"og:image:height\" content=\"1322\" \/>\n\t<meta property=\"og:image:type\" content=\"image\/jpeg\" \/>\n<meta name=\"author\" content=\"fruitssp\" \/>\n<meta name=\"twitter:card\" content=\"summary_large_image\" \/>\n<meta name=\"twitter:label1\" content=\"Escrito por\" \/>\n\t<meta name=\"twitter:data1\" content=\"fruitssp\" \/>\n\t<meta name=\"twitter:label2\" content=\"Tiempo de lectura\" \/>\n\t<meta name=\"twitter:data2\" content=\"4 minutos\" \/>\n<!-- \/ Yoast SEO plugin. -->","yoast_head_json":{"title":"Els \u00e0pats de Nadal i Cap d\u2019Any amb Salses Fruits - Salses Fruits","description":"Salses Fruits et vol estalviar feina amb la picada d'all i julivert. Tenir-ne sempre a la nevera et pot facilitar la cuina de qualsevol dia de l\u2019any.","robots":{"index":"index","follow":"follow","max-snippet":"max-snippet:-1","max-image-preview":"max-image-preview:large","max-video-preview":"max-video-preview:-1"},"canonical":"https:\/\/fruitssp.com\/es\/noticies\/els-apats-de-nadal-i-cap-dany-amb-salses-fruits\/","og_locale":"es_ES","og_type":"article","og_title":"Els \u00e0pats de Nadal i Cap d\u2019Any amb Salses Fruits - Salses Fruits","og_description":"Salses Fruits et vol estalviar feina amb la picada d'all i julivert. Tenir-ne sempre a la nevera et pot facilitar la cuina de qualsevol dia de l\u2019any.","og_url":"https:\/\/fruitssp.com\/es\/noticies\/els-apats-de-nadal-i-cap-dany-amb-salses-fruits\/","og_site_name":"Salses Fruits","article_publisher":"https:\/\/www.facebook.com\/Salses-Fruits-SP-1137777022906379\/","article_published_time":"2024-12-13T13:27:58+00:00","article_modified_time":"2024-12-13T14:13:16+00:00","og_image":[{"width":1920,"height":1322,"url":"https:\/\/fruitssp.com\/wp-content\/uploads\/2023\/12\/beef-2509104_1920.jpg","type":"image\/jpeg"}],"author":"fruitssp","twitter_card":"summary_large_image","twitter_misc":{"Escrito por":"fruitssp","Tiempo de lectura":"4 minutos"},"schema":{"@context":"https:\/\/schema.org","@graph":[{"@type":"Article","@id":"https:\/\/fruitssp.com\/noticies\/els-apats-de-nadal-i-cap-dany-amb-salses-fruits\/#article","isPartOf":{"@id":"https:\/\/fruitssp.com\/noticies\/els-apats-de-nadal-i-cap-dany-amb-salses-fruits\/"},"author":{"name":"fruitssp","@id":"https:\/\/fruitssp.com\/#\/schema\/person\/74f4a70f480644ed06e5945c13b509c8"},"headline":"Els \u00e0pats de Nadal i Cap d\u2019Any amb Salses Fruits","datePublished":"2024-12-13T13:27:58+00:00","dateModified":"2024-12-13T14:13:16+00:00","mainEntityOfPage":{"@id":"https:\/\/fruitssp.com\/noticies\/els-apats-de-nadal-i-cap-dany-amb-salses-fruits\/"},"wordCount":467,"publisher":{"@id":"https:\/\/fruitssp.com\/#organization"},"image":{"@id":"https:\/\/fruitssp.com\/noticies\/els-apats-de-nadal-i-cap-dany-amb-salses-fruits\/#primaryimage"},"thumbnailUrl":"https:\/\/fruitssp.com\/wp-content\/uploads\/2023\/12\/beef-2509104_1920.jpg","keywords":["Allioli intens","Cap d'any","Marisc","Muscolos a la marinera","Nadal","picada catalana","picada d'all i julivert","salsa romesco"],"articleSection":["Noticies"],"inLanguage":"es"},{"@type":"WebPage","@id":"https:\/\/fruitssp.com\/noticies\/els-apats-de-nadal-i-cap-dany-amb-salses-fruits\/","url":"https:\/\/fruitssp.com\/noticies\/els-apats-de-nadal-i-cap-dany-amb-salses-fruits\/","name":"Els \u00e0pats de Nadal i Cap d\u2019Any amb Salses Fruits - Salses Fruits","isPartOf":{"@id":"https:\/\/fruitssp.com\/#website"},"primaryImageOfPage":{"@id":"https:\/\/fruitssp.com\/noticies\/els-apats-de-nadal-i-cap-dany-amb-salses-fruits\/#primaryimage"},"image":{"@id":"https:\/\/fruitssp.com\/noticies\/els-apats-de-nadal-i-cap-dany-amb-salses-fruits\/#primaryimage"},"thumbnailUrl":"https:\/\/fruitssp.com\/wp-content\/uploads\/2023\/12\/beef-2509104_1920.jpg","datePublished":"2024-12-13T13:27:58+00:00","dateModified":"2024-12-13T14:13:16+00:00","description":"Salses Fruits et vol estalviar feina amb la picada d'all i julivert. Tenir-ne sempre a la nevera et pot facilitar la cuina de qualsevol dia de l\u2019any.","breadcrumb":{"@id":"https:\/\/fruitssp.com\/noticies\/els-apats-de-nadal-i-cap-dany-amb-salses-fruits\/#breadcrumb"},"inLanguage":"es","potentialAction":[{"@type":"ReadAction","target":["https:\/\/fruitssp.com\/noticies\/els-apats-de-nadal-i-cap-dany-amb-salses-fruits\/"]}]},{"@type":"ImageObject","inLanguage":"es","@id":"https:\/\/fruitssp.com\/noticies\/els-apats-de-nadal-i-cap-dany-amb-salses-fruits\/#primaryimage","url":"https:\/\/fruitssp.com\/wp-content\/uploads\/2023\/12\/beef-2509104_1920.jpg","contentUrl":"https:\/\/fruitssp.com\/wp-content\/uploads\/2023\/12\/beef-2509104_1920.jpg","width":1920,"height":1322},{"@type":"BreadcrumbList","@id":"https:\/\/fruitssp.com\/noticies\/els-apats-de-nadal-i-cap-dany-amb-salses-fruits\/#breadcrumb","itemListElement":[{"@type":"ListItem","position":1,"name":"Inici","item":"https:\/\/fruitssp.com\/"},{"@type":"ListItem","position":2,"name":"Els \u00e0pats de Nadal i Cap d\u2019Any amb Salses Fruits"}]},{"@type":"WebSite","@id":"https:\/\/fruitssp.com\/#website","url":"https:\/\/fruitssp.com\/","name":"FruitsSP","description":"Salsas y productos frescos y naturales, de la tierra del cal\u00e7ot","publisher":{"@id":"https:\/\/fruitssp.com\/#organization"},"potentialAction":[{"@type":"SearchAction","target":{"@type":"EntryPoint","urlTemplate":"https:\/\/fruitssp.com\/?s={search_term_string}"},"query-input":{"@type":"PropertyValueSpecification","valueRequired":true,"valueName":"search_term_string"}}],"inLanguage":"es"},{"@type":"Organization","@id":"https:\/\/fruitssp.com\/#organization","name":"Salsas Frutos S &amp; P","url":"https:\/\/fruitssp.com\/","logo":{"@type":"ImageObject","inLanguage":"es","@id":"https:\/\/fruitssp.com\/#\/schema\/logo\/image\/","url":"https:\/\/fruitssp.com\/wp-content\/uploads\/2022\/12\/logoFruits_472x406.png","contentUrl":"https:\/\/fruitssp.com\/wp-content\/uploads\/2022\/12\/logoFruits_472x406.png","width":472,"height":406,"caption":"Salses Fruits S&P"},"image":{"@id":"https:\/\/fruitssp.com\/#\/schema\/logo\/image\/"},"sameAs":["https:\/\/www.facebook.com\/Salses-Fruits-SP-1137777022906379\/","https:\/\/www.instagram.com\/salsesfruitssp\/","https:\/\/www.linkedin.com\/company\/salses-fruits-s-i-p-sl\/"]},{"@type":"Person","@id":"https:\/\/fruitssp.com\/#\/schema\/person\/74f4a70f480644ed06e5945c13b509c8","name":"fruitssp"}]}},"_links":{"self":[{"href":"https:\/\/fruitssp.com\/es\/wp-json\/wp\/v2\/posts\/15779","targetHints":{"allow":["GET"]}}],"collection":[{"href":"https:\/\/fruitssp.com\/es\/wp-json\/wp\/v2\/posts"}],"about":[{"href":"https:\/\/fruitssp.com\/es\/wp-json\/wp\/v2\/types\/post"}],"author":[{"embeddable":true,"href":"https:\/\/fruitssp.com\/es\/wp-json\/wp\/v2\/users\/1"}],"replies":[{"embeddable":true,"href":"https:\/\/fruitssp.com\/es\/wp-json\/wp\/v2\/comments?post=15779"}],"version-history":[{"count":0,"href":"https:\/\/fruitssp.com\/es\/wp-json\/wp\/v2\/posts\/15779\/revisions"}],"wp:featuredmedia":[{"embeddable":true,"href":"https:\/\/fruitssp.com\/es\/wp-json\/wp\/v2\/media\/14939"}],"wp:attachment":[{"href":"https:\/\/fruitssp.com\/es\/wp-json\/wp\/v2\/media?parent=15779"}],"wp:term":[{"taxonomy":"category","embeddable":true,"href":"https:\/\/fruitssp.com\/es\/wp-json\/wp\/v2\/categories?post=15779"},{"taxonomy":"post_tag","embeddable":true,"href":"https:\/\/fruitssp.com\/es\/wp-json\/wp\/v2\/tags?post=15779"}],"curies":[{"name":"wp","href":"https:\/\/api.w.org\/{rel}","templated":true}]}}