{"id":16039,"date":"2025-01-02T15:15:05","date_gmt":"2025-01-02T15:15:05","guid":{"rendered":"https:\/\/fruitssp.com\/?p=16039"},"modified":"2025-01-02T15:35:18","modified_gmt":"2025-01-02T15:35:18","slug":"gran-festa-de-la-calcotada-de-valls","status":"publish","type":"post","link":"https:\/\/fruitssp.com\/es\/noticies\/gran-festa-de-la-calcotada-de-valls\/","title":{"rendered":"Todo listo para la Gran Festa de la Cal\u00e7otada de Valls"},"content":{"rendered":"<section class=\"l-section wpb_row height_medium\"><div class=\"l-section-h i-cf\"><div class=\"g-cols vc_row via_grid cols_1 laptops-cols_inherit tablets-cols_inherit mobiles-cols_1 valign_top type_default stacking_default\"><div class=\"wpb_column vc_column_container\"><div class=\"vc_column-inner\"><div class=\"wpb_text_column\"><div class=\"wpb_wrapper\"><p><em>Figuerola del Camp \u2013 2 de enero de 2025\u2013<\/em>\u00a0 El <strong>domingo 26 de enero de 2025<\/strong> se celebra en Valls la 43a edici\u00f3n de la <strong>GRAN FESTA DE LA CAL\u00c7OTADA<\/strong>.<br \/>\nLa jornada reunir\u00e1 a miles de visitantes que se desplazan a Valls para disfrutar de la aut\u00e9ntica cal\u00e7otada.\u00a0<strong>salsa cal\u00e7otada de Salses Fruits<\/strong>\u00a0con otros productos de los patrocinadores.<\/p>\n<p>Los visitantes podr\u00e1n degustar la aut\u00e9ntica cal\u00e7otada adquiriendo el ticket para el LOTE DEGUSTACI\u00d3N, el d\u00eda de la Fiesta, por 15 euros, en las taquillas habilitadas en el centro de la ciudad, oa trav\u00e9s de la plataforma online ENTRADIUM, por un precio especial de 14 euros. El lote est\u00e1 compuesto por: una raci\u00f3n de\u00a0<b>12 cal\u00e7ots cocidos IGP Cal\u00e7ot de Valls<\/b>, una\u00a0<b>botella de cava Castell d\u2019Or de 375\u202fml<\/b>, una tarrina de\u00a0<b>Salsa Cal\u00e7otada de Salses Fruits<\/b>, una raci\u00f3n de\u00a0<b>pan Cristallino de Europastry<\/b>, una botella de agua, una naranja, un babero conmemorativo y una promoci\u00f3n 2\u00d71 de entradas para visitar el Museo Casteller de Catalunya.<\/p>\n<p>A partir de las diez de la ma\u00f1ana, las calles y plazas de Valls ser\u00e1n escenario de varios actos poulares. En una plaza, a\u00fan por determinar, se har\u00e1n las demostraciones de cocer cal\u00e7ots en la parrilla; en la\u00a0<b>pla\u00e7a del Blat<\/b>, el Concurso de Cultivadores de Cal\u00e7ots y el Concurso de Salsa de la Cal\u00e7otada de Valls, con demostraciones de c\u00f3mo se hace la t\u00edpica salsa.<\/p>\n<p>A la una del mediod\u00eda, en la\u00a0<b>pla\u00e7a del Pati<\/b>\u00a0empezar\u00e1 el Concurso de Comer Cal\u00e7ots, para saber qui\u00e9n come m\u00e1s cal\u00e7ots, en un tiempo determinado. Al inicio del concurso, la\u00a0<b>Colla Joves Xiquets de Valls<\/b>\u00a0y la\u00a0<b>Colla Vella dels Xiquets de Valls<\/b>, levantar\u00e1n sus pilares. A las dos de la tarde se har\u00e1 la Entrega de los\u00a0<b>Premios del Concurso de Cultivadores de Cal\u00e7ots, Concurso de Salsa de la Cal\u00e7otada de Valls y Concurso de Comer de Cal\u00e7ots<\/b>.<\/p>\n<p>De las 10 a las 14 horas, en la plaza del Pati, habr\u00e1 un espacio de venta y degustaci\u00f3n de productos de\u00a0<b>Salses Fruits, Castell d\u2019Or i Europastry<\/b>.<\/p>\n<p><strong>SALSES FRUITS, <a href=\"https:\/\/castelldor.com\/\" target=\"_blank\" rel=\"noopener\">CASTELL D'OR<\/a> y <a href=\"https:\/\/europastry.com\/es\/es\/\" target=\"_blank\" rel=\"noopener\">EUROPASTRY<\/a><\/strong>, patrocinadores oficiales de la Gran Fiesta de la Cal\u00e7otada de Valls, le invitamos a disfrutar de la fiesta que marca el inicio de la temporada de cal\u00e7otades con productos de la <strong>TIERRA DE LOS CAL\u00c7OTS<\/strong>.<\/p>\n<p>Pronto le informaremos de c\u00f3mo puede comprar anticipadamente el lote de degustaci\u00f3n.<\/p>\n<p>Para m\u00e1s informaci\u00f3n: https:\/\/festacalcotadavalls.cat\/<\/p>\n<\/div><\/div><\/div><\/div><\/div><\/div><\/section><section class=\"l-section wpb_row height_medium\"><div class=\"l-section-h i-cf\"><div class=\"g-cols vc_row via_grid cols_1 laptops-cols_inherit tablets-cols_inherit mobiles-cols_1 valign_top type_default stacking_default\"><div class=\"wpb_column vc_column_container\"><div class=\"vc_column-inner\"><div class=\"w-image align_none\"><div class=\"w-image-h\"><img loading=\"lazy\" decoding=\"async\" width=\"724\" height=\"1024\" src=\"https:\/\/fruitssp.com\/wp-content\/uploads\/2024\/10\/11772_cartell_calcot25-724x1024.jpg\" class=\"attachment-large size-large\" alt=\"Salses Fruits, patrocinador oficial de la Gran Festa de la Cal\u00e7otada 2025\" srcset=\"https:\/\/fruitssp.com\/wp-content\/uploads\/2024\/10\/11772_cartell_calcot25-724x1024.jpg 724w, https:\/\/fruitssp.com\/wp-content\/uploads\/2024\/10\/11772_cartell_calcot25-212x300.jpg 212w, https:\/\/fruitssp.com\/wp-content\/uploads\/2024\/10\/11772_cartell_calcot25-8x12.jpg 8w, https:\/\/fruitssp.com\/wp-content\/uploads\/2024\/10\/11772_cartell_calcot25-600x849.jpg 600w, https:\/\/fruitssp.com\/wp-content\/uploads\/2024\/10\/11772_cartell_calcot25-768x1087.jpg 768w, https:\/\/fruitssp.com\/wp-content\/uploads\/2024\/10\/11772_cartell_calcot25-300x424.jpg 300w, https:\/\/fruitssp.com\/wp-content\/uploads\/2024\/10\/11772_cartell_calcot25-900x1273.jpg 900w, https:\/\/fruitssp.com\/wp-content\/uploads\/2024\/10\/11772_cartell_calcot25.jpg 1080w\" sizes=\"auto, (max-width: 724px) 100vw, 724px\" \/><\/div><\/div><\/div><\/div><\/div><\/div><\/section>","protected":false},"excerpt":{"rendered":"Figuerola del Camp \u2013 2 de enero de 2025\u2013 El domingo 26 de enero de 2025 se celebra en Valls la 43\u00aa edici\u00f3n de la GRAN FIESTA DE LA CAL\u00c7OTADA. La jornada reunir\u00e1 a miles de visitantes que se desplazan a Valls para disfrutar de la aut\u00e9ntica cal\u00e7otada. Durante la fiesta se podr\u00e1 adquirir el lote de...","protected":false},"author":1,"featured_media":16041,"comment_status":"closed","ping_status":"closed","sticky":false,"template":"","format":"standard","meta":{"inline_featured_image":false,"footnotes":""},"categories":[1],"tags":[306,221],"class_list":["post-16039","post","type-post","status-publish","format-standard","has-post-thumbnail","hentry","category-noticies","tag-gran-festa-de-la-calcotada","tag-salsa-calcotada"],"yoast_head":"<!-- This site is optimized with the Yoast SEO plugin v26.7 - https:\/\/yoast.com\/wordpress\/plugins\/seo\/ -->\n<title>Tot a punt per la Gran Festa de la Cal\u00e7otada de Valls - Salses Fruits<\/title>\n<meta name=\"description\" content=\"Tot a punt per gaudir l\u2019aut\u00e8ntica cal\u00e7otada a la GRAN FESTA DE LA CAL\u00c7OTADA de Valls, on es podr\u00e0 adquirir el lot de degustaci\u00f3 que permet degustar els cal\u00e7ots, cuinats a la flama de les redoltes i acompanyats de la famosa\u00a0salsa cal\u00e7otada de Salses Fruits.\" \/>\n<meta name=\"robots\" content=\"index, follow, max-snippet:-1, max-image-preview:large, max-video-preview:-1\" \/>\n<link rel=\"canonical\" href=\"https:\/\/fruitssp.com\/es\/noticies\/gran-festa-de-la-calcotada-de-valls\/\" \/>\n<meta property=\"og:locale\" content=\"es_ES\" \/>\n<meta property=\"og:type\" content=\"article\" \/>\n<meta property=\"og:title\" content=\"Tot a punt per la Gran Festa de la Cal\u00e7otada de Valls - Salses Fruits\" \/>\n<meta property=\"og:description\" content=\"Tot a punt per gaudir l\u2019aut\u00e8ntica cal\u00e7otada a la GRAN FESTA DE LA CAL\u00c7OTADA de Valls, on es podr\u00e0 adquirir el lot de degustaci\u00f3 que permet degustar els cal\u00e7ots, cuinats a la flama de les redoltes i acompanyats de la famosa\u00a0salsa cal\u00e7otada de Salses Fruits.\" \/>\n<meta property=\"og:url\" content=\"https:\/\/fruitssp.com\/es\/noticies\/gran-festa-de-la-calcotada-de-valls\/\" \/>\n<meta property=\"og:site_name\" content=\"Salses Fruits\" \/>\n<meta property=\"article:publisher\" content=\"https:\/\/www.facebook.com\/Salses-Fruits-SP-1137777022906379\/\" \/>\n<meta property=\"article:published_time\" content=\"2025-01-02T15:15:05+00:00\" \/>\n<meta property=\"article:modified_time\" content=\"2025-01-02T15:35:18+00:00\" \/>\n<meta property=\"og:image\" content=\"https:\/\/fruitssp.com\/wp-content\/uploads\/2025\/01\/11772_1080x1080_calcot_valls25.jpg\" \/>\n\t<meta property=\"og:image:width\" content=\"1080\" \/>\n\t<meta property=\"og:image:height\" content=\"1080\" \/>\n\t<meta property=\"og:image:type\" content=\"image\/jpeg\" \/>\n<meta name=\"author\" content=\"fruitssp\" \/>\n<meta name=\"twitter:card\" content=\"summary_large_image\" \/>\n<meta name=\"twitter:label1\" content=\"Escrito por\" \/>\n\t<meta name=\"twitter:data1\" content=\"fruitssp\" \/>\n\t<meta name=\"twitter:label2\" content=\"Tiempo de lectura\" \/>\n\t<meta name=\"twitter:data2\" content=\"3 minutos\" \/>\n<!-- \/ Yoast SEO plugin. -->","yoast_head_json":{"title":"Tot a punt per la Gran Festa de la Cal\u00e7otada de Valls - Salses Fruits","description":"Tot a punt per gaudir l\u2019aut\u00e8ntica cal\u00e7otada a la GRAN FESTA DE LA CAL\u00c7OTADA de Valls, on es podr\u00e0 adquirir el lot de degustaci\u00f3 que permet degustar els cal\u00e7ots, cuinats a la flama de les redoltes i acompanyats de la famosa\u00a0salsa cal\u00e7otada de Salses Fruits.","robots":{"index":"index","follow":"follow","max-snippet":"max-snippet:-1","max-image-preview":"max-image-preview:large","max-video-preview":"max-video-preview:-1"},"canonical":"https:\/\/fruitssp.com\/es\/noticies\/gran-festa-de-la-calcotada-de-valls\/","og_locale":"es_ES","og_type":"article","og_title":"Tot a punt per la Gran Festa de la Cal\u00e7otada de Valls - Salses Fruits","og_description":"Tot a punt per gaudir l\u2019aut\u00e8ntica cal\u00e7otada a la GRAN FESTA DE LA CAL\u00c7OTADA de Valls, on es podr\u00e0 adquirir el lot de degustaci\u00f3 que permet degustar els cal\u00e7ots, cuinats a la flama de les redoltes i acompanyats de la famosa\u00a0salsa cal\u00e7otada de Salses Fruits.","og_url":"https:\/\/fruitssp.com\/es\/noticies\/gran-festa-de-la-calcotada-de-valls\/","og_site_name":"Salses Fruits","article_publisher":"https:\/\/www.facebook.com\/Salses-Fruits-SP-1137777022906379\/","article_published_time":"2025-01-02T15:15:05+00:00","article_modified_time":"2025-01-02T15:35:18+00:00","og_image":[{"width":1080,"height":1080,"url":"https:\/\/fruitssp.com\/wp-content\/uploads\/2025\/01\/11772_1080x1080_calcot_valls25.jpg","type":"image\/jpeg"}],"author":"fruitssp","twitter_card":"summary_large_image","twitter_misc":{"Escrito por":"fruitssp","Tiempo de lectura":"3 minutos"},"schema":{"@context":"https:\/\/schema.org","@graph":[{"@type":"Article","@id":"https:\/\/fruitssp.com\/noticies\/gran-festa-de-la-calcotada-de-valls\/#article","isPartOf":{"@id":"https:\/\/fruitssp.com\/noticies\/gran-festa-de-la-calcotada-de-valls\/"},"author":{"name":"fruitssp","@id":"https:\/\/fruitssp.com\/#\/schema\/person\/74f4a70f480644ed06e5945c13b509c8"},"headline":"Tot a punt per la Gran Festa de la Cal\u00e7otada de Valls","datePublished":"2025-01-02T15:15:05+00:00","dateModified":"2025-01-02T15:35:18+00:00","mainEntityOfPage":{"@id":"https:\/\/fruitssp.com\/noticies\/gran-festa-de-la-calcotada-de-valls\/"},"wordCount":485,"publisher":{"@id":"https:\/\/fruitssp.com\/#organization"},"image":{"@id":"https:\/\/fruitssp.com\/noticies\/gran-festa-de-la-calcotada-de-valls\/#primaryimage"},"thumbnailUrl":"https:\/\/fruitssp.com\/wp-content\/uploads\/2025\/01\/11772_1080x1080_calcot_valls25.jpg","keywords":["Gran Festa de la Cal\u00e7otada","salsa cal\u00e7otada"],"articleSection":["Noticies"],"inLanguage":"es"},{"@type":"WebPage","@id":"https:\/\/fruitssp.com\/noticies\/gran-festa-de-la-calcotada-de-valls\/","url":"https:\/\/fruitssp.com\/noticies\/gran-festa-de-la-calcotada-de-valls\/","name":"Tot a punt per la Gran Festa de la Cal\u00e7otada de Valls - Salses Fruits","isPartOf":{"@id":"https:\/\/fruitssp.com\/#website"},"primaryImageOfPage":{"@id":"https:\/\/fruitssp.com\/noticies\/gran-festa-de-la-calcotada-de-valls\/#primaryimage"},"image":{"@id":"https:\/\/fruitssp.com\/noticies\/gran-festa-de-la-calcotada-de-valls\/#primaryimage"},"thumbnailUrl":"https:\/\/fruitssp.com\/wp-content\/uploads\/2025\/01\/11772_1080x1080_calcot_valls25.jpg","datePublished":"2025-01-02T15:15:05+00:00","dateModified":"2025-01-02T15:35:18+00:00","description":"Tot a punt per gaudir l\u2019aut\u00e8ntica cal\u00e7otada a la GRAN FESTA DE LA CAL\u00c7OTADA de Valls, on es podr\u00e0 adquirir el lot de degustaci\u00f3 que permet degustar els cal\u00e7ots, cuinats a la flama de les redoltes i acompanyats de la famosa\u00a0salsa cal\u00e7otada de Salses Fruits.","breadcrumb":{"@id":"https:\/\/fruitssp.com\/noticies\/gran-festa-de-la-calcotada-de-valls\/#breadcrumb"},"inLanguage":"es","potentialAction":[{"@type":"ReadAction","target":["https:\/\/fruitssp.com\/noticies\/gran-festa-de-la-calcotada-de-valls\/"]}]},{"@type":"ImageObject","inLanguage":"es","@id":"https:\/\/fruitssp.com\/noticies\/gran-festa-de-la-calcotada-de-valls\/#primaryimage","url":"https:\/\/fruitssp.com\/wp-content\/uploads\/2025\/01\/11772_1080x1080_calcot_valls25.jpg","contentUrl":"https:\/\/fruitssp.com\/wp-content\/uploads\/2025\/01\/11772_1080x1080_calcot_valls25.jpg","width":1080,"height":1080,"caption":"Salses Fruits, patrocinador oficial de la Gran Festa de la Cal\u00e7otada 2025"},{"@type":"BreadcrumbList","@id":"https:\/\/fruitssp.com\/noticies\/gran-festa-de-la-calcotada-de-valls\/#breadcrumb","itemListElement":[{"@type":"ListItem","position":1,"name":"Inici","item":"https:\/\/fruitssp.com\/"},{"@type":"ListItem","position":2,"name":"Tot a punt per la Gran Festa de la Cal\u00e7otada de Valls"}]},{"@type":"WebSite","@id":"https:\/\/fruitssp.com\/#website","url":"https:\/\/fruitssp.com\/","name":"FruitsSP","description":"Salsas y productos frescos y naturales, de la tierra del cal\u00e7ot","publisher":{"@id":"https:\/\/fruitssp.com\/#organization"},"potentialAction":[{"@type":"SearchAction","target":{"@type":"EntryPoint","urlTemplate":"https:\/\/fruitssp.com\/?s={search_term_string}"},"query-input":{"@type":"PropertyValueSpecification","valueRequired":true,"valueName":"search_term_string"}}],"inLanguage":"es"},{"@type":"Organization","@id":"https:\/\/fruitssp.com\/#organization","name":"Salsas Frutos S &amp; P","url":"https:\/\/fruitssp.com\/","logo":{"@type":"ImageObject","inLanguage":"es","@id":"https:\/\/fruitssp.com\/#\/schema\/logo\/image\/","url":"https:\/\/fruitssp.com\/wp-content\/uploads\/2022\/12\/logoFruits_472x406.png","contentUrl":"https:\/\/fruitssp.com\/wp-content\/uploads\/2022\/12\/logoFruits_472x406.png","width":472,"height":406,"caption":"Salses Fruits S&P"},"image":{"@id":"https:\/\/fruitssp.com\/#\/schema\/logo\/image\/"},"sameAs":["https:\/\/www.facebook.com\/Salses-Fruits-SP-1137777022906379\/","https:\/\/www.instagram.com\/salsesfruitssp\/","https:\/\/www.linkedin.com\/company\/salses-fruits-s-i-p-sl\/"]},{"@type":"Person","@id":"https:\/\/fruitssp.com\/#\/schema\/person\/74f4a70f480644ed06e5945c13b509c8","name":"fruitssp"}]}},"_links":{"self":[{"href":"https:\/\/fruitssp.com\/es\/wp-json\/wp\/v2\/posts\/16039","targetHints":{"allow":["GET"]}}],"collection":[{"href":"https:\/\/fruitssp.com\/es\/wp-json\/wp\/v2\/posts"}],"about":[{"href":"https:\/\/fruitssp.com\/es\/wp-json\/wp\/v2\/types\/post"}],"author":[{"embeddable":true,"href":"https:\/\/fruitssp.com\/es\/wp-json\/wp\/v2\/users\/1"}],"replies":[{"embeddable":true,"href":"https:\/\/fruitssp.com\/es\/wp-json\/wp\/v2\/comments?post=16039"}],"version-history":[{"count":0,"href":"https:\/\/fruitssp.com\/es\/wp-json\/wp\/v2\/posts\/16039\/revisions"}],"wp:featuredmedia":[{"embeddable":true,"href":"https:\/\/fruitssp.com\/es\/wp-json\/wp\/v2\/media\/16041"}],"wp:attachment":[{"href":"https:\/\/fruitssp.com\/es\/wp-json\/wp\/v2\/media?parent=16039"}],"wp:term":[{"taxonomy":"category","embeddable":true,"href":"https:\/\/fruitssp.com\/es\/wp-json\/wp\/v2\/categories?post=16039"},{"taxonomy":"post_tag","embeddable":true,"href":"https:\/\/fruitssp.com\/es\/wp-json\/wp\/v2\/tags?post=16039"}],"curies":[{"name":"wp","href":"https:\/\/api.w.org\/{rel}","templated":true}]}}