{"id":16095,"date":"2025-01-17T14:07:30","date_gmt":"2025-01-17T14:07:30","guid":{"rendered":"https:\/\/fruitssp.com\/?p=16095"},"modified":"2025-01-17T14:12:09","modified_gmt":"2025-01-17T14:12:09","slug":"us-esperem-a-valls","status":"publish","type":"post","link":"https:\/\/fruitssp.com\/es\/noticies\/us-esperem-a-valls\/","title":{"rendered":"Os esperamos en Valls"},"content":{"rendered":"<section class=\"l-section wpb_row height_medium\"><div class=\"l-section-h i-cf\"><div class=\"g-cols vc_row via_grid cols_1 laptops-cols_inherit tablets-cols_inherit mobiles-cols_1 valign_top type_default stacking_default\"><div class=\"wpb_column vc_column_container\"><div class=\"vc_column-inner\"><div class=\"w-image align_none\"><div class=\"w-image-h\"><img loading=\"lazy\" decoding=\"async\" width=\"819\" height=\"1024\" src=\"https:\/\/fruitssp.com\/wp-content\/uploads\/2025\/01\/11812_1080x1350_calcot_25_fruits-819x1024.jpg\" class=\"attachment-large size-large\" alt=\"Salses Fruits, patrocinador oficial de la Gran Festa de la Cal\u00e7otada 2025\" srcset=\"https:\/\/fruitssp.com\/wp-content\/uploads\/2025\/01\/11812_1080x1350_calcot_25_fruits-819x1024.jpg 819w, https:\/\/fruitssp.com\/wp-content\/uploads\/2025\/01\/11812_1080x1350_calcot_25_fruits-240x300.jpg 240w, https:\/\/fruitssp.com\/wp-content\/uploads\/2025\/01\/11812_1080x1350_calcot_25_fruits-10x12.jpg 10w, https:\/\/fruitssp.com\/wp-content\/uploads\/2025\/01\/11812_1080x1350_calcot_25_fruits-600x750.jpg 600w, https:\/\/fruitssp.com\/wp-content\/uploads\/2025\/01\/11812_1080x1350_calcot_25_fruits-768x960.jpg 768w, https:\/\/fruitssp.com\/wp-content\/uploads\/2025\/01\/11812_1080x1350_calcot_25_fruits-300x375.jpg 300w, https:\/\/fruitssp.com\/wp-content\/uploads\/2025\/01\/11812_1080x1350_calcot_25_fruits-900x1125.jpg 900w, https:\/\/fruitssp.com\/wp-content\/uploads\/2025\/01\/11812_1080x1350_calcot_25_fruits.jpg 1080w\" sizes=\"auto, (max-width: 819px) 100vw, 819px\" \/><\/div><\/div><div class=\"wpb_text_column\"><div class=\"wpb_wrapper\"><p class=\"p1\">El pr\u00f3ximo domingo 26 de enero de 2025, a partir de las 10 de la ma\u00f1ana, SALSES FRUITS tendr\u00e1 un stand en la GRAN FIESTA DE LA CAL\u00c7OTADA, concretamente en la plaza EL PATI, centro de la fiesta.<\/p>\n<p class=\"p1\">Ven a vernos y podr\u00e1 probar y comprar la tradicional SALSA CAL\u00c7OTADA de SALSAS FRUTOS la salsa cal\u00e7otada de la tierra del cal\u00e7ots.<\/p>\n<p><span class=\"s1\">Mirad el espot de la Cal\u00e7otada con Salses Fruits, una aut\u00e9ntica pel\u00edcula de c\u00f3mo se desea y se espera hacer una cal\u00e7otada: <a href=\"https:\/\/fruitssp.com\/es\/espot-salses-fruits-calcotada-2025\/\" target=\"_blank\" rel=\"noopener\">https:\/\/fruitssp.com\/espot-salses-fruits-calcotada-2025\/<\/a><\/span><\/p>\n<p>Planifique la ma\u00f1ana en Valls:<\/p>\n<p>A partir de las diez de la ma\u00f1ana, las calles y plazas de Valls ser\u00e1n escenario de varios actos poulares. En una plaza, a\u00fan por determinar, se har\u00e1n las demostraciones de cocer cal\u00e7ots en la parrilla; en la\u00a0<b>pla\u00e7a del Blat<\/b>, el Concurso de Cultivadores de Cal\u00e7ots y el Concurso de Salsa de la Cal\u00e7otada de Valls, con demostraciones de c\u00f3mo se hace la salsa cal\u00e7otada.<\/p>\n<p>A la una del mediod\u00eda, en la\u00a0<b>pla\u00e7a del Pati<\/b>\u00a0empezar\u00e1 el Concurso de Comer Cal\u00e7ots, para saber qui\u00e9n come m\u00e1s cal\u00e7ots, en un tiempo determinado. Al inicio del concurso, la\u00a0<b>Colla Joves Xiquets de Valls<\/b>\u00a0y la\u00a0<b>Colla Vella dels Xiquets de Valls<\/b>, levantar\u00e1n sus pilares. A las dos de la tarde se har\u00e1 la Entrega de los\u00a0<b>Premios del Concurso de Cultivadores de Cal\u00e7ots, Concurso de Salsa de la Cal\u00e7otada de Valls y Concurso de Comer de Cal\u00e7ots<\/b>.<\/p>\n<p>De las 10 a las 14 horas, en la plaza del Pati, habr\u00e1 un espacio de venta y degustaci\u00f3n de productos de\u00a0<b>Salses Fruits, Castell d\u2019Or i Europastry<\/b>.<\/p>\n<p><strong>SALSES FRUITS, <a href=\"https:\/\/castelldor.com\/\" target=\"_blank\" rel=\"noopener\">CASTELL D'OR<\/a> y <a href=\"https:\/\/europastry.com\/es\/es\/\" target=\"_blank\" rel=\"noopener\">EUROPASTRY<\/a><\/strong>, patrocinadores oficiales de la Gran Fiesta de la Cal\u00e7otada de Valls, le invitamos a disfrutar de la fiesta que marca el inicio de la temporada de cal\u00e7otades con productos de la <strong>TIERRA DE LOS CAL\u00c7OTS<\/strong>.<\/p>\n<p>Todav\u00eda puede comprar anticipadamente el lote de degustaci\u00f3n en: <a class=\"_ps2id\" href=\"https:\/\/entradium.com\/events\/gran-festa-de-la-calcotada-2025\" target=\"_blank\" rel=\"noopener\" data-ps2id-offset=\"\">https:\/\/entradium.com\/events\/gran-festa-de-la-calcotada-2025<\/a><\/p>\n<p>Para m\u00e1s informaci\u00f3n:<a href=\"https:\/\/festacalcotadavalls.cat\/\" target=\"_blank\" rel=\"noopener\"> https:\/\/festacalcotadavalls.cat\/<\/a><\/p>\n<\/div><\/div><\/div><\/div><\/div><\/div><\/section><section class=\"l-section wpb_row height_medium\"><div class=\"l-section-h i-cf\"><div class=\"g-cols vc_row via_grid cols_1 laptops-cols_inherit tablets-cols_inherit mobiles-cols_1 valign_top type_default stacking_default\"><div class=\"wpb_column vc_column_container\"><div class=\"vc_column-inner\"><div class=\"w-image align_none\"><div class=\"w-image-h\"><img loading=\"lazy\" decoding=\"async\" width=\"1024\" height=\"1024\" src=\"https:\/\/fruitssp.com\/wp-content\/uploads\/2025\/01\/11625_baner_lot_calcotada_3-1024x1024.jpg\" class=\"attachment-large size-large\" alt=\"Salses Fruits, patrocinador oficial de la Gran Festa de la Cal\u00e7otada 2025\" srcset=\"https:\/\/fruitssp.com\/wp-content\/uploads\/2025\/01\/11625_baner_lot_calcotada_3-1024x1024.jpg 1024w, https:\/\/fruitssp.com\/wp-content\/uploads\/2025\/01\/11625_baner_lot_calcotada_3-300x300.jpg 300w, https:\/\/fruitssp.com\/wp-content\/uploads\/2025\/01\/11625_baner_lot_calcotada_3-150x150.jpg 150w, https:\/\/fruitssp.com\/wp-content\/uploads\/2025\/01\/11625_baner_lot_calcotada_3-12x12.jpg 12w, https:\/\/fruitssp.com\/wp-content\/uploads\/2025\/01\/11625_baner_lot_calcotada_3-350x350.jpg 350w, https:\/\/fruitssp.com\/wp-content\/uploads\/2025\/01\/11625_baner_lot_calcotada_3-600x600.jpg 600w, https:\/\/fruitssp.com\/wp-content\/uploads\/2025\/01\/11625_baner_lot_calcotada_3-768x768.jpg 768w, https:\/\/fruitssp.com\/wp-content\/uploads\/2025\/01\/11625_baner_lot_calcotada_3-900x900.jpg 900w, https:\/\/fruitssp.com\/wp-content\/uploads\/2025\/01\/11625_baner_lot_calcotada_3.jpg 1080w\" sizes=\"auto, (max-width: 1024px) 100vw, 1024px\" \/><\/div><\/div><\/div><\/div><\/div><\/div><\/section>","protected":false},"excerpt":{"rendered":"El pr\u00f3ximo domingo 26 de enero de 2025, a partir de las 10 de la ma\u00f1ana, SALSES FRUITS tendr\u00e1 un stand en la GRAN FIESTA DE LA CAL\u00c7OTADA, concretamente en la plaza EL PATIO, centro de la fiesta. Ven a vernos y podr\u00e1 probar y comprar la tradicional SALSA CAL\u00c7OTADA de SALSAS FRUTOS la salsa...","protected":false},"author":1,"featured_media":16096,"comment_status":"closed","ping_status":"closed","sticky":false,"template":"","format":"standard","meta":{"inline_featured_image":false,"footnotes":""},"categories":[1],"tags":[307,306,221],"class_list":["post-16095","post","type-post","status-publish","format-standard","has-post-thumbnail","hentry","category-noticies","tag-degustacio","tag-gran-festa-de-la-calcotada","tag-salsa-calcotada"],"yoast_head":"<!-- This site is optimized with the Yoast SEO plugin v26.7 - https:\/\/yoast.com\/wordpress\/plugins\/seo\/ -->\n<title>Us esperem a Valls - Salses Fruits<\/title>\n<meta name=\"description\" content=\"El pr\u00f2xim diumenge 26 de gener de 2025, a partir de les 10 del mat\u00ed, SALSES FRUITS tindr\u00e0 un estand a la GRAN FESTA DE LA CAL\u00c7OTADA , concretament a la pla\u00e7a EL PATI, centre de la festa. Veniu a veure&#039;ns i podreu tastar i comprar la tradicional SALSA CAL\u00c7OTADA de SALSES FRUITS la salsa cal\u00e7otada de la terra del cal\u00e7ots.\" \/>\n<meta name=\"robots\" content=\"index, follow, max-snippet:-1, max-image-preview:large, max-video-preview:-1\" \/>\n<link rel=\"canonical\" href=\"https:\/\/fruitssp.com\/es\/noticies\/us-esperem-a-valls\/\" \/>\n<meta property=\"og:locale\" content=\"es_ES\" \/>\n<meta property=\"og:type\" content=\"article\" \/>\n<meta property=\"og:title\" content=\"Us esperem a Valls - Salses Fruits\" \/>\n<meta property=\"og:description\" content=\"El pr\u00f2xim diumenge 26 de gener de 2025, a partir de les 10 del mat\u00ed, SALSES FRUITS tindr\u00e0 un estand a la GRAN FESTA DE LA CAL\u00c7OTADA , concretament a la pla\u00e7a EL PATI, centre de la festa. Veniu a veure&#039;ns i podreu tastar i comprar la tradicional SALSA CAL\u00c7OTADA de SALSES FRUITS la salsa cal\u00e7otada de la terra del cal\u00e7ots.\" \/>\n<meta property=\"og:url\" content=\"https:\/\/fruitssp.com\/es\/noticies\/us-esperem-a-valls\/\" \/>\n<meta property=\"og:site_name\" content=\"Salses Fruits\" \/>\n<meta property=\"article:publisher\" content=\"https:\/\/www.facebook.com\/Salses-Fruits-SP-1137777022906379\/\" \/>\n<meta property=\"article:published_time\" content=\"2025-01-17T14:07:30+00:00\" \/>\n<meta property=\"article:modified_time\" content=\"2025-01-17T14:12:09+00:00\" \/>\n<meta property=\"og:image\" content=\"https:\/\/fruitssp.com\/wp-content\/uploads\/2025\/01\/11812_1080x1350_calcot_25_fruits.jpg\" \/>\n\t<meta property=\"og:image:width\" content=\"1080\" \/>\n\t<meta property=\"og:image:height\" content=\"1350\" \/>\n\t<meta property=\"og:image:type\" content=\"image\/jpeg\" \/>\n<meta name=\"author\" content=\"fruitssp\" \/>\n<meta name=\"twitter:card\" content=\"summary_large_image\" \/>\n<meta name=\"twitter:label1\" content=\"Escrito por\" \/>\n\t<meta name=\"twitter:data1\" content=\"fruitssp\" \/>\n\t<meta name=\"twitter:label2\" content=\"Tiempo de lectura\" \/>\n\t<meta name=\"twitter:data2\" content=\"3 minutos\" \/>\n<!-- \/ Yoast SEO plugin. -->","yoast_head_json":{"title":"Us esperem a Valls - Salses Fruits","description":"El pr\u00f2xim diumenge 26 de gener de 2025, a partir de les 10 del mat\u00ed, SALSES FRUITS tindr\u00e0 un estand a la GRAN FESTA DE LA CAL\u00c7OTADA , concretament a la pla\u00e7a EL PATI, centre de la festa. Veniu a veure'ns i podreu tastar i comprar la tradicional SALSA CAL\u00c7OTADA de SALSES FRUITS la salsa cal\u00e7otada de la terra del cal\u00e7ots.","robots":{"index":"index","follow":"follow","max-snippet":"max-snippet:-1","max-image-preview":"max-image-preview:large","max-video-preview":"max-video-preview:-1"},"canonical":"https:\/\/fruitssp.com\/es\/noticies\/us-esperem-a-valls\/","og_locale":"es_ES","og_type":"article","og_title":"Us esperem a Valls - Salses Fruits","og_description":"El pr\u00f2xim diumenge 26 de gener de 2025, a partir de les 10 del mat\u00ed, SALSES FRUITS tindr\u00e0 un estand a la GRAN FESTA DE LA CAL\u00c7OTADA , concretament a la pla\u00e7a EL PATI, centre de la festa. Veniu a veure'ns i podreu tastar i comprar la tradicional SALSA CAL\u00c7OTADA de SALSES FRUITS la salsa cal\u00e7otada de la terra del cal\u00e7ots.","og_url":"https:\/\/fruitssp.com\/es\/noticies\/us-esperem-a-valls\/","og_site_name":"Salses Fruits","article_publisher":"https:\/\/www.facebook.com\/Salses-Fruits-SP-1137777022906379\/","article_published_time":"2025-01-17T14:07:30+00:00","article_modified_time":"2025-01-17T14:12:09+00:00","og_image":[{"width":1080,"height":1350,"url":"https:\/\/fruitssp.com\/wp-content\/uploads\/2025\/01\/11812_1080x1350_calcot_25_fruits.jpg","type":"image\/jpeg"}],"author":"fruitssp","twitter_card":"summary_large_image","twitter_misc":{"Escrito por":"fruitssp","Tiempo de lectura":"3 minutos"},"schema":{"@context":"https:\/\/schema.org","@graph":[{"@type":"Article","@id":"https:\/\/fruitssp.com\/noticies\/us-esperem-a-valls\/#article","isPartOf":{"@id":"https:\/\/fruitssp.com\/noticies\/us-esperem-a-valls\/"},"author":{"name":"fruitssp","@id":"https:\/\/fruitssp.com\/#\/schema\/person\/74f4a70f480644ed06e5945c13b509c8"},"headline":"Us esperem a Valls","datePublished":"2025-01-17T14:07:30+00:00","dateModified":"2025-01-17T14:12:09+00:00","mainEntityOfPage":{"@id":"https:\/\/fruitssp.com\/noticies\/us-esperem-a-valls\/"},"wordCount":384,"publisher":{"@id":"https:\/\/fruitssp.com\/#organization"},"image":{"@id":"https:\/\/fruitssp.com\/noticies\/us-esperem-a-valls\/#primaryimage"},"thumbnailUrl":"https:\/\/fruitssp.com\/wp-content\/uploads\/2025\/01\/11812_1080x1350_calcot_25_fruits.jpg","keywords":["Degustaci\u00f3","Gran Festa de la Cal\u00e7otada","salsa cal\u00e7otada"],"articleSection":["Noticies"],"inLanguage":"es"},{"@type":"WebPage","@id":"https:\/\/fruitssp.com\/noticies\/us-esperem-a-valls\/","url":"https:\/\/fruitssp.com\/noticies\/us-esperem-a-valls\/","name":"Us esperem a Valls - Salses Fruits","isPartOf":{"@id":"https:\/\/fruitssp.com\/#website"},"primaryImageOfPage":{"@id":"https:\/\/fruitssp.com\/noticies\/us-esperem-a-valls\/#primaryimage"},"image":{"@id":"https:\/\/fruitssp.com\/noticies\/us-esperem-a-valls\/#primaryimage"},"thumbnailUrl":"https:\/\/fruitssp.com\/wp-content\/uploads\/2025\/01\/11812_1080x1350_calcot_25_fruits.jpg","datePublished":"2025-01-17T14:07:30+00:00","dateModified":"2025-01-17T14:12:09+00:00","description":"El pr\u00f2xim diumenge 26 de gener de 2025, a partir de les 10 del mat\u00ed, SALSES FRUITS tindr\u00e0 un estand a la GRAN FESTA DE LA CAL\u00c7OTADA , concretament a la pla\u00e7a EL PATI, centre de la festa. Veniu a veure'ns i podreu tastar i comprar la tradicional SALSA CAL\u00c7OTADA de SALSES FRUITS la salsa cal\u00e7otada de la terra del cal\u00e7ots.","breadcrumb":{"@id":"https:\/\/fruitssp.com\/noticies\/us-esperem-a-valls\/#breadcrumb"},"inLanguage":"es","potentialAction":[{"@type":"ReadAction","target":["https:\/\/fruitssp.com\/noticies\/us-esperem-a-valls\/"]}]},{"@type":"ImageObject","inLanguage":"es","@id":"https:\/\/fruitssp.com\/noticies\/us-esperem-a-valls\/#primaryimage","url":"https:\/\/fruitssp.com\/wp-content\/uploads\/2025\/01\/11812_1080x1350_calcot_25_fruits.jpg","contentUrl":"https:\/\/fruitssp.com\/wp-content\/uploads\/2025\/01\/11812_1080x1350_calcot_25_fruits.jpg","width":1080,"height":1350,"caption":"Salses Fruits, patrocinador oficial de la Gran Festa de la Cal\u00e7otada 2025"},{"@type":"BreadcrumbList","@id":"https:\/\/fruitssp.com\/noticies\/us-esperem-a-valls\/#breadcrumb","itemListElement":[{"@type":"ListItem","position":1,"name":"Inici","item":"https:\/\/fruitssp.com\/"},{"@type":"ListItem","position":2,"name":"Us esperem a Valls"}]},{"@type":"WebSite","@id":"https:\/\/fruitssp.com\/#website","url":"https:\/\/fruitssp.com\/","name":"FruitsSP","description":"Salsas y productos frescos y naturales, de la tierra del cal\u00e7ot","publisher":{"@id":"https:\/\/fruitssp.com\/#organization"},"potentialAction":[{"@type":"SearchAction","target":{"@type":"EntryPoint","urlTemplate":"https:\/\/fruitssp.com\/?s={search_term_string}"},"query-input":{"@type":"PropertyValueSpecification","valueRequired":true,"valueName":"search_term_string"}}],"inLanguage":"es"},{"@type":"Organization","@id":"https:\/\/fruitssp.com\/#organization","name":"Salsas Frutos S &amp; P","url":"https:\/\/fruitssp.com\/","logo":{"@type":"ImageObject","inLanguage":"es","@id":"https:\/\/fruitssp.com\/#\/schema\/logo\/image\/","url":"https:\/\/fruitssp.com\/wp-content\/uploads\/2022\/12\/logoFruits_472x406.png","contentUrl":"https:\/\/fruitssp.com\/wp-content\/uploads\/2022\/12\/logoFruits_472x406.png","width":472,"height":406,"caption":"Salses Fruits S&P"},"image":{"@id":"https:\/\/fruitssp.com\/#\/schema\/logo\/image\/"},"sameAs":["https:\/\/www.facebook.com\/Salses-Fruits-SP-1137777022906379\/","https:\/\/www.instagram.com\/salsesfruitssp\/","https:\/\/www.linkedin.com\/company\/salses-fruits-s-i-p-sl\/"]},{"@type":"Person","@id":"https:\/\/fruitssp.com\/#\/schema\/person\/74f4a70f480644ed06e5945c13b509c8","name":"fruitssp"}]}},"_links":{"self":[{"href":"https:\/\/fruitssp.com\/es\/wp-json\/wp\/v2\/posts\/16095","targetHints":{"allow":["GET"]}}],"collection":[{"href":"https:\/\/fruitssp.com\/es\/wp-json\/wp\/v2\/posts"}],"about":[{"href":"https:\/\/fruitssp.com\/es\/wp-json\/wp\/v2\/types\/post"}],"author":[{"embeddable":true,"href":"https:\/\/fruitssp.com\/es\/wp-json\/wp\/v2\/users\/1"}],"replies":[{"embeddable":true,"href":"https:\/\/fruitssp.com\/es\/wp-json\/wp\/v2\/comments?post=16095"}],"version-history":[{"count":0,"href":"https:\/\/fruitssp.com\/es\/wp-json\/wp\/v2\/posts\/16095\/revisions"}],"wp:featuredmedia":[{"embeddable":true,"href":"https:\/\/fruitssp.com\/es\/wp-json\/wp\/v2\/media\/16096"}],"wp:attachment":[{"href":"https:\/\/fruitssp.com\/es\/wp-json\/wp\/v2\/media?parent=16095"}],"wp:term":[{"taxonomy":"category","embeddable":true,"href":"https:\/\/fruitssp.com\/es\/wp-json\/wp\/v2\/categories?post=16095"},{"taxonomy":"post_tag","embeddable":true,"href":"https:\/\/fruitssp.com\/es\/wp-json\/wp\/v2\/tags?post=16095"}],"curies":[{"name":"wp","href":"https:\/\/api.w.org\/{rel}","templated":true}]}}