{"id":16125,"date":"2025-01-27T16:21:27","date_gmt":"2025-01-27T16:21:27","guid":{"rendered":"https:\/\/fruitssp.com\/?p=16125"},"modified":"2025-01-27T17:37:44","modified_gmt":"2025-01-27T17:37:44","slug":"exit-de-la-gran-festa-de-la-calcotada-2025","status":"publish","type":"post","link":"https:\/\/fruitssp.com\/es\/noticies\/exit-de-la-gran-festa-de-la-calcotada-2025\/","title":{"rendered":"\u00c9xito de la Gran Fiesta de la Cal\u00e7otada 2025"},"content":{"rendered":"<section class=\"l-section wpb_row height_medium\"><div class=\"l-section-h i-cf\"><div class=\"g-cols vc_row via_grid cols_1 laptops-cols_inherit tablets-cols_inherit mobiles-cols_1 valign_top type_default stacking_default\"><div class=\"wpb_column vc_column_container\"><div class=\"vc_column-inner\"><div class=\"w-image align_none meta_simple\"><div class=\"w-image-h\"><img loading=\"lazy\" decoding=\"async\" width=\"1200\" height=\"900\" src=\"https:\/\/fruitssp.com\/wp-content\/uploads\/2025\/01\/CFC2025-002.jpg\" class=\"attachment-full size-full\" alt=\"Gran Festa Cal\u00e7otada Valls 2025\" srcset=\"https:\/\/fruitssp.com\/wp-content\/uploads\/2025\/01\/CFC2025-002.jpg 1200w, https:\/\/fruitssp.com\/wp-content\/uploads\/2025\/01\/CFC2025-002-300x225.jpg 300w, https:\/\/fruitssp.com\/wp-content\/uploads\/2025\/01\/CFC2025-002-1024x768.jpg 1024w, https:\/\/fruitssp.com\/wp-content\/uploads\/2025\/01\/CFC2025-002-16x12.jpg 16w, https:\/\/fruitssp.com\/wp-content\/uploads\/2025\/01\/CFC2025-002-600x450.jpg 600w, https:\/\/fruitssp.com\/wp-content\/uploads\/2025\/01\/CFC2025-002-768x576.jpg 768w, https:\/\/fruitssp.com\/wp-content\/uploads\/2025\/01\/CFC2025-002-900x675.jpg 900w\" sizes=\"auto, (max-width: 1200px) 100vw, 1200px\" \/><\/div><div class=\"w-image-meta\"><div class=\"w-image-title\">Stand de Salsas Frutos en la Gran Fiesta Cal\u00e7otada Valls 2025<\/div><div class=\"w-image-description\">Gran Fiesta Cal\u00e7otada Valls 2025<\/div><\/div><\/div><div class=\"w-separator size_medium\"><\/div><div class=\"wpb_text_column\"><div class=\"wpb_wrapper\"><p class=\"p1\"><i>Valls, 27 de enero de 2025 <\/i>Un a\u00f1o m\u00e1s Valls se ha convertido en la capital mundial de la Cal\u00e7otada con la <b>Gran Fiesta de la Cal\u00e7otada<\/b> que se ha celebrado este domingo 26 de enero. Con un gran ambiente en las calles y plazas de la ciudad, el evento ha atra\u00eddo a hasta 40.000 personas en la capital del Alt Camp.<\/p>\n<p class=\"p1\">Esta tradicional fiesta gastron\u00f3mica, conocida en todo el mundo, ha sido especialmente destacada este a\u00f1o por ser el primer acto oficial de la <b>Regi\u00f3n Mundial de la Gastronom\u00eda Catalunya 2025<\/b>. Este a\u00f1o la fiesta recibi\u00f3 la visita del Hble. consejero de Empresa y Empleo de la Generalidad de Catalu\u00f1a, <strong>Miquel S\u00e1mper,<\/strong> que iba acompa\u00f1ado de la alcaldesa de Valls, <strong>Dolors\u00a0<span class=\"hiddenSpellError\">Farr\u00e9<\/span><\/strong>, del presidente de la C\u00e1mara de Comercio, <strong>Josep M Rovira<\/strong> y del concejal de turismo de Valls, <strong>Joan Ibarra<\/strong>.<\/p>\n<p class=\"p1\"><b>Salses Fruits<\/b> ha estado presente un a\u00f1o m\u00e1s como patrocinador oficial junto con <b>Castell d'Or<\/b> y <b>Europastry<\/b>.<\/p>\n<p class=\"p1\">La Comisi\u00f3n Organizadora hace una valoraci\u00f3n muy positiva de esta edici\u00f3n. En esta ocasi\u00f3n, se pusieron a la venta 3.600 lotes de degustaci\u00f3n, de los que 1.700 se adquirieron de forma anticipada, marcando un nuevo r\u00e9cord. Cabe destacar tambi\u00e9n la consolidaci\u00f3n de la zona de degustaci\u00f3n ubicada en la Cooperativa Agr\u00edcola, un espacio amplio de m\u00e1s de 5.000 m\u00b2, equipado con mesas, brasas, parrillas, servicio de bar y m\u00fasica en vivo, que se consolida como uno de los epicentros de la fiesta.<\/p>\n<p class=\"p1\">En cada lote degustaci\u00f3n, aparte de los cal\u00e7ots hab\u00eda un bote de <b>Salsa Cal\u00e7otada de Salses Fruits<\/b>, una botella de cava de 375 cc de cava <b>Castell d'Or<\/b> y un lote de pan <b>Cristalino de Europastry<\/b>.<\/p>\n<p class=\"p1\">Durante toda la ma\u00f1ana, las calles y plazas de Valls se llenaron de riadas de gente que disfrutaba del ambiente festivo: apreciando demostraciones de c\u00f3mo cocer cal\u00e7ots, comprando salchich\u00f3n en las carnicer\u00edas locales, viviendo los concursos, siguiendo el pasacalle o visitando el mercado de la cal\u00e7otada. Adem\u00e1s, muchos optaron por comprar y degustar la cal\u00e7otada popular, viviendo una experiencia \u00fanica que cada a\u00f1o atrae a m\u00e1s personas a la ciudad. Los visitantes proced\u00edan de destinos tan diversos como Rusia, Bulgaria, China, Corea, Estados Unidos, Francia, Alemania, Andorra y de muchos puntos de Espa\u00f1a, como Barcelona, Valencia, C\u00e1diz o Sevilla, entre otros.<\/p>\n<p class=\"p1\"><b>Salses Fruits<\/b>, desde el stand situado en la plaza de El Pati de Valls, ofreci\u00f3 degustaciones de <b>Salsa Cal\u00e7otada<\/b> y catas de <b>Crema de Cal\u00e7ots<\/b> y otros productos de la marca como el Allioli y <b>el Allioli intenso<\/b>.<\/p>\n<p class=\"p1\">Un a\u00f1o m\u00e1s, <b>Salses Fruits<\/b> y la <b>Gran Fiesta de la Cal\u00e7otada<\/b> han trabajado juntos para hacer de esta popular manifestaci\u00f3n gastron\u00f3mica una fiesta por todos los asistentes. \u00a1Por muchos a\u00f1os!<\/p>\n<p><a href=\"https:\/\/festacalcotadavalls.cat\/\" target=\"_blank\" rel=\"noopener\">M\u00e1s informaci\u00f3n en festacalcotada.cat<\/a><\/p>\n<\/div><\/div><div class=\"w-separator size_medium\"><\/div><div class=\"w-image align_center meta_simple\"><div class=\"w-image-h\"><img loading=\"lazy\" decoding=\"async\" width=\"1200\" height=\"900\" src=\"https:\/\/fruitssp.com\/wp-content\/uploads\/2025\/01\/GFC2025-001.jpg\" class=\"attachment-full size-full\" alt=\"Gran Festa Cal\u00e7otada Valls 2025\" srcset=\"https:\/\/fruitssp.com\/wp-content\/uploads\/2025\/01\/GFC2025-001.jpg 1200w, https:\/\/fruitssp.com\/wp-content\/uploads\/2025\/01\/GFC2025-001-300x225.jpg 300w, https:\/\/fruitssp.com\/wp-content\/uploads\/2025\/01\/GFC2025-001-1024x768.jpg 1024w, https:\/\/fruitssp.com\/wp-content\/uploads\/2025\/01\/GFC2025-001-16x12.jpg 16w, https:\/\/fruitssp.com\/wp-content\/uploads\/2025\/01\/GFC2025-001-600x450.jpg 600w, https:\/\/fruitssp.com\/wp-content\/uploads\/2025\/01\/GFC2025-001-768x576.jpg 768w, https:\/\/fruitssp.com\/wp-content\/uploads\/2025\/01\/GFC2025-001-900x675.jpg 900w\" sizes=\"auto, (max-width: 1200px) 100vw, 1200px\" \/><\/div><div class=\"w-image-meta\"><div class=\"w-image-title\">El Consejero de Empresa, Miquel S\u00e0mper, con la alcaldesa de Valls y el presidente de la C\u00e1mara de Comercio en la Gran Fiesta Cal\u00e7otada Valls 2025<\/div><div class=\"w-image-description\">Gran Fiesta Cal\u00e7otada Valls 2025<\/div><\/div><\/div><div class=\"w-image align_center meta_simple\"><div class=\"w-image-h\"><img loading=\"lazy\" decoding=\"async\" width=\"1200\" height=\"1517\" src=\"https:\/\/fruitssp.com\/wp-content\/uploads\/2025\/01\/GFC-Castells-002.jpg\" class=\"attachment-full size-full\" alt=\"Gran Festa de la Cal\u00e7otada de Valls 2025\" srcset=\"https:\/\/fruitssp.com\/wp-content\/uploads\/2025\/01\/GFC-Castells-002.jpg 1200w, https:\/\/fruitssp.com\/wp-content\/uploads\/2025\/01\/GFC-Castells-002-237x300.jpg 237w, https:\/\/fruitssp.com\/wp-content\/uploads\/2025\/01\/GFC-Castells-002-810x1024.jpg 810w, https:\/\/fruitssp.com\/wp-content\/uploads\/2025\/01\/GFC-Castells-002-9x12.jpg 9w, https:\/\/fruitssp.com\/wp-content\/uploads\/2025\/01\/GFC-Castells-002-600x759.jpg 600w, https:\/\/fruitssp.com\/wp-content\/uploads\/2025\/01\/GFC-Castells-002-768x971.jpg 768w, https:\/\/fruitssp.com\/wp-content\/uploads\/2025\/01\/GFC-Castells-002-300x379.jpg 300w, https:\/\/fruitssp.com\/wp-content\/uploads\/2025\/01\/GFC-Castells-002-900x1138.jpg 900w\" sizes=\"auto, (max-width: 1200px) 100vw, 1200px\" \/><\/div><div class=\"w-image-meta\"><div class=\"w-image-title\">Gran Fiesta de la Cal\u00e7otada de Valls 2025<\/div><div class=\"w-image-description\">Gran Fiesta de la Cal\u00e7otada de Valls 2025<\/div><\/div><\/div><\/div><\/div><\/div><\/div><\/section>","protected":false},"excerpt":{"rendered":"Stand de Salsas Frutos en la Gran Fiesta Cal\u00e7otada Valls 2025Gran Fiesta Cal\u00e7otada Valls 2025Valls, 27 de enero de 2025 \u2013 Un a\u00f1o m\u00e1s Valls se ha convertido en la capital mundial de la Cal\u00e7otada con la Gran Fiesta de la Cal\u00e7otada que se ha celebrado este domingo2. Con un gran ambiente en las...","protected":false},"author":1,"featured_media":16126,"comment_status":"closed","ping_status":"closed","sticky":false,"template":"","format":"standard","meta":{"inline_featured_image":false,"footnotes":""},"categories":[1],"tags":[294,312,311,306,310],"class_list":["post-16125","post","type-post","status-publish","format-standard","has-post-thumbnail","hentry","category-noticies","tag-cambra-de-comerc-de-valls","tag-cava-castell-dor","tag-europastry","tag-gran-festa-de-la-calcotada","tag-igp-calcot-de-valls"],"yoast_head":"<!-- This site is optimized with the Yoast SEO plugin v26.7 - https:\/\/yoast.com\/wordpress\/plugins\/seo\/ -->\n<title>\u00c8xit de la Gran Festa de la Cal\u00e7otada 2025 - Salses Fruits<\/title>\n<meta name=\"description\" content=\"Un any m\u00e9s Valls s&#039;ha convertit en la capital mundial de la Cal\u00e7otada amb la Gran Festa de la Cal\u00e7otada. Amb un gran ambient als carrers i places de la ciutat, l&#039;esdeveniment ha atret fins a 40.000 persones a la capital de l&#039;Alt Camp.\" \/>\n<meta name=\"robots\" content=\"index, follow, max-snippet:-1, max-image-preview:large, max-video-preview:-1\" \/>\n<link rel=\"canonical\" href=\"https:\/\/fruitssp.com\/es\/noticies\/exit-de-la-gran-festa-de-la-calcotada-2025\/\" \/>\n<meta property=\"og:locale\" content=\"es_ES\" \/>\n<meta property=\"og:type\" content=\"article\" \/>\n<meta property=\"og:title\" content=\"\u00c8xit de la Gran Festa de la Cal\u00e7otada 2025 - Salses Fruits\" \/>\n<meta property=\"og:description\" content=\"Un any m\u00e9s Valls s&#039;ha convertit en la capital mundial de la Cal\u00e7otada amb la Gran Festa de la Cal\u00e7otada. Amb un gran ambient als carrers i places de la ciutat, l&#039;esdeveniment ha atret fins a 40.000 persones a la capital de l&#039;Alt Camp.\" \/>\n<meta property=\"og:url\" content=\"https:\/\/fruitssp.com\/es\/noticies\/exit-de-la-gran-festa-de-la-calcotada-2025\/\" \/>\n<meta property=\"og:site_name\" content=\"Salses Fruits\" \/>\n<meta property=\"article:publisher\" content=\"https:\/\/www.facebook.com\/Salses-Fruits-SP-1137777022906379\/\" \/>\n<meta property=\"article:published_time\" content=\"2025-01-27T16:21:27+00:00\" \/>\n<meta property=\"article:modified_time\" content=\"2025-01-27T17:37:44+00:00\" \/>\n<meta property=\"og:image\" content=\"https:\/\/fruitssp.com\/wp-content\/uploads\/2025\/01\/CFC2025-002.jpg\" \/>\n\t<meta property=\"og:image:width\" content=\"1200\" \/>\n\t<meta property=\"og:image:height\" content=\"900\" \/>\n\t<meta property=\"og:image:type\" content=\"image\/jpeg\" \/>\n<meta name=\"author\" content=\"fruitssp\" \/>\n<meta name=\"twitter:card\" content=\"summary_large_image\" \/>\n<meta name=\"twitter:label1\" content=\"Escrito por\" \/>\n\t<meta name=\"twitter:data1\" content=\"fruitssp\" \/>\n\t<meta name=\"twitter:label2\" content=\"Tiempo de lectura\" \/>\n\t<meta name=\"twitter:data2\" content=\"4 minutos\" \/>\n<!-- \/ Yoast SEO plugin. -->","yoast_head_json":{"title":"\u00c8xit de la Gran Festa de la Cal\u00e7otada 2025 - Salses Fruits","description":"Un any m\u00e9s Valls s'ha convertit en la capital mundial de la Cal\u00e7otada amb la Gran Festa de la Cal\u00e7otada. Amb un gran ambient als carrers i places de la ciutat, l'esdeveniment ha atret fins a 40.000 persones a la capital de l'Alt Camp.","robots":{"index":"index","follow":"follow","max-snippet":"max-snippet:-1","max-image-preview":"max-image-preview:large","max-video-preview":"max-video-preview:-1"},"canonical":"https:\/\/fruitssp.com\/es\/noticies\/exit-de-la-gran-festa-de-la-calcotada-2025\/","og_locale":"es_ES","og_type":"article","og_title":"\u00c8xit de la Gran Festa de la Cal\u00e7otada 2025 - Salses Fruits","og_description":"Un any m\u00e9s Valls s'ha convertit en la capital mundial de la Cal\u00e7otada amb la Gran Festa de la Cal\u00e7otada. Amb un gran ambient als carrers i places de la ciutat, l'esdeveniment ha atret fins a 40.000 persones a la capital de l'Alt Camp.","og_url":"https:\/\/fruitssp.com\/es\/noticies\/exit-de-la-gran-festa-de-la-calcotada-2025\/","og_site_name":"Salses Fruits","article_publisher":"https:\/\/www.facebook.com\/Salses-Fruits-SP-1137777022906379\/","article_published_time":"2025-01-27T16:21:27+00:00","article_modified_time":"2025-01-27T17:37:44+00:00","og_image":[{"width":1200,"height":900,"url":"https:\/\/fruitssp.com\/wp-content\/uploads\/2025\/01\/CFC2025-002.jpg","type":"image\/jpeg"}],"author":"fruitssp","twitter_card":"summary_large_image","twitter_misc":{"Escrito por":"fruitssp","Tiempo de lectura":"4 minutos"},"schema":{"@context":"https:\/\/schema.org","@graph":[{"@type":"Article","@id":"https:\/\/fruitssp.com\/noticies\/exit-de-la-gran-festa-de-la-calcotada-2025\/#article","isPartOf":{"@id":"https:\/\/fruitssp.com\/noticies\/exit-de-la-gran-festa-de-la-calcotada-2025\/"},"author":{"name":"fruitssp","@id":"https:\/\/fruitssp.com\/#\/schema\/person\/74f4a70f480644ed06e5945c13b509c8"},"headline":"\u00c8xit de la Gran Festa de la Cal\u00e7otada 2025","datePublished":"2025-01-27T16:21:27+00:00","dateModified":"2025-01-27T17:37:44+00:00","mainEntityOfPage":{"@id":"https:\/\/fruitssp.com\/noticies\/exit-de-la-gran-festa-de-la-calcotada-2025\/"},"wordCount":518,"publisher":{"@id":"https:\/\/fruitssp.com\/#organization"},"image":{"@id":"https:\/\/fruitssp.com\/noticies\/exit-de-la-gran-festa-de-la-calcotada-2025\/#primaryimage"},"thumbnailUrl":"https:\/\/fruitssp.com\/wp-content\/uploads\/2025\/01\/CFC2025-002.jpg","keywords":["Cambra de Comer\u00e7 de Valls","Cava Castell D'Or","Europastry","Gran Festa de la Cal\u00e7otada","IGP Cal\u00e7ot de Valls"],"articleSection":["Noticies"],"inLanguage":"es"},{"@type":"WebPage","@id":"https:\/\/fruitssp.com\/noticies\/exit-de-la-gran-festa-de-la-calcotada-2025\/","url":"https:\/\/fruitssp.com\/noticies\/exit-de-la-gran-festa-de-la-calcotada-2025\/","name":"\u00c8xit de la Gran Festa de la Cal\u00e7otada 2025 - Salses Fruits","isPartOf":{"@id":"https:\/\/fruitssp.com\/#website"},"primaryImageOfPage":{"@id":"https:\/\/fruitssp.com\/noticies\/exit-de-la-gran-festa-de-la-calcotada-2025\/#primaryimage"},"image":{"@id":"https:\/\/fruitssp.com\/noticies\/exit-de-la-gran-festa-de-la-calcotada-2025\/#primaryimage"},"thumbnailUrl":"https:\/\/fruitssp.com\/wp-content\/uploads\/2025\/01\/CFC2025-002.jpg","datePublished":"2025-01-27T16:21:27+00:00","dateModified":"2025-01-27T17:37:44+00:00","description":"Un any m\u00e9s Valls s'ha convertit en la capital mundial de la Cal\u00e7otada amb la Gran Festa de la Cal\u00e7otada. Amb un gran ambient als carrers i places de la ciutat, l'esdeveniment ha atret fins a 40.000 persones a la capital de l'Alt Camp.","breadcrumb":{"@id":"https:\/\/fruitssp.com\/noticies\/exit-de-la-gran-festa-de-la-calcotada-2025\/#breadcrumb"},"inLanguage":"es","potentialAction":[{"@type":"ReadAction","target":["https:\/\/fruitssp.com\/noticies\/exit-de-la-gran-festa-de-la-calcotada-2025\/"]}]},{"@type":"ImageObject","inLanguage":"es","@id":"https:\/\/fruitssp.com\/noticies\/exit-de-la-gran-festa-de-la-calcotada-2025\/#primaryimage","url":"https:\/\/fruitssp.com\/wp-content\/uploads\/2025\/01\/CFC2025-002.jpg","contentUrl":"https:\/\/fruitssp.com\/wp-content\/uploads\/2025\/01\/CFC2025-002.jpg","width":1200,"height":900,"caption":"Estand de Salses Fruits a la Gran Festa Cal\u00e7otada Valls 2025"},{"@type":"BreadcrumbList","@id":"https:\/\/fruitssp.com\/noticies\/exit-de-la-gran-festa-de-la-calcotada-2025\/#breadcrumb","itemListElement":[{"@type":"ListItem","position":1,"name":"Inici","item":"https:\/\/fruitssp.com\/"},{"@type":"ListItem","position":2,"name":"\u00c8xit de la Gran Festa de la Cal\u00e7otada 2025"}]},{"@type":"WebSite","@id":"https:\/\/fruitssp.com\/#website","url":"https:\/\/fruitssp.com\/","name":"FruitsSP","description":"Salsas y productos frescos y naturales, de la tierra del cal\u00e7ot","publisher":{"@id":"https:\/\/fruitssp.com\/#organization"},"potentialAction":[{"@type":"SearchAction","target":{"@type":"EntryPoint","urlTemplate":"https:\/\/fruitssp.com\/?s={search_term_string}"},"query-input":{"@type":"PropertyValueSpecification","valueRequired":true,"valueName":"search_term_string"}}],"inLanguage":"es"},{"@type":"Organization","@id":"https:\/\/fruitssp.com\/#organization","name":"Salsas Frutos S &amp; P","url":"https:\/\/fruitssp.com\/","logo":{"@type":"ImageObject","inLanguage":"es","@id":"https:\/\/fruitssp.com\/#\/schema\/logo\/image\/","url":"https:\/\/fruitssp.com\/wp-content\/uploads\/2022\/12\/logoFruits_472x406.png","contentUrl":"https:\/\/fruitssp.com\/wp-content\/uploads\/2022\/12\/logoFruits_472x406.png","width":472,"height":406,"caption":"Salses Fruits S&P"},"image":{"@id":"https:\/\/fruitssp.com\/#\/schema\/logo\/image\/"},"sameAs":["https:\/\/www.facebook.com\/Salses-Fruits-SP-1137777022906379\/","https:\/\/www.instagram.com\/salsesfruitssp\/","https:\/\/www.linkedin.com\/company\/salses-fruits-s-i-p-sl\/"]},{"@type":"Person","@id":"https:\/\/fruitssp.com\/#\/schema\/person\/74f4a70f480644ed06e5945c13b509c8","name":"fruitssp"}]}},"_links":{"self":[{"href":"https:\/\/fruitssp.com\/es\/wp-json\/wp\/v2\/posts\/16125","targetHints":{"allow":["GET"]}}],"collection":[{"href":"https:\/\/fruitssp.com\/es\/wp-json\/wp\/v2\/posts"}],"about":[{"href":"https:\/\/fruitssp.com\/es\/wp-json\/wp\/v2\/types\/post"}],"author":[{"embeddable":true,"href":"https:\/\/fruitssp.com\/es\/wp-json\/wp\/v2\/users\/1"}],"replies":[{"embeddable":true,"href":"https:\/\/fruitssp.com\/es\/wp-json\/wp\/v2\/comments?post=16125"}],"version-history":[{"count":0,"href":"https:\/\/fruitssp.com\/es\/wp-json\/wp\/v2\/posts\/16125\/revisions"}],"wp:featuredmedia":[{"embeddable":true,"href":"https:\/\/fruitssp.com\/es\/wp-json\/wp\/v2\/media\/16126"}],"wp:attachment":[{"href":"https:\/\/fruitssp.com\/es\/wp-json\/wp\/v2\/media?parent=16125"}],"wp:term":[{"taxonomy":"category","embeddable":true,"href":"https:\/\/fruitssp.com\/es\/wp-json\/wp\/v2\/categories?post=16125"},{"taxonomy":"post_tag","embeddable":true,"href":"https:\/\/fruitssp.com\/es\/wp-json\/wp\/v2\/tags?post=16125"}],"curies":[{"name":"wp","href":"https:\/\/api.w.org\/{rel}","templated":true}]}}