{"id":16133,"date":"2025-01-27T17:03:55","date_gmt":"2025-01-27T17:03:55","guid":{"rendered":"https:\/\/fruitssp.com\/?p=16133"},"modified":"2025-01-27T17:38:48","modified_gmt":"2025-01-27T17:38:48","slug":"nou-concurs-infantil-de-salsa-de-la-calcotada","status":"publish","type":"post","link":"https:\/\/fruitssp.com\/es\/noticies\/nou-concurs-infantil-de-salsa-de-la-calcotada\/","title":{"rendered":"Nuevo Concurso Infantil de Salsa de la Cal\u00e7otada"},"content":{"rendered":"<section class=\"l-section wpb_row height_medium\"><div class=\"l-section-h i-cf\"><div class=\"g-cols vc_row via_grid cols_1 laptops-cols_inherit tablets-cols_inherit mobiles-cols_1 valign_top type_default stacking_default\"><div class=\"wpb_column vc_column_container\"><div class=\"vc_column-inner\"><div class=\"w-image align_center meta_simple\"><div class=\"w-image-h\"><img loading=\"lazy\" decoding=\"async\" width=\"1200\" height=\"900\" src=\"https:\/\/fruitssp.com\/wp-content\/uploads\/2025\/01\/GFC-Infantil-002.jpg\" class=\"attachment-full size-full\" alt=\"Gran Festa de la Cal\u00e7otada de Valls 2025\" srcset=\"https:\/\/fruitssp.com\/wp-content\/uploads\/2025\/01\/GFC-Infantil-002.jpg 1200w, https:\/\/fruitssp.com\/wp-content\/uploads\/2025\/01\/GFC-Infantil-002-300x225.jpg 300w, https:\/\/fruitssp.com\/wp-content\/uploads\/2025\/01\/GFC-Infantil-002-1024x768.jpg 1024w, https:\/\/fruitssp.com\/wp-content\/uploads\/2025\/01\/GFC-Infantil-002-16x12.jpg 16w, https:\/\/fruitssp.com\/wp-content\/uploads\/2025\/01\/GFC-Infantil-002-600x450.jpg 600w, https:\/\/fruitssp.com\/wp-content\/uploads\/2025\/01\/GFC-Infantil-002-768x576.jpg 768w, https:\/\/fruitssp.com\/wp-content\/uploads\/2025\/01\/GFC-Infantil-002-900x675.jpg 900w\" sizes=\"auto, (max-width: 1200px) 100vw, 1200px\" \/><\/div><div class=\"w-image-meta\"><div class=\"w-image-title\">Concurso Infantil de Salsa de la Cal\u00e7otada en la Gran Fiesta de la Cal\u00e7otada de Valls 2025<\/div><\/div><\/div><div class=\"w-separator size_medium\"><\/div><div class=\"wpb_text_column\"><div class=\"wpb_wrapper\"><p class=\"p1\">Este a\u00f1o, la novedad en la 47\u00aa Gran Fiesta de la Cal\u00e7otada de Valls ha sido el <b>1r Concurso Infantil de Salsa de la Cal\u00e7otada<\/b> organizado por la r<b>egidoria de Educaci\u00f3n y Pol\u00edtica Ling\u00fc\u00edstica del Ayuntamiento de Valls<\/b> y en el que, Salses Fruits ha sido el patrocinador de los premios. Los ni\u00f1os y ni\u00f1as han aprendido c\u00f3mo se elabora la salsa de la cal\u00e7otada en un nuevo taller de Actividades en Familia del proyecto Plan Educativo de Entorno.<\/p>\n<p class=\"p1\">En este primer a\u00f1o el ganador ha sido <b>Quim G\u00f3mez<\/b>, de Valls. <b>Pau y <\/b><b>Julia Cald\u00f3<\/b>, tambi\u00e9n de Valls, han quedado en segunda posici\u00f3n, mientras que <b>Jan Rib\u00e9<\/b>, del Pla de Santa Maria, ha sido tercero.<\/p>\n<p class=\"p1\">Celebramos la incorporaci\u00f3n de este concurso que estimula el aprendizaje y el conocimiento de nuestra gastronom\u00eda popular en los m\u00e1s j\u00f3venes.<\/p>\n<p class=\"p1\">Paralelamente en el 33 Concurso de Salsa de la Cal\u00e7otada, <b>Emilia Llort<\/b>, de Reus, ha ganado el primer premio del Concurso de Salsa. <b>Rita Sot<\/b>, de Castellvell, y <b>Jos\u00e9 Maldonado<\/b>, de Valls, han ocupado el segundo y tercer puesto, respectivamente.<\/p>\n<p><a href=\"https:\/\/festacalcotadavalls.cat\/\" target=\"_blank\" rel=\"noopener\">M\u00e1s informaci\u00f3n en festacalcotada.cat<\/a><\/p>\n<\/div><\/div><div class=\"w-separator size_medium\"><\/div><div class=\"w-image align_center meta_simple\"><div class=\"w-image-h\"><img loading=\"lazy\" decoding=\"async\" width=\"1200\" height=\"858\" src=\"https:\/\/fruitssp.com\/wp-content\/uploads\/2025\/01\/GFC-Infabnt-001.jpg\" class=\"attachment-full size-full\" alt=\"Gran Festa de la Cal\u00e7otada de Valls 2025\" srcset=\"https:\/\/fruitssp.com\/wp-content\/uploads\/2025\/01\/GFC-Infabnt-001.jpg 1200w, https:\/\/fruitssp.com\/wp-content\/uploads\/2025\/01\/GFC-Infabnt-001-300x215.jpg 300w, https:\/\/fruitssp.com\/wp-content\/uploads\/2025\/01\/GFC-Infabnt-001-1024x732.jpg 1024w, https:\/\/fruitssp.com\/wp-content\/uploads\/2025\/01\/GFC-Infabnt-001-18x12.jpg 18w, https:\/\/fruitssp.com\/wp-content\/uploads\/2025\/01\/GFC-Infabnt-001-600x429.jpg 600w, https:\/\/fruitssp.com\/wp-content\/uploads\/2025\/01\/GFC-Infabnt-001-768x549.jpg 768w, https:\/\/fruitssp.com\/wp-content\/uploads\/2025\/01\/GFC-Infabnt-001-900x644.jpg 900w\" sizes=\"auto, (max-width: 1200px) 100vw, 1200px\" \/><\/div><div class=\"w-image-meta\"><div class=\"w-image-title\">Concurso Infantil de Salsa de la Cal\u00e7otada en la Gran Fiesta de la Cal\u00e7otada de Valls 2025<\/div><\/div><\/div><div class=\"w-separator size_medium\"><\/div><div class=\"w-image align_center meta_simple\"><div class=\"w-image-h\"><img loading=\"lazy\" decoding=\"async\" width=\"1200\" height=\"900\" src=\"https:\/\/fruitssp.com\/wp-content\/uploads\/2025\/01\/GFC-Salsa-002.jpg\" class=\"attachment-full size-full\" alt=\"Gran Festa de la Cal\u00e7otada de Valls 2025\" srcset=\"https:\/\/fruitssp.com\/wp-content\/uploads\/2025\/01\/GFC-Salsa-002.jpg 1200w, https:\/\/fruitssp.com\/wp-content\/uploads\/2025\/01\/GFC-Salsa-002-300x225.jpg 300w, https:\/\/fruitssp.com\/wp-content\/uploads\/2025\/01\/GFC-Salsa-002-1024x768.jpg 1024w, https:\/\/fruitssp.com\/wp-content\/uploads\/2025\/01\/GFC-Salsa-002-16x12.jpg 16w, https:\/\/fruitssp.com\/wp-content\/uploads\/2025\/01\/GFC-Salsa-002-600x450.jpg 600w, https:\/\/fruitssp.com\/wp-content\/uploads\/2025\/01\/GFC-Salsa-002-768x576.jpg 768w, https:\/\/fruitssp.com\/wp-content\/uploads\/2025\/01\/GFC-Salsa-002-900x675.jpg 900w\" sizes=\"auto, (max-width: 1200px) 100vw, 1200px\" \/><\/div><div class=\"w-image-meta\"><div class=\"w-image-title\">Em\u00edlia Llort, de Reus, ha ganado el primer premio del Concurso de Salsa Cal\u00e7otada<\/div><\/div><\/div><div class=\"w-separator size_small\"><\/div><div class=\"w-image align_center meta_simple\"><div class=\"w-image-h\"><img loading=\"lazy\" decoding=\"async\" width=\"1200\" height=\"900\" src=\"https:\/\/fruitssp.com\/wp-content\/uploads\/2025\/01\/GFC2025-Salsa001.jpg\" class=\"attachment-full size-full\" alt=\"Gran Festa de la Cal\u00e7otada de Valls 2025\" srcset=\"https:\/\/fruitssp.com\/wp-content\/uploads\/2025\/01\/GFC2025-Salsa001.jpg 1200w, https:\/\/fruitssp.com\/wp-content\/uploads\/2025\/01\/GFC2025-Salsa001-300x225.jpg 300w, https:\/\/fruitssp.com\/wp-content\/uploads\/2025\/01\/GFC2025-Salsa001-1024x768.jpg 1024w, https:\/\/fruitssp.com\/wp-content\/uploads\/2025\/01\/GFC2025-Salsa001-16x12.jpg 16w, https:\/\/fruitssp.com\/wp-content\/uploads\/2025\/01\/GFC2025-Salsa001-600x450.jpg 600w, https:\/\/fruitssp.com\/wp-content\/uploads\/2025\/01\/GFC2025-Salsa001-768x576.jpg 768w, https:\/\/fruitssp.com\/wp-content\/uploads\/2025\/01\/GFC2025-Salsa001-900x675.jpg 900w\" sizes=\"auto, (max-width: 1200px) 100vw, 1200px\" \/><\/div><div class=\"w-image-meta\"><div class=\"w-image-title\">Rita Sot, de Castellvell, segundo premio del Concurso de Salsa Cal\u00e7otada<\/div><\/div><\/div><div class=\"w-separator size_small\"><\/div><div class=\"w-image align_center meta_simple\"><div class=\"w-image-h\"><img loading=\"lazy\" decoding=\"async\" width=\"1200\" height=\"900\" src=\"https:\/\/fruitssp.com\/wp-content\/uploads\/2025\/01\/GFC-Salsa-003.jpg\" class=\"attachment-full size-full\" alt=\"Gran Festa de la Cal\u00e7otada de Valls 2025\" srcset=\"https:\/\/fruitssp.com\/wp-content\/uploads\/2025\/01\/GFC-Salsa-003.jpg 1200w, https:\/\/fruitssp.com\/wp-content\/uploads\/2025\/01\/GFC-Salsa-003-300x225.jpg 300w, https:\/\/fruitssp.com\/wp-content\/uploads\/2025\/01\/GFC-Salsa-003-1024x768.jpg 1024w, https:\/\/fruitssp.com\/wp-content\/uploads\/2025\/01\/GFC-Salsa-003-16x12.jpg 16w, https:\/\/fruitssp.com\/wp-content\/uploads\/2025\/01\/GFC-Salsa-003-600x450.jpg 600w, https:\/\/fruitssp.com\/wp-content\/uploads\/2025\/01\/GFC-Salsa-003-768x576.jpg 768w, https:\/\/fruitssp.com\/wp-content\/uploads\/2025\/01\/GFC-Salsa-003-900x675.jpg 900w\" sizes=\"auto, (max-width: 1200px) 100vw, 1200px\" \/><\/div><div class=\"w-image-meta\"><div class=\"w-image-title\">Jos\u00e9 Maldonado, de Valls tercer premio del Concurso de Salsa Cal\u00e7otada<\/div><\/div><\/div><div class=\"w-separator size_small\"><\/div><div class=\"w-image align_center meta_simple\"><div class=\"w-image-h\"><img loading=\"lazy\" decoding=\"async\" width=\"1200\" height=\"1600\" src=\"https:\/\/fruitssp.com\/wp-content\/uploads\/2025\/01\/GFCmorters001.jpg\" class=\"attachment-full size-full\" alt=\"Gran Festa de la Cal\u00e7otada de Valls 2025\" srcset=\"https:\/\/fruitssp.com\/wp-content\/uploads\/2025\/01\/GFCmorters001.jpg 1200w, https:\/\/fruitssp.com\/wp-content\/uploads\/2025\/01\/GFCmorters001-225x300.jpg 225w, https:\/\/fruitssp.com\/wp-content\/uploads\/2025\/01\/GFCmorters001-768x1024.jpg 768w, https:\/\/fruitssp.com\/wp-content\/uploads\/2025\/01\/GFCmorters001-9x12.jpg 9w, https:\/\/fruitssp.com\/wp-content\/uploads\/2025\/01\/GFCmorters001-600x800.jpg 600w, https:\/\/fruitssp.com\/wp-content\/uploads\/2025\/01\/GFCmorters001-300x400.jpg 300w, https:\/\/fruitssp.com\/wp-content\/uploads\/2025\/01\/GFCmorters001-900x1200.jpg 900w\" sizes=\"auto, (max-width: 1200px) 100vw, 1200px\" \/><\/div><div class=\"w-image-meta\"><div class=\"w-image-title\">Gran Fiesta de la Cal\u00e7otada de Valls 2025<\/div><\/div><\/div><\/div><\/div><\/div><\/div><\/section>","protected":false},"excerpt":{"rendered":"Concurso Infantil de Salsa de la Cal\u00e7otada en la Gran Fiesta de la Cal\u00e7otada de Valls 2025Este a\u00f1o, la novedad en la 47\u00aa Gran Fiesta de la Cal\u00e7otada de Valls ha sido el 1er Concurso Infantil de Salsa de la Cal\u00e7otada organizado por la concejal\u00eda de Educaci\u00f3n y Pol\u00edtica Ling\u00fc\u00edstica del Ayuntamiento de","protected":false},"author":1,"featured_media":16138,"comment_status":"closed","ping_status":"closed","sticky":false,"template":"","format":"standard","meta":{"inline_featured_image":false,"footnotes":""},"categories":[1],"tags":[313,208,221],"class_list":["post-16133","post","type-post","status-publish","format-standard","has-post-thumbnail","hentry","category-noticies","tag-concurs-infantil-de-salsa-calcotada","tag-festa-calcotada-valls","tag-salsa-calcotada"],"yoast_head":"<!-- This site is optimized with the Yoast SEO plugin v26.7 - https:\/\/yoast.com\/wordpress\/plugins\/seo\/ -->\n<title>Nou Concurs Infantil de Salsa de la Cal\u00e7otada - Salses Fruits<\/title>\n<meta name=\"description\" content=\"La novetat a la 47a Gran Festa de la Cal\u00e7otada de Valls ha estat el 1r Concurs Infantil de Salsa de la Cal\u00e7otada organitzat per la regidoria d&#039;Educaci\u00f3 i Pol\u00edtica Ling\u00fc\u00edstica de l&#039;Ajuntament de Valls i en el qual, Salses Fruits ha estat el patrocinador dels premis.\" \/>\n<meta name=\"robots\" content=\"index, follow, max-snippet:-1, max-image-preview:large, max-video-preview:-1\" \/>\n<link rel=\"canonical\" href=\"https:\/\/fruitssp.com\/es\/noticies\/nou-concurs-infantil-de-salsa-de-la-calcotada\/\" \/>\n<meta property=\"og:locale\" content=\"es_ES\" \/>\n<meta property=\"og:type\" content=\"article\" \/>\n<meta property=\"og:title\" content=\"Nou Concurs Infantil de Salsa de la Cal\u00e7otada - Salses Fruits\" \/>\n<meta property=\"og:description\" content=\"La novetat a la 47a Gran Festa de la Cal\u00e7otada de Valls ha estat el 1r Concurs Infantil de Salsa de la Cal\u00e7otada organitzat per la regidoria d&#039;Educaci\u00f3 i Pol\u00edtica Ling\u00fc\u00edstica de l&#039;Ajuntament de Valls i en el qual, Salses Fruits ha estat el patrocinador dels premis.\" \/>\n<meta property=\"og:url\" content=\"https:\/\/fruitssp.com\/es\/noticies\/nou-concurs-infantil-de-salsa-de-la-calcotada\/\" \/>\n<meta property=\"og:site_name\" content=\"Salses Fruits\" \/>\n<meta property=\"article:publisher\" content=\"https:\/\/www.facebook.com\/Salses-Fruits-SP-1137777022906379\/\" \/>\n<meta property=\"article:published_time\" content=\"2025-01-27T17:03:55+00:00\" \/>\n<meta property=\"article:modified_time\" content=\"2025-01-27T17:38:48+00:00\" \/>\n<meta property=\"og:image\" content=\"https:\/\/fruitssp.com\/wp-content\/uploads\/2025\/01\/GFC-Infantil-002.jpg\" \/>\n\t<meta property=\"og:image:width\" content=\"1200\" \/>\n\t<meta property=\"og:image:height\" content=\"900\" \/>\n\t<meta property=\"og:image:type\" content=\"image\/jpeg\" \/>\n<meta name=\"author\" content=\"fruitssp\" \/>\n<meta name=\"twitter:card\" content=\"summary_large_image\" \/>\n<meta name=\"twitter:label1\" content=\"Escrito por\" \/>\n\t<meta name=\"twitter:data1\" content=\"fruitssp\" \/>\n\t<meta name=\"twitter:label2\" content=\"Tiempo de lectura\" \/>\n\t<meta name=\"twitter:data2\" content=\"3 minutos\" \/>\n<!-- \/ Yoast SEO plugin. -->","yoast_head_json":{"title":"Nou Concurs Infantil de Salsa de la Cal\u00e7otada - Salses Fruits","description":"La novetat a la 47a Gran Festa de la Cal\u00e7otada de Valls ha estat el 1r Concurs Infantil de Salsa de la Cal\u00e7otada organitzat per la regidoria d'Educaci\u00f3 i Pol\u00edtica Ling\u00fc\u00edstica de l'Ajuntament de Valls i en el qual, Salses Fruits ha estat el patrocinador dels premis.","robots":{"index":"index","follow":"follow","max-snippet":"max-snippet:-1","max-image-preview":"max-image-preview:large","max-video-preview":"max-video-preview:-1"},"canonical":"https:\/\/fruitssp.com\/es\/noticies\/nou-concurs-infantil-de-salsa-de-la-calcotada\/","og_locale":"es_ES","og_type":"article","og_title":"Nou Concurs Infantil de Salsa de la Cal\u00e7otada - Salses Fruits","og_description":"La novetat a la 47a Gran Festa de la Cal\u00e7otada de Valls ha estat el 1r Concurs Infantil de Salsa de la Cal\u00e7otada organitzat per la regidoria d'Educaci\u00f3 i Pol\u00edtica Ling\u00fc\u00edstica de l'Ajuntament de Valls i en el qual, Salses Fruits ha estat el patrocinador dels premis.","og_url":"https:\/\/fruitssp.com\/es\/noticies\/nou-concurs-infantil-de-salsa-de-la-calcotada\/","og_site_name":"Salses Fruits","article_publisher":"https:\/\/www.facebook.com\/Salses-Fruits-SP-1137777022906379\/","article_published_time":"2025-01-27T17:03:55+00:00","article_modified_time":"2025-01-27T17:38:48+00:00","og_image":[{"width":1200,"height":900,"url":"https:\/\/fruitssp.com\/wp-content\/uploads\/2025\/01\/GFC-Infantil-002.jpg","type":"image\/jpeg"}],"author":"fruitssp","twitter_card":"summary_large_image","twitter_misc":{"Escrito por":"fruitssp","Tiempo de lectura":"3 minutos"},"schema":{"@context":"https:\/\/schema.org","@graph":[{"@type":"Article","@id":"https:\/\/fruitssp.com\/noticies\/nou-concurs-infantil-de-salsa-de-la-calcotada\/#article","isPartOf":{"@id":"https:\/\/fruitssp.com\/noticies\/nou-concurs-infantil-de-salsa-de-la-calcotada\/"},"author":{"name":"fruitssp","@id":"https:\/\/fruitssp.com\/#\/schema\/person\/74f4a70f480644ed06e5945c13b509c8"},"headline":"Nou Concurs Infantil de Salsa de la Cal\u00e7otada","datePublished":"2025-01-27T17:03:55+00:00","dateModified":"2025-01-27T17:38:48+00:00","mainEntityOfPage":{"@id":"https:\/\/fruitssp.com\/noticies\/nou-concurs-infantil-de-salsa-de-la-calcotada\/"},"wordCount":278,"publisher":{"@id":"https:\/\/fruitssp.com\/#organization"},"image":{"@id":"https:\/\/fruitssp.com\/noticies\/nou-concurs-infantil-de-salsa-de-la-calcotada\/#primaryimage"},"thumbnailUrl":"https:\/\/fruitssp.com\/wp-content\/uploads\/2025\/01\/GFC-Infantil-002.jpg","keywords":["Concurs Infantil de Salsa Cal\u00e7otada","festa cal\u00e7otada valls","salsa cal\u00e7otada"],"articleSection":["Noticies"],"inLanguage":"es"},{"@type":"WebPage","@id":"https:\/\/fruitssp.com\/noticies\/nou-concurs-infantil-de-salsa-de-la-calcotada\/","url":"https:\/\/fruitssp.com\/noticies\/nou-concurs-infantil-de-salsa-de-la-calcotada\/","name":"Nou Concurs Infantil de Salsa de la Cal\u00e7otada - Salses Fruits","isPartOf":{"@id":"https:\/\/fruitssp.com\/#website"},"primaryImageOfPage":{"@id":"https:\/\/fruitssp.com\/noticies\/nou-concurs-infantil-de-salsa-de-la-calcotada\/#primaryimage"},"image":{"@id":"https:\/\/fruitssp.com\/noticies\/nou-concurs-infantil-de-salsa-de-la-calcotada\/#primaryimage"},"thumbnailUrl":"https:\/\/fruitssp.com\/wp-content\/uploads\/2025\/01\/GFC-Infantil-002.jpg","datePublished":"2025-01-27T17:03:55+00:00","dateModified":"2025-01-27T17:38:48+00:00","description":"La novetat a la 47a Gran Festa de la Cal\u00e7otada de Valls ha estat el 1r Concurs Infantil de Salsa de la Cal\u00e7otada organitzat per la regidoria d'Educaci\u00f3 i Pol\u00edtica Ling\u00fc\u00edstica de l'Ajuntament de Valls i en el qual, Salses Fruits ha estat el patrocinador dels premis.","breadcrumb":{"@id":"https:\/\/fruitssp.com\/noticies\/nou-concurs-infantil-de-salsa-de-la-calcotada\/#breadcrumb"},"inLanguage":"es","potentialAction":[{"@type":"ReadAction","target":["https:\/\/fruitssp.com\/noticies\/nou-concurs-infantil-de-salsa-de-la-calcotada\/"]}]},{"@type":"ImageObject","inLanguage":"es","@id":"https:\/\/fruitssp.com\/noticies\/nou-concurs-infantil-de-salsa-de-la-calcotada\/#primaryimage","url":"https:\/\/fruitssp.com\/wp-content\/uploads\/2025\/01\/GFC-Infantil-002.jpg","contentUrl":"https:\/\/fruitssp.com\/wp-content\/uploads\/2025\/01\/GFC-Infantil-002.jpg","width":1200,"height":900,"caption":"Concurs Infantil de Salsa de la Cal\u00e7otada a la Gran Festa de la Cal\u00e7otada de Valls 2025"},{"@type":"BreadcrumbList","@id":"https:\/\/fruitssp.com\/noticies\/nou-concurs-infantil-de-salsa-de-la-calcotada\/#breadcrumb","itemListElement":[{"@type":"ListItem","position":1,"name":"Inici","item":"https:\/\/fruitssp.com\/"},{"@type":"ListItem","position":2,"name":"Nou Concurs Infantil de Salsa de la Cal\u00e7otada"}]},{"@type":"WebSite","@id":"https:\/\/fruitssp.com\/#website","url":"https:\/\/fruitssp.com\/","name":"FruitsSP","description":"Salsas y productos frescos y naturales, de la tierra del cal\u00e7ot","publisher":{"@id":"https:\/\/fruitssp.com\/#organization"},"potentialAction":[{"@type":"SearchAction","target":{"@type":"EntryPoint","urlTemplate":"https:\/\/fruitssp.com\/?s={search_term_string}"},"query-input":{"@type":"PropertyValueSpecification","valueRequired":true,"valueName":"search_term_string"}}],"inLanguage":"es"},{"@type":"Organization","@id":"https:\/\/fruitssp.com\/#organization","name":"Salsas Frutos S &amp; P","url":"https:\/\/fruitssp.com\/","logo":{"@type":"ImageObject","inLanguage":"es","@id":"https:\/\/fruitssp.com\/#\/schema\/logo\/image\/","url":"https:\/\/fruitssp.com\/wp-content\/uploads\/2022\/12\/logoFruits_472x406.png","contentUrl":"https:\/\/fruitssp.com\/wp-content\/uploads\/2022\/12\/logoFruits_472x406.png","width":472,"height":406,"caption":"Salses Fruits S&P"},"image":{"@id":"https:\/\/fruitssp.com\/#\/schema\/logo\/image\/"},"sameAs":["https:\/\/www.facebook.com\/Salses-Fruits-SP-1137777022906379\/","https:\/\/www.instagram.com\/salsesfruitssp\/","https:\/\/www.linkedin.com\/company\/salses-fruits-s-i-p-sl\/"]},{"@type":"Person","@id":"https:\/\/fruitssp.com\/#\/schema\/person\/74f4a70f480644ed06e5945c13b509c8","name":"fruitssp"}]}},"_links":{"self":[{"href":"https:\/\/fruitssp.com\/es\/wp-json\/wp\/v2\/posts\/16133","targetHints":{"allow":["GET"]}}],"collection":[{"href":"https:\/\/fruitssp.com\/es\/wp-json\/wp\/v2\/posts"}],"about":[{"href":"https:\/\/fruitssp.com\/es\/wp-json\/wp\/v2\/types\/post"}],"author":[{"embeddable":true,"href":"https:\/\/fruitssp.com\/es\/wp-json\/wp\/v2\/users\/1"}],"replies":[{"embeddable":true,"href":"https:\/\/fruitssp.com\/es\/wp-json\/wp\/v2\/comments?post=16133"}],"version-history":[{"count":0,"href":"https:\/\/fruitssp.com\/es\/wp-json\/wp\/v2\/posts\/16133\/revisions"}],"wp:featuredmedia":[{"embeddable":true,"href":"https:\/\/fruitssp.com\/es\/wp-json\/wp\/v2\/media\/16138"}],"wp:attachment":[{"href":"https:\/\/fruitssp.com\/es\/wp-json\/wp\/v2\/media?parent=16133"}],"wp:term":[{"taxonomy":"category","embeddable":true,"href":"https:\/\/fruitssp.com\/es\/wp-json\/wp\/v2\/categories?post=16133"},{"taxonomy":"post_tag","embeddable":true,"href":"https:\/\/fruitssp.com\/es\/wp-json\/wp\/v2\/tags?post=16133"}],"curies":[{"name":"wp","href":"https:\/\/api.w.org\/{rel}","templated":true}]}}