{"id":16216,"date":"2024-12-18T16:46:54","date_gmt":"2024-12-18T16:46:54","guid":{"rendered":"https:\/\/fruitssp.com\/?p=16216"},"modified":"2025-03-13T16:58:14","modified_gmt":"2025-03-13T16:58:14","slug":"maridatge-de-vins-i-salsa-calcotada-organitzat-per-la-cambra-de-valls-amb-sales-fruits-cava-castell-dor-i-europastry","status":"publish","type":"post","link":"https:\/\/fruitssp.com\/es\/noticies\/maridatge-de-vins-i-salsa-calcotada-organitzat-per-la-cambra-de-valls-amb-sales-fruits-cava-castell-dor-i-europastry\/","title":{"rendered":"Maridaje de vinos y salsa cal\u00e7otada organizado por la C\u00e1mara de Valls con Sales Fruits, Cava Castell d&#039;Or y Europastry."},"content":{"rendered":"<figure id=\"attachment_16214\" aria-describedby=\"caption-attachment-16214\" style=\"width: 1440px\" class=\"wp-caption alignnone\"><img loading=\"lazy\" decoding=\"async\" class=\"size-full wp-image-16214\" src=\"https:\/\/fruitssp.com\/wp-content\/uploads\/2025\/03\/1734438471816.jpg\" alt=\"\" width=\"1440\" height=\"1080\" srcset=\"https:\/\/fruitssp.com\/wp-content\/uploads\/2025\/03\/1734438471816.jpg 1440w, https:\/\/fruitssp.com\/wp-content\/uploads\/2025\/03\/1734438471816-300x225.jpg 300w, https:\/\/fruitssp.com\/wp-content\/uploads\/2025\/03\/1734438471816-1024x768.jpg 1024w, https:\/\/fruitssp.com\/wp-content\/uploads\/2025\/03\/1734438471816-16x12.jpg 16w, https:\/\/fruitssp.com\/wp-content\/uploads\/2025\/03\/1734438471816-600x450.jpg 600w, https:\/\/fruitssp.com\/wp-content\/uploads\/2025\/03\/1734438471816-768x576.jpg 768w, https:\/\/fruitssp.com\/wp-content\/uploads\/2025\/03\/1734438471816-900x675.jpg 900w\" sizes=\"auto, (max-width: 1440px) 100vw, 1440px\" \/><figcaption id=\"caption-attachment-16214\" class=\"wp-caption-text\">Maridaje de vinos y salsa cal\u00e7otada organizado por la C\u00e1mara de Valls con Sales Fruits, Cava Castell d&#039;Or y Europastry.<\/figcaption><\/figure>\n<p>Vila-rodona, 16 de diciembre de 2024 \u2013 Esta semana la <a id=\"ember670\" class=\"ember-view\" href=\"https:\/\/www.linkedin.com\/in\/cambra-de-comer%C3%A7-ind%C3%BAstria-i-serveis-de-valls-189b876a\/\">C\u00e1mara de Comercio, Industria y Servicios de Valls<\/a> organiz\u00f3 un maridaje de vinos y cavas espectacular en las instalaciones de Castell d&#039;Or, con la cal\u00e7otada como hilo conductor!<br \/>\nGuiados por el en\u00f3logo Oriol P\u00e9rez de Tudela, y con la presencia de restauradores y de medios de comunicaci\u00f3n, los asistentes descubrieron vinos y cavas de Castell d'Or que armonizan perfectamente con los cal\u00e7ots de la IGP Calcot de Valls, la Salsa Cal\u00e7otada de Salsas Fruits y el pan Cristallino de Europastry.<\/p>\n<p>Los asistentes pudieron compartir un interesante debate sobre el perfil gastron\u00f3mico y el valor de las Cal\u00e7otades.<\/p>\n<p>Vea la noticia en:<\/p>\n<blockquote class=\"wp-embedded-content\" data-secret=\"TPFQHTKudW\"><p><a href=\"https:\/\/cambravalls.com\/noticies\/la-cambra-de-valls-realitza-un-tast-pedagogic-entorn-els-vins-i-caves-de-la-calcotada\/\">La C\u00e1mara de Valls realiza una cata pedag\u00f3gica en torno a los vinos y cavas de la Cal\u00e7otada<\/a><\/p><\/blockquote>\n<p><iframe loading=\"lazy\" class=\"wp-embedded-content\" sandbox=\"allow-scripts\" security=\"restricted\" style=\"position: absolute; visibility: hidden;\" title=\"\u201cLa C\u00e1mara de Valls realiza una cata pedag\u00f3gica en torno a los vinos y cavas de la Cal\u00e7otada\u201d \u2014 C\u00e1mara Oficial de Comercio, Industria y Servicios de Valls\" src=\"https:\/\/cambravalls.com\/noticies\/la-cambra-de-valls-realitza-un-tast-pedagogic-entorn-els-vins-i-caves-de-la-calcotada\/embed\/#?secret=G5qhS0vNcX#?secret=TPFQHTKudW\" data-secret=\"TPFQHTKudW\" width=\"600\" height=\"338\" frameborder=\"0\" marginwidth=\"0\" marginheight=\"0\" scrolling=\"no\"><\/iframe><\/p>\n<p><a href=\"https:\/\/castelldor.com\/la-cambra-de-valls-realitza-un-tast-dinamic-i-pedagogic-entorn-els-vins-i-caves-de-la-calcotada\/\" target=\"_blank\" rel=\"noopener\">https:\/\/castelldor.com\/la-cambra-de-valls-realitza-un-tast-dinamic-i-pedagogic-entorn-els-vins-i-caves-de-la-calcotada\/<\/a><\/p>\n<p>&nbsp;<\/p>\n<figure id=\"attachment_16215\" aria-describedby=\"caption-attachment-16215\" style=\"width: 1440px\" class=\"wp-caption alignnone\"><img loading=\"lazy\" decoding=\"async\" class=\"size-full wp-image-16215\" src=\"https:\/\/fruitssp.com\/wp-content\/uploads\/2025\/03\/1734438471830.jpg\" alt=\"\" width=\"1440\" height=\"1080\" srcset=\"https:\/\/fruitssp.com\/wp-content\/uploads\/2025\/03\/1734438471830.jpg 1440w, https:\/\/fruitssp.com\/wp-content\/uploads\/2025\/03\/1734438471830-300x225.jpg 300w, https:\/\/fruitssp.com\/wp-content\/uploads\/2025\/03\/1734438471830-1024x768.jpg 1024w, https:\/\/fruitssp.com\/wp-content\/uploads\/2025\/03\/1734438471830-16x12.jpg 16w, https:\/\/fruitssp.com\/wp-content\/uploads\/2025\/03\/1734438471830-600x450.jpg 600w, https:\/\/fruitssp.com\/wp-content\/uploads\/2025\/03\/1734438471830-768x576.jpg 768w, https:\/\/fruitssp.com\/wp-content\/uploads\/2025\/03\/1734438471830-900x675.jpg 900w\" sizes=\"auto, (max-width: 1440px) 100vw, 1440px\" \/><figcaption id=\"caption-attachment-16215\" class=\"wp-caption-text\">Maridaje de vinos y salsa cal\u00e7otada organizado por la C\u00e1mara de Valls con Sales Fruits, Cava Castell d&#039;Or y Europastry.<\/figcaption><\/figure>\n<figure id=\"attachment_16213\" aria-describedby=\"caption-attachment-16213\" style=\"width: 1440px\" class=\"wp-caption alignnone\"><img loading=\"lazy\" decoding=\"async\" class=\"size-full wp-image-16213\" src=\"https:\/\/fruitssp.com\/wp-content\/uploads\/2025\/03\/1734438471685.jpg\" alt=\"\" width=\"1440\" height=\"1080\" srcset=\"https:\/\/fruitssp.com\/wp-content\/uploads\/2025\/03\/1734438471685.jpg 1440w, https:\/\/fruitssp.com\/wp-content\/uploads\/2025\/03\/1734438471685-300x225.jpg 300w, https:\/\/fruitssp.com\/wp-content\/uploads\/2025\/03\/1734438471685-1024x768.jpg 1024w, https:\/\/fruitssp.com\/wp-content\/uploads\/2025\/03\/1734438471685-16x12.jpg 16w, https:\/\/fruitssp.com\/wp-content\/uploads\/2025\/03\/1734438471685-600x450.jpg 600w, https:\/\/fruitssp.com\/wp-content\/uploads\/2025\/03\/1734438471685-768x576.jpg 768w, https:\/\/fruitssp.com\/wp-content\/uploads\/2025\/03\/1734438471685-900x675.jpg 900w\" sizes=\"auto, (max-width: 1440px) 100vw, 1440px\" \/><figcaption id=\"caption-attachment-16213\" class=\"wp-caption-text\">Maridaje de vinos y salsa cal\u00e7otada organizado por la C\u00e1mara de Valls con Sales Fruits, Cava Castell d&#039;Or y Europastry.<\/figcaption><\/figure>\n<figure id=\"attachment_16212\" aria-describedby=\"caption-attachment-16212\" style=\"width: 1440px\" class=\"wp-caption alignnone\"><img loading=\"lazy\" decoding=\"async\" class=\"size-full wp-image-16212\" src=\"https:\/\/fruitssp.com\/wp-content\/uploads\/2025\/03\/1734438471830-1.jpg\" alt=\"\" width=\"1440\" height=\"1080\" srcset=\"https:\/\/fruitssp.com\/wp-content\/uploads\/2025\/03\/1734438471830-1.jpg 1440w, https:\/\/fruitssp.com\/wp-content\/uploads\/2025\/03\/1734438471830-1-300x225.jpg 300w, https:\/\/fruitssp.com\/wp-content\/uploads\/2025\/03\/1734438471830-1-1024x768.jpg 1024w, https:\/\/fruitssp.com\/wp-content\/uploads\/2025\/03\/1734438471830-1-16x12.jpg 16w, https:\/\/fruitssp.com\/wp-content\/uploads\/2025\/03\/1734438471830-1-600x450.jpg 600w, https:\/\/fruitssp.com\/wp-content\/uploads\/2025\/03\/1734438471830-1-768x576.jpg 768w, https:\/\/fruitssp.com\/wp-content\/uploads\/2025\/03\/1734438471830-1-900x675.jpg 900w\" sizes=\"auto, (max-width: 1440px) 100vw, 1440px\" \/><figcaption id=\"caption-attachment-16212\" class=\"wp-caption-text\">Maridaje de vinos y salsa cal\u00e7otada organizado por la C\u00e1mara de Valls con Sales Fruits, Cava Castell d&#039;Or y Europastry.<\/figcaption><\/figure>\n<figure id=\"attachment_16211\" aria-describedby=\"caption-attachment-16211\" style=\"width: 1440px\" class=\"wp-caption alignnone\"><img loading=\"lazy\" decoding=\"async\" class=\"size-full wp-image-16211\" src=\"https:\/\/fruitssp.com\/wp-content\/uploads\/2025\/03\/1734438471351.jpg\" alt=\"Maridatge de vins i salsa cal\u00e7otada\" width=\"1440\" height=\"1080\" srcset=\"https:\/\/fruitssp.com\/wp-content\/uploads\/2025\/03\/1734438471351.jpg 1440w, https:\/\/fruitssp.com\/wp-content\/uploads\/2025\/03\/1734438471351-300x225.jpg 300w, https:\/\/fruitssp.com\/wp-content\/uploads\/2025\/03\/1734438471351-1024x768.jpg 1024w, https:\/\/fruitssp.com\/wp-content\/uploads\/2025\/03\/1734438471351-16x12.jpg 16w, https:\/\/fruitssp.com\/wp-content\/uploads\/2025\/03\/1734438471351-600x450.jpg 600w, https:\/\/fruitssp.com\/wp-content\/uploads\/2025\/03\/1734438471351-768x576.jpg 768w, https:\/\/fruitssp.com\/wp-content\/uploads\/2025\/03\/1734438471351-900x675.jpg 900w\" sizes=\"auto, (max-width: 1440px) 100vw, 1440px\" \/><figcaption id=\"caption-attachment-16211\" class=\"wp-caption-text\">Maridaje de vinos y salsa cal\u00e7otada organizado por la C\u00e1mara de Valls con Sales Fruits, Cava Castell d&#039;Or y Europastry.<\/figcaption><\/figure>","protected":false},"excerpt":{"rendered":"<p>Vila-rodona, 16 de diciembre de 2024 \u2013 Esta semana la C\u00e1mara de Comercio, Industria y Servicios de Valls organiz\u00f3 un maridaje de vinos y cavas espectacular en las instalaciones de Castell d&#039;Or, con la cal\u00e7otada como hilo conductor! Guiados por el en\u00f3logo Oriol P\u00e9rez de Tudela, y con la presencia de restauradores y\u2026<\/p>","protected":false},"author":1,"featured_media":16215,"comment_status":"closed","ping_status":"closed","sticky":false,"template":"","format":"standard","meta":{"inline_featured_image":false,"footnotes":""},"categories":[1],"tags":[294,314,311],"class_list":["post-16216","post","type-post","status-publish","format-standard","has-post-thumbnail","hentry","category-noticies","tag-cambra-de-comerc-de-valls","tag-castell-dor","tag-europastry"],"yoast_head":"<!-- This site is optimized with the Yoast SEO plugin v26.7 - https:\/\/yoast.com\/wordpress\/plugins\/seo\/ -->\n<title>Maridatge de vins i salsa cal\u00e7otada organitzat per la Cambra de Valls amb Sales Fruits, Cava Castell d&#039;Or i Europastry. - Salses Fruits<\/title>\n<meta name=\"robots\" content=\"index, follow, max-snippet:-1, max-image-preview:large, max-video-preview:-1\" \/>\n<link rel=\"canonical\" href=\"https:\/\/fruitssp.com\/es\/noticies\/maridatge-de-vins-i-salsa-calcotada-organitzat-per-la-cambra-de-valls-amb-sales-fruits-cava-castell-dor-i-europastry\/\" \/>\n<meta property=\"og:locale\" content=\"es_ES\" \/>\n<meta property=\"og:type\" content=\"article\" \/>\n<meta property=\"og:title\" content=\"Maridatge de vins i salsa cal\u00e7otada organitzat per la Cambra de Valls amb Sales Fruits, Cava Castell d&#039;Or i Europastry. - Salses Fruits\" \/>\n<meta property=\"og:description\" content=\"Vila-rodona, 16 de desembre de 2024 &#8211; Aquesta setmana la Cambra de Comer\u00e7, Ind\u00fastria i Serveis de Valls va organitzar un maridatge de vins i caves espectacular a les instal\u00b7lacions de Castell d&#8217;Or, amb la cal\u00e7otada com a fil conductor! Guiats per l&#8217;en\u00f2leg Oriol P\u00e9rez de Tudela, i amb la pres\u00e8ncia de restauradors i de...\" \/>\n<meta property=\"og:url\" content=\"https:\/\/fruitssp.com\/es\/noticies\/maridatge-de-vins-i-salsa-calcotada-organitzat-per-la-cambra-de-valls-amb-sales-fruits-cava-castell-dor-i-europastry\/\" \/>\n<meta property=\"og:site_name\" content=\"Salses Fruits\" \/>\n<meta property=\"article:publisher\" content=\"https:\/\/www.facebook.com\/Salses-Fruits-SP-1137777022906379\/\" \/>\n<meta property=\"article:published_time\" content=\"2024-12-18T16:46:54+00:00\" \/>\n<meta property=\"article:modified_time\" content=\"2025-03-13T16:58:14+00:00\" \/>\n<meta property=\"og:image\" content=\"https:\/\/fruitssp.com\/wp-content\/uploads\/2025\/03\/1734438471830.jpg\" \/>\n\t<meta property=\"og:image:width\" content=\"1440\" \/>\n\t<meta property=\"og:image:height\" content=\"1080\" \/>\n\t<meta property=\"og:image:type\" content=\"image\/jpeg\" \/>\n<meta name=\"author\" content=\"fruitssp\" \/>\n<meta name=\"twitter:card\" content=\"summary_large_image\" \/>\n<meta name=\"twitter:label1\" content=\"Escrito por\" \/>\n\t<meta name=\"twitter:data1\" content=\"fruitssp\" \/>\n\t<meta name=\"twitter:label2\" content=\"Tiempo de lectura\" \/>\n\t<meta name=\"twitter:data2\" content=\"3 minutos\" \/>\n<!-- \/ Yoast SEO plugin. -->","yoast_head_json":{"title":"Maridatge de vins i salsa cal\u00e7otada organitzat per la Cambra de Valls amb Sales Fruits, Cava Castell d'Or i Europastry. - Salses Fruits","robots":{"index":"index","follow":"follow","max-snippet":"max-snippet:-1","max-image-preview":"max-image-preview:large","max-video-preview":"max-video-preview:-1"},"canonical":"https:\/\/fruitssp.com\/es\/noticies\/maridatge-de-vins-i-salsa-calcotada-organitzat-per-la-cambra-de-valls-amb-sales-fruits-cava-castell-dor-i-europastry\/","og_locale":"es_ES","og_type":"article","og_title":"Maridatge de vins i salsa cal\u00e7otada organitzat per la Cambra de Valls amb Sales Fruits, Cava Castell d'Or i Europastry. - Salses Fruits","og_description":"Vila-rodona, 16 de desembre de 2024 &#8211; Aquesta setmana la Cambra de Comer\u00e7, Ind\u00fastria i Serveis de Valls va organitzar un maridatge de vins i caves espectacular a les instal\u00b7lacions de Castell d&#8217;Or, amb la cal\u00e7otada com a fil conductor! Guiats per l&#8217;en\u00f2leg Oriol P\u00e9rez de Tudela, i amb la pres\u00e8ncia de restauradors i de...","og_url":"https:\/\/fruitssp.com\/es\/noticies\/maridatge-de-vins-i-salsa-calcotada-organitzat-per-la-cambra-de-valls-amb-sales-fruits-cava-castell-dor-i-europastry\/","og_site_name":"Salses Fruits","article_publisher":"https:\/\/www.facebook.com\/Salses-Fruits-SP-1137777022906379\/","article_published_time":"2024-12-18T16:46:54+00:00","article_modified_time":"2025-03-13T16:58:14+00:00","og_image":[{"width":1440,"height":1080,"url":"https:\/\/fruitssp.com\/wp-content\/uploads\/2025\/03\/1734438471830.jpg","type":"image\/jpeg"}],"author":"fruitssp","twitter_card":"summary_large_image","twitter_misc":{"Escrito por":"fruitssp","Tiempo de lectura":"3 minutos"},"schema":{"@context":"https:\/\/schema.org","@graph":[{"@type":"Article","@id":"https:\/\/fruitssp.com\/noticies\/maridatge-de-vins-i-salsa-calcotada-organitzat-per-la-cambra-de-valls-amb-sales-fruits-cava-castell-dor-i-europastry\/#article","isPartOf":{"@id":"https:\/\/fruitssp.com\/noticies\/maridatge-de-vins-i-salsa-calcotada-organitzat-per-la-cambra-de-valls-amb-sales-fruits-cava-castell-dor-i-europastry\/"},"author":{"name":"fruitssp","@id":"https:\/\/fruitssp.com\/#\/schema\/person\/74f4a70f480644ed06e5945c13b509c8"},"headline":"Maridatge de vins i salsa cal\u00e7otada organitzat per la Cambra de Valls amb Sales Fruits, Cava Castell d&#8217;Or i Europastry.","datePublished":"2024-12-18T16:46:54+00:00","dateModified":"2025-03-13T16:58:14+00:00","mainEntityOfPage":{"@id":"https:\/\/fruitssp.com\/noticies\/maridatge-de-vins-i-salsa-calcotada-organitzat-per-la-cambra-de-valls-amb-sales-fruits-cava-castell-dor-i-europastry\/"},"wordCount":293,"publisher":{"@id":"https:\/\/fruitssp.com\/#organization"},"image":{"@id":"https:\/\/fruitssp.com\/noticies\/maridatge-de-vins-i-salsa-calcotada-organitzat-per-la-cambra-de-valls-amb-sales-fruits-cava-castell-dor-i-europastry\/#primaryimage"},"thumbnailUrl":"https:\/\/fruitssp.com\/wp-content\/uploads\/2025\/03\/1734438471830.jpg","keywords":["Cambra de Comer\u00e7 de Valls","Castell d'Or","Europastry"],"articleSection":["Noticies"],"inLanguage":"es"},{"@type":"WebPage","@id":"https:\/\/fruitssp.com\/noticies\/maridatge-de-vins-i-salsa-calcotada-organitzat-per-la-cambra-de-valls-amb-sales-fruits-cava-castell-dor-i-europastry\/","url":"https:\/\/fruitssp.com\/noticies\/maridatge-de-vins-i-salsa-calcotada-organitzat-per-la-cambra-de-valls-amb-sales-fruits-cava-castell-dor-i-europastry\/","name":"Maridatge de vins i salsa cal\u00e7otada organitzat per la Cambra de Valls amb Sales Fruits, Cava Castell d'Or i Europastry. - Salses Fruits","isPartOf":{"@id":"https:\/\/fruitssp.com\/#website"},"primaryImageOfPage":{"@id":"https:\/\/fruitssp.com\/noticies\/maridatge-de-vins-i-salsa-calcotada-organitzat-per-la-cambra-de-valls-amb-sales-fruits-cava-castell-dor-i-europastry\/#primaryimage"},"image":{"@id":"https:\/\/fruitssp.com\/noticies\/maridatge-de-vins-i-salsa-calcotada-organitzat-per-la-cambra-de-valls-amb-sales-fruits-cava-castell-dor-i-europastry\/#primaryimage"},"thumbnailUrl":"https:\/\/fruitssp.com\/wp-content\/uploads\/2025\/03\/1734438471830.jpg","datePublished":"2024-12-18T16:46:54+00:00","dateModified":"2025-03-13T16:58:14+00:00","breadcrumb":{"@id":"https:\/\/fruitssp.com\/noticies\/maridatge-de-vins-i-salsa-calcotada-organitzat-per-la-cambra-de-valls-amb-sales-fruits-cava-castell-dor-i-europastry\/#breadcrumb"},"inLanguage":"es","potentialAction":[{"@type":"ReadAction","target":["https:\/\/fruitssp.com\/noticies\/maridatge-de-vins-i-salsa-calcotada-organitzat-per-la-cambra-de-valls-amb-sales-fruits-cava-castell-dor-i-europastry\/"]}]},{"@type":"ImageObject","inLanguage":"es","@id":"https:\/\/fruitssp.com\/noticies\/maridatge-de-vins-i-salsa-calcotada-organitzat-per-la-cambra-de-valls-amb-sales-fruits-cava-castell-dor-i-europastry\/#primaryimage","url":"https:\/\/fruitssp.com\/wp-content\/uploads\/2025\/03\/1734438471830.jpg","contentUrl":"https:\/\/fruitssp.com\/wp-content\/uploads\/2025\/03\/1734438471830.jpg","width":1440,"height":1080,"caption":"Maridatge de vins i salsa cal\u00e7otada organitzat per la Cambra de Valls amb Sales Fruits, Cava Castell d'Or i Europastry."},{"@type":"BreadcrumbList","@id":"https:\/\/fruitssp.com\/noticies\/maridatge-de-vins-i-salsa-calcotada-organitzat-per-la-cambra-de-valls-amb-sales-fruits-cava-castell-dor-i-europastry\/#breadcrumb","itemListElement":[{"@type":"ListItem","position":1,"name":"Inici","item":"https:\/\/fruitssp.com\/"},{"@type":"ListItem","position":2,"name":"Maridatge de vins i salsa cal\u00e7otada organitzat per la Cambra de Valls amb Sales Fruits, Cava Castell d&#8217;Or i Europastry."}]},{"@type":"WebSite","@id":"https:\/\/fruitssp.com\/#website","url":"https:\/\/fruitssp.com\/","name":"FruitsSP","description":"Salsas y productos frescos y naturales, de la tierra del cal\u00e7ot","publisher":{"@id":"https:\/\/fruitssp.com\/#organization"},"potentialAction":[{"@type":"SearchAction","target":{"@type":"EntryPoint","urlTemplate":"https:\/\/fruitssp.com\/?s={search_term_string}"},"query-input":{"@type":"PropertyValueSpecification","valueRequired":true,"valueName":"search_term_string"}}],"inLanguage":"es"},{"@type":"Organization","@id":"https:\/\/fruitssp.com\/#organization","name":"Salsas Frutos S &amp; P","url":"https:\/\/fruitssp.com\/","logo":{"@type":"ImageObject","inLanguage":"es","@id":"https:\/\/fruitssp.com\/#\/schema\/logo\/image\/","url":"https:\/\/fruitssp.com\/wp-content\/uploads\/2022\/12\/logoFruits_472x406.png","contentUrl":"https:\/\/fruitssp.com\/wp-content\/uploads\/2022\/12\/logoFruits_472x406.png","width":472,"height":406,"caption":"Salses Fruits S&P"},"image":{"@id":"https:\/\/fruitssp.com\/#\/schema\/logo\/image\/"},"sameAs":["https:\/\/www.facebook.com\/Salses-Fruits-SP-1137777022906379\/","https:\/\/www.instagram.com\/salsesfruitssp\/","https:\/\/www.linkedin.com\/company\/salses-fruits-s-i-p-sl\/"]},{"@type":"Person","@id":"https:\/\/fruitssp.com\/#\/schema\/person\/74f4a70f480644ed06e5945c13b509c8","name":"fruitssp"}]}},"_links":{"self":[{"href":"https:\/\/fruitssp.com\/es\/wp-json\/wp\/v2\/posts\/16216","targetHints":{"allow":["GET"]}}],"collection":[{"href":"https:\/\/fruitssp.com\/es\/wp-json\/wp\/v2\/posts"}],"about":[{"href":"https:\/\/fruitssp.com\/es\/wp-json\/wp\/v2\/types\/post"}],"author":[{"embeddable":true,"href":"https:\/\/fruitssp.com\/es\/wp-json\/wp\/v2\/users\/1"}],"replies":[{"embeddable":true,"href":"https:\/\/fruitssp.com\/es\/wp-json\/wp\/v2\/comments?post=16216"}],"version-history":[{"count":0,"href":"https:\/\/fruitssp.com\/es\/wp-json\/wp\/v2\/posts\/16216\/revisions"}],"wp:featuredmedia":[{"embeddable":true,"href":"https:\/\/fruitssp.com\/es\/wp-json\/wp\/v2\/media\/16215"}],"wp:attachment":[{"href":"https:\/\/fruitssp.com\/es\/wp-json\/wp\/v2\/media?parent=16216"}],"wp:term":[{"taxonomy":"category","embeddable":true,"href":"https:\/\/fruitssp.com\/es\/wp-json\/wp\/v2\/categories?post=16216"},{"taxonomy":"post_tag","embeddable":true,"href":"https:\/\/fruitssp.com\/es\/wp-json\/wp\/v2\/tags?post=16216"}],"curies":[{"name":"wp","href":"https:\/\/api.w.org\/{rel}","templated":true}]}}