{"id":16384,"date":"2025-04-29T18:00:46","date_gmt":"2025-04-29T18:00:46","guid":{"rendered":"https:\/\/fruitssp.com\/?p=16384"},"modified":"2025-04-29T18:05:03","modified_gmt":"2025-04-29T18:05:03","slug":"salses-fruits-participara-en-el-primer-forum-calcotada-a-valls","status":"publish","type":"post","link":"https:\/\/fruitssp.com\/es\/noticies\/salses-fruits-participara-en-el-primer-forum-calcotada-a-valls\/","title":{"rendered":"Salses Fruits participar\u00e1 en el primer F\u00f3rum Cal\u00e7otada, en Valls"},"content":{"rendered":"<section class=\"l-section wpb_row height_medium\"><div class=\"l-section-h i-cf\"><div class=\"g-cols vc_row via_grid cols_1 laptops-cols_inherit tablets-cols_inherit mobiles-cols_1 valign_top type_default stacking_default\"><div class=\"wpb_column vc_column_container\"><div class=\"vc_column-inner\"><div class=\"w-image align_none\"><div class=\"w-image-h\"><img loading=\"lazy\" decoding=\"async\" width=\"1024\" height=\"768\" src=\"https:\/\/fruitssp.com\/wp-content\/uploads\/2025\/04\/ForumCalcotada-1024x768.jpg\" class=\"attachment-large size-large\" alt=\"\" srcset=\"https:\/\/fruitssp.com\/wp-content\/uploads\/2025\/04\/ForumCalcotada-1024x768.jpg 1024w, https:\/\/fruitssp.com\/wp-content\/uploads\/2025\/04\/ForumCalcotada-300x225.jpg 300w, https:\/\/fruitssp.com\/wp-content\/uploads\/2025\/04\/ForumCalcotada-16x12.jpg 16w, https:\/\/fruitssp.com\/wp-content\/uploads\/2025\/04\/ForumCalcotada-600x450.jpg 600w, https:\/\/fruitssp.com\/wp-content\/uploads\/2025\/04\/ForumCalcotada-768x576.jpg 768w, https:\/\/fruitssp.com\/wp-content\/uploads\/2025\/04\/ForumCalcotada-100x75.jpg 100w, https:\/\/fruitssp.com\/wp-content\/uploads\/2025\/04\/ForumCalcotada-900x675.jpg 900w, https:\/\/fruitssp.com\/wp-content\/uploads\/2025\/04\/ForumCalcotada.jpg 1600w\" sizes=\"auto, (max-width: 1024px) 100vw, 1024px\" \/><\/div><\/div><div class=\"w-separator size_small\"><\/div><div class=\"wpb_text_column\"><div class=\"wpb_wrapper\"><p class=\"p1\"><span class=\"s1\"><em>Figuerola del Camp \/ Valls, 29 de abril de 2025<\/em> - La empresa <b>Salses Fruits<\/b>, reconocida por su salsa de cal\u00e7otada elaborada con productos de proximidad, participar\u00e1 activamente en el primero <b>Foro Cal\u00e7otada<\/b>, que se celebrar\u00e1 los d\u00edas 8 y 9 de mayo en la Biblioteca Popular de Valls. Este evento pionero, impulsado por la <b>C\u00e1mara de Comercio de Valls<\/b>, el Ayuntamiento de Valls, la IGP Cal\u00e7ot de Valls y con el apoyo de la Diputaci\u00f3n de Tarragona, la Generalidad de Catalu\u00f1a y las C\u00e1maras de Comercio de Reus, Tarragona y Tortosa; se enmarca dentro de la distinci\u00f3n de <b>Catalu\u00f1a como Regi\u00f3n Mundial de la Gastronom\u00eda 2025<\/b> y tiene como objetivo analizar y potenciar la cal\u00e7otada desde una perspectiva gastron\u00f3mica, cient\u00edfica, econ\u00f3mica y sostenible.<\/span><\/p>\n<p class=\"p1\"><span class=\"s1\">En el marco del foro, <b>Francesc Sans<\/b>, gerente de Salses Fruits, participar\u00e1 en la mesa redonda titulada \u201cLa Salsa de la Cal\u00e7otada\u201d, prevista para el <b>viernes 9 de mayo a las 11:30 h<\/b>. Esta sesi\u00f3n reunir\u00e1 a varios elaboradores y expertos para debatir sobre la receta, la elaboraci\u00f3n, la tradici\u00f3n y el futuro de la salsa que acompa\u00f1a a los cal\u00e7ots.<\/span><\/p>\n<p class=\"p1\"><span class=\"s1\"><b>Francesc Sans<\/b>, junto con su hermano <b>Jaume Sans<\/b>, lideran esta empresa familiar que produce m\u00e1s de 80 productos de alimentaci\u00f3n artesana, destacando su salsa de cal\u00e7otada elaborada con ingredientes naturales como almendras y avellanas del Camp de Tarragona, \u00f1oras y tomate frito, siguiendo la receta original de su madre, <b>Isabel Planas<\/b>.<\/span><\/p>\n<p class=\"p3\"><span class=\"s1\">El foro empezar\u00e1 el jueves 8 de mayo a las 19 h con una sesi\u00f3n inaugural y una ponencia magistral a cargo de <b>Toni Massan\u00e9s<\/b>, director de la Fundaci\u00f3n Al\u00edcia, que hablar\u00e1 sobre el valor gastron\u00f3mico de la cal\u00e7otada y sus retos de futuro.<\/span><\/p>\n<p class=\"p3\"><span class=\"s1\">El d\u00eda siguiente, viernes 9 de mayo, tendr\u00e1n lugar seis mesas redondas tem\u00e1ticas con expertos de prestigio que abordar\u00e1n aspectos clave como la gastronom\u00eda, los ingredientes, la sostenibilidad, el impacto socioecon\u00f3mico y la importancia de los sellos de calidad.<\/span><\/p>\n<p class=\"p3\"><span class=\"s1\">La participaci\u00f3n de Salses Fruits en este foro refuerza su compromiso con la calidad y la promoci\u00f3n de los productos de proximidad y tradici\u00f3n catalana.<\/span><\/p>\n<p class=\"p3\"><span class=\"s1\">Para m\u00e1s informaci\u00f3n sobre el programa e inscripciones, se puede consultar la web de la C\u00e1mara de Comercio de Valls: <a href=\"https:\/\/cambravalls.com\/estructura\/forum-calcotada\" target=\"_blank\" rel=\"noopener\">https:\/\/cambravalls.com\/estructura\/forum-calcotada<\/a><\/span><\/p>\n<\/div><\/div><div class=\"w-separator size_small\"><\/div><div class=\"w-image align_none\"><div class=\"w-image-h\"><img loading=\"lazy\" decoding=\"async\" width=\"819\" height=\"1024\" src=\"https:\/\/fruitssp.com\/wp-content\/uploads\/2025\/04\/11868_forum_calcotada_1080x1350_cambra-819x1024.jpg\" class=\"attachment-large size-large\" alt=\"\" srcset=\"https:\/\/fruitssp.com\/wp-content\/uploads\/2025\/04\/11868_forum_calcotada_1080x1350_cambra-819x1024.jpg 819w, https:\/\/fruitssp.com\/wp-content\/uploads\/2025\/04\/11868_forum_calcotada_1080x1350_cambra-240x300.jpg 240w, https:\/\/fruitssp.com\/wp-content\/uploads\/2025\/04\/11868_forum_calcotada_1080x1350_cambra-10x12.jpg 10w, https:\/\/fruitssp.com\/wp-content\/uploads\/2025\/04\/11868_forum_calcotada_1080x1350_cambra-600x750.jpg 600w, https:\/\/fruitssp.com\/wp-content\/uploads\/2025\/04\/11868_forum_calcotada_1080x1350_cambra-768x960.jpg 768w, https:\/\/fruitssp.com\/wp-content\/uploads\/2025\/04\/11868_forum_calcotada_1080x1350_cambra-100x125.jpg 100w, https:\/\/fruitssp.com\/wp-content\/uploads\/2025\/04\/11868_forum_calcotada_1080x1350_cambra-300x375.jpg 300w, https:\/\/fruitssp.com\/wp-content\/uploads\/2025\/04\/11868_forum_calcotada_1080x1350_cambra-900x1125.jpg 900w, https:\/\/fruitssp.com\/wp-content\/uploads\/2025\/04\/11868_forum_calcotada_1080x1350_cambra.jpg 1080w\" sizes=\"auto, (max-width: 819px) 100vw, 819px\" \/><\/div><\/div><\/div><\/div><\/div><\/div><\/section>","protected":false},"excerpt":{"rendered":"Figuerola del Camp \/ Valls, 29 de abril de 2025 \u2014 La empresa Salses Fruits, reconocida por su salsa de cal\u00e7otada elaborada con productos de proximidad, participar\u00e1 activamente en el primer Foro Cal\u00e7otada, que se celebrar\u00e1 los d\u00edas 8 y 9 de mayo en la Biblioteca Popular de Valls. Este evento pionero, impulsado por la C\u00e1mara...","protected":false},"author":1,"featured_media":16385,"comment_status":"closed","ping_status":"closed","sticky":false,"template":"","format":"standard","meta":{"inline_featured_image":false,"footnotes":""},"categories":[1],"tags":[294,319,310,221],"class_list":["post-16384","post","type-post","status-publish","format-standard","has-post-thumbnail","hentry","category-noticies","tag-cambra-de-comerc-de-valls","tag-forum-calcotada","tag-igp-calcot-de-valls","tag-salsa-calcotada"],"yoast_head":"<!-- This site is optimized with the Yoast SEO plugin v26.7 - https:\/\/yoast.com\/wordpress\/plugins\/seo\/ -->\n<title>Salses Fruits participar\u00e0 en el primer F\u00f2rum Cal\u00e7otada, a Valls\u200b - Salses Fruits<\/title>\n<meta name=\"description\" content=\"En el marc del f\u00f2rum, Francesc Sans, gerent de Salses Fruits, participar\u00e0 a la taula rodona titulada \u201cLa Salsa de la Cal\u00e7otada\u201d, prevista per al divendres 9 de maig a les 11:30 h. Aquesta sessi\u00f3 reunir\u00e0 diversos elaboradors i experts per debatre sobre la recepta, l\u2019elaboraci\u00f3, la tradici\u00f3 i el futur de la salsa que acompanya els cal\u00e7ots.\u200b\" \/>\n<meta name=\"robots\" content=\"index, follow, max-snippet:-1, max-image-preview:large, max-video-preview:-1\" \/>\n<link rel=\"canonical\" href=\"https:\/\/fruitssp.com\/es\/noticies\/salses-fruits-participara-en-el-primer-forum-calcotada-a-valls\/\" \/>\n<meta property=\"og:locale\" content=\"es_ES\" \/>\n<meta property=\"og:type\" content=\"article\" \/>\n<meta property=\"og:title\" content=\"Salses Fruits participar\u00e0 en el primer F\u00f2rum Cal\u00e7otada, a Valls\u200b - Salses Fruits\" \/>\n<meta property=\"og:description\" content=\"En el marc del f\u00f2rum, Francesc Sans, gerent de Salses Fruits, participar\u00e0 a la taula rodona titulada \u201cLa Salsa de la Cal\u00e7otada\u201d, prevista per al divendres 9 de maig a les 11:30 h. Aquesta sessi\u00f3 reunir\u00e0 diversos elaboradors i experts per debatre sobre la recepta, l\u2019elaboraci\u00f3, la tradici\u00f3 i el futur de la salsa que acompanya els cal\u00e7ots.\u200b\" \/>\n<meta property=\"og:url\" content=\"https:\/\/fruitssp.com\/es\/noticies\/salses-fruits-participara-en-el-primer-forum-calcotada-a-valls\/\" \/>\n<meta property=\"og:site_name\" content=\"Salses Fruits\" \/>\n<meta property=\"article:publisher\" content=\"https:\/\/www.facebook.com\/Salses-Fruits-SP-1137777022906379\/\" \/>\n<meta property=\"article:published_time\" content=\"2025-04-29T18:00:46+00:00\" \/>\n<meta property=\"article:modified_time\" content=\"2025-04-29T18:05:03+00:00\" \/>\n<meta property=\"og:image\" content=\"https:\/\/fruitssp.com\/wp-content\/uploads\/2025\/04\/ForumCalcotada.jpg\" \/>\n\t<meta property=\"og:image:width\" content=\"1600\" \/>\n\t<meta property=\"og:image:height\" content=\"1200\" \/>\n\t<meta property=\"og:image:type\" content=\"image\/jpeg\" \/>\n<meta name=\"author\" content=\"fruitssp\" \/>\n<meta name=\"twitter:card\" content=\"summary_large_image\" \/>\n<meta name=\"twitter:label1\" content=\"Escrito por\" \/>\n\t<meta name=\"twitter:data1\" content=\"fruitssp\" \/>\n\t<meta name=\"twitter:label2\" content=\"Tiempo de lectura\" \/>\n\t<meta name=\"twitter:data2\" content=\"3 minutos\" \/>\n<!-- \/ Yoast SEO plugin. -->","yoast_head_json":{"title":"Salses Fruits participar\u00e0 en el primer F\u00f2rum Cal\u00e7otada, a Valls\u200b - Salses Fruits","description":"En el marc del f\u00f2rum, Francesc Sans, gerent de Salses Fruits, participar\u00e0 a la taula rodona titulada \u201cLa Salsa de la Cal\u00e7otada\u201d, prevista per al divendres 9 de maig a les 11:30 h. Aquesta sessi\u00f3 reunir\u00e0 diversos elaboradors i experts per debatre sobre la recepta, l\u2019elaboraci\u00f3, la tradici\u00f3 i el futur de la salsa que acompanya els cal\u00e7ots.\u200b","robots":{"index":"index","follow":"follow","max-snippet":"max-snippet:-1","max-image-preview":"max-image-preview:large","max-video-preview":"max-video-preview:-1"},"canonical":"https:\/\/fruitssp.com\/es\/noticies\/salses-fruits-participara-en-el-primer-forum-calcotada-a-valls\/","og_locale":"es_ES","og_type":"article","og_title":"Salses Fruits participar\u00e0 en el primer F\u00f2rum Cal\u00e7otada, a Valls\u200b - Salses Fruits","og_description":"En el marc del f\u00f2rum, Francesc Sans, gerent de Salses Fruits, participar\u00e0 a la taula rodona titulada \u201cLa Salsa de la Cal\u00e7otada\u201d, prevista per al divendres 9 de maig a les 11:30 h. Aquesta sessi\u00f3 reunir\u00e0 diversos elaboradors i experts per debatre sobre la recepta, l\u2019elaboraci\u00f3, la tradici\u00f3 i el futur de la salsa que acompanya els cal\u00e7ots.\u200b","og_url":"https:\/\/fruitssp.com\/es\/noticies\/salses-fruits-participara-en-el-primer-forum-calcotada-a-valls\/","og_site_name":"Salses Fruits","article_publisher":"https:\/\/www.facebook.com\/Salses-Fruits-SP-1137777022906379\/","article_published_time":"2025-04-29T18:00:46+00:00","article_modified_time":"2025-04-29T18:05:03+00:00","og_image":[{"width":1600,"height":1200,"url":"https:\/\/fruitssp.com\/wp-content\/uploads\/2025\/04\/ForumCalcotada.jpg","type":"image\/jpeg"}],"author":"fruitssp","twitter_card":"summary_large_image","twitter_misc":{"Escrito por":"fruitssp","Tiempo de lectura":"3 minutos"},"schema":{"@context":"https:\/\/schema.org","@graph":[{"@type":"Article","@id":"https:\/\/fruitssp.com\/noticies\/salses-fruits-participara-en-el-primer-forum-calcotada-a-valls\/#article","isPartOf":{"@id":"https:\/\/fruitssp.com\/noticies\/salses-fruits-participara-en-el-primer-forum-calcotada-a-valls\/"},"author":{"name":"fruitssp","@id":"https:\/\/fruitssp.com\/#\/schema\/person\/74f4a70f480644ed06e5945c13b509c8"},"headline":"Salses Fruits participar\u00e0 en el primer F\u00f2rum Cal\u00e7otada, a Valls\u200b","datePublished":"2025-04-29T18:00:46+00:00","dateModified":"2025-04-29T18:05:03+00:00","mainEntityOfPage":{"@id":"https:\/\/fruitssp.com\/noticies\/salses-fruits-participara-en-el-primer-forum-calcotada-a-valls\/"},"wordCount":428,"publisher":{"@id":"https:\/\/fruitssp.com\/#organization"},"image":{"@id":"https:\/\/fruitssp.com\/noticies\/salses-fruits-participara-en-el-primer-forum-calcotada-a-valls\/#primaryimage"},"thumbnailUrl":"https:\/\/fruitssp.com\/wp-content\/uploads\/2025\/04\/ForumCalcotada.jpg","keywords":["Cambra de Comer\u00e7 de Valls","F\u00f2rum Cal\u00e7otada","IGP Cal\u00e7ot de Valls","salsa cal\u00e7otada"],"articleSection":["Noticies"],"inLanguage":"es"},{"@type":"WebPage","@id":"https:\/\/fruitssp.com\/noticies\/salses-fruits-participara-en-el-primer-forum-calcotada-a-valls\/","url":"https:\/\/fruitssp.com\/noticies\/salses-fruits-participara-en-el-primer-forum-calcotada-a-valls\/","name":"Salses Fruits participar\u00e0 en el primer F\u00f2rum Cal\u00e7otada, a Valls\u200b - Salses Fruits","isPartOf":{"@id":"https:\/\/fruitssp.com\/#website"},"primaryImageOfPage":{"@id":"https:\/\/fruitssp.com\/noticies\/salses-fruits-participara-en-el-primer-forum-calcotada-a-valls\/#primaryimage"},"image":{"@id":"https:\/\/fruitssp.com\/noticies\/salses-fruits-participara-en-el-primer-forum-calcotada-a-valls\/#primaryimage"},"thumbnailUrl":"https:\/\/fruitssp.com\/wp-content\/uploads\/2025\/04\/ForumCalcotada.jpg","datePublished":"2025-04-29T18:00:46+00:00","dateModified":"2025-04-29T18:05:03+00:00","description":"En el marc del f\u00f2rum, Francesc Sans, gerent de Salses Fruits, participar\u00e0 a la taula rodona titulada \u201cLa Salsa de la Cal\u00e7otada\u201d, prevista per al divendres 9 de maig a les 11:30 h. Aquesta sessi\u00f3 reunir\u00e0 diversos elaboradors i experts per debatre sobre la recepta, l\u2019elaboraci\u00f3, la tradici\u00f3 i el futur de la salsa que acompanya els cal\u00e7ots.\u200b","breadcrumb":{"@id":"https:\/\/fruitssp.com\/noticies\/salses-fruits-participara-en-el-primer-forum-calcotada-a-valls\/#breadcrumb"},"inLanguage":"es","potentialAction":[{"@type":"ReadAction","target":["https:\/\/fruitssp.com\/noticies\/salses-fruits-participara-en-el-primer-forum-calcotada-a-valls\/"]}]},{"@type":"ImageObject","inLanguage":"es","@id":"https:\/\/fruitssp.com\/noticies\/salses-fruits-participara-en-el-primer-forum-calcotada-a-valls\/#primaryimage","url":"https:\/\/fruitssp.com\/wp-content\/uploads\/2025\/04\/ForumCalcotada.jpg","contentUrl":"https:\/\/fruitssp.com\/wp-content\/uploads\/2025\/04\/ForumCalcotada.jpg","width":1600,"height":1200,"caption":"Presentaci\u00f3 del F\u00f2rum Cal\u00e7otada a la Cambra de Comer\u00e7 de Valls"},{"@type":"BreadcrumbList","@id":"https:\/\/fruitssp.com\/noticies\/salses-fruits-participara-en-el-primer-forum-calcotada-a-valls\/#breadcrumb","itemListElement":[{"@type":"ListItem","position":1,"name":"Inici","item":"https:\/\/fruitssp.com\/"},{"@type":"ListItem","position":2,"name":"Salses Fruits participar\u00e0 en el primer F\u00f2rum Cal\u00e7otada, a Valls\u200b"}]},{"@type":"WebSite","@id":"https:\/\/fruitssp.com\/#website","url":"https:\/\/fruitssp.com\/","name":"FruitsSP","description":"Salsas y productos frescos y naturales, de la tierra del cal\u00e7ot","publisher":{"@id":"https:\/\/fruitssp.com\/#organization"},"potentialAction":[{"@type":"SearchAction","target":{"@type":"EntryPoint","urlTemplate":"https:\/\/fruitssp.com\/?s={search_term_string}"},"query-input":{"@type":"PropertyValueSpecification","valueRequired":true,"valueName":"search_term_string"}}],"inLanguage":"es"},{"@type":"Organization","@id":"https:\/\/fruitssp.com\/#organization","name":"Salsas Frutos S &amp; P","url":"https:\/\/fruitssp.com\/","logo":{"@type":"ImageObject","inLanguage":"es","@id":"https:\/\/fruitssp.com\/#\/schema\/logo\/image\/","url":"https:\/\/fruitssp.com\/wp-content\/uploads\/2022\/12\/logoFruits_472x406.png","contentUrl":"https:\/\/fruitssp.com\/wp-content\/uploads\/2022\/12\/logoFruits_472x406.png","width":472,"height":406,"caption":"Salses Fruits S&P"},"image":{"@id":"https:\/\/fruitssp.com\/#\/schema\/logo\/image\/"},"sameAs":["https:\/\/www.facebook.com\/Salses-Fruits-SP-1137777022906379\/","https:\/\/www.instagram.com\/salsesfruitssp\/","https:\/\/www.linkedin.com\/company\/salses-fruits-s-i-p-sl\/"]},{"@type":"Person","@id":"https:\/\/fruitssp.com\/#\/schema\/person\/74f4a70f480644ed06e5945c13b509c8","name":"fruitssp"}]}},"_links":{"self":[{"href":"https:\/\/fruitssp.com\/es\/wp-json\/wp\/v2\/posts\/16384","targetHints":{"allow":["GET"]}}],"collection":[{"href":"https:\/\/fruitssp.com\/es\/wp-json\/wp\/v2\/posts"}],"about":[{"href":"https:\/\/fruitssp.com\/es\/wp-json\/wp\/v2\/types\/post"}],"author":[{"embeddable":true,"href":"https:\/\/fruitssp.com\/es\/wp-json\/wp\/v2\/users\/1"}],"replies":[{"embeddable":true,"href":"https:\/\/fruitssp.com\/es\/wp-json\/wp\/v2\/comments?post=16384"}],"version-history":[{"count":0,"href":"https:\/\/fruitssp.com\/es\/wp-json\/wp\/v2\/posts\/16384\/revisions"}],"wp:featuredmedia":[{"embeddable":true,"href":"https:\/\/fruitssp.com\/es\/wp-json\/wp\/v2\/media\/16385"}],"wp:attachment":[{"href":"https:\/\/fruitssp.com\/es\/wp-json\/wp\/v2\/media?parent=16384"}],"wp:term":[{"taxonomy":"category","embeddable":true,"href":"https:\/\/fruitssp.com\/es\/wp-json\/wp\/v2\/categories?post=16384"},{"taxonomy":"post_tag","embeddable":true,"href":"https:\/\/fruitssp.com\/es\/wp-json\/wp\/v2\/tags?post=16384"}],"curies":[{"name":"wp","href":"https:\/\/api.w.org\/{rel}","templated":true}]}}