{"id":28345,"date":"2025-10-06T08:25:40","date_gmt":"2025-10-06T08:25:40","guid":{"rendered":"https:\/\/fruitssp.com\/?p=28345"},"modified":"2025-10-09T11:25:55","modified_gmt":"2025-10-09T11:25:55","slug":"salses-fruits-amb-la-calcotada-popular-del-calcofest","status":"publish","type":"post","link":"https:\/\/fruitssp.com\/es\/noticies\/salses-fruits-amb-la-calcotada-popular-del-calcofest\/","title":{"rendered":"Salsas Frutos con la cal\u00e7otada popular del CAL\u00c7OFEST"},"content":{"rendered":"<section class=\"l-section wpb_row height_medium\"><div class=\"l-section-h i-cf\"><div class=\"g-cols vc_row via_grid cols_2 laptops-cols_inherit tablets-cols_inherit mobiles-cols_1 valign_top type_default stacking_default\"><div class=\"wpb_column vc_column_container\"><div class=\"vc_column-inner\"><div class=\"w-image align_none\"><div class=\"w-image-h\"><img loading=\"lazy\" decoding=\"async\" width=\"683\" height=\"1024\" src=\"https:\/\/fruitssp.com\/wp-content\/uploads\/2025\/10\/250929WEB_calcotadapopular_calcofest_2-683x1024.png\" class=\"attachment-large size-large\" alt=\"\" srcset=\"https:\/\/fruitssp.com\/wp-content\/uploads\/2025\/10\/250929WEB_calcotadapopular_calcofest_2-683x1024.png 683w, https:\/\/fruitssp.com\/wp-content\/uploads\/2025\/10\/250929WEB_calcotadapopular_calcofest_2-200x300.png 200w, https:\/\/fruitssp.com\/wp-content\/uploads\/2025\/10\/250929WEB_calcotadapopular_calcofest_2-8x12.png 8w, https:\/\/fruitssp.com\/wp-content\/uploads\/2025\/10\/250929WEB_calcotadapopular_calcofest_2-600x900.png 600w, https:\/\/fruitssp.com\/wp-content\/uploads\/2025\/10\/250929WEB_calcotadapopular_calcofest_2-768x1152.png 768w, https:\/\/fruitssp.com\/wp-content\/uploads\/2025\/10\/250929WEB_calcotadapopular_calcofest_2-100x150.png 100w, https:\/\/fruitssp.com\/wp-content\/uploads\/2025\/10\/250929WEB_calcotadapopular_calcofest_2-300x450.png 300w, https:\/\/fruitssp.com\/wp-content\/uploads\/2025\/10\/250929WEB_calcotadapopular_calcofest_2-900x1350.png 900w, https:\/\/fruitssp.com\/wp-content\/uploads\/2025\/10\/250929WEB_calcotadapopular_calcofest_2.png 1000w\" sizes=\"auto, (max-width: 683px) 100vw, 683px\" \/><\/div><\/div><\/div><\/div><div class=\"wpb_column vc_column_container\"><div class=\"vc_column-inner\"><div class=\"w-image align_none\"><div class=\"w-image-h\"><img loading=\"lazy\" decoding=\"async\" width=\"727\" height=\"1024\" src=\"https:\/\/fruitssp.com\/wp-content\/uploads\/2025\/10\/250922CARTELL_calcofest-727x1024.png\" class=\"attachment-large size-large\" alt=\"\" srcset=\"https:\/\/fruitssp.com\/wp-content\/uploads\/2025\/10\/250922CARTELL_calcofest-727x1024.png 727w, https:\/\/fruitssp.com\/wp-content\/uploads\/2025\/10\/250922CARTELL_calcofest-213x300.png 213w, https:\/\/fruitssp.com\/wp-content\/uploads\/2025\/10\/250922CARTELL_calcofest-9x12.png 9w, https:\/\/fruitssp.com\/wp-content\/uploads\/2025\/10\/250922CARTELL_calcofest-600x845.png 600w, https:\/\/fruitssp.com\/wp-content\/uploads\/2025\/10\/250922CARTELL_calcofest-768x1082.png 768w, https:\/\/fruitssp.com\/wp-content\/uploads\/2025\/10\/250922CARTELL_calcofest-100x141.png 100w, https:\/\/fruitssp.com\/wp-content\/uploads\/2025\/10\/250922CARTELL_calcofest-300x423.png 300w, https:\/\/fruitssp.com\/wp-content\/uploads\/2025\/10\/250922CARTELL_calcofest-900x1268.png 900w, https:\/\/fruitssp.com\/wp-content\/uploads\/2025\/10\/250922CARTELL_calcofest.png 1100w\" sizes=\"auto, (max-width: 727px) 100vw, 727px\" \/><\/div><\/div><\/div><\/div><\/div><\/div><\/section><section class=\"l-section wpb_row height_medium\"><div class=\"l-section-h i-cf\"><div class=\"g-cols vc_row via_grid cols_1 laptops-cols_inherit tablets-cols_inherit mobiles-cols_1 valign_top type_default stacking_default\"><div class=\"wpb_column vc_column_container\"><div class=\"vc_column-inner\"><div class=\"wpb_text_column\"><div class=\"wpb_wrapper\"><p class=\"p1\">La <strong>Salsa Cal\u00e7otada de Salses Fruits<\/strong> participar\u00e1 en la cal\u00e7otada popular que se celebrar\u00e1 en Valls el 22 de noviembre en el marco de la primera edici\u00f3n del festival <strong>Cal\u00e7ofest<\/strong>.<\/p>\n<p class=\"p1\"><b>Una gran cal\u00e7otada popular en el coraz\u00f3n del festival<\/b><b><\/b><\/p>\n<p class=\"p1\">La cal\u00e7otada popular, que se celebrar\u00e1 en el aparcamiento de la Cooperativa, ser\u00e1 uno de los momentos m\u00e1s esperados del Cal\u00e7ofest y ofrecer\u00e1 un men\u00fa completo con productos de proximidad:<\/p>\n<p class=\"p1\">\u202212 cal\u00e7ots con IGP Cal\u00e7ot de Valls<\/p>\n<p class=\"p1\">\u20221 tarrina de <strong>salsa cal\u00e7otada de Salses Fruits<\/strong> y un babero conmemorativo<\/p>\n<p class=\"p1\">\u20221 palmo de salchich\u00f3n de Valls<\/p>\n<p class=\"p1\">\u20221 rebanada de pan, acompa\u00f1ada de vino de la DO Tarragona y agua<\/p>\n<p class=\"p1\">\u2022Patatas fritas de Patatas Palau<\/p>\n<p class=\"p1\">\u2022Carqui\u00f1oles de chocolate a la naranja elaborados por la Pasteler\u00eda Cal Cesc<\/p>\n<p class=\"p1\">Todo ello por un precio popular de 15\u20ac.<\/p>\n<p class=\"p1\">En s\u00f3lo tres d\u00edas, se han agotado los primeros 500 tiques puestos a la venta y la organizaci\u00f3n del Cal\u00e7ofest ha decidido ampliar el aforo de la cal\u00e7otada popular del festival con 500 entradas adicionales, que ya se pueden adquirir a trav\u00e9s de la web oficial www.cal\u00e7ofest.cat.<\/p>\n<p class=\"p3\"><span class=\"s1\"><a href=\"https:\/\/calcofest.cat\/calcotada\">Ticket cal\u00e7otada popular del Cal\u00e7ofest \u3009\u3009<\/a><\/span><\/p>\n<p class=\"p5\"><span class=\"s2\"><a href=\"https:\/\/calcofest.cat\/entrades\">Entrada macroconcierto Cal\u00e7ofest \u3009\u3009<\/a><\/span><\/p>\n<p class=\"p1\"><span class=\"s1\">Desde <strong>Salses Fruits<\/strong>, con la <strong>Salsa Cal\u00e7otada de la tierra de los cal\u00e7ots<\/strong>, estamos junto a iniciativas tan potentes como el <strong>CALZOFESTO<\/strong> que nos ayuda, m\u00e1s a\u00fan a promocionar nuestra cal\u00e7otada.<\/span><\/p>\n<\/div><\/div><\/div><\/div><\/div><\/div><\/section>","protected":false},"excerpt":{"rendered":"La Salsa Cal\u00e7otada de Salses Fruits participar\u00e1 en la cal\u00e7otada popular que se celebrar\u00e1 en Valls el 22 de noviembre en el marco de la primera edici\u00f3n del festival Cal\u00e7ofest. Una gran cal\u00e7otada popular en el coraz\u00f3n del festival La cal\u00e7otada popular, que se celebrar\u00e1 en el aparcamiento de la Cooperativa, ser\u00e1 uno de los momentos m\u00e1s...","protected":false},"author":1,"featured_media":28346,"comment_status":"closed","ping_status":"closed","sticky":false,"template":"","format":"standard","meta":{"inline_featured_image":false,"footnotes":""},"categories":[1],"tags":[330,306,221,331],"class_list":["post-28345","post","type-post","status-publish","format-standard","has-post-thumbnail","hentry","category-noticies","tag-calcofest","tag-gran-festa-de-la-calcotada","tag-salsa-calcotada","tag-salsa-de-calcots"],"yoast_head":"<!-- This site is optimized with the Yoast SEO plugin v26.7 - https:\/\/yoast.com\/wordpress\/plugins\/seo\/ -->\n<title>Salses Fruits amb la cal\u00e7otada popular del CAL\u00c7OFEST - Salses Fruits<\/title>\n<meta name=\"robots\" content=\"index, follow, max-snippet:-1, max-image-preview:large, max-video-preview:-1\" \/>\n<link rel=\"canonical\" href=\"https:\/\/fruitssp.com\/es\/noticies\/salses-fruits-amb-la-calcotada-popular-del-calcofest\/\" \/>\n<meta property=\"og:locale\" content=\"es_ES\" \/>\n<meta property=\"og:type\" content=\"article\" \/>\n<meta property=\"og:title\" content=\"Salses Fruits amb la cal\u00e7otada popular del CAL\u00c7OFEST - Salses Fruits\" \/>\n<meta property=\"og:url\" content=\"https:\/\/fruitssp.com\/es\/noticies\/salses-fruits-amb-la-calcotada-popular-del-calcofest\/\" \/>\n<meta property=\"og:site_name\" content=\"Salses Fruits\" \/>\n<meta property=\"article:publisher\" content=\"https:\/\/www.facebook.com\/Salses-Fruits-SP-1137777022906379\/\" \/>\n<meta property=\"article:published_time\" content=\"2025-10-06T08:25:40+00:00\" \/>\n<meta property=\"article:modified_time\" content=\"2025-10-09T11:25:55+00:00\" \/>\n<meta property=\"og:image\" content=\"https:\/\/fruitssp.com\/wp-content\/uploads\/2025\/10\/250929WEB_calcotadapopular_calcofest_2-683x1024.png\" \/>\n\t<meta property=\"og:image:width\" content=\"683\" \/>\n\t<meta property=\"og:image:height\" content=\"1024\" \/>\n\t<meta property=\"og:image:type\" content=\"image\/png\" \/>\n<meta name=\"author\" content=\"fruitssp\" \/>\n<meta name=\"twitter:card\" content=\"summary_large_image\" \/>\n<meta name=\"twitter:label1\" content=\"Escrito por\" \/>\n\t<meta name=\"twitter:data1\" content=\"fruitssp\" \/>\n\t<meta name=\"twitter:label2\" content=\"Tiempo de lectura\" \/>\n\t<meta name=\"twitter:data2\" content=\"2 minutos\" \/>\n<!-- \/ Yoast SEO plugin. -->","yoast_head_json":{"title":"Salsas Frutos con la cal\u00e7otada popular del CALZOFESTO - Salsas Frutos","robots":{"index":"index","follow":"follow","max-snippet":"max-snippet:-1","max-image-preview":"max-image-preview:large","max-video-preview":"max-video-preview:-1"},"canonical":"https:\/\/fruitssp.com\/es\/noticies\/salses-fruits-amb-la-calcotada-popular-del-calcofest\/","og_locale":"es_ES","og_type":"article","og_title":"Salses Fruits amb la cal\u00e7otada popular del CAL\u00c7OFEST - Salses Fruits","og_url":"https:\/\/fruitssp.com\/es\/noticies\/salses-fruits-amb-la-calcotada-popular-del-calcofest\/","og_site_name":"Salses Fruits","article_publisher":"https:\/\/www.facebook.com\/Salses-Fruits-SP-1137777022906379\/","article_published_time":"2025-10-06T08:25:40+00:00","article_modified_time":"2025-10-09T11:25:55+00:00","og_image":[{"width":683,"height":1024,"url":"https:\/\/fruitssp.com\/wp-content\/uploads\/2025\/10\/250929WEB_calcotadapopular_calcofest_2-683x1024.png","type":"image\/png"}],"author":"fruitssp","twitter_card":"summary_large_image","twitter_misc":{"Escrito por":"fruitssp","Tiempo de lectura":"2 minutos"},"schema":{"@context":"https:\/\/schema.org","@graph":[{"@type":"Article","@id":"https:\/\/fruitssp.com\/noticies\/salses-fruits-amb-la-calcotada-popular-del-calcofest\/#article","isPartOf":{"@id":"https:\/\/fruitssp.com\/noticies\/salses-fruits-amb-la-calcotada-popular-del-calcofest\/"},"author":{"name":"fruitssp","@id":"https:\/\/fruitssp.com\/#\/schema\/person\/74f4a70f480644ed06e5945c13b509c8"},"headline":"Salses Fruits amb la cal\u00e7otada popular del CAL\u00c7OFEST","datePublished":"2025-10-06T08:25:40+00:00","dateModified":"2025-10-09T11:25:55+00:00","mainEntityOfPage":{"@id":"https:\/\/fruitssp.com\/noticies\/salses-fruits-amb-la-calcotada-popular-del-calcofest\/"},"wordCount":278,"publisher":{"@id":"https:\/\/fruitssp.com\/#organization"},"image":{"@id":"https:\/\/fruitssp.com\/noticies\/salses-fruits-amb-la-calcotada-popular-del-calcofest\/#primaryimage"},"thumbnailUrl":"https:\/\/fruitssp.com\/wp-content\/uploads\/2025\/10\/250929WEB_calcotadapopular_calcofest_2.png","keywords":["CAL\u00c7OFEST","Gran Festa de la Cal\u00e7otada","salsa cal\u00e7otada","Salsa de cal\u00e7ots"],"articleSection":["Noticies"],"inLanguage":"es"},{"@type":"WebPage","@id":"https:\/\/fruitssp.com\/noticies\/salses-fruits-amb-la-calcotada-popular-del-calcofest\/","url":"https:\/\/fruitssp.com\/noticies\/salses-fruits-amb-la-calcotada-popular-del-calcofest\/","name":"Salsas Frutos con la cal\u00e7otada popular del CALZOFESTO - Salsas Frutos","isPartOf":{"@id":"https:\/\/fruitssp.com\/#website"},"primaryImageOfPage":{"@id":"https:\/\/fruitssp.com\/noticies\/salses-fruits-amb-la-calcotada-popular-del-calcofest\/#primaryimage"},"image":{"@id":"https:\/\/fruitssp.com\/noticies\/salses-fruits-amb-la-calcotada-popular-del-calcofest\/#primaryimage"},"thumbnailUrl":"https:\/\/fruitssp.com\/wp-content\/uploads\/2025\/10\/250929WEB_calcotadapopular_calcofest_2.png","datePublished":"2025-10-06T08:25:40+00:00","dateModified":"2025-10-09T11:25:55+00:00","breadcrumb":{"@id":"https:\/\/fruitssp.com\/noticies\/salses-fruits-amb-la-calcotada-popular-del-calcofest\/#breadcrumb"},"inLanguage":"es","potentialAction":[{"@type":"ReadAction","target":["https:\/\/fruitssp.com\/noticies\/salses-fruits-amb-la-calcotada-popular-del-calcofest\/"]}]},{"@type":"ImageObject","inLanguage":"es","@id":"https:\/\/fruitssp.com\/noticies\/salses-fruits-amb-la-calcotada-popular-del-calcofest\/#primaryimage","url":"https:\/\/fruitssp.com\/wp-content\/uploads\/2025\/10\/250929WEB_calcotadapopular_calcofest_2.png","contentUrl":"https:\/\/fruitssp.com\/wp-content\/uploads\/2025\/10\/250929WEB_calcotadapopular_calcofest_2.png","width":1000,"height":1500},{"@type":"BreadcrumbList","@id":"https:\/\/fruitssp.com\/noticies\/salses-fruits-amb-la-calcotada-popular-del-calcofest\/#breadcrumb","itemListElement":[{"@type":"ListItem","position":1,"name":"Inici","item":"https:\/\/fruitssp.com\/"},{"@type":"ListItem","position":2,"name":"Salses Fruits amb la cal\u00e7otada popular del CAL\u00c7OFEST"}]},{"@type":"WebSite","@id":"https:\/\/fruitssp.com\/#website","url":"https:\/\/fruitssp.com\/","name":"FruitsSP","description":"Salsas y productos frescos y naturales, de la tierra del cal\u00e7ot","publisher":{"@id":"https:\/\/fruitssp.com\/#organization"},"potentialAction":[{"@type":"SearchAction","target":{"@type":"EntryPoint","urlTemplate":"https:\/\/fruitssp.com\/?s={search_term_string}"},"query-input":{"@type":"PropertyValueSpecification","valueRequired":true,"valueName":"search_term_string"}}],"inLanguage":"es"},{"@type":"Organization","@id":"https:\/\/fruitssp.com\/#organization","name":"Salsas Frutos S &amp; P","url":"https:\/\/fruitssp.com\/","logo":{"@type":"ImageObject","inLanguage":"es","@id":"https:\/\/fruitssp.com\/#\/schema\/logo\/image\/","url":"https:\/\/fruitssp.com\/wp-content\/uploads\/2022\/12\/logoFruits_472x406.png","contentUrl":"https:\/\/fruitssp.com\/wp-content\/uploads\/2022\/12\/logoFruits_472x406.png","width":472,"height":406,"caption":"Salses Fruits S&P"},"image":{"@id":"https:\/\/fruitssp.com\/#\/schema\/logo\/image\/"},"sameAs":["https:\/\/www.facebook.com\/Salses-Fruits-SP-1137777022906379\/","https:\/\/www.instagram.com\/salsesfruitssp\/","https:\/\/www.linkedin.com\/company\/salses-fruits-s-i-p-sl\/"]},{"@type":"Person","@id":"https:\/\/fruitssp.com\/#\/schema\/person\/74f4a70f480644ed06e5945c13b509c8","name":"fruitssp"}]}},"_links":{"self":[{"href":"https:\/\/fruitssp.com\/es\/wp-json\/wp\/v2\/posts\/28345","targetHints":{"allow":["GET"]}}],"collection":[{"href":"https:\/\/fruitssp.com\/es\/wp-json\/wp\/v2\/posts"}],"about":[{"href":"https:\/\/fruitssp.com\/es\/wp-json\/wp\/v2\/types\/post"}],"author":[{"embeddable":true,"href":"https:\/\/fruitssp.com\/es\/wp-json\/wp\/v2\/users\/1"}],"replies":[{"embeddable":true,"href":"https:\/\/fruitssp.com\/es\/wp-json\/wp\/v2\/comments?post=28345"}],"version-history":[{"count":0,"href":"https:\/\/fruitssp.com\/es\/wp-json\/wp\/v2\/posts\/28345\/revisions"}],"wp:featuredmedia":[{"embeddable":true,"href":"https:\/\/fruitssp.com\/es\/wp-json\/wp\/v2\/media\/28346"}],"wp:attachment":[{"href":"https:\/\/fruitssp.com\/es\/wp-json\/wp\/v2\/media?parent=28345"}],"wp:term":[{"taxonomy":"category","embeddable":true,"href":"https:\/\/fruitssp.com\/es\/wp-json\/wp\/v2\/categories?post=28345"},{"taxonomy":"post_tag","embeddable":true,"href":"https:\/\/fruitssp.com\/es\/wp-json\/wp\/v2\/tags?post=28345"}],"curies":[{"name":"wp","href":"https:\/\/api.w.org\/{rel}","templated":true}]}}