{"id":29297,"date":"2025-10-21T16:34:47","date_gmt":"2025-10-21T16:34:47","guid":{"rendered":"https:\/\/fruitssp.com\/?p=29297"},"modified":"2025-11-03T14:27:49","modified_gmt":"2025-11-03T14:27:49","slug":"salses-fruits-patrocinador-de-la-gran-festa-de-la-calcotada-2026-per-sete-any-consecutiu","status":"publish","type":"post","link":"https:\/\/fruitssp.com\/es\/noticies\/salses-fruits-patrocinador-de-la-gran-festa-de-la-calcotada-2026-per-sete-any-consecutiu\/","title":{"rendered":"SALSAS FRUTOS, patrocinador de la Gran Fiesta de la Cal\u00e7otada 2026 por s\u00e9ptimo a\u00f1o consecutivo."},"content":{"rendered":"<p class=\"p2\"><em>Valls \u2013 21 de octubre de 2025<\/em> \u2013 Hoy por la tarde, en la <a class=\"_ps2id\" href=\"https:\/\/cambravalls.com\/\" target=\"_blank\" rel=\"noopener\" data-ps2id-offset=\"\">C\u00e1mara de Comercio de Valls<\/a>, hemos presentado la imagen gr\u00e1fica de la <a href=\"https:\/\/festacalcotadavalls.cat\/\" target=\"_blank\" rel=\"noopener\"><strong>Gran Fiesta de la Cal\u00e7otada 2026<\/strong> <\/a>y su campa\u00f1a de promoci\u00f3n, junto a la<strong>Ayuntamiento de Valls<\/strong>, los otros patrocinadores de la 44 edici\u00f3n de la Gran Fiesta de la Cal\u00e7otada, <strong>Europastry<\/strong> y <strong>Domenio<\/strong>, la <strong>IGP Cal\u00e7ot de Valls<\/strong> y la <strong>Cooperativa Agr\u00edcola de Valls<\/strong>.<\/p>\n<p class=\"p2\">El cartel de la Gran Fiesta de la Cal\u00e7otada 2026 incorpora una obra hecha expresamente por el artista cambrilense <strong>David Callau<\/strong> que ya particip\u00f3 en el F\u00f2rum Cal\u00e7otada el pasado mes de mayo.<\/p>\n<p class=\"p2\">Un a\u00f1o m\u00e1s <strong>Salses Fruits,<\/strong> junto con <a href=\"https:\/\/europastry.com\/es\/es\/\" target=\"_blank\" rel=\"noopener\"><strong>Europastry<\/strong><\/a> y <a href=\"https:\/\/domeniowines.com\/ca\/\" target=\"_blank\" rel=\"noopener\"><strong>Domenio<\/strong><\/a>, que se estrena en esta edici\u00f3n, ser\u00e1n los tres grandes patrocinadores oficiales de la Gran Fiesta de la Cal\u00e7otada, uno de los eventos m\u00e1s esperados del calendario gastron\u00f3mico catal\u00e1n.<\/p>\n<p class=\"p2\">Este a\u00f1o la Gran Fiesta de la Cal\u00e7otada, tendr\u00e1 lugar el <strong>domingo 25 de enero de 2026<\/strong> y esperamos que vuelva a ser un gran \u00e9xito.<\/p>\n<p class=\"p2\">Durante la fiesta podr\u00e1n adquirir un lote de degustaci\u00f3n de la cal\u00e7otada: los cal\u00e7ots, cocinados a la llama de las rotulaciones del a\u00f1o pasado y acompa\u00f1ados de la famosa <a href=\"https:\/\/fruitssp.com\/es\/la-salsa-calcotada-de-la-terra-dels-calcots\/\" target=\"_blank\" rel=\"noopener\"><strong>Salsa Cal\u00e7otada de Salses Fruits<\/strong><\/a> y de los dem\u00e1s productos de los patrocinadores.<\/p>\n<figure id=\"attachment_29298\" aria-describedby=\"caption-attachment-29298\" style=\"width: 1080px\" class=\"wp-caption alignnone\"><img loading=\"lazy\" decoding=\"async\" class=\"size-full wp-image-29298\" src=\"https:\/\/fruitssp.com\/wp-content\/uploads\/2025\/10\/11962_1080x1350_calcot26_1.jpg\" alt=\"Gran Festa de la Cal\u00e7optada de Valls, 2026.\" width=\"1080\" height=\"1350\" srcset=\"https:\/\/fruitssp.com\/wp-content\/uploads\/2025\/10\/11962_1080x1350_calcot26_1.jpg 1080w, https:\/\/fruitssp.com\/wp-content\/uploads\/2025\/10\/11962_1080x1350_calcot26_1-240x300.jpg 240w, https:\/\/fruitssp.com\/wp-content\/uploads\/2025\/10\/11962_1080x1350_calcot26_1-819x1024.jpg 819w, https:\/\/fruitssp.com\/wp-content\/uploads\/2025\/10\/11962_1080x1350_calcot26_1-10x12.jpg 10w, https:\/\/fruitssp.com\/wp-content\/uploads\/2025\/10\/11962_1080x1350_calcot26_1-600x750.jpg 600w, https:\/\/fruitssp.com\/wp-content\/uploads\/2025\/10\/11962_1080x1350_calcot26_1-768x960.jpg 768w, https:\/\/fruitssp.com\/wp-content\/uploads\/2025\/10\/11962_1080x1350_calcot26_1-100x125.jpg 100w, https:\/\/fruitssp.com\/wp-content\/uploads\/2025\/10\/11962_1080x1350_calcot26_1-300x375.jpg 300w, https:\/\/fruitssp.com\/wp-content\/uploads\/2025\/10\/11962_1080x1350_calcot26_1-900x1125.jpg 900w\" sizes=\"auto, (max-width: 1080px) 100vw, 1080px\" \/><figcaption id=\"caption-attachment-29298\" class=\"wp-caption-text\">Cartel de la 44 edici\u00f3n de la Gran Fiesta de la Cal\u00e7optada de Valls, 2026.<\/figcaption><\/figure>\n<p><img loading=\"lazy\" decoding=\"async\" class=\"alignnone size-full wp-image-29303\" src=\"https:\/\/fruitssp.com\/wp-content\/uploads\/2025\/10\/120971c7-759f-4eff-b786-a7662f556a78.jpg\" alt=\"\" width=\"1600\" height=\"1200\" srcset=\"https:\/\/fruitssp.com\/wp-content\/uploads\/2025\/10\/120971c7-759f-4eff-b786-a7662f556a78.jpg 1600w, https:\/\/fruitssp.com\/wp-content\/uploads\/2025\/10\/120971c7-759f-4eff-b786-a7662f556a78-300x225.jpg 300w, https:\/\/fruitssp.com\/wp-content\/uploads\/2025\/10\/120971c7-759f-4eff-b786-a7662f556a78-1024x768.jpg 1024w, https:\/\/fruitssp.com\/wp-content\/uploads\/2025\/10\/120971c7-759f-4eff-b786-a7662f556a78-16x12.jpg 16w, https:\/\/fruitssp.com\/wp-content\/uploads\/2025\/10\/120971c7-759f-4eff-b786-a7662f556a78-600x450.jpg 600w, https:\/\/fruitssp.com\/wp-content\/uploads\/2025\/10\/120971c7-759f-4eff-b786-a7662f556a78-768x576.jpg 768w, https:\/\/fruitssp.com\/wp-content\/uploads\/2025\/10\/120971c7-759f-4eff-b786-a7662f556a78-100x75.jpg 100w, https:\/\/fruitssp.com\/wp-content\/uploads\/2025\/10\/120971c7-759f-4eff-b786-a7662f556a78-900x675.jpg 900w\" sizes=\"auto, (max-width: 1600px) 100vw, 1600px\" \/><img loading=\"lazy\" decoding=\"async\" class=\"alignnone size-full wp-image-29305\" src=\"https:\/\/fruitssp.com\/wp-content\/uploads\/2025\/10\/3deed987-a0ae-4fe5-a628-79e00414a757-1.jpg\" alt=\"\" width=\"1440\" height=\"1440\" srcset=\"https:\/\/fruitssp.com\/wp-content\/uploads\/2025\/10\/3deed987-a0ae-4fe5-a628-79e00414a757-1.jpg 1440w, https:\/\/fruitssp.com\/wp-content\/uploads\/2025\/10\/3deed987-a0ae-4fe5-a628-79e00414a757-1-300x300.jpg 300w, https:\/\/fruitssp.com\/wp-content\/uploads\/2025\/10\/3deed987-a0ae-4fe5-a628-79e00414a757-1-1024x1024.jpg 1024w, https:\/\/fruitssp.com\/wp-content\/uploads\/2025\/10\/3deed987-a0ae-4fe5-a628-79e00414a757-1-150x150.jpg 150w, https:\/\/fruitssp.com\/wp-content\/uploads\/2025\/10\/3deed987-a0ae-4fe5-a628-79e00414a757-1-12x12.jpg 12w, https:\/\/fruitssp.com\/wp-content\/uploads\/2025\/10\/3deed987-a0ae-4fe5-a628-79e00414a757-1-350x350.jpg 350w, https:\/\/fruitssp.com\/wp-content\/uploads\/2025\/10\/3deed987-a0ae-4fe5-a628-79e00414a757-1-600x600.jpg 600w, https:\/\/fruitssp.com\/wp-content\/uploads\/2025\/10\/3deed987-a0ae-4fe5-a628-79e00414a757-1-768x768.jpg 768w, https:\/\/fruitssp.com\/wp-content\/uploads\/2025\/10\/3deed987-a0ae-4fe5-a628-79e00414a757-1-100x100.jpg 100w, https:\/\/fruitssp.com\/wp-content\/uploads\/2025\/10\/3deed987-a0ae-4fe5-a628-79e00414a757-1-900x900.jpg 900w\" sizes=\"auto, (max-width: 1440px) 100vw, 1440px\" \/><img loading=\"lazy\" decoding=\"async\" class=\"alignnone size-full wp-image-29306\" src=\"https:\/\/fruitssp.com\/wp-content\/uploads\/2025\/10\/242dd4ba-d524-4e01-9fbc-1ab148ab28c0.jpg\" alt=\"\" width=\"1600\" height=\"1200\" srcset=\"https:\/\/fruitssp.com\/wp-content\/uploads\/2025\/10\/242dd4ba-d524-4e01-9fbc-1ab148ab28c0.jpg 1600w, https:\/\/fruitssp.com\/wp-content\/uploads\/2025\/10\/242dd4ba-d524-4e01-9fbc-1ab148ab28c0-300x225.jpg 300w, https:\/\/fruitssp.com\/wp-content\/uploads\/2025\/10\/242dd4ba-d524-4e01-9fbc-1ab148ab28c0-1024x768.jpg 1024w, https:\/\/fruitssp.com\/wp-content\/uploads\/2025\/10\/242dd4ba-d524-4e01-9fbc-1ab148ab28c0-16x12.jpg 16w, https:\/\/fruitssp.com\/wp-content\/uploads\/2025\/10\/242dd4ba-d524-4e01-9fbc-1ab148ab28c0-600x450.jpg 600w, https:\/\/fruitssp.com\/wp-content\/uploads\/2025\/10\/242dd4ba-d524-4e01-9fbc-1ab148ab28c0-768x576.jpg 768w, https:\/\/fruitssp.com\/wp-content\/uploads\/2025\/10\/242dd4ba-d524-4e01-9fbc-1ab148ab28c0-100x75.jpg 100w, https:\/\/fruitssp.com\/wp-content\/uploads\/2025\/10\/242dd4ba-d524-4e01-9fbc-1ab148ab28c0-900x675.jpg 900w\" sizes=\"auto, (max-width: 1600px) 100vw, 1600px\" \/><\/p>","protected":false},"excerpt":{"rendered":"<p>Valls \u2013 21 d\u2019octubre de 2025 \u2013 Avui a la tarda, a la Cambra de Comer\u00e7 de Valls, hem presentat la imatge gr\u00e0fica de la Gran Festa de la Cal\u00e7otada 2026 i la seva campanya de promoci\u00f3, al costat de l\u2019Ajuntament de Valls, els altres patrocinadors de la 44a edici\u00f3 de la Gran Festa de&#8230;<\/p>","protected":false},"author":1,"featured_media":29298,"comment_status":"closed","ping_status":"closed","sticky":false,"template":"","format":"standard","meta":{"inline_featured_image":false,"footnotes":""},"categories":[48,1],"tags":[308,306,221],"class_list":["post-29297","post","type-post","status-publish","format-standard","has-post-thumbnail","hentry","category-general-es","category-noticies","tag-calcotada","tag-gran-festa-de-la-calcotada","tag-salsa-calcotada"],"yoast_head":"<!-- This site is optimized with the Yoast SEO plugin v26.7 - https:\/\/yoast.com\/wordpress\/plugins\/seo\/ -->\n<title>SALSES FRUITS, patrocinador de la Gran Festa de la Cal\u00e7otada 2026 per set\u00e8 any consecutiu. - Salses Fruits<\/title>\n<meta name=\"description\" content=\"Un any m\u00e9s Salses Fruits ser\u00e0 patrocidnador oficial de la Gran Festa de la Cal\u00e7otada, un dels esdeveniments m\u00e9s esperats del calendari gastron\u00f2mic catal\u00e0. Aquest any la Gran Festa de la Cal\u00e7otada, tindr\u00e0 lloc el diumenge 25 de gener de 2026 i esperem que torni a ser un gran \u00e8xit.\" \/>\n<meta name=\"robots\" content=\"index, follow, max-snippet:-1, max-image-preview:large, max-video-preview:-1\" \/>\n<link rel=\"canonical\" href=\"https:\/\/fruitssp.com\/es\/noticies\/salses-fruits-patrocinador-de-la-gran-festa-de-la-calcotada-2026-per-sete-any-consecutiu\/\" \/>\n<meta property=\"og:locale\" content=\"es_ES\" \/>\n<meta property=\"og:type\" content=\"article\" \/>\n<meta property=\"og:title\" content=\"SALSES FRUITS, patrocinador de la Gran Festa de la Cal\u00e7otada 2026 per set\u00e8 any consecutiu. - Salses Fruits\" \/>\n<meta property=\"og:description\" content=\"Un any m\u00e9s Salses Fruits ser\u00e0 patrocidnador oficial de la Gran Festa de la Cal\u00e7otada, un dels esdeveniments m\u00e9s esperats del calendari gastron\u00f2mic catal\u00e0. Aquest any la Gran Festa de la Cal\u00e7otada, tindr\u00e0 lloc el diumenge 25 de gener de 2026 i esperem que torni a ser un gran \u00e8xit.\" \/>\n<meta property=\"og:url\" content=\"https:\/\/fruitssp.com\/es\/noticies\/salses-fruits-patrocinador-de-la-gran-festa-de-la-calcotada-2026-per-sete-any-consecutiu\/\" \/>\n<meta property=\"og:site_name\" content=\"Salses Fruits\" \/>\n<meta property=\"article:publisher\" content=\"https:\/\/www.facebook.com\/Salses-Fruits-SP-1137777022906379\/\" \/>\n<meta property=\"article:published_time\" content=\"2025-10-21T16:34:47+00:00\" \/>\n<meta property=\"article:modified_time\" content=\"2025-11-03T14:27:49+00:00\" \/>\n<meta property=\"og:image\" content=\"https:\/\/fruitssp.com\/wp-content\/uploads\/2025\/10\/11962_1080x1350_calcot26_1.jpg\" \/>\n\t<meta property=\"og:image:width\" content=\"1080\" \/>\n\t<meta property=\"og:image:height\" content=\"1350\" \/>\n\t<meta property=\"og:image:type\" content=\"image\/jpeg\" \/>\n<meta name=\"author\" content=\"fruitssp\" \/>\n<meta name=\"twitter:card\" content=\"summary_large_image\" \/>\n<meta name=\"twitter:label1\" content=\"Escrito por\" \/>\n\t<meta name=\"twitter:data1\" content=\"fruitssp\" \/>\n\t<meta name=\"twitter:label2\" content=\"Tiempo de lectura\" \/>\n\t<meta name=\"twitter:data2\" content=\"3 minutos\" \/>\n<!-- \/ Yoast SEO plugin. -->","yoast_head_json":{"title":"SALSES FRUITS, patrocinador de la Gran Festa de la Cal\u00e7otada 2026 per set\u00e8 any consecutiu. - Salses Fruits","description":"Un any m\u00e9s Salses Fruits ser\u00e0 patrocidnador oficial de la Gran Festa de la Cal\u00e7otada, un dels esdeveniments m\u00e9s esperats del calendari gastron\u00f2mic catal\u00e0. Aquest any la Gran Festa de la Cal\u00e7otada, tindr\u00e0 lloc el diumenge 25 de gener de 2026 i esperem que torni a ser un gran \u00e8xit.","robots":{"index":"index","follow":"follow","max-snippet":"max-snippet:-1","max-image-preview":"max-image-preview:large","max-video-preview":"max-video-preview:-1"},"canonical":"https:\/\/fruitssp.com\/es\/noticies\/salses-fruits-patrocinador-de-la-gran-festa-de-la-calcotada-2026-per-sete-any-consecutiu\/","og_locale":"es_ES","og_type":"article","og_title":"SALSES FRUITS, patrocinador de la Gran Festa de la Cal\u00e7otada 2026 per set\u00e8 any consecutiu. - Salses Fruits","og_description":"Un any m\u00e9s Salses Fruits ser\u00e0 patrocidnador oficial de la Gran Festa de la Cal\u00e7otada, un dels esdeveniments m\u00e9s esperats del calendari gastron\u00f2mic catal\u00e0. Aquest any la Gran Festa de la Cal\u00e7otada, tindr\u00e0 lloc el diumenge 25 de gener de 2026 i esperem que torni a ser un gran \u00e8xit.","og_url":"https:\/\/fruitssp.com\/es\/noticies\/salses-fruits-patrocinador-de-la-gran-festa-de-la-calcotada-2026-per-sete-any-consecutiu\/","og_site_name":"Salses Fruits","article_publisher":"https:\/\/www.facebook.com\/Salses-Fruits-SP-1137777022906379\/","article_published_time":"2025-10-21T16:34:47+00:00","article_modified_time":"2025-11-03T14:27:49+00:00","og_image":[{"width":1080,"height":1350,"url":"https:\/\/fruitssp.com\/wp-content\/uploads\/2025\/10\/11962_1080x1350_calcot26_1.jpg","type":"image\/jpeg"}],"author":"fruitssp","twitter_card":"summary_large_image","twitter_misc":{"Escrito por":"fruitssp","Tiempo de lectura":"3 minutos"},"schema":{"@context":"https:\/\/schema.org","@graph":[{"@type":"Article","@id":"https:\/\/fruitssp.com\/noticies\/salses-fruits-patrocinador-de-la-gran-festa-de-la-calcotada-2026-per-sete-any-consecutiu\/#article","isPartOf":{"@id":"https:\/\/fruitssp.com\/noticies\/salses-fruits-patrocinador-de-la-gran-festa-de-la-calcotada-2026-per-sete-any-consecutiu\/"},"author":{"name":"fruitssp","@id":"https:\/\/fruitssp.com\/#\/schema\/person\/74f4a70f480644ed06e5945c13b509c8"},"headline":"SALSES FRUITS, patrocinador de la Gran Festa de la Cal\u00e7otada 2026 per set\u00e8 any consecutiu.","datePublished":"2025-10-21T16:34:47+00:00","dateModified":"2025-11-03T14:27:49+00:00","mainEntityOfPage":{"@id":"https:\/\/fruitssp.com\/noticies\/salses-fruits-patrocinador-de-la-gran-festa-de-la-calcotada-2026-per-sete-any-consecutiu\/"},"wordCount":253,"publisher":{"@id":"https:\/\/fruitssp.com\/#organization"},"image":{"@id":"https:\/\/fruitssp.com\/noticies\/salses-fruits-patrocinador-de-la-gran-festa-de-la-calcotada-2026-per-sete-any-consecutiu\/#primaryimage"},"thumbnailUrl":"https:\/\/fruitssp.com\/wp-content\/uploads\/2025\/10\/11962_1080x1350_calcot26_1.jpg","keywords":["cal\u00e7otada","Gran Festa de la Cal\u00e7otada","salsa cal\u00e7otada"],"articleSection":["General","Noticies"],"inLanguage":"es"},{"@type":"WebPage","@id":"https:\/\/fruitssp.com\/noticies\/salses-fruits-patrocinador-de-la-gran-festa-de-la-calcotada-2026-per-sete-any-consecutiu\/","url":"https:\/\/fruitssp.com\/noticies\/salses-fruits-patrocinador-de-la-gran-festa-de-la-calcotada-2026-per-sete-any-consecutiu\/","name":"SALSES FRUITS, patrocinador de la Gran Festa de la Cal\u00e7otada 2026 per set\u00e8 any consecutiu. - Salses Fruits","isPartOf":{"@id":"https:\/\/fruitssp.com\/#website"},"primaryImageOfPage":{"@id":"https:\/\/fruitssp.com\/noticies\/salses-fruits-patrocinador-de-la-gran-festa-de-la-calcotada-2026-per-sete-any-consecutiu\/#primaryimage"},"image":{"@id":"https:\/\/fruitssp.com\/noticies\/salses-fruits-patrocinador-de-la-gran-festa-de-la-calcotada-2026-per-sete-any-consecutiu\/#primaryimage"},"thumbnailUrl":"https:\/\/fruitssp.com\/wp-content\/uploads\/2025\/10\/11962_1080x1350_calcot26_1.jpg","datePublished":"2025-10-21T16:34:47+00:00","dateModified":"2025-11-03T14:27:49+00:00","description":"Un any m\u00e9s Salses Fruits ser\u00e0 patrocidnador oficial de la Gran Festa de la Cal\u00e7otada, un dels esdeveniments m\u00e9s esperats del calendari gastron\u00f2mic catal\u00e0. Aquest any la Gran Festa de la Cal\u00e7otada, tindr\u00e0 lloc el diumenge 25 de gener de 2026 i esperem que torni a ser un gran \u00e8xit.","breadcrumb":{"@id":"https:\/\/fruitssp.com\/noticies\/salses-fruits-patrocinador-de-la-gran-festa-de-la-calcotada-2026-per-sete-any-consecutiu\/#breadcrumb"},"inLanguage":"es","potentialAction":[{"@type":"ReadAction","target":["https:\/\/fruitssp.com\/noticies\/salses-fruits-patrocinador-de-la-gran-festa-de-la-calcotada-2026-per-sete-any-consecutiu\/"]}]},{"@type":"ImageObject","inLanguage":"es","@id":"https:\/\/fruitssp.com\/noticies\/salses-fruits-patrocinador-de-la-gran-festa-de-la-calcotada-2026-per-sete-any-consecutiu\/#primaryimage","url":"https:\/\/fruitssp.com\/wp-content\/uploads\/2025\/10\/11962_1080x1350_calcot26_1.jpg","contentUrl":"https:\/\/fruitssp.com\/wp-content\/uploads\/2025\/10\/11962_1080x1350_calcot26_1.jpg","width":1080,"height":1350,"caption":"Cartell de la 44a edici\u00f3 de la Gran Festa de la Cal\u00e7optada de Valls, 2026."},{"@type":"BreadcrumbList","@id":"https:\/\/fruitssp.com\/noticies\/salses-fruits-patrocinador-de-la-gran-festa-de-la-calcotada-2026-per-sete-any-consecutiu\/#breadcrumb","itemListElement":[{"@type":"ListItem","position":1,"name":"Inici","item":"https:\/\/fruitssp.com\/"},{"@type":"ListItem","position":2,"name":"SALSES FRUITS, patrocinador de la Gran Festa de la Cal\u00e7otada 2026 per set\u00e8 any consecutiu."}]},{"@type":"WebSite","@id":"https:\/\/fruitssp.com\/#website","url":"https:\/\/fruitssp.com\/","name":"FruitsSP","description":"Salsas y productos frescos y naturales, de la tierra del cal\u00e7ot","publisher":{"@id":"https:\/\/fruitssp.com\/#organization"},"potentialAction":[{"@type":"SearchAction","target":{"@type":"EntryPoint","urlTemplate":"https:\/\/fruitssp.com\/?s={search_term_string}"},"query-input":{"@type":"PropertyValueSpecification","valueRequired":true,"valueName":"search_term_string"}}],"inLanguage":"es"},{"@type":"Organization","@id":"https:\/\/fruitssp.com\/#organization","name":"Salsas Frutos S &amp; P","url":"https:\/\/fruitssp.com\/","logo":{"@type":"ImageObject","inLanguage":"es","@id":"https:\/\/fruitssp.com\/#\/schema\/logo\/image\/","url":"https:\/\/fruitssp.com\/wp-content\/uploads\/2022\/12\/logoFruits_472x406.png","contentUrl":"https:\/\/fruitssp.com\/wp-content\/uploads\/2022\/12\/logoFruits_472x406.png","width":472,"height":406,"caption":"Salses Fruits S&P"},"image":{"@id":"https:\/\/fruitssp.com\/#\/schema\/logo\/image\/"},"sameAs":["https:\/\/www.facebook.com\/Salses-Fruits-SP-1137777022906379\/","https:\/\/www.instagram.com\/salsesfruitssp\/","https:\/\/www.linkedin.com\/company\/salses-fruits-s-i-p-sl\/"]},{"@type":"Person","@id":"https:\/\/fruitssp.com\/#\/schema\/person\/74f4a70f480644ed06e5945c13b509c8","name":"fruitssp"}]}},"_links":{"self":[{"href":"https:\/\/fruitssp.com\/es\/wp-json\/wp\/v2\/posts\/29297","targetHints":{"allow":["GET"]}}],"collection":[{"href":"https:\/\/fruitssp.com\/es\/wp-json\/wp\/v2\/posts"}],"about":[{"href":"https:\/\/fruitssp.com\/es\/wp-json\/wp\/v2\/types\/post"}],"author":[{"embeddable":true,"href":"https:\/\/fruitssp.com\/es\/wp-json\/wp\/v2\/users\/1"}],"replies":[{"embeddable":true,"href":"https:\/\/fruitssp.com\/es\/wp-json\/wp\/v2\/comments?post=29297"}],"version-history":[{"count":0,"href":"https:\/\/fruitssp.com\/es\/wp-json\/wp\/v2\/posts\/29297\/revisions"}],"wp:featuredmedia":[{"embeddable":true,"href":"https:\/\/fruitssp.com\/es\/wp-json\/wp\/v2\/media\/29298"}],"wp:attachment":[{"href":"https:\/\/fruitssp.com\/es\/wp-json\/wp\/v2\/media?parent=29297"}],"wp:term":[{"taxonomy":"category","embeddable":true,"href":"https:\/\/fruitssp.com\/es\/wp-json\/wp\/v2\/categories?post=29297"},{"taxonomy":"post_tag","embeddable":true,"href":"https:\/\/fruitssp.com\/es\/wp-json\/wp\/v2\/tags?post=29297"}],"curies":[{"name":"wp","href":"https:\/\/api.w.org\/{rel}","templated":true}]}}