{"id":29346,"date":"2025-11-25T18:26:30","date_gmt":"2025-11-25T18:26:30","guid":{"rendered":"https:\/\/fruitssp.com\/?p=29346"},"modified":"2025-11-25T18:26:30","modified_gmt":"2025-11-25T18:26:30","slug":"benvinguda-calcotada","status":"publish","type":"post","link":"https:\/\/fruitssp.com\/es\/noticies\/benvinguda-calcotada\/","title":{"rendered":"\u00a1Bienvenida cal\u00e7otada!"},"content":{"rendered":"<p class=\"p1\"><strong>Valls, ciudad de origen y capital de la Cal\u00e7otada<\/strong>, ha estrenado un nuevo monolito que da la bienvenida a la <strong>Tierra Cal\u00e7otada<\/strong> a todos los que vienen de fuera y lo recuerda a los que pasamos a menudo. Todos los que trabajamos para que la cal\u00e7otada sea cada vez m\u00e1s un s\u00edmbolo de la ciudad y la comarca, lo celebramos y felicitamos la iniciativa. \u00a1Muchas gracias!<\/p>\n<p class=\"p1\">Empieza una nueva temporada de cal\u00e7otadas. Disfrutamos de nuestro patrimonio y fortalecemos nuestras tradiciones con firmeza y orgullo.<\/p>\n<p data-pm-slice=\"1 1 []\">Con la calidad y respeto hacia el trabajo bien hecho que nos caracteriza, desde <strong>Salses Fruits<\/strong> trabajaremos para que no te falte la nuestra <strong>Salsa Cal\u00e7otada<\/strong> en su mesa.<\/p>\n<p class=\"p1\"><strong>\u00a1Viva la Cal\u00e7otada!<\/strong><\/p>\n<figure id=\"attachment_29347\" aria-describedby=\"caption-attachment-29347\" style=\"width: 1080px\" class=\"wp-caption alignnone\"><img loading=\"lazy\" decoding=\"async\" class=\"size-full wp-image-29347\" src=\"https:\/\/fruitssp.com\/wp-content\/uploads\/2025\/11\/Benvingudacalcotada.jpg\" alt=\"Benvinguda Cal\u00e7otada\" width=\"1080\" height=\"1350\" srcset=\"https:\/\/fruitssp.com\/wp-content\/uploads\/2025\/11\/Benvingudacalcotada.jpg 1080w, https:\/\/fruitssp.com\/wp-content\/uploads\/2025\/11\/Benvingudacalcotada-240x300.jpg 240w, https:\/\/fruitssp.com\/wp-content\/uploads\/2025\/11\/Benvingudacalcotada-819x1024.jpg 819w, https:\/\/fruitssp.com\/wp-content\/uploads\/2025\/11\/Benvingudacalcotada-10x12.jpg 10w, https:\/\/fruitssp.com\/wp-content\/uploads\/2025\/11\/Benvingudacalcotada-600x750.jpg 600w, https:\/\/fruitssp.com\/wp-content\/uploads\/2025\/11\/Benvingudacalcotada-768x960.jpg 768w, https:\/\/fruitssp.com\/wp-content\/uploads\/2025\/11\/Benvingudacalcotada-100x125.jpg 100w, https:\/\/fruitssp.com\/wp-content\/uploads\/2025\/11\/Benvingudacalcotada-300x375.jpg 300w, https:\/\/fruitssp.com\/wp-content\/uploads\/2025\/11\/Benvingudacalcotada-900x1125.jpg 900w\" sizes=\"auto, (max-width: 1080px) 100vw, 1080px\" \/><figcaption id=\"caption-attachment-29347\" class=\"wp-caption-text\">Bienvenida Cal\u00e7otada<\/figcaption><\/figure>","protected":false},"excerpt":{"rendered":"<p>Valls, ciutat d&#8217;origen i capital de la Cal\u00e7otada, ha estrenat un nou mon\u00f2lit que d\u00f3na la benvinguda a la Terra Cal\u00e7otada a tots els que venen de fora i ho recorda als que hi passem sovint. Tots els que treballem perqu\u00e8 la cal\u00e7otada sigui cada vegada m\u00e9s un s\u00edmbol de la ciutat i de la&#8230;<\/p>","protected":false},"author":1,"featured_media":29347,"comment_status":"closed","ping_status":"closed","sticky":false,"template":"","format":"standard","meta":{"inline_featured_image":false,"footnotes":""},"categories":[1],"tags":[464,308,294,221,463],"class_list":["post-29346","post","type-post","status-publish","format-standard","has-post-thumbnail","hentry","category-noticies","tag-ajuntament-de-valls","tag-calcotada","tag-cambra-de-comerc-de-valls","tag-salsa-calcotada","tag-valls-ciutat-dorigen-de-la-calcotada"],"yoast_head":"<!-- This site is optimized with the Yoast SEO plugin v26.7 - https:\/\/yoast.com\/wordpress\/plugins\/seo\/ -->\n<title>Benvinguda cal\u00e7otada! - Salses Fruits<\/title>\n<meta name=\"description\" content=\"Valls, ciutat d&#039;origen i capital de la Cal\u00e7otada, ha estrenat un nou mon\u00f2lit que d\u00f3na la benvinguda a la Terra Cal\u00e7otada a tots els que venen de fora i ho recorda als que hi passem sovint. Tots els que treballem perqu\u00e8 la cal\u00e7otada sigui cada vegada m\u00e9s un s\u00edmbol de la ciutat i de la comarca, ho celebrem i felicitem la iniciativa. Moltes gr\u00e0cies!\" \/>\n<meta name=\"robots\" content=\"index, follow, max-snippet:-1, max-image-preview:large, max-video-preview:-1\" \/>\n<link rel=\"canonical\" href=\"https:\/\/fruitssp.com\/es\/noticies\/benvinguda-calcotada\/\" \/>\n<meta property=\"og:locale\" content=\"es_ES\" \/>\n<meta property=\"og:type\" content=\"article\" \/>\n<meta property=\"og:title\" content=\"Benvinguda cal\u00e7otada! - Salses Fruits\" \/>\n<meta property=\"og:description\" content=\"Valls, ciutat d&#039;origen i capital de la Cal\u00e7otada, ha estrenat un nou mon\u00f2lit que d\u00f3na la benvinguda a la Terra Cal\u00e7otada a tots els que venen de fora i ho recorda als que hi passem sovint. Tots els que treballem perqu\u00e8 la cal\u00e7otada sigui cada vegada m\u00e9s un s\u00edmbol de la ciutat i de la comarca, ho celebrem i felicitem la iniciativa. Moltes gr\u00e0cies!\" \/>\n<meta property=\"og:url\" content=\"https:\/\/fruitssp.com\/es\/noticies\/benvinguda-calcotada\/\" \/>\n<meta property=\"og:site_name\" content=\"Salses Fruits\" \/>\n<meta property=\"article:publisher\" content=\"https:\/\/www.facebook.com\/Salses-Fruits-SP-1137777022906379\/\" \/>\n<meta property=\"article:published_time\" content=\"2025-11-25T18:26:30+00:00\" \/>\n<meta property=\"og:image\" content=\"https:\/\/fruitssp.com\/wp-content\/uploads\/2025\/11\/Benvingudacalcotada.jpg\" \/>\n\t<meta property=\"og:image:width\" content=\"1080\" \/>\n\t<meta property=\"og:image:height\" content=\"1350\" \/>\n\t<meta property=\"og:image:type\" content=\"image\/jpeg\" \/>\n<meta name=\"author\" content=\"fruitssp\" \/>\n<meta name=\"twitter:card\" content=\"summary_large_image\" \/>\n<meta name=\"twitter:label1\" content=\"Escrito por\" \/>\n\t<meta name=\"twitter:data1\" content=\"fruitssp\" \/>\n\t<meta name=\"twitter:label2\" content=\"Tiempo de lectura\" \/>\n\t<meta name=\"twitter:data2\" content=\"1 minuto\" \/>\n<!-- \/ Yoast SEO plugin. -->","yoast_head_json":{"title":"Benvinguda cal\u00e7otada! - Salses Fruits","description":"Valls, ciutat d'origen i capital de la Cal\u00e7otada, ha estrenat un nou mon\u00f2lit que d\u00f3na la benvinguda a la Terra Cal\u00e7otada a tots els que venen de fora i ho recorda als que hi passem sovint. Tots els que treballem perqu\u00e8 la cal\u00e7otada sigui cada vegada m\u00e9s un s\u00edmbol de la ciutat i de la comarca, ho celebrem i felicitem la iniciativa. Moltes gr\u00e0cies!","robots":{"index":"index","follow":"follow","max-snippet":"max-snippet:-1","max-image-preview":"max-image-preview:large","max-video-preview":"max-video-preview:-1"},"canonical":"https:\/\/fruitssp.com\/es\/noticies\/benvinguda-calcotada\/","og_locale":"es_ES","og_type":"article","og_title":"Benvinguda cal\u00e7otada! - Salses Fruits","og_description":"Valls, ciutat d'origen i capital de la Cal\u00e7otada, ha estrenat un nou mon\u00f2lit que d\u00f3na la benvinguda a la Terra Cal\u00e7otada a tots els que venen de fora i ho recorda als que hi passem sovint. Tots els que treballem perqu\u00e8 la cal\u00e7otada sigui cada vegada m\u00e9s un s\u00edmbol de la ciutat i de la comarca, ho celebrem i felicitem la iniciativa. Moltes gr\u00e0cies!","og_url":"https:\/\/fruitssp.com\/es\/noticies\/benvinguda-calcotada\/","og_site_name":"Salses Fruits","article_publisher":"https:\/\/www.facebook.com\/Salses-Fruits-SP-1137777022906379\/","article_published_time":"2025-11-25T18:26:30+00:00","og_image":[{"width":1080,"height":1350,"url":"https:\/\/fruitssp.com\/wp-content\/uploads\/2025\/11\/Benvingudacalcotada.jpg","type":"image\/jpeg"}],"author":"fruitssp","twitter_card":"summary_large_image","twitter_misc":{"Escrito por":"fruitssp","Tiempo de lectura":"1 minuto"},"schema":{"@context":"https:\/\/schema.org","@graph":[{"@type":"Article","@id":"https:\/\/fruitssp.com\/noticies\/benvinguda-calcotada\/#article","isPartOf":{"@id":"https:\/\/fruitssp.com\/noticies\/benvinguda-calcotada\/"},"author":{"name":"fruitssp","@id":"https:\/\/fruitssp.com\/#\/schema\/person\/74f4a70f480644ed06e5945c13b509c8"},"headline":"Benvinguda cal\u00e7otada!","datePublished":"2025-11-25T18:26:30+00:00","mainEntityOfPage":{"@id":"https:\/\/fruitssp.com\/noticies\/benvinguda-calcotada\/"},"wordCount":143,"publisher":{"@id":"https:\/\/fruitssp.com\/#organization"},"image":{"@id":"https:\/\/fruitssp.com\/noticies\/benvinguda-calcotada\/#primaryimage"},"thumbnailUrl":"https:\/\/fruitssp.com\/wp-content\/uploads\/2025\/11\/Benvingudacalcotada.jpg","keywords":["Ajuntament de Valls","cal\u00e7otada","Cambra de Comer\u00e7 de Valls","salsa cal\u00e7otada","Valls ciutat d'origen de la Cal\u00e7otada"],"articleSection":["Noticies"],"inLanguage":"es"},{"@type":"WebPage","@id":"https:\/\/fruitssp.com\/noticies\/benvinguda-calcotada\/","url":"https:\/\/fruitssp.com\/noticies\/benvinguda-calcotada\/","name":"Benvinguda cal\u00e7otada! - Salses Fruits","isPartOf":{"@id":"https:\/\/fruitssp.com\/#website"},"primaryImageOfPage":{"@id":"https:\/\/fruitssp.com\/noticies\/benvinguda-calcotada\/#primaryimage"},"image":{"@id":"https:\/\/fruitssp.com\/noticies\/benvinguda-calcotada\/#primaryimage"},"thumbnailUrl":"https:\/\/fruitssp.com\/wp-content\/uploads\/2025\/11\/Benvingudacalcotada.jpg","datePublished":"2025-11-25T18:26:30+00:00","description":"Valls, ciutat d'origen i capital de la Cal\u00e7otada, ha estrenat un nou mon\u00f2lit que d\u00f3na la benvinguda a la Terra Cal\u00e7otada a tots els que venen de fora i ho recorda als que hi passem sovint. Tots els que treballem perqu\u00e8 la cal\u00e7otada sigui cada vegada m\u00e9s un s\u00edmbol de la ciutat i de la comarca, ho celebrem i felicitem la iniciativa. Moltes gr\u00e0cies!","breadcrumb":{"@id":"https:\/\/fruitssp.com\/noticies\/benvinguda-calcotada\/#breadcrumb"},"inLanguage":"es","potentialAction":[{"@type":"ReadAction","target":["https:\/\/fruitssp.com\/noticies\/benvinguda-calcotada\/"]}]},{"@type":"ImageObject","inLanguage":"es","@id":"https:\/\/fruitssp.com\/noticies\/benvinguda-calcotada\/#primaryimage","url":"https:\/\/fruitssp.com\/wp-content\/uploads\/2025\/11\/Benvingudacalcotada.jpg","contentUrl":"https:\/\/fruitssp.com\/wp-content\/uploads\/2025\/11\/Benvingudacalcotada.jpg","width":1080,"height":1350,"caption":"Benvinguda Cal\u00e7otada"},{"@type":"BreadcrumbList","@id":"https:\/\/fruitssp.com\/noticies\/benvinguda-calcotada\/#breadcrumb","itemListElement":[{"@type":"ListItem","position":1,"name":"Inici","item":"https:\/\/fruitssp.com\/"},{"@type":"ListItem","position":2,"name":"Benvinguda cal\u00e7otada!"}]},{"@type":"WebSite","@id":"https:\/\/fruitssp.com\/#website","url":"https:\/\/fruitssp.com\/","name":"FruitsSP","description":"Salsas y productos frescos y naturales, de la tierra del cal\u00e7ot","publisher":{"@id":"https:\/\/fruitssp.com\/#organization"},"potentialAction":[{"@type":"SearchAction","target":{"@type":"EntryPoint","urlTemplate":"https:\/\/fruitssp.com\/?s={search_term_string}"},"query-input":{"@type":"PropertyValueSpecification","valueRequired":true,"valueName":"search_term_string"}}],"inLanguage":"es"},{"@type":"Organization","@id":"https:\/\/fruitssp.com\/#organization","name":"Salsas Frutos S &amp; P","url":"https:\/\/fruitssp.com\/","logo":{"@type":"ImageObject","inLanguage":"es","@id":"https:\/\/fruitssp.com\/#\/schema\/logo\/image\/","url":"https:\/\/fruitssp.com\/wp-content\/uploads\/2022\/12\/logoFruits_472x406.png","contentUrl":"https:\/\/fruitssp.com\/wp-content\/uploads\/2022\/12\/logoFruits_472x406.png","width":472,"height":406,"caption":"Salses Fruits S&P"},"image":{"@id":"https:\/\/fruitssp.com\/#\/schema\/logo\/image\/"},"sameAs":["https:\/\/www.facebook.com\/Salses-Fruits-SP-1137777022906379\/","https:\/\/www.instagram.com\/salsesfruitssp\/","https:\/\/www.linkedin.com\/company\/salses-fruits-s-i-p-sl\/"]},{"@type":"Person","@id":"https:\/\/fruitssp.com\/#\/schema\/person\/74f4a70f480644ed06e5945c13b509c8","name":"fruitssp"}]}},"_links":{"self":[{"href":"https:\/\/fruitssp.com\/es\/wp-json\/wp\/v2\/posts\/29346","targetHints":{"allow":["GET"]}}],"collection":[{"href":"https:\/\/fruitssp.com\/es\/wp-json\/wp\/v2\/posts"}],"about":[{"href":"https:\/\/fruitssp.com\/es\/wp-json\/wp\/v2\/types\/post"}],"author":[{"embeddable":true,"href":"https:\/\/fruitssp.com\/es\/wp-json\/wp\/v2\/users\/1"}],"replies":[{"embeddable":true,"href":"https:\/\/fruitssp.com\/es\/wp-json\/wp\/v2\/comments?post=29346"}],"version-history":[{"count":0,"href":"https:\/\/fruitssp.com\/es\/wp-json\/wp\/v2\/posts\/29346\/revisions"}],"wp:featuredmedia":[{"embeddable":true,"href":"https:\/\/fruitssp.com\/es\/wp-json\/wp\/v2\/media\/29347"}],"wp:attachment":[{"href":"https:\/\/fruitssp.com\/es\/wp-json\/wp\/v2\/media?parent=29346"}],"wp:term":[{"taxonomy":"category","embeddable":true,"href":"https:\/\/fruitssp.com\/es\/wp-json\/wp\/v2\/categories?post=29346"},{"taxonomy":"post_tag","embeddable":true,"href":"https:\/\/fruitssp.com\/es\/wp-json\/wp\/v2\/tags?post=29346"}],"curies":[{"name":"wp","href":"https:\/\/api.w.org\/{rel}","templated":true}]}}