{"id":29363,"date":"2025-12-15T14:00:28","date_gmt":"2025-12-15T14:00:28","guid":{"rendered":"https:\/\/fruitssp.com\/?p=29363"},"modified":"2025-12-16T10:03:29","modified_gmt":"2025-12-16T10:03:29","slug":"salses-fruits-celebra-10-anys-de-patrocini-en-la-20a-edicio-de-la-cabra-pedala-per-la-marato-de-3cat","status":"publish","type":"post","link":"https:\/\/fruitssp.com\/es\/noticies\/salses-fruits-celebra-10-anys-de-patrocini-en-la-20a-edicio-de-la-cabra-pedala-per-la-marato-de-3cat\/","title":{"rendered":"Salses Fruits celebra 10 a\u00f1os de patrocinio en la 20\u00aa edici\u00f3n de la Cabra Pedala por La Marat\u00f3 de 3Cat"},"content":{"rendered":"<p class=\"p1\"><span class=\"s1\"><b>La cursa de Cabra del Camp, amb m\u00e9s de 500 participants, supera els 10.000 \u20ac recaptats aquest any i acumula m\u00e9s de 188.000 \u20ac des del 2006 en la seva traject\u00f2ria solid\u00e0ria.<\/b><b><\/b><\/span><\/p>\n<p class=\"p1\"><span class=\"s1\"><b>[Figuerola del Camp \/ Cabra del Camp, 15 de desembre de 2025]<\/b> \u2013 <b>Salses Fruits<\/b>, celebra amb gran satisfacci\u00f3 la vintena edici\u00f3 de la <b>&#8220;Cabra Pedala per La Marat\u00f3 de 3Cat&#8221;<\/b>. Aquesta fita \u00e9s doblement significativa, ja que l&#8217;empresa s&#8217;ha consolidat com a patrocinador principal de la prova per <b>des\u00e8 any consecutiu<\/b>.<\/span><\/p>\n<p class=\"p1\"><span class=\"s1\">La popular cursa de BTT ha tornat a demostrar el seu poder de convocat\u00f2ria i el seu esperit solidari. M\u00e9s de <b>500 ciclistes<\/b> provinents d&#8217;arreu es van congregar a Cabra del Camp, un poble petit, per participar en aquesta gran jornada esportiva.<\/span><\/p>\n<p class=\"p2\"><span class=\"s1\">Gr\u00e0cies a la participaci\u00f3 massiva i al comprom\u00eds dels patrocinadors, dels participants i de tots els col\u00b7laboradors, la cursa ha superat, un any m\u00e9s, la xifra simb\u00f2lica dels <b>10.000 \u20ac recaptats<\/b> en aquesta edici\u00f3, que es destinaran \u00edntegrament a <strong>La Marat\u00f3 de 3Cat.<\/strong><\/span><\/p>\n<p class=\"p1\"><span class=\"s1\">Aquesta vintena edici\u00f3 ha servit tamb\u00e9 per posar en valor la traject\u00f2ria de la prova. Des del seu inici l&#8217;any <b>2006<\/b>, la &#8220;Cabra Pedala&#8221; s&#8217;ha consolidat com una de les cites solid\u00e0ries m\u00e9s importants del territori, amb una recaptaci\u00f3 hist\u00f2rica que supera els <b>188.000 \u20ac<\/b> destinats directament als programes de recerca impulsats per La Marat\u00f3 de 3Cat.<\/span><\/p>\n<p class=\"p1\"><span class=\"s1\"><b>Francesc Sans, <\/b>de Salses Fruits, ha volgut destacar el comprom\u00eds l&#8217;empresa en la pedalada solid\u00e0ria: <em>&#8220;A <b>Salses Fruits<\/b> estem orgullosos de celebrar 10 anys al costat de la <b>Pedalada de Cabra<\/b> i ajudar a recaptar tants diners per <b>la Marat\u00f3 de 3cat. <\/b>\u00c9s una gesta extraordin\u00e0ria que demostra el poder de la solidaritat i la implicaci\u00f3 del nostre entorn rural&#8221;<\/em><\/span><\/p>\n<p class=\"p1\"><span class=\"s1\">Salses Fruits, amb seu a Figuerola del Camp, reafirma amb aquesta fita el seu comprom\u00eds amb l&#8217;esport, la salut i la implicaci\u00f3 social en les comunitats locals, sent la &#8220;Cabra Pedala&#8221; un clar exemple de l&#8217;impacte positiu que una petita iniciativa pot generar a escala m\u00e9s gran.<\/span><\/p>\n<figure id=\"attachment_29371\" aria-describedby=\"caption-attachment-29371\" style=\"width: 1080px\" class=\"wp-caption alignnone\"><img loading=\"lazy\" decoding=\"async\" class=\"size-full wp-image-29371\" src=\"https:\/\/fruitssp.com\/wp-content\/uploads\/2025\/12\/marato2025-6.jpg\" alt=\"Salses Fruits patrocinador oficial de Cabra Pedala per La Marat\u00f3 de 3Cat 2025\" width=\"1080\" height=\"1080\" srcset=\"https:\/\/fruitssp.com\/wp-content\/uploads\/2025\/12\/marato2025-6.jpg 1080w, https:\/\/fruitssp.com\/wp-content\/uploads\/2025\/12\/marato2025-6-300x300.jpg 300w, https:\/\/fruitssp.com\/wp-content\/uploads\/2025\/12\/marato2025-6-1024x1024.jpg 1024w, https:\/\/fruitssp.com\/wp-content\/uploads\/2025\/12\/marato2025-6-150x150.jpg 150w, https:\/\/fruitssp.com\/wp-content\/uploads\/2025\/12\/marato2025-6-12x12.jpg 12w, https:\/\/fruitssp.com\/wp-content\/uploads\/2025\/12\/marato2025-6-350x350.jpg 350w, https:\/\/fruitssp.com\/wp-content\/uploads\/2025\/12\/marato2025-6-600x600.jpg 600w, https:\/\/fruitssp.com\/wp-content\/uploads\/2025\/12\/marato2025-6-768x768.jpg 768w, https:\/\/fruitssp.com\/wp-content\/uploads\/2025\/12\/marato2025-6-100x100.jpg 100w, https:\/\/fruitssp.com\/wp-content\/uploads\/2025\/12\/marato2025-6-900x900.jpg 900w\" sizes=\"auto, (max-width: 1080px) 100vw, 1080px\" \/><figcaption id=\"caption-attachment-29371\" class=\"wp-caption-text\">Salses Fruits patrocinador oficial de Cabra Pedala per La Marat\u00f3 de 3Cat 2025<\/figcaption><\/figure>\n<figure id=\"attachment_29373\" aria-describedby=\"caption-attachment-29373\" style=\"width: 1080px\" class=\"wp-caption alignnone\"><img loading=\"lazy\" decoding=\"async\" class=\"size-full wp-image-29373\" src=\"https:\/\/fruitssp.com\/wp-content\/uploads\/2025\/12\/maratto2025-9.jpg\" alt=\"Salses Fruits patrocinador oficial de Cabra Pedala per La Marat\u00f3 de 3Cat 2025\" width=\"1080\" height=\"1080\" srcset=\"https:\/\/fruitssp.com\/wp-content\/uploads\/2025\/12\/maratto2025-9.jpg 1080w, https:\/\/fruitssp.com\/wp-content\/uploads\/2025\/12\/maratto2025-9-300x300.jpg 300w, https:\/\/fruitssp.com\/wp-content\/uploads\/2025\/12\/maratto2025-9-1024x1024.jpg 1024w, https:\/\/fruitssp.com\/wp-content\/uploads\/2025\/12\/maratto2025-9-150x150.jpg 150w, https:\/\/fruitssp.com\/wp-content\/uploads\/2025\/12\/maratto2025-9-12x12.jpg 12w, https:\/\/fruitssp.com\/wp-content\/uploads\/2025\/12\/maratto2025-9-350x350.jpg 350w, https:\/\/fruitssp.com\/wp-content\/uploads\/2025\/12\/maratto2025-9-600x600.jpg 600w, https:\/\/fruitssp.com\/wp-content\/uploads\/2025\/12\/maratto2025-9-768x768.jpg 768w, https:\/\/fruitssp.com\/wp-content\/uploads\/2025\/12\/maratto2025-9-100x100.jpg 100w, https:\/\/fruitssp.com\/wp-content\/uploads\/2025\/12\/maratto2025-9-900x900.jpg 900w\" sizes=\"auto, (max-width: 1080px) 100vw, 1080px\" \/><figcaption id=\"caption-attachment-29373\" class=\"wp-caption-text\">Salses Fruits patrocinador oficial de Cabra Pedala per La Marat\u00f3 de 3Cat 2025<\/figcaption><\/figure>\n<figure id=\"attachment_29370\" aria-describedby=\"caption-attachment-29370\" style=\"width: 1080px\" class=\"wp-caption alignnone\"><img loading=\"lazy\" decoding=\"async\" class=\"size-full wp-image-29370\" src=\"https:\/\/fruitssp.com\/wp-content\/uploads\/2025\/12\/marato2025-5.jpg\" alt=\"Salses Fruits patrocinador oficial de Cabra Pedala per La Marat\u00f3 de 3Cat 2025\" width=\"1080\" height=\"1080\" srcset=\"https:\/\/fruitssp.com\/wp-content\/uploads\/2025\/12\/marato2025-5.jpg 1080w, https:\/\/fruitssp.com\/wp-content\/uploads\/2025\/12\/marato2025-5-300x300.jpg 300w, https:\/\/fruitssp.com\/wp-content\/uploads\/2025\/12\/marato2025-5-1024x1024.jpg 1024w, https:\/\/fruitssp.com\/wp-content\/uploads\/2025\/12\/marato2025-5-150x150.jpg 150w, https:\/\/fruitssp.com\/wp-content\/uploads\/2025\/12\/marato2025-5-12x12.jpg 12w, https:\/\/fruitssp.com\/wp-content\/uploads\/2025\/12\/marato2025-5-350x350.jpg 350w, https:\/\/fruitssp.com\/wp-content\/uploads\/2025\/12\/marato2025-5-600x600.jpg 600w, https:\/\/fruitssp.com\/wp-content\/uploads\/2025\/12\/marato2025-5-768x768.jpg 768w, https:\/\/fruitssp.com\/wp-content\/uploads\/2025\/12\/marato2025-5-100x100.jpg 100w, https:\/\/fruitssp.com\/wp-content\/uploads\/2025\/12\/marato2025-5-900x900.jpg 900w\" sizes=\"auto, (max-width: 1080px) 100vw, 1080px\" \/><figcaption id=\"caption-attachment-29370\" class=\"wp-caption-text\">Salses Fruits patrocinador oficial de Cabra Pedala per La Marat\u00f3 de 3Cat 2025<\/figcaption><\/figure>\n<figure id=\"attachment_29369\" aria-describedby=\"caption-attachment-29369\" style=\"width: 1080px\" class=\"wp-caption alignnone\"><img loading=\"lazy\" decoding=\"async\" class=\"size-full wp-image-29369\" src=\"https:\/\/fruitssp.com\/wp-content\/uploads\/2025\/12\/marato2025-4.jpg\" alt=\"Salses Fruits patrocinador oficial de Cabra Pedala per La Marat\u00f3 de 3Cat 2025\" width=\"1080\" height=\"1080\" srcset=\"https:\/\/fruitssp.com\/wp-content\/uploads\/2025\/12\/marato2025-4.jpg 1080w, https:\/\/fruitssp.com\/wp-content\/uploads\/2025\/12\/marato2025-4-300x300.jpg 300w, https:\/\/fruitssp.com\/wp-content\/uploads\/2025\/12\/marato2025-4-1024x1024.jpg 1024w, https:\/\/fruitssp.com\/wp-content\/uploads\/2025\/12\/marato2025-4-150x150.jpg 150w, https:\/\/fruitssp.com\/wp-content\/uploads\/2025\/12\/marato2025-4-12x12.jpg 12w, https:\/\/fruitssp.com\/wp-content\/uploads\/2025\/12\/marato2025-4-350x350.jpg 350w, https:\/\/fruitssp.com\/wp-content\/uploads\/2025\/12\/marato2025-4-600x600.jpg 600w, https:\/\/fruitssp.com\/wp-content\/uploads\/2025\/12\/marato2025-4-768x768.jpg 768w, https:\/\/fruitssp.com\/wp-content\/uploads\/2025\/12\/marato2025-4-100x100.jpg 100w, https:\/\/fruitssp.com\/wp-content\/uploads\/2025\/12\/marato2025-4-900x900.jpg 900w\" sizes=\"auto, (max-width: 1080px) 100vw, 1080px\" \/><figcaption id=\"caption-attachment-29369\" class=\"wp-caption-text\">Salses Fruits patrocinador oficial de Cabra Pedala per La Marat\u00f3 de 3Cat 2025<\/figcaption><\/figure>\n<figure id=\"attachment_29368\" aria-describedby=\"caption-attachment-29368\" style=\"width: 1080px\" class=\"wp-caption alignnone\"><img loading=\"lazy\" decoding=\"async\" class=\"size-full wp-image-29368\" src=\"https:\/\/fruitssp.com\/wp-content\/uploads\/2025\/12\/marato2025-3.jpg\" alt=\"Salses Fruits patrocinador oficial de Cabra Pedala per La Marat\u00f3 de 3Cat 2025\" width=\"1080\" height=\"1080\" srcset=\"https:\/\/fruitssp.com\/wp-content\/uploads\/2025\/12\/marato2025-3.jpg 1080w, https:\/\/fruitssp.com\/wp-content\/uploads\/2025\/12\/marato2025-3-300x300.jpg 300w, https:\/\/fruitssp.com\/wp-content\/uploads\/2025\/12\/marato2025-3-1024x1024.jpg 1024w, https:\/\/fruitssp.com\/wp-content\/uploads\/2025\/12\/marato2025-3-150x150.jpg 150w, https:\/\/fruitssp.com\/wp-content\/uploads\/2025\/12\/marato2025-3-12x12.jpg 12w, https:\/\/fruitssp.com\/wp-content\/uploads\/2025\/12\/marato2025-3-350x350.jpg 350w, https:\/\/fruitssp.com\/wp-content\/uploads\/2025\/12\/marato2025-3-600x600.jpg 600w, https:\/\/fruitssp.com\/wp-content\/uploads\/2025\/12\/marato2025-3-768x768.jpg 768w, https:\/\/fruitssp.com\/wp-content\/uploads\/2025\/12\/marato2025-3-100x100.jpg 100w, https:\/\/fruitssp.com\/wp-content\/uploads\/2025\/12\/marato2025-3-900x900.jpg 900w\" sizes=\"auto, (max-width: 1080px) 100vw, 1080px\" \/><figcaption id=\"caption-attachment-29368\" class=\"wp-caption-text\">Salses Fruits patrocinador oficial de Cabra Pedala per La Marat\u00f3 de 3Cat 2025<\/figcaption><\/figure>\n<figure id=\"attachment_29367\" aria-describedby=\"caption-attachment-29367\" style=\"width: 1080px\" class=\"wp-caption alignnone\"><img loading=\"lazy\" decoding=\"async\" class=\"size-full wp-image-29367\" src=\"https:\/\/fruitssp.com\/wp-content\/uploads\/2025\/12\/marato2025-2.jpg\" alt=\"Salses Fruits patrocinador oficial de Cabra Pedala per La Marat\u00f3 de 3Cat 2025\" width=\"1080\" height=\"1080\" srcset=\"https:\/\/fruitssp.com\/wp-content\/uploads\/2025\/12\/marato2025-2.jpg 1080w, https:\/\/fruitssp.com\/wp-content\/uploads\/2025\/12\/marato2025-2-300x300.jpg 300w, https:\/\/fruitssp.com\/wp-content\/uploads\/2025\/12\/marato2025-2-1024x1024.jpg 1024w, https:\/\/fruitssp.com\/wp-content\/uploads\/2025\/12\/marato2025-2-150x150.jpg 150w, https:\/\/fruitssp.com\/wp-content\/uploads\/2025\/12\/marato2025-2-12x12.jpg 12w, https:\/\/fruitssp.com\/wp-content\/uploads\/2025\/12\/marato2025-2-350x350.jpg 350w, https:\/\/fruitssp.com\/wp-content\/uploads\/2025\/12\/marato2025-2-600x600.jpg 600w, https:\/\/fruitssp.com\/wp-content\/uploads\/2025\/12\/marato2025-2-768x768.jpg 768w, https:\/\/fruitssp.com\/wp-content\/uploads\/2025\/12\/marato2025-2-100x100.jpg 100w, https:\/\/fruitssp.com\/wp-content\/uploads\/2025\/12\/marato2025-2-900x900.jpg 900w\" sizes=\"auto, (max-width: 1080px) 100vw, 1080px\" \/><figcaption id=\"caption-attachment-29367\" class=\"wp-caption-text\">Salses Fruits patrocinador oficial de Cabra Pedala per La Marat\u00f3 de 3Cat 2025<\/figcaption><\/figure>\n<figure id=\"attachment_29366\" aria-describedby=\"caption-attachment-29366\" style=\"width: 1080px\" class=\"wp-caption alignnone\"><img loading=\"lazy\" decoding=\"async\" class=\"size-full wp-image-29366\" src=\"https:\/\/fruitssp.com\/wp-content\/uploads\/2025\/12\/marato2025-1.jpg\" alt=\"Salses Fruits patrocinador oficial de Cabra Pedala per La Marat\u00f3 de 3Cat 2025\" width=\"1080\" height=\"1080\" srcset=\"https:\/\/fruitssp.com\/wp-content\/uploads\/2025\/12\/marato2025-1.jpg 1080w, https:\/\/fruitssp.com\/wp-content\/uploads\/2025\/12\/marato2025-1-300x300.jpg 300w, https:\/\/fruitssp.com\/wp-content\/uploads\/2025\/12\/marato2025-1-1024x1024.jpg 1024w, https:\/\/fruitssp.com\/wp-content\/uploads\/2025\/12\/marato2025-1-150x150.jpg 150w, https:\/\/fruitssp.com\/wp-content\/uploads\/2025\/12\/marato2025-1-12x12.jpg 12w, https:\/\/fruitssp.com\/wp-content\/uploads\/2025\/12\/marato2025-1-350x350.jpg 350w, https:\/\/fruitssp.com\/wp-content\/uploads\/2025\/12\/marato2025-1-600x600.jpg 600w, https:\/\/fruitssp.com\/wp-content\/uploads\/2025\/12\/marato2025-1-768x768.jpg 768w, https:\/\/fruitssp.com\/wp-content\/uploads\/2025\/12\/marato2025-1-100x100.jpg 100w, https:\/\/fruitssp.com\/wp-content\/uploads\/2025\/12\/marato2025-1-900x900.jpg 900w\" sizes=\"auto, (max-width: 1080px) 100vw, 1080px\" \/><figcaption id=\"caption-attachment-29366\" class=\"wp-caption-text\">Salses Fruits patrocinador oficial de Cabra Pedala per La Marat\u00f3 de 3Cat 2025<\/figcaption><\/figure>\n<figure id=\"attachment_29365\" aria-describedby=\"caption-attachment-29365\" style=\"width: 1080px\" class=\"wp-caption alignnone\"><img loading=\"lazy\" decoding=\"async\" class=\"size-full wp-image-29365\" src=\"https:\/\/fruitssp.com\/wp-content\/uploads\/2025\/12\/maratto2025-7.jpg\" alt=\"Salses Fruits patrocinador oficial de Cabra Pedala per La Marat\u00f3 de 3Cat 2025\" width=\"1080\" height=\"1080\" srcset=\"https:\/\/fruitssp.com\/wp-content\/uploads\/2025\/12\/maratto2025-7.jpg 1080w, https:\/\/fruitssp.com\/wp-content\/uploads\/2025\/12\/maratto2025-7-300x300.jpg 300w, https:\/\/fruitssp.com\/wp-content\/uploads\/2025\/12\/maratto2025-7-1024x1024.jpg 1024w, https:\/\/fruitssp.com\/wp-content\/uploads\/2025\/12\/maratto2025-7-150x150.jpg 150w, https:\/\/fruitssp.com\/wp-content\/uploads\/2025\/12\/maratto2025-7-12x12.jpg 12w, https:\/\/fruitssp.com\/wp-content\/uploads\/2025\/12\/maratto2025-7-350x350.jpg 350w, https:\/\/fruitssp.com\/wp-content\/uploads\/2025\/12\/maratto2025-7-600x600.jpg 600w, https:\/\/fruitssp.com\/wp-content\/uploads\/2025\/12\/maratto2025-7-768x768.jpg 768w, https:\/\/fruitssp.com\/wp-content\/uploads\/2025\/12\/maratto2025-7-100x100.jpg 100w, https:\/\/fruitssp.com\/wp-content\/uploads\/2025\/12\/maratto2025-7-900x900.jpg 900w\" sizes=\"auto, (max-width: 1080px) 100vw, 1080px\" \/><figcaption id=\"caption-attachment-29365\" class=\"wp-caption-text\">Salses Fruits patrocinador oficial de Cabra Pedala per La Marat\u00f3 de 3Cat 2025<\/figcaption><\/figure>\n<figure id=\"attachment_29364\" aria-describedby=\"caption-attachment-29364\" style=\"width: 1080px\" class=\"wp-caption alignnone\"><img loading=\"lazy\" decoding=\"async\" class=\"size-full wp-image-29364\" src=\"https:\/\/fruitssp.com\/wp-content\/uploads\/2025\/12\/Marato2025-8.jpg\" alt=\"Salses Fruits patrocinador oficial de Cabra Pedala per La Marat\u00f3 de 3Cat 2025\" width=\"1080\" height=\"1080\" srcset=\"https:\/\/fruitssp.com\/wp-content\/uploads\/2025\/12\/Marato2025-8.jpg 1080w, https:\/\/fruitssp.com\/wp-content\/uploads\/2025\/12\/Marato2025-8-300x300.jpg 300w, https:\/\/fruitssp.com\/wp-content\/uploads\/2025\/12\/Marato2025-8-1024x1024.jpg 1024w, https:\/\/fruitssp.com\/wp-content\/uploads\/2025\/12\/Marato2025-8-150x150.jpg 150w, https:\/\/fruitssp.com\/wp-content\/uploads\/2025\/12\/Marato2025-8-12x12.jpg 12w, https:\/\/fruitssp.com\/wp-content\/uploads\/2025\/12\/Marato2025-8-350x350.jpg 350w, https:\/\/fruitssp.com\/wp-content\/uploads\/2025\/12\/Marato2025-8-600x600.jpg 600w, https:\/\/fruitssp.com\/wp-content\/uploads\/2025\/12\/Marato2025-8-768x768.jpg 768w, https:\/\/fruitssp.com\/wp-content\/uploads\/2025\/12\/Marato2025-8-100x100.jpg 100w, https:\/\/fruitssp.com\/wp-content\/uploads\/2025\/12\/Marato2025-8-900x900.jpg 900w\" sizes=\"auto, (max-width: 1080px) 100vw, 1080px\" \/><figcaption id=\"caption-attachment-29364\" class=\"wp-caption-text\">Salses Fruits patrocinador oficial de Cabra Pedala per La Marat\u00f3 de 3Cat 2025<\/figcaption><\/figure>\n","protected":false},"excerpt":{"rendered":"<p>La cursa de Cabra del Camp, amb m\u00e9s de 500 participants, supera els 10.000 \u20ac recaptats aquest any i acumula m\u00e9s de 188.000 \u20ac des del 2006 en la seva traject\u00f2ria solid\u00e0ria. [Figuerola del Camp \/ Cabra del Camp, 15 de desembre de 2025] \u2013 Salses Fruits, celebra amb gran satisfacci\u00f3 la vintena edici\u00f3 de&#8230;<\/p>\n","protected":false},"author":1,"featured_media":29365,"comment_status":"closed","ping_status":"closed","sticky":false,"template":"","format":"standard","meta":{"inline_featured_image":false,"footnotes":""},"categories":[1],"tags":[219,465,326,466],"class_list":["post-29363","post","type-post","status-publish","format-standard","has-post-thumbnail","hentry","category-noticies","tag-cabra-del-camp","tag-figuerola-del-camp","tag-la-marato-de-3cat","tag-solidaritat"],"yoast_head":"<!-- This site is optimized with the Yoast SEO plugin v26.7 - https:\/\/yoast.com\/wordpress\/plugins\/seo\/ -->\n<title>Salses Fruits celebra 10 anys de patrocini en la 20a edici\u00f3 de la Cabra Pedala per La Marat\u00f3 de 3Cat - Salses Fruits<\/title>\n<meta name=\"description\" content=\"Salses Fruits, celebra amb gran satisfacci\u00f3 la vintena edici\u00f3 de la &quot;Cabra Pedala per La Marat\u00f3 de 3Cat&quot;. Aquesta fita \u00e9s doblement significativa, ja que l&#039;empresa s&#039;ha consolidat com a patrocinador principal de la prova per des\u00e8 any consecutiu.\" \/>\n<meta name=\"robots\" content=\"index, follow, max-snippet:-1, max-image-preview:large, max-video-preview:-1\" \/>\n<link rel=\"canonical\" href=\"https:\/\/fruitssp.com\/es\/noticies\/salses-fruits-celebra-10-anys-de-patrocini-en-la-20a-edicio-de-la-cabra-pedala-per-la-marato-de-3cat\/\" \/>\n<meta property=\"og:locale\" content=\"es_ES\" \/>\n<meta property=\"og:type\" content=\"article\" \/>\n<meta property=\"og:title\" content=\"Salses Fruits celebra 10 anys de patrocini en la 20a edici\u00f3 de la Cabra Pedala per La Marat\u00f3 de 3Cat - Salses Fruits\" \/>\n<meta property=\"og:description\" content=\"Salses Fruits, celebra amb gran satisfacci\u00f3 la vintena edici\u00f3 de la &quot;Cabra Pedala per La Marat\u00f3 de 3Cat&quot;. Aquesta fita \u00e9s doblement significativa, ja que l&#039;empresa s&#039;ha consolidat com a patrocinador principal de la prova per des\u00e8 any consecutiu.\" \/>\n<meta property=\"og:url\" content=\"https:\/\/fruitssp.com\/es\/noticies\/salses-fruits-celebra-10-anys-de-patrocini-en-la-20a-edicio-de-la-cabra-pedala-per-la-marato-de-3cat\/\" \/>\n<meta property=\"og:site_name\" content=\"Salses Fruits\" \/>\n<meta property=\"article:publisher\" content=\"https:\/\/www.facebook.com\/Salses-Fruits-SP-1137777022906379\/\" \/>\n<meta property=\"article:published_time\" content=\"2025-12-15T14:00:28+00:00\" \/>\n<meta property=\"article:modified_time\" content=\"2025-12-16T10:03:29+00:00\" \/>\n<meta property=\"og:image\" content=\"https:\/\/fruitssp.com\/wp-content\/uploads\/2025\/12\/maratto2025-7.jpg\" \/>\n\t<meta property=\"og:image:width\" content=\"1080\" \/>\n\t<meta property=\"og:image:height\" content=\"1080\" \/>\n\t<meta property=\"og:image:type\" content=\"image\/jpeg\" \/>\n<meta name=\"author\" content=\"fruitssp\" \/>\n<meta name=\"twitter:card\" content=\"summary_large_image\" \/>\n<meta name=\"twitter:label1\" content=\"Escrito por\" \/>\n\t<meta name=\"twitter:data1\" content=\"fruitssp\" \/>\n\t<meta name=\"twitter:label2\" content=\"Tiempo de lectura\" \/>\n\t<meta name=\"twitter:data2\" content=\"5 minutos\" \/>\n<!-- \/ Yoast SEO plugin. -->","yoast_head_json":{"title":"Salses Fruits celebra 10 anys de patrocini en la 20a edici\u00f3 de la Cabra Pedala per La Marat\u00f3 de 3Cat - Salses Fruits","description":"Salses Fruits, celebra amb gran satisfacci\u00f3 la vintena edici\u00f3 de la \"Cabra Pedala per La Marat\u00f3 de 3Cat\". Aquesta fita \u00e9s doblement significativa, ja que l'empresa s'ha consolidat com a patrocinador principal de la prova per des\u00e8 any consecutiu.","robots":{"index":"index","follow":"follow","max-snippet":"max-snippet:-1","max-image-preview":"max-image-preview:large","max-video-preview":"max-video-preview:-1"},"canonical":"https:\/\/fruitssp.com\/es\/noticies\/salses-fruits-celebra-10-anys-de-patrocini-en-la-20a-edicio-de-la-cabra-pedala-per-la-marato-de-3cat\/","og_locale":"es_ES","og_type":"article","og_title":"Salses Fruits celebra 10 anys de patrocini en la 20a edici\u00f3 de la Cabra Pedala per La Marat\u00f3 de 3Cat - Salses Fruits","og_description":"Salses Fruits, celebra amb gran satisfacci\u00f3 la vintena edici\u00f3 de la \"Cabra Pedala per La Marat\u00f3 de 3Cat\". Aquesta fita \u00e9s doblement significativa, ja que l'empresa s'ha consolidat com a patrocinador principal de la prova per des\u00e8 any consecutiu.","og_url":"https:\/\/fruitssp.com\/es\/noticies\/salses-fruits-celebra-10-anys-de-patrocini-en-la-20a-edicio-de-la-cabra-pedala-per-la-marato-de-3cat\/","og_site_name":"Salses Fruits","article_publisher":"https:\/\/www.facebook.com\/Salses-Fruits-SP-1137777022906379\/","article_published_time":"2025-12-15T14:00:28+00:00","article_modified_time":"2025-12-16T10:03:29+00:00","og_image":[{"width":1080,"height":1080,"url":"https:\/\/fruitssp.com\/wp-content\/uploads\/2025\/12\/maratto2025-7.jpg","type":"image\/jpeg"}],"author":"fruitssp","twitter_card":"summary_large_image","twitter_misc":{"Escrito por":"fruitssp","Tiempo de lectura":"5 minutos"},"schema":{"@context":"https:\/\/schema.org","@graph":[{"@type":"Article","@id":"https:\/\/fruitssp.com\/noticies\/salses-fruits-celebra-10-anys-de-patrocini-en-la-20a-edicio-de-la-cabra-pedala-per-la-marato-de-3cat\/#article","isPartOf":{"@id":"https:\/\/fruitssp.com\/noticies\/salses-fruits-celebra-10-anys-de-patrocini-en-la-20a-edicio-de-la-cabra-pedala-per-la-marato-de-3cat\/"},"author":{"name":"fruitssp","@id":"https:\/\/fruitssp.com\/#\/schema\/person\/74f4a70f480644ed06e5945c13b509c8"},"headline":"Salses Fruits celebra 10 anys de patrocini en la 20a edici\u00f3 de la Cabra Pedala per La Marat\u00f3 de 3Cat","datePublished":"2025-12-15T14:00:28+00:00","dateModified":"2025-12-16T10:03:29+00:00","mainEntityOfPage":{"@id":"https:\/\/fruitssp.com\/noticies\/salses-fruits-celebra-10-anys-de-patrocini-en-la-20a-edicio-de-la-cabra-pedala-per-la-marato-de-3cat\/"},"wordCount":526,"publisher":{"@id":"https:\/\/fruitssp.com\/#organization"},"image":{"@id":"https:\/\/fruitssp.com\/noticies\/salses-fruits-celebra-10-anys-de-patrocini-en-la-20a-edicio-de-la-cabra-pedala-per-la-marato-de-3cat\/#primaryimage"},"thumbnailUrl":"https:\/\/fruitssp.com\/wp-content\/uploads\/2025\/12\/maratto2025-7.jpg","keywords":["cabra del camp","Figuerola del Camp","La Marat\u00f3 de 3Cat","Solidaritat"],"articleSection":["Noticies"],"inLanguage":"es"},{"@type":"WebPage","@id":"https:\/\/fruitssp.com\/noticies\/salses-fruits-celebra-10-anys-de-patrocini-en-la-20a-edicio-de-la-cabra-pedala-per-la-marato-de-3cat\/","url":"https:\/\/fruitssp.com\/noticies\/salses-fruits-celebra-10-anys-de-patrocini-en-la-20a-edicio-de-la-cabra-pedala-per-la-marato-de-3cat\/","name":"Salses Fruits celebra 10 anys de patrocini en la 20a edici\u00f3 de la Cabra Pedala per La Marat\u00f3 de 3Cat - Salses Fruits","isPartOf":{"@id":"https:\/\/fruitssp.com\/#website"},"primaryImageOfPage":{"@id":"https:\/\/fruitssp.com\/noticies\/salses-fruits-celebra-10-anys-de-patrocini-en-la-20a-edicio-de-la-cabra-pedala-per-la-marato-de-3cat\/#primaryimage"},"image":{"@id":"https:\/\/fruitssp.com\/noticies\/salses-fruits-celebra-10-anys-de-patrocini-en-la-20a-edicio-de-la-cabra-pedala-per-la-marato-de-3cat\/#primaryimage"},"thumbnailUrl":"https:\/\/fruitssp.com\/wp-content\/uploads\/2025\/12\/maratto2025-7.jpg","datePublished":"2025-12-15T14:00:28+00:00","dateModified":"2025-12-16T10:03:29+00:00","description":"Salses Fruits, celebra amb gran satisfacci\u00f3 la vintena edici\u00f3 de la \"Cabra Pedala per La Marat\u00f3 de 3Cat\". Aquesta fita \u00e9s doblement significativa, ja que l'empresa s'ha consolidat com a patrocinador principal de la prova per des\u00e8 any consecutiu.","breadcrumb":{"@id":"https:\/\/fruitssp.com\/noticies\/salses-fruits-celebra-10-anys-de-patrocini-en-la-20a-edicio-de-la-cabra-pedala-per-la-marato-de-3cat\/#breadcrumb"},"inLanguage":"es","potentialAction":[{"@type":"ReadAction","target":["https:\/\/fruitssp.com\/noticies\/salses-fruits-celebra-10-anys-de-patrocini-en-la-20a-edicio-de-la-cabra-pedala-per-la-marato-de-3cat\/"]}]},{"@type":"ImageObject","inLanguage":"es","@id":"https:\/\/fruitssp.com\/noticies\/salses-fruits-celebra-10-anys-de-patrocini-en-la-20a-edicio-de-la-cabra-pedala-per-la-marato-de-3cat\/#primaryimage","url":"https:\/\/fruitssp.com\/wp-content\/uploads\/2025\/12\/maratto2025-7.jpg","contentUrl":"https:\/\/fruitssp.com\/wp-content\/uploads\/2025\/12\/maratto2025-7.jpg","width":1080,"height":1080,"caption":"Salses Fruits patrocinador oficial de Cabra Pedala per La Marat\u00f3 de 3Cat 2025"},{"@type":"BreadcrumbList","@id":"https:\/\/fruitssp.com\/noticies\/salses-fruits-celebra-10-anys-de-patrocini-en-la-20a-edicio-de-la-cabra-pedala-per-la-marato-de-3cat\/#breadcrumb","itemListElement":[{"@type":"ListItem","position":1,"name":"Inici","item":"https:\/\/fruitssp.com\/"},{"@type":"ListItem","position":2,"name":"Salses Fruits celebra 10 anys de patrocini en la 20a edici\u00f3 de la Cabra Pedala per La Marat\u00f3 de 3Cat"}]},{"@type":"WebSite","@id":"https:\/\/fruitssp.com\/#website","url":"https:\/\/fruitssp.com\/","name":"FruitsSP","description":"Salsas y productos frescos y naturales, de la tierra del cal\u00e7ot","publisher":{"@id":"https:\/\/fruitssp.com\/#organization"},"potentialAction":[{"@type":"SearchAction","target":{"@type":"EntryPoint","urlTemplate":"https:\/\/fruitssp.com\/?s={search_term_string}"},"query-input":{"@type":"PropertyValueSpecification","valueRequired":true,"valueName":"search_term_string"}}],"inLanguage":"es"},{"@type":"Organization","@id":"https:\/\/fruitssp.com\/#organization","name":"Salsas Frutos S &amp; P","url":"https:\/\/fruitssp.com\/","logo":{"@type":"ImageObject","inLanguage":"es","@id":"https:\/\/fruitssp.com\/#\/schema\/logo\/image\/","url":"https:\/\/fruitssp.com\/wp-content\/uploads\/2022\/12\/logoFruits_472x406.png","contentUrl":"https:\/\/fruitssp.com\/wp-content\/uploads\/2022\/12\/logoFruits_472x406.png","width":472,"height":406,"caption":"Salses Fruits S&P"},"image":{"@id":"https:\/\/fruitssp.com\/#\/schema\/logo\/image\/"},"sameAs":["https:\/\/www.facebook.com\/Salses-Fruits-SP-1137777022906379\/","https:\/\/www.instagram.com\/salsesfruitssp\/","https:\/\/www.linkedin.com\/company\/salses-fruits-s-i-p-sl\/"]},{"@type":"Person","@id":"https:\/\/fruitssp.com\/#\/schema\/person\/74f4a70f480644ed06e5945c13b509c8","name":"fruitssp"}]}},"_links":{"self":[{"href":"https:\/\/fruitssp.com\/es\/wp-json\/wp\/v2\/posts\/29363","targetHints":{"allow":["GET"]}}],"collection":[{"href":"https:\/\/fruitssp.com\/es\/wp-json\/wp\/v2\/posts"}],"about":[{"href":"https:\/\/fruitssp.com\/es\/wp-json\/wp\/v2\/types\/post"}],"author":[{"embeddable":true,"href":"https:\/\/fruitssp.com\/es\/wp-json\/wp\/v2\/users\/1"}],"replies":[{"embeddable":true,"href":"https:\/\/fruitssp.com\/es\/wp-json\/wp\/v2\/comments?post=29363"}],"version-history":[{"count":0,"href":"https:\/\/fruitssp.com\/es\/wp-json\/wp\/v2\/posts\/29363\/revisions"}],"wp:featuredmedia":[{"embeddable":true,"href":"https:\/\/fruitssp.com\/es\/wp-json\/wp\/v2\/media\/29365"}],"wp:attachment":[{"href":"https:\/\/fruitssp.com\/es\/wp-json\/wp\/v2\/media?parent=29363"}],"wp:term":[{"taxonomy":"category","embeddable":true,"href":"https:\/\/fruitssp.com\/es\/wp-json\/wp\/v2\/categories?post=29363"},{"taxonomy":"post_tag","embeddable":true,"href":"https:\/\/fruitssp.com\/es\/wp-json\/wp\/v2\/tags?post=29363"}],"curies":[{"name":"wp","href":"https:\/\/api.w.org\/{rel}","templated":true}]}}