{"id":29452,"date":"2025-12-18T09:49:25","date_gmt":"2025-12-18T09:49:25","guid":{"rendered":"https:\/\/fruitssp.com\/?p=29452"},"modified":"2025-12-18T12:17:22","modified_gmt":"2025-12-18T12:17:22","slug":"salses-fruits-al-programa-la-recepta-perduda-de-silvia-abril","status":"publish","type":"post","link":"https:\/\/fruitssp.com\/es\/noticies\/salses-fruits-al-programa-la-recepta-perduda-de-silvia-abril\/","title":{"rendered":"Salses Fruits en el programa \u201cLa recepta perduda\u201d de S\u00edlvia Abril"},"content":{"rendered":"<p class=\"p1\">El pasado 7 de diciembre, TVE2 emiti\u00f3 un cap\u00edtulo dedicado a la <b>Cal\u00e7otada de Valls<\/b> del popular programa de gastronom\u00eda <b>La recepta perduda,<\/b> presentado por <b>Silvia Abril<\/b>. Grabado \u00edntegramente en Valls, cuenta con la participaci\u00f3n de la cocinera Mariona Quadrada y de una familia vallense que pone la mas\u00eda donde hacen una cal\u00e7otada tradicional con integrantes del Cor Audite.<\/p>\n<p class=\"p1\">En La recepta perduda, S\u00edlvia Abril se ha propuesto viajar por toda Catalu\u00f1a, libreta en mano, para recuperar la gastronom\u00eda tradicional de nuestro pa\u00eds. En ese viaje no pod\u00eda faltar la Cal\u00e7otada y naturalmente, su salsa. Por este motivo, los guionistas del programa se pusieron en contacto con Salses Fruits<b> <\/b>para poder explicar c\u00f3mo se hace la tradicional <b>salsa cal\u00e7otada Valls<\/b> de forma industrial. <b>Francesc Sans<\/b>, gerente de <b>Salses Fruits<\/b> explica detalladamente el origen de la salsa cal\u00e7otada de Salses Fruits desde las instalaciones de la f\u00e1brica de Figuerola del Camp.<\/p>\n<p class=\"p1\">Desde <b>Salses Fruits<\/b> queremos agradecer a la <b>Silvia Abril<\/b> y en el programa <b>La receta perdida<\/b> que nos hayan permitido ense\u00f1ar c\u00f3mo elaboramos nuestra famosa salsa. Muchas gracias.<\/p>\n<p class=\"p1\">Puede recuperar el programa y verlo en el portal de RTVE: <a href=\"https:\/\/www.rtve.es\/play\/videos\/la-recepta-perduda\/calcotada-valls\/16849189\/\" target=\"_blank\" rel=\"noopener\">La Receta Perdida \u2013 Episodio n\u00fam. 60: Cal\u00e7otada de Valls.<\/a><\/p>\n<p>&nbsp;<\/p>\n<figure id=\"attachment_29457\" aria-describedby=\"caption-attachment-29457\" style=\"width: 1200px\" class=\"wp-caption alignnone\"><img loading=\"lazy\" decoding=\"async\" class=\"size-full wp-image-29457\" src=\"https:\/\/fruitssp.com\/wp-content\/uploads\/2025\/12\/LaReceptaPerduda-10.jpg\" alt=\"La recepta perduda - S\u00edlvia Abril - Salses Fruits\" width=\"1200\" height=\"700\" srcset=\"https:\/\/fruitssp.com\/wp-content\/uploads\/2025\/12\/LaReceptaPerduda-10.jpg 1200w, https:\/\/fruitssp.com\/wp-content\/uploads\/2025\/12\/LaReceptaPerduda-10-300x175.jpg 300w, https:\/\/fruitssp.com\/wp-content\/uploads\/2025\/12\/LaReceptaPerduda-10-1024x597.jpg 1024w, https:\/\/fruitssp.com\/wp-content\/uploads\/2025\/12\/LaReceptaPerduda-10-18x12.jpg 18w, https:\/\/fruitssp.com\/wp-content\/uploads\/2025\/12\/LaReceptaPerduda-10-600x350.jpg 600w, https:\/\/fruitssp.com\/wp-content\/uploads\/2025\/12\/LaReceptaPerduda-10-768x448.jpg 768w, https:\/\/fruitssp.com\/wp-content\/uploads\/2025\/12\/LaReceptaPerduda-10-100x58.jpg 100w, https:\/\/fruitssp.com\/wp-content\/uploads\/2025\/12\/LaReceptaPerduda-10-900x525.jpg 900w\" sizes=\"auto, (max-width: 1200px) 100vw, 1200px\" \/><figcaption id=\"caption-attachment-29457\" class=\"wp-caption-text\">La receta perdida \u2013 Silvia Abril \u2013 Salsas Frutos<\/figcaption><\/figure>\n<figure id=\"attachment_29454\" aria-describedby=\"caption-attachment-29454\" style=\"width: 1200px\" class=\"wp-caption alignnone\"><img loading=\"lazy\" decoding=\"async\" class=\"size-full wp-image-29454\" src=\"https:\/\/fruitssp.com\/wp-content\/uploads\/2025\/12\/LaReceptaPerduda-4.jpg\" alt=\"La recepta perduda - Francesc Sans - Salses Fruits\" width=\"1200\" height=\"700\" srcset=\"https:\/\/fruitssp.com\/wp-content\/uploads\/2025\/12\/LaReceptaPerduda-4.jpg 1200w, https:\/\/fruitssp.com\/wp-content\/uploads\/2025\/12\/LaReceptaPerduda-4-300x175.jpg 300w, https:\/\/fruitssp.com\/wp-content\/uploads\/2025\/12\/LaReceptaPerduda-4-1024x597.jpg 1024w, https:\/\/fruitssp.com\/wp-content\/uploads\/2025\/12\/LaReceptaPerduda-4-18x12.jpg 18w, https:\/\/fruitssp.com\/wp-content\/uploads\/2025\/12\/LaReceptaPerduda-4-600x350.jpg 600w, https:\/\/fruitssp.com\/wp-content\/uploads\/2025\/12\/LaReceptaPerduda-4-768x448.jpg 768w, https:\/\/fruitssp.com\/wp-content\/uploads\/2025\/12\/LaReceptaPerduda-4-100x58.jpg 100w, https:\/\/fruitssp.com\/wp-content\/uploads\/2025\/12\/LaReceptaPerduda-4-900x525.jpg 900w\" sizes=\"auto, (max-width: 1200px) 100vw, 1200px\" \/><figcaption id=\"caption-attachment-29454\" class=\"wp-caption-text\">La receta perdida \u2013 Francesc Sans \u2013 Salsas Frutos<\/figcaption><\/figure>\n<figure id=\"attachment_29455\" aria-describedby=\"caption-attachment-29455\" style=\"width: 1200px\" class=\"wp-caption alignnone\"><img loading=\"lazy\" decoding=\"async\" class=\"size-full wp-image-29455\" src=\"https:\/\/fruitssp.com\/wp-content\/uploads\/2025\/12\/LaReceptaPerduda-5.jpg\" alt=\"La recepta perduda - Salsa Cal\u00e7otada - Salses Fruits\" width=\"1200\" height=\"700\" srcset=\"https:\/\/fruitssp.com\/wp-content\/uploads\/2025\/12\/LaReceptaPerduda-5.jpg 1200w, https:\/\/fruitssp.com\/wp-content\/uploads\/2025\/12\/LaReceptaPerduda-5-300x175.jpg 300w, https:\/\/fruitssp.com\/wp-content\/uploads\/2025\/12\/LaReceptaPerduda-5-1024x597.jpg 1024w, https:\/\/fruitssp.com\/wp-content\/uploads\/2025\/12\/LaReceptaPerduda-5-18x12.jpg 18w, https:\/\/fruitssp.com\/wp-content\/uploads\/2025\/12\/LaReceptaPerduda-5-600x350.jpg 600w, https:\/\/fruitssp.com\/wp-content\/uploads\/2025\/12\/LaReceptaPerduda-5-768x448.jpg 768w, https:\/\/fruitssp.com\/wp-content\/uploads\/2025\/12\/LaReceptaPerduda-5-100x58.jpg 100w, https:\/\/fruitssp.com\/wp-content\/uploads\/2025\/12\/LaReceptaPerduda-5-900x525.jpg 900w\" sizes=\"auto, (max-width: 1200px) 100vw, 1200px\" \/><figcaption id=\"caption-attachment-29455\" class=\"wp-caption-text\">La receta perdida \u2013 Salsa Cal\u00e7otada \u2013 Salsas Frutos<\/figcaption><\/figure>\n<figure id=\"attachment_29453\" aria-describedby=\"caption-attachment-29453\" style=\"width: 1200px\" class=\"wp-caption alignnone\"><img loading=\"lazy\" decoding=\"async\" class=\"size-full wp-image-29453\" src=\"https:\/\/fruitssp.com\/wp-content\/uploads\/2025\/12\/LaReceptaPerduda-2.jpg\" alt=\"La recepta perduda - Salsa Cal\u00e7otada - Salses Fruits\" width=\"1200\" height=\"700\" srcset=\"https:\/\/fruitssp.com\/wp-content\/uploads\/2025\/12\/LaReceptaPerduda-2.jpg 1200w, https:\/\/fruitssp.com\/wp-content\/uploads\/2025\/12\/LaReceptaPerduda-2-300x175.jpg 300w, https:\/\/fruitssp.com\/wp-content\/uploads\/2025\/12\/LaReceptaPerduda-2-1024x597.jpg 1024w, https:\/\/fruitssp.com\/wp-content\/uploads\/2025\/12\/LaReceptaPerduda-2-18x12.jpg 18w, https:\/\/fruitssp.com\/wp-content\/uploads\/2025\/12\/LaReceptaPerduda-2-600x350.jpg 600w, https:\/\/fruitssp.com\/wp-content\/uploads\/2025\/12\/LaReceptaPerduda-2-768x448.jpg 768w, https:\/\/fruitssp.com\/wp-content\/uploads\/2025\/12\/LaReceptaPerduda-2-100x58.jpg 100w, https:\/\/fruitssp.com\/wp-content\/uploads\/2025\/12\/LaReceptaPerduda-2-900x525.jpg 900w\" sizes=\"auto, (max-width: 1200px) 100vw, 1200px\" \/><figcaption id=\"caption-attachment-29453\" class=\"wp-caption-text\">La receta perdida \u2013 Salsa Cal\u00e7otada \u2013 Salsas Frutos<\/figcaption><\/figure>\n<figure id=\"attachment_29456\" aria-describedby=\"caption-attachment-29456\" style=\"width: 1200px\" class=\"wp-caption alignnone\"><img loading=\"lazy\" decoding=\"async\" class=\"size-full wp-image-29456\" src=\"https:\/\/fruitssp.com\/wp-content\/uploads\/2025\/12\/LaReceptaPerduda-6.jpg\" alt=\"La recepta perduda - Salsa Cal\u00e7otada - Salses Fruits\" width=\"1200\" height=\"700\" srcset=\"https:\/\/fruitssp.com\/wp-content\/uploads\/2025\/12\/LaReceptaPerduda-6.jpg 1200w, https:\/\/fruitssp.com\/wp-content\/uploads\/2025\/12\/LaReceptaPerduda-6-300x175.jpg 300w, https:\/\/fruitssp.com\/wp-content\/uploads\/2025\/12\/LaReceptaPerduda-6-1024x597.jpg 1024w, https:\/\/fruitssp.com\/wp-content\/uploads\/2025\/12\/LaReceptaPerduda-6-18x12.jpg 18w, https:\/\/fruitssp.com\/wp-content\/uploads\/2025\/12\/LaReceptaPerduda-6-600x350.jpg 600w, https:\/\/fruitssp.com\/wp-content\/uploads\/2025\/12\/LaReceptaPerduda-6-768x448.jpg 768w, https:\/\/fruitssp.com\/wp-content\/uploads\/2025\/12\/LaReceptaPerduda-6-100x58.jpg 100w, https:\/\/fruitssp.com\/wp-content\/uploads\/2025\/12\/LaReceptaPerduda-6-900x525.jpg 900w\" sizes=\"auto, (max-width: 1200px) 100vw, 1200px\" \/><figcaption id=\"caption-attachment-29456\" class=\"wp-caption-text\">La receta perdida \u2013 Salsa Cal\u00e7otada \u2013 Salsas Frutos<\/figcaption><\/figure>\n<p>&nbsp;<\/p>","protected":false},"excerpt":{"rendered":"<p>El passat 7 de desembre, TVE2 va emetre un cap\u00edtol dedicat a la Cal\u00e7otada de Valls del popular programa de gastronomia La recepta perduda, presentat per S\u00edlvia Abril. Enregistrat \u00edntegrament a Valls, compta amb la participaci\u00f3 de la cuinera Mariona Quadrada i d&#8217;una fam\u00edlia vallenca que hi posa la masia on fan una cal\u00e7otada tradicional&#8230;<\/p>","protected":false},"author":1,"featured_media":29457,"comment_status":"closed","ping_status":"closed","sticky":false,"template":"","format":"standard","meta":{"inline_featured_image":false,"footnotes":""},"categories":[1],"tags":[472,471,221,473],"class_list":["post-29452","post","type-post","status-publish","format-standard","has-post-thumbnail","hentry","category-noticies","tag-la-recepta-perduda","tag-rtve2","tag-salsa-calcotada","tag-silvia-abril"],"yoast_head":"<!-- This site is optimized with the Yoast SEO plugin v26.7 - https:\/\/yoast.com\/wordpress\/plugins\/seo\/ -->\n<title>Salses Fruits al programa &quot;La recepta perduda&quot; de S\u00edlvia Abril - Salses Fruits<\/title>\n<meta name=\"description\" content=\"El passat 7 de desembre, TVE2 va emetre un cap\u00edtol dedicat a la Cal\u00e7otada de Valls del popular programa de gastronomia La recepta perduda, presentat per S\u00edlvia Abril. Enregistrat \u00edntegrament a Valls, compta amb la participaci\u00f3 de la cuinera Mariona Quadrada i d&#039;una fam\u00edlia vallenca que hi posa la masia on fan una cal\u00e7otada tradicional amb integrants del Cor Audite.\" \/>\n<meta name=\"robots\" content=\"index, follow, max-snippet:-1, max-image-preview:large, max-video-preview:-1\" \/>\n<link rel=\"canonical\" href=\"https:\/\/fruitssp.com\/es\/noticies\/salses-fruits-al-programa-la-recepta-perduda-de-silvia-abril\/\" \/>\n<meta property=\"og:locale\" content=\"es_ES\" \/>\n<meta property=\"og:type\" content=\"article\" \/>\n<meta property=\"og:title\" content=\"Salses Fruits al programa &quot;La recepta perduda&quot; de S\u00edlvia Abril - Salses Fruits\" \/>\n<meta property=\"og:description\" content=\"El passat 7 de desembre, TVE2 va emetre un cap\u00edtol dedicat a la Cal\u00e7otada de Valls del popular programa de gastronomia La recepta perduda, presentat per S\u00edlvia Abril. Enregistrat \u00edntegrament a Valls, compta amb la participaci\u00f3 de la cuinera Mariona Quadrada i d&#039;una fam\u00edlia vallenca que hi posa la masia on fan una cal\u00e7otada tradicional amb integrants del Cor Audite.\" \/>\n<meta property=\"og:url\" content=\"https:\/\/fruitssp.com\/es\/noticies\/salses-fruits-al-programa-la-recepta-perduda-de-silvia-abril\/\" \/>\n<meta property=\"og:site_name\" content=\"Salses Fruits\" \/>\n<meta property=\"article:publisher\" content=\"https:\/\/www.facebook.com\/Salses-Fruits-SP-1137777022906379\/\" \/>\n<meta property=\"article:published_time\" content=\"2025-12-18T09:49:25+00:00\" \/>\n<meta property=\"article:modified_time\" content=\"2025-12-18T12:17:22+00:00\" \/>\n<meta property=\"og:image\" content=\"https:\/\/fruitssp.com\/wp-content\/uploads\/2025\/12\/LaReceptaPerduda-10.jpg\" \/>\n\t<meta property=\"og:image:width\" content=\"1200\" \/>\n\t<meta property=\"og:image:height\" content=\"700\" \/>\n\t<meta property=\"og:image:type\" content=\"image\/jpeg\" \/>\n<meta name=\"author\" content=\"fruitssp\" \/>\n<meta name=\"twitter:card\" content=\"summary_large_image\" \/>\n<meta name=\"twitter:label1\" content=\"Escrito por\" \/>\n\t<meta name=\"twitter:data1\" content=\"fruitssp\" \/>\n\t<meta name=\"twitter:label2\" content=\"Tiempo de lectura\" \/>\n\t<meta name=\"twitter:data2\" content=\"3 minutos\" \/>\n<!-- \/ Yoast SEO plugin. -->","yoast_head_json":{"title":"Salses Fruits al programa \"La recepta perduda\" de S\u00edlvia Abril - Salses Fruits","description":"El passat 7 de desembre, TVE2 va emetre un cap\u00edtol dedicat a la Cal\u00e7otada de Valls del popular programa de gastronomia La recepta perduda, presentat per S\u00edlvia Abril. Enregistrat \u00edntegrament a Valls, compta amb la participaci\u00f3 de la cuinera Mariona Quadrada i d'una fam\u00edlia vallenca que hi posa la masia on fan una cal\u00e7otada tradicional amb integrants del Cor Audite.","robots":{"index":"index","follow":"follow","max-snippet":"max-snippet:-1","max-image-preview":"max-image-preview:large","max-video-preview":"max-video-preview:-1"},"canonical":"https:\/\/fruitssp.com\/es\/noticies\/salses-fruits-al-programa-la-recepta-perduda-de-silvia-abril\/","og_locale":"es_ES","og_type":"article","og_title":"Salses Fruits al programa \"La recepta perduda\" de S\u00edlvia Abril - Salses Fruits","og_description":"El passat 7 de desembre, TVE2 va emetre un cap\u00edtol dedicat a la Cal\u00e7otada de Valls del popular programa de gastronomia La recepta perduda, presentat per S\u00edlvia Abril. Enregistrat \u00edntegrament a Valls, compta amb la participaci\u00f3 de la cuinera Mariona Quadrada i d'una fam\u00edlia vallenca que hi posa la masia on fan una cal\u00e7otada tradicional amb integrants del Cor Audite.","og_url":"https:\/\/fruitssp.com\/es\/noticies\/salses-fruits-al-programa-la-recepta-perduda-de-silvia-abril\/","og_site_name":"Salses Fruits","article_publisher":"https:\/\/www.facebook.com\/Salses-Fruits-SP-1137777022906379\/","article_published_time":"2025-12-18T09:49:25+00:00","article_modified_time":"2025-12-18T12:17:22+00:00","og_image":[{"width":1200,"height":700,"url":"https:\/\/fruitssp.com\/wp-content\/uploads\/2025\/12\/LaReceptaPerduda-10.jpg","type":"image\/jpeg"}],"author":"fruitssp","twitter_card":"summary_large_image","twitter_misc":{"Escrito por":"fruitssp","Tiempo de lectura":"3 minutos"},"schema":{"@context":"https:\/\/schema.org","@graph":[{"@type":"Article","@id":"https:\/\/fruitssp.com\/noticies\/salses-fruits-al-programa-la-recepta-perduda-de-silvia-abril\/#article","isPartOf":{"@id":"https:\/\/fruitssp.com\/noticies\/salses-fruits-al-programa-la-recepta-perduda-de-silvia-abril\/"},"author":{"name":"fruitssp","@id":"https:\/\/fruitssp.com\/#\/schema\/person\/74f4a70f480644ed06e5945c13b509c8"},"headline":"Salses Fruits al programa &#8220;La recepta perduda&#8221; de S\u00edlvia Abril","datePublished":"2025-12-18T09:49:25+00:00","dateModified":"2025-12-18T12:17:22+00:00","mainEntityOfPage":{"@id":"https:\/\/fruitssp.com\/noticies\/salses-fruits-al-programa-la-recepta-perduda-de-silvia-abril\/"},"wordCount":317,"publisher":{"@id":"https:\/\/fruitssp.com\/#organization"},"image":{"@id":"https:\/\/fruitssp.com\/noticies\/salses-fruits-al-programa-la-recepta-perduda-de-silvia-abril\/#primaryimage"},"thumbnailUrl":"https:\/\/fruitssp.com\/wp-content\/uploads\/2025\/12\/LaReceptaPerduda-10.jpg","keywords":["La recepta perduda","RTVE2","salsa cal\u00e7otada","S\u00edlvia Abril"],"articleSection":["Noticies"],"inLanguage":"es"},{"@type":"WebPage","@id":"https:\/\/fruitssp.com\/noticies\/salses-fruits-al-programa-la-recepta-perduda-de-silvia-abril\/","url":"https:\/\/fruitssp.com\/noticies\/salses-fruits-al-programa-la-recepta-perduda-de-silvia-abril\/","name":"Salses Fruits al programa \"La recepta perduda\" de S\u00edlvia Abril - Salses Fruits","isPartOf":{"@id":"https:\/\/fruitssp.com\/#website"},"primaryImageOfPage":{"@id":"https:\/\/fruitssp.com\/noticies\/salses-fruits-al-programa-la-recepta-perduda-de-silvia-abril\/#primaryimage"},"image":{"@id":"https:\/\/fruitssp.com\/noticies\/salses-fruits-al-programa-la-recepta-perduda-de-silvia-abril\/#primaryimage"},"thumbnailUrl":"https:\/\/fruitssp.com\/wp-content\/uploads\/2025\/12\/LaReceptaPerduda-10.jpg","datePublished":"2025-12-18T09:49:25+00:00","dateModified":"2025-12-18T12:17:22+00:00","description":"El passat 7 de desembre, TVE2 va emetre un cap\u00edtol dedicat a la Cal\u00e7otada de Valls del popular programa de gastronomia La recepta perduda, presentat per S\u00edlvia Abril. Enregistrat \u00edntegrament a Valls, compta amb la participaci\u00f3 de la cuinera Mariona Quadrada i d'una fam\u00edlia vallenca que hi posa la masia on fan una cal\u00e7otada tradicional amb integrants del Cor Audite.","breadcrumb":{"@id":"https:\/\/fruitssp.com\/noticies\/salses-fruits-al-programa-la-recepta-perduda-de-silvia-abril\/#breadcrumb"},"inLanguage":"es","potentialAction":[{"@type":"ReadAction","target":["https:\/\/fruitssp.com\/noticies\/salses-fruits-al-programa-la-recepta-perduda-de-silvia-abril\/"]}]},{"@type":"ImageObject","inLanguage":"es","@id":"https:\/\/fruitssp.com\/noticies\/salses-fruits-al-programa-la-recepta-perduda-de-silvia-abril\/#primaryimage","url":"https:\/\/fruitssp.com\/wp-content\/uploads\/2025\/12\/LaReceptaPerduda-10.jpg","contentUrl":"https:\/\/fruitssp.com\/wp-content\/uploads\/2025\/12\/LaReceptaPerduda-10.jpg","width":1200,"height":700,"caption":"La recepta perduda - S\u00edlvia Abril - Salses Fruits"},{"@type":"BreadcrumbList","@id":"https:\/\/fruitssp.com\/noticies\/salses-fruits-al-programa-la-recepta-perduda-de-silvia-abril\/#breadcrumb","itemListElement":[{"@type":"ListItem","position":1,"name":"Inici","item":"https:\/\/fruitssp.com\/"},{"@type":"ListItem","position":2,"name":"Salses Fruits al programa &#8220;La recepta perduda&#8221; de S\u00edlvia Abril"}]},{"@type":"WebSite","@id":"https:\/\/fruitssp.com\/#website","url":"https:\/\/fruitssp.com\/","name":"FruitsSP","description":"Salsas y productos frescos y naturales, de la tierra del cal\u00e7ot","publisher":{"@id":"https:\/\/fruitssp.com\/#organization"},"potentialAction":[{"@type":"SearchAction","target":{"@type":"EntryPoint","urlTemplate":"https:\/\/fruitssp.com\/?s={search_term_string}"},"query-input":{"@type":"PropertyValueSpecification","valueRequired":true,"valueName":"search_term_string"}}],"inLanguage":"es"},{"@type":"Organization","@id":"https:\/\/fruitssp.com\/#organization","name":"Salsas Frutos S &amp; P","url":"https:\/\/fruitssp.com\/","logo":{"@type":"ImageObject","inLanguage":"es","@id":"https:\/\/fruitssp.com\/#\/schema\/logo\/image\/","url":"https:\/\/fruitssp.com\/wp-content\/uploads\/2022\/12\/logoFruits_472x406.png","contentUrl":"https:\/\/fruitssp.com\/wp-content\/uploads\/2022\/12\/logoFruits_472x406.png","width":472,"height":406,"caption":"Salses Fruits S&P"},"image":{"@id":"https:\/\/fruitssp.com\/#\/schema\/logo\/image\/"},"sameAs":["https:\/\/www.facebook.com\/Salses-Fruits-SP-1137777022906379\/","https:\/\/www.instagram.com\/salsesfruitssp\/","https:\/\/www.linkedin.com\/company\/salses-fruits-s-i-p-sl\/"]},{"@type":"Person","@id":"https:\/\/fruitssp.com\/#\/schema\/person\/74f4a70f480644ed06e5945c13b509c8","name":"fruitssp"}]}},"_links":{"self":[{"href":"https:\/\/fruitssp.com\/es\/wp-json\/wp\/v2\/posts\/29452","targetHints":{"allow":["GET"]}}],"collection":[{"href":"https:\/\/fruitssp.com\/es\/wp-json\/wp\/v2\/posts"}],"about":[{"href":"https:\/\/fruitssp.com\/es\/wp-json\/wp\/v2\/types\/post"}],"author":[{"embeddable":true,"href":"https:\/\/fruitssp.com\/es\/wp-json\/wp\/v2\/users\/1"}],"replies":[{"embeddable":true,"href":"https:\/\/fruitssp.com\/es\/wp-json\/wp\/v2\/comments?post=29452"}],"version-history":[{"count":0,"href":"https:\/\/fruitssp.com\/es\/wp-json\/wp\/v2\/posts\/29452\/revisions"}],"wp:featuredmedia":[{"embeddable":true,"href":"https:\/\/fruitssp.com\/es\/wp-json\/wp\/v2\/media\/29457"}],"wp:attachment":[{"href":"https:\/\/fruitssp.com\/es\/wp-json\/wp\/v2\/media?parent=29452"}],"wp:term":[{"taxonomy":"category","embeddable":true,"href":"https:\/\/fruitssp.com\/es\/wp-json\/wp\/v2\/categories?post=29452"},{"taxonomy":"post_tag","embeddable":true,"href":"https:\/\/fruitssp.com\/es\/wp-json\/wp\/v2\/tags?post=29452"}],"curies":[{"name":"wp","href":"https:\/\/api.w.org\/{rel}","templated":true}]}}